{"id":14127,"date":"2016-02-02T23:18:30","date_gmt":"2016-02-02T23:18:30","guid":{"rendered":"http:\/\/barreiroweb.eu\/?p=14127"},"modified":"2016-02-02T23:18:30","modified_gmt":"2016-02-02T23:18:30","slug":"sonhar-acordados-inscricoes-abertas-para-workshops","status":"publish","type":"post","link":"https:\/\/arquivo.barreiroweb.net\/?p=14127","title":{"rendered":"Sonhar Acordados\u00a0Inscri\u00e7\u00f5es abertas para workshops"},"content":{"rendered":"<p><a href=\"http:\/\/barreiroweb.eu\/wp-content\/uploads\/2016\/02\/Artistas-a-Brincar.png\" rel=\"attachment wp-att-14128\" rel=\"lightbox[14127]\"><img loading=\"lazy\" decoding=\"async\" class=\"alignleft size-medium wp-image-14128\" src=\"http:\/\/barreiroweb.eu\/wp-content\/uploads\/2016\/02\/Artistas-a-Brincar-212x300.png\" alt=\"Artistas a Brincar\" width=\"212\" height=\"300\" srcset=\"https:\/\/arquivo.barreiroweb.net\/wp-content\/uploads\/2016\/02\/Artistas-a-Brincar-212x300.png 212w, https:\/\/arquivo.barreiroweb.net\/wp-content\/uploads\/2016\/02\/Artistas-a-Brincar.png 453w\" sizes=\"auto, (max-width: 212px) 100vw, 212px\" \/><\/a>Em janeiro e fevereiro, a Biblioteca Municipal do Barreiro ir\u00e1 receber dois workshops de desenho e pintura, do Projeto \u201cSonhar Acordados\u201d, dinamizados pelos professores Sofia Jesus, Psicopedagoga e Arte-educadora, e Teodorico Teixeira Mendes, Artista Pl\u00e1stico e Designer de Comunica\u00e7\u00e3o. O primeiro \u00e9 j\u00e1 no dia 30 de janeiro e o segundo nos dias 8 e 10 de fevereiro.<\/p>\n<p>As inscri\u00e7\u00f5es est\u00e3o abertas e devem ser efetuadas pelos contactos: 93 502 85 49, ou <a href=\"mailto:sonharacordados@gmail.com\">sonharacordados@gmail.com<\/a> e destinam-se a crian\u00e7as dos 6 aos 12 anos.<\/p>\n<p>No s\u00e1bado, dia 30 de janeiro, ter\u00e1 lugar o Workshop \u201cO que fazer no Inverno? Arte!\u201d, entre as 14h30 e as 17h30.<\/p>\n<p>Ser\u00e1 uma tarde inspirada na chuva e no frio.<\/p>\n<p>Para esta a\u00e7\u00e3o \u00e9 indispens\u00e1vel o uso de roupa confort\u00e1vel e de lanche.<\/p>\n<p>Ter\u00e1 o valor 10\u20ac, com todos os materiais inclu\u00eddos.<\/p>\n<p><strong>\u201c\u00c9 Carnaval\u201d<\/strong><\/p>\n<p>Nas mini f\u00e9rias de Carnaval ter\u00e1 lugar o workshop nos dias 8 e 10 de fevereiro, entre as 14h30 e as 17h30.<\/p>\n<p>Ser\u00e3o duas tardes divertidas onde se ir\u00e1 aprender, de forma criativa, a criar m\u00e1scaras, reutilizando materiais que habitualmente se deitam fora.<\/p>\n<p>Ter\u00e1 o valor de 20\u20ac, com todos os materiais inclu\u00eddos.<\/p>\n<p>Tamb\u00e9m para esta a\u00e7\u00e3o as crian\u00e7as devem vestir roupa confort\u00e1vel e trazer lanche.<\/p>\n<p>fonte: CMB<\/p>\n","protected":false},"excerpt":{"rendered":"<p>Em janeiro e fevereiro, a Biblioteca Municipal do Barreiro ir\u00e1 receber dois workshops de desenho e pintura, do Projeto \u201cSonhar Acordados\u201d, dinamizados pelos professores Sofia Jesus, Psicopedagoga e Arte-educadora, e Teodorico Teixeira Mendes, Artista Pl\u00e1stico e Designer de Comunica\u00e7\u00e3o. O primeiro \u00e9 j\u00e1 no dia 30 de janeiro e o segundo nos dias 8 e [&hellip;]<\/p>\n","protected":false},"author":1,"featured_media":14128,"comment_status":"open","ping_status":"open","sticky":false,"template":"","format":"standard","meta":{"footnotes":""},"categories":[634],"tags":[41,649],"class_list":["post-14127","post","type-post","status-publish","format-standard","has-post-thumbnail","hentry","category-miudos","tag-barreiro","tag-miudos","last_archivepost"],"yoast_head":"<!-- This site is optimized with the Yoast SEO plugin v27.1.1 - https:\/\/yoast.com\/product\/yoast-seo-wordpress\/ -->\n<title>Sonhar Acordados\u00a0Inscri\u00e7\u00f5es abertas para workshops - barreiroweb<\/title>\n<meta name=\"robots\" content=\"index, follow, max-snippet:-1, max-image-preview:large, max-video-preview:-1\" \/>\n<link rel=\"canonical\" href=\"https:\/\/arquivo.barreiroweb.net\/?p=14127\" \/>\n<meta property=\"og:locale\" content=\"pt_PT\" \/>\n<meta property=\"og:type\" content=\"article\" \/>\n<meta property=\"og:title\" content=\"Sonhar Acordados\u00a0Inscri\u00e7\u00f5es abertas para workshops - barreiroweb\" \/>\n<meta property=\"og:description\" content=\"Em janeiro e fevereiro, a Biblioteca Municipal do Barreiro ir\u00e1 receber dois workshops de desenho e pintura, do Projeto \u201cSonhar Acordados\u201d, dinamizados pelos professores Sofia Jesus, Psicopedagoga e Arte-educadora, e Teodorico Teixeira Mendes, Artista Pl\u00e1stico e Designer de Comunica\u00e7\u00e3o. O primeiro \u00e9 j\u00e1 no dia 30 de janeiro e o segundo nos dias 8 e [&hellip;]\" \/>\n<meta property=\"og:url\" content=\"https:\/\/arquivo.barreiroweb.net\/?p=14127\" \/>\n<meta property=\"og:site_name\" content=\"barreiroweb\" \/>\n<meta property=\"article:publisher\" content=\"https:\/\/www.facebook.com\/barreiroweb\" \/>\n<meta property=\"article:published_time\" content=\"2016-02-02T23:18:30+00:00\" \/>\n<meta property=\"og:image\" content=\"https:\/\/arquivo.barreiroweb.net\/wp-content\/uploads\/2016\/02\/Artistas-a-Brincar.png\" \/>\n\t<meta property=\"og:image:width\" content=\"453\" \/>\n\t<meta property=\"og:image:height\" content=\"640\" \/>\n\t<meta property=\"og:image:type\" content=\"image\/png\" \/>\n<meta name=\"author\" content=\"barreiroweb\" \/>\n<meta name=\"twitter:card\" content=\"summary_large_image\" \/>\n<meta name=\"twitter:creator\" content=\"@barreiroweb\" \/>\n<meta name=\"twitter:site\" content=\"@barreiroweb\" \/>\n<meta name=\"twitter:label1\" content=\"Escrito por\" \/>\n\t<meta name=\"twitter:data1\" content=\"barreiroweb\" \/>\n\t<meta name=\"twitter:label2\" content=\"Tempo estimado de leitura\" \/>\n\t<meta name=\"twitter:data2\" content=\"1 minuto\" \/>\n<script type=\"application\/ld+json\" class=\"yoast-schema-graph\">{\"@context\":\"https:\/\/schema.org\",\"@graph\":[{\"@type\":\"Article\",\"@id\":\"https:\/\/arquivo.barreiroweb.net\/?p=14127#article\",\"isPartOf\":{\"@id\":\"https:\/\/arquivo.barreiroweb.net\/?p=14127\"},\"author\":{\"name\":\"barreiroweb\",\"@id\":\"https:\/\/arquivo.barreiroweb.net\/#\/schema\/person\/44b6d528aff975e3786c9f475f9df2dd\"},\"headline\":\"Sonhar Acordados\u00a0Inscri\u00e7\u00f5es abertas para workshops\",\"datePublished\":\"2016-02-02T23:18:30+00:00\",\"mainEntityOfPage\":{\"@id\":\"https:\/\/arquivo.barreiroweb.net\/?p=14127\"},\"wordCount\":216,\"commentCount\":0,\"publisher\":{\"@id\":\"https:\/\/arquivo.barreiroweb.net\/#organization\"},\"image\":{\"@id\":\"https:\/\/arquivo.barreiroweb.net\/?p=14127#primaryimage\"},\"thumbnailUrl\":\"https:\/\/arquivo.barreiroweb.net\/wp-content\/uploads\/2016\/02\/Artistas-a-Brincar.png\",\"keywords\":[\"barreiro\",\"miudos\"],\"articleSection\":[\"Miudos\"],\"inLanguage\":\"pt-PT\",\"potentialAction\":[{\"@type\":\"CommentAction\",\"name\":\"Comment\",\"target\":[\"https:\/\/arquivo.barreiroweb.net\/?p=14127#respond\"]}]},{\"@type\":\"WebPage\",\"@id\":\"https:\/\/arquivo.barreiroweb.net\/?p=14127\",\"url\":\"https:\/\/arquivo.barreiroweb.net\/?p=14127\",\"name\":\"Sonhar Acordados\u00a0Inscri\u00e7\u00f5es abertas para workshops - barreiroweb\",\"isPartOf\":{\"@id\":\"https:\/\/arquivo.barreiroweb.net\/#website\"},\"primaryImageOfPage\":{\"@id\":\"https:\/\/arquivo.barreiroweb.net\/?p=14127#primaryimage\"},\"image\":{\"@id\":\"https:\/\/arquivo.barreiroweb.net\/?p=14127#primaryimage\"},\"thumbnailUrl\":\"https:\/\/arquivo.barreiroweb.net\/wp-content\/uploads\/2016\/02\/Artistas-a-Brincar.png\",\"datePublished\":\"2016-02-02T23:18:30+00:00\",\"breadcrumb\":{\"@id\":\"https:\/\/arquivo.barreiroweb.net\/?p=14127#breadcrumb\"},\"inLanguage\":\"pt-PT\",\"potentialAction\":[{\"@type\":\"ReadAction\",\"target\":[\"https:\/\/arquivo.barreiroweb.net\/?p=14127\"]}]},{\"@type\":\"ImageObject\",\"inLanguage\":\"pt-PT\",\"@id\":\"https:\/\/arquivo.barreiroweb.net\/?p=14127#primaryimage\",\"url\":\"https:\/\/arquivo.barreiroweb.net\/wp-content\/uploads\/2016\/02\/Artistas-a-Brincar.png\",\"contentUrl\":\"https:\/\/arquivo.barreiroweb.net\/wp-content\/uploads\/2016\/02\/Artistas-a-Brincar.png\",\"width\":453,\"height\":640},{\"@type\":\"BreadcrumbList\",\"@id\":\"https:\/\/arquivo.barreiroweb.net\/?p=14127#breadcrumb\",\"itemListElement\":[{\"@type\":\"ListItem\",\"position\":1,\"name\":\"In\u00edcio\",\"item\":\"https:\/\/arquivo.barreiroweb.net\/\"},{\"@type\":\"ListItem\",\"position\":2,\"name\":\"Sonhar Acordados\u00a0Inscri\u00e7\u00f5es abertas para workshops\"}]},{\"@type\":\"WebSite\",\"@id\":\"https:\/\/arquivo.barreiroweb.net\/#website\",\"url\":\"https:\/\/arquivo.barreiroweb.net\/\",\"name\":\"barreiroweb\",\"description\":\"Barreiroweb o barreiro na web\",\"publisher\":{\"@id\":\"https:\/\/arquivo.barreiroweb.net\/#organization\"},\"potentialAction\":[{\"@type\":\"SearchAction\",\"target\":{\"@type\":\"EntryPoint\",\"urlTemplate\":\"https:\/\/arquivo.barreiroweb.net\/?s={search_term_string}\"},\"query-input\":{\"@type\":\"PropertyValueSpecification\",\"valueRequired\":true,\"valueName\":\"search_term_string\"}}],\"inLanguage\":\"pt-PT\"},{\"@type\":\"Organization\",\"@id\":\"https:\/\/arquivo.barreiroweb.net\/#organization\",\"name\":\"barreiroweb\",\"url\":\"https:\/\/arquivo.barreiroweb.net\/\",\"logo\":{\"@type\":\"ImageObject\",\"inLanguage\":\"pt-PT\",\"@id\":\"https:\/\/arquivo.barreiroweb.net\/#\/schema\/logo\/image\/\",\"url\":\"https:\/\/barreiroweb.net\/wp-content\/uploads\/2022\/05\/BarreiroWeb555.jpg\",\"contentUrl\":\"https:\/\/barreiroweb.net\/wp-content\/uploads\/2022\/05\/BarreiroWeb555.jpg\",\"width\":421,\"height\":415,\"caption\":\"barreiroweb\"},\"image\":{\"@id\":\"https:\/\/arquivo.barreiroweb.net\/#\/schema\/logo\/image\/\"},\"sameAs\":[\"https:\/\/www.facebook.com\/barreiroweb\",\"https:\/\/x.com\/barreiroweb\"]},{\"@type\":\"Person\",\"@id\":\"https:\/\/arquivo.barreiroweb.net\/#\/schema\/person\/44b6d528aff975e3786c9f475f9df2dd\",\"name\":\"barreiroweb\",\"image\":{\"@type\":\"ImageObject\",\"inLanguage\":\"pt-PT\",\"@id\":\"https:\/\/arquivo.barreiroweb.net\/#\/schema\/person\/image\/\",\"url\":\"https:\/\/secure.gravatar.com\/avatar\/1f764b917967430404ff0b452044eb63a25d64a5363b25be2aa42273930f477d?s=96&d=mm&r=g\",\"contentUrl\":\"https:\/\/secure.gravatar.com\/avatar\/1f764b917967430404ff0b452044eb63a25d64a5363b25be2aa42273930f477d?s=96&d=mm&r=g\",\"caption\":\"barreiroweb\"},\"url\":\"https:\/\/arquivo.barreiroweb.net\/?author=1\"}]}<\/script>\n<!-- \/ Yoast SEO plugin. -->","yoast_head_json":{"title":"Sonhar Acordados\u00a0Inscri\u00e7\u00f5es abertas para workshops - barreiroweb","robots":{"index":"index","follow":"follow","max-snippet":"max-snippet:-1","max-image-preview":"max-image-preview:large","max-video-preview":"max-video-preview:-1"},"canonical":"https:\/\/arquivo.barreiroweb.net\/?p=14127","og_locale":"pt_PT","og_type":"article","og_title":"Sonhar Acordados\u00a0Inscri\u00e7\u00f5es abertas para workshops - barreiroweb","og_description":"Em janeiro e fevereiro, a Biblioteca Municipal do Barreiro ir\u00e1 receber dois workshops de desenho e pintura, do Projeto \u201cSonhar Acordados\u201d, dinamizados pelos professores Sofia Jesus, Psicopedagoga e Arte-educadora, e Teodorico Teixeira Mendes, Artista Pl\u00e1stico e Designer de Comunica\u00e7\u00e3o. O primeiro \u00e9 j\u00e1 no dia 30 de janeiro e o segundo nos dias 8 e [&hellip;]","og_url":"https:\/\/arquivo.barreiroweb.net\/?p=14127","og_site_name":"barreiroweb","article_publisher":"https:\/\/www.facebook.com\/barreiroweb","article_published_time":"2016-02-02T23:18:30+00:00","og_image":[{"width":453,"height":640,"url":"https:\/\/arquivo.barreiroweb.net\/wp-content\/uploads\/2016\/02\/Artistas-a-Brincar.png","type":"image\/png"}],"author":"barreiroweb","twitter_card":"summary_large_image","twitter_creator":"@barreiroweb","twitter_site":"@barreiroweb","twitter_misc":{"Escrito por":"barreiroweb","Tempo estimado de leitura":"1 minuto"},"schema":{"@context":"https:\/\/schema.org","@graph":[{"@type":"Article","@id":"https:\/\/arquivo.barreiroweb.net\/?p=14127#article","isPartOf":{"@id":"https:\/\/arquivo.barreiroweb.net\/?p=14127"},"author":{"name":"barreiroweb","@id":"https:\/\/arquivo.barreiroweb.net\/#\/schema\/person\/44b6d528aff975e3786c9f475f9df2dd"},"headline":"Sonhar Acordados\u00a0Inscri\u00e7\u00f5es abertas para workshops","datePublished":"2016-02-02T23:18:30+00:00","mainEntityOfPage":{"@id":"https:\/\/arquivo.barreiroweb.net\/?p=14127"},"wordCount":216,"commentCount":0,"publisher":{"@id":"https:\/\/arquivo.barreiroweb.net\/#organization"},"image":{"@id":"https:\/\/arquivo.barreiroweb.net\/?p=14127#primaryimage"},"thumbnailUrl":"https:\/\/arquivo.barreiroweb.net\/wp-content\/uploads\/2016\/02\/Artistas-a-Brincar.png","keywords":["barreiro","miudos"],"articleSection":["Miudos"],"inLanguage":"pt-PT","potentialAction":[{"@type":"CommentAction","name":"Comment","target":["https:\/\/arquivo.barreiroweb.net\/?p=14127#respond"]}]},{"@type":"WebPage","@id":"https:\/\/arquivo.barreiroweb.net\/?p=14127","url":"https:\/\/arquivo.barreiroweb.net\/?p=14127","name":"Sonhar Acordados\u00a0Inscri\u00e7\u00f5es abertas para workshops - barreiroweb","isPartOf":{"@id":"https:\/\/arquivo.barreiroweb.net\/#website"},"primaryImageOfPage":{"@id":"https:\/\/arquivo.barreiroweb.net\/?p=14127#primaryimage"},"image":{"@id":"https:\/\/arquivo.barreiroweb.net\/?p=14127#primaryimage"},"thumbnailUrl":"https:\/\/arquivo.barreiroweb.net\/wp-content\/uploads\/2016\/02\/Artistas-a-Brincar.png","datePublished":"2016-02-02T23:18:30+00:00","breadcrumb":{"@id":"https:\/\/arquivo.barreiroweb.net\/?p=14127#breadcrumb"},"inLanguage":"pt-PT","potentialAction":[{"@type":"ReadAction","target":["https:\/\/arquivo.barreiroweb.net\/?p=14127"]}]},{"@type":"ImageObject","inLanguage":"pt-PT","@id":"https:\/\/arquivo.barreiroweb.net\/?p=14127#primaryimage","url":"https:\/\/arquivo.barreiroweb.net\/wp-content\/uploads\/2016\/02\/Artistas-a-Brincar.png","contentUrl":"https:\/\/arquivo.barreiroweb.net\/wp-content\/uploads\/2016\/02\/Artistas-a-Brincar.png","width":453,"height":640},{"@type":"BreadcrumbList","@id":"https:\/\/arquivo.barreiroweb.net\/?p=14127#breadcrumb","itemListElement":[{"@type":"ListItem","position":1,"name":"In\u00edcio","item":"https:\/\/arquivo.barreiroweb.net\/"},{"@type":"ListItem","position":2,"name":"Sonhar Acordados\u00a0Inscri\u00e7\u00f5es abertas para workshops"}]},{"@type":"WebSite","@id":"https:\/\/arquivo.barreiroweb.net\/#website","url":"https:\/\/arquivo.barreiroweb.net\/","name":"barreiroweb","description":"Barreiroweb o barreiro na web","publisher":{"@id":"https:\/\/arquivo.barreiroweb.net\/#organization"},"potentialAction":[{"@type":"SearchAction","target":{"@type":"EntryPoint","urlTemplate":"https:\/\/arquivo.barreiroweb.net\/?s={search_term_string}"},"query-input":{"@type":"PropertyValueSpecification","valueRequired":true,"valueName":"search_term_string"}}],"inLanguage":"pt-PT"},{"@type":"Organization","@id":"https:\/\/arquivo.barreiroweb.net\/#organization","name":"barreiroweb","url":"https:\/\/arquivo.barreiroweb.net\/","logo":{"@type":"ImageObject","inLanguage":"pt-PT","@id":"https:\/\/arquivo.barreiroweb.net\/#\/schema\/logo\/image\/","url":"https:\/\/barreiroweb.net\/wp-content\/uploads\/2022\/05\/BarreiroWeb555.jpg","contentUrl":"https:\/\/barreiroweb.net\/wp-content\/uploads\/2022\/05\/BarreiroWeb555.jpg","width":421,"height":415,"caption":"barreiroweb"},"image":{"@id":"https:\/\/arquivo.barreiroweb.net\/#\/schema\/logo\/image\/"},"sameAs":["https:\/\/www.facebook.com\/barreiroweb","https:\/\/x.com\/barreiroweb"]},{"@type":"Person","@id":"https:\/\/arquivo.barreiroweb.net\/#\/schema\/person\/44b6d528aff975e3786c9f475f9df2dd","name":"barreiroweb","image":{"@type":"ImageObject","inLanguage":"pt-PT","@id":"https:\/\/arquivo.barreiroweb.net\/#\/schema\/person\/image\/","url":"https:\/\/secure.gravatar.com\/avatar\/1f764b917967430404ff0b452044eb63a25d64a5363b25be2aa42273930f477d?s=96&d=mm&r=g","contentUrl":"https:\/\/secure.gravatar.com\/avatar\/1f764b917967430404ff0b452044eb63a25d64a5363b25be2aa42273930f477d?s=96&d=mm&r=g","caption":"barreiroweb"},"url":"https:\/\/arquivo.barreiroweb.net\/?author=1"}]}},"_links":{"self":[{"href":"https:\/\/arquivo.barreiroweb.net\/index.php?rest_route=\/wp\/v2\/posts\/14127","targetHints":{"allow":["GET"]}}],"collection":[{"href":"https:\/\/arquivo.barreiroweb.net\/index.php?rest_route=\/wp\/v2\/posts"}],"about":[{"href":"https:\/\/arquivo.barreiroweb.net\/index.php?rest_route=\/wp\/v2\/types\/post"}],"author":[{"embeddable":true,"href":"https:\/\/arquivo.barreiroweb.net\/index.php?rest_route=\/wp\/v2\/users\/1"}],"replies":[{"embeddable":true,"href":"https:\/\/arquivo.barreiroweb.net\/index.php?rest_route=%2Fwp%2Fv2%2Fcomments&post=14127"}],"version-history":[{"count":1,"href":"https:\/\/arquivo.barreiroweb.net\/index.php?rest_route=\/wp\/v2\/posts\/14127\/revisions"}],"predecessor-version":[{"id":14129,"href":"https:\/\/arquivo.barreiroweb.net\/index.php?rest_route=\/wp\/v2\/posts\/14127\/revisions\/14129"}],"wp:featuredmedia":[{"embeddable":true,"href":"https:\/\/arquivo.barreiroweb.net\/index.php?rest_route=\/wp\/v2\/media\/14128"}],"wp:attachment":[{"href":"https:\/\/arquivo.barreiroweb.net\/index.php?rest_route=%2Fwp%2Fv2%2Fmedia&parent=14127"}],"wp:term":[{"taxonomy":"category","embeddable":true,"href":"https:\/\/arquivo.barreiroweb.net\/index.php?rest_route=%2Fwp%2Fv2%2Fcategories&post=14127"},{"taxonomy":"post_tag","embeddable":true,"href":"https:\/\/arquivo.barreiroweb.net\/index.php?rest_route=%2Fwp%2Fv2%2Ftags&post=14127"}],"curies":[{"name":"wp","href":"https:\/\/api.w.org\/{rel}","templated":true}]}}