{"id":14123,"date":"2016-02-02T23:09:36","date_gmt":"2016-02-02T23:09:36","guid":{"rendered":"http:\/\/barreiroweb.eu\/?p=14123"},"modified":"2016-02-02T23:09:36","modified_gmt":"2016-02-02T23:09:36","slug":"convento-madre-de-deus-da-verderena-atividades-em-fevereiro","status":"publish","type":"post","link":"https:\/\/arquivo.barreiroweb.net\/?p=14123","title":{"rendered":"Convento Madre de Deus da Verderena Atividades em fevereiro"},"content":{"rendered":"<p><a href=\"http:\/\/barreiroweb.eu\/wp-content\/uploads\/2016\/01\/Convento-Madre-de-Deus-da-Verderena.jpg\" rel=\"attachment wp-att-14055\" rel=\"lightbox[14123]\"><img loading=\"lazy\" decoding=\"async\" class=\"alignleft size-medium wp-image-14055\" src=\"http:\/\/barreiroweb.eu\/wp-content\/uploads\/2016\/01\/Convento-Madre-de-Deus-da-Verderena-300x200.jpg\" alt=\"Convento Madre de Deus da Verderena\" width=\"300\" height=\"200\" srcset=\"https:\/\/arquivo.barreiroweb.net\/wp-content\/uploads\/2016\/01\/Convento-Madre-de-Deus-da-Verderena-300x200.jpg 300w, https:\/\/arquivo.barreiroweb.net\/wp-content\/uploads\/2016\/01\/Convento-Madre-de-Deus-da-Verderena.jpg 640w\" sizes=\"auto, (max-width: 300px) 100vw, 300px\" \/><\/a>O Convento Madre de Deus da Verderena recebe, em fevereiro, um conjunto de iniciativas abertas ao p\u00fablico em geral, com entrada livre, nomeadamente a Mostra de M\u00e1scaras de Carnaval, as Tert\u00falias Po\u00e9ticas, a apresenta\u00e7\u00e3o do livro \u201cRosa\u201d, e a iniciativa \u201cDescobrir An\u00e9ditura no Dia dos Namorados\u201d. Recorde-se que, ainda em janeiro, no dia 25, realiza-se a Tert\u00falia Po\u00e9tica \u201cN\u00e3o Sou Nada, Nunca Serei Nada\u201d (poeta: Fernando Pessoa; Convidada: Ana Cristina Forte e Paulo Sanches).<\/p>\n<p><strong><u>1 a 19 de fevereiro &#8211; Mostra de M\u00e1scaras de Carnaval<\/u><\/strong><\/p>\n<p>A Biblioteca Jos\u00e9 Esteves e Espa\u00e7o Entregera\u00e7\u00f5es, no Convento Madre de Deus da Verderena, recebe, de 1 a 19 de fevereiro, a Mostra de M\u00e1scaras de Carnaval dos anos 60 e 70, do colecionador Max Martins.<\/p>\n<p><strong><u>13 de fevereiro &#8211; Descobrir An\u00e9ditura no Dia dos Namorados<\/u><\/strong><\/p>\n<p>Com m\u00fasica do autor, compositor e int\u00e9rprete Paulo Sanches (voz e viola) e poesia de Fernando Pessoa, a iniciativa \u201cDescobrir An\u00e9ditura no Dia dos Namorados\u201d tem lugar no dia 13 de fevereiro, pelas 16h00, na Capela Grande do Convento da Madre de Deus da Verderena.<\/p>\n<p><strong><u>18 de fevereiro &#8211; Apresenta\u00e7\u00e3o do Livro \u201cRosa\u201d <\/u><\/strong><\/p>\n<p>A Capela Grande do Convento da Madre de Deus da Verderena acolhe, no dia 18 de fevereiro, a partir das 15h00, a apresenta\u00e7\u00e3o do livro \u201cRosa\u201d, da aluna da Universidade da Terceira Idade do Barreiro e autora barreirense Elvira Carvalho.<\/p>\n<p><strong><u>29 de fevereiro &#8211; Tert\u00falia Po\u00e9tica \u201cJ\u00e1 Bocage N\u00e3o Sou\u201d<\/u><\/strong><\/p>\n<p>Todos os meses, nas tardes das segundas-feiras, a Capela do Convento Madre de Deus da Verderena recebe as Tert\u00falias Po\u00e9ticas \u201cAo Encontro de\u2026\u201d. O objetivo \u00e9 divulgar a Poesia Portuguesa, desde a trovadoresca \u00e0 contempor\u00e2nea, e permitir o conhecimento da vida e obra po\u00e9tica de poetas portugueses, fomentar o gosto pela poesia (leitura e escrita), partilhar saberes e gostos, dinamizar a Biblioteca da UTIB e proporcionar momentos de conversa e de conv\u00edvio. Em fevereiro, realiza-se no dia 29, pelas 15h00, sobre o tema \u201cJ\u00e1 Bocage N\u00e3o Sou\u201d (Poeta: Bocage &#8211; 250 anos do seu nascimento; Convidada: Anabela Soares).<\/p>\n<p><strong>fonte; CMB<\/strong><\/p>\n","protected":false},"excerpt":{"rendered":"<p>O Convento Madre de Deus da Verderena recebe, em fevereiro, um conjunto de iniciativas abertas ao p\u00fablico em geral, com entrada livre, nomeadamente a Mostra de M\u00e1scaras de Carnaval, as Tert\u00falias Po\u00e9ticas, a apresenta\u00e7\u00e3o do livro \u201cRosa\u201d, e a iniciativa \u201cDescobrir An\u00e9ditura no Dia dos Namorados\u201d. Recorde-se que, ainda em janeiro, no dia 25, realiza-se [&hellip;]<\/p>\n","protected":false},"author":1,"featured_media":14055,"comment_status":"open","ping_status":"open","sticky":false,"template":"","format":"standard","meta":{"footnotes":""},"categories":[636,638],"tags":[],"class_list":["post-14123","post","type-post","status-publish","format-standard","has-post-thumbnail","hentry","category-artes","category-exposicoes","last_archivepost"],"yoast_head":"<!-- This site is optimized with the Yoast SEO plugin v27.1.1 - https:\/\/yoast.com\/product\/yoast-seo-wordpress\/ -->\n<title>Convento Madre de Deus da Verderena Atividades em fevereiro - barreiroweb<\/title>\n<meta name=\"robots\" content=\"index, follow, max-snippet:-1, max-image-preview:large, max-video-preview:-1\" \/>\n<link rel=\"canonical\" href=\"https:\/\/arquivo.barreiroweb.net\/?p=14123\" \/>\n<meta property=\"og:locale\" content=\"pt_PT\" \/>\n<meta property=\"og:type\" content=\"article\" \/>\n<meta property=\"og:title\" content=\"Convento Madre de Deus da Verderena Atividades em fevereiro - barreiroweb\" \/>\n<meta property=\"og:description\" content=\"O Convento Madre de Deus da Verderena recebe, em fevereiro, um conjunto de iniciativas abertas ao p\u00fablico em geral, com entrada livre, nomeadamente a Mostra de M\u00e1scaras de Carnaval, as Tert\u00falias Po\u00e9ticas, a apresenta\u00e7\u00e3o do livro \u201cRosa\u201d, e a iniciativa \u201cDescobrir An\u00e9ditura no Dia dos Namorados\u201d. Recorde-se que, ainda em janeiro, no dia 25, realiza-se [&hellip;]\" \/>\n<meta property=\"og:url\" content=\"https:\/\/arquivo.barreiroweb.net\/?p=14123\" \/>\n<meta property=\"og:site_name\" content=\"barreiroweb\" \/>\n<meta property=\"article:publisher\" content=\"https:\/\/www.facebook.com\/barreiroweb\" \/>\n<meta property=\"article:published_time\" content=\"2016-02-02T23:09:36+00:00\" \/>\n<meta property=\"og:image\" content=\"https:\/\/arquivo.barreiroweb.net\/wp-content\/uploads\/2016\/01\/Convento-Madre-de-Deus-da-Verderena.jpg\" \/>\n\t<meta property=\"og:image:width\" content=\"640\" \/>\n\t<meta property=\"og:image:height\" content=\"427\" \/>\n\t<meta property=\"og:image:type\" content=\"image\/jpeg\" \/>\n<meta name=\"author\" content=\"barreiroweb\" \/>\n<meta name=\"twitter:card\" content=\"summary_large_image\" \/>\n<meta name=\"twitter:creator\" content=\"@barreiroweb\" \/>\n<meta name=\"twitter:site\" content=\"@barreiroweb\" \/>\n<meta name=\"twitter:label1\" content=\"Escrito por\" \/>\n\t<meta name=\"twitter:data1\" content=\"barreiroweb\" \/>\n\t<meta name=\"twitter:label2\" content=\"Tempo estimado de leitura\" \/>\n\t<meta name=\"twitter:data2\" content=\"2 minutos\" \/>\n<script type=\"application\/ld+json\" class=\"yoast-schema-graph\">{\"@context\":\"https:\/\/schema.org\",\"@graph\":[{\"@type\":\"Article\",\"@id\":\"https:\/\/arquivo.barreiroweb.net\/?p=14123#article\",\"isPartOf\":{\"@id\":\"https:\/\/arquivo.barreiroweb.net\/?p=14123\"},\"author\":{\"name\":\"barreiroweb\",\"@id\":\"https:\/\/arquivo.barreiroweb.net\/#\/schema\/person\/44b6d528aff975e3786c9f475f9df2dd\"},\"headline\":\"Convento Madre de Deus da Verderena Atividades em fevereiro\",\"datePublished\":\"2016-02-02T23:09:36+00:00\",\"mainEntityOfPage\":{\"@id\":\"https:\/\/arquivo.barreiroweb.net\/?p=14123\"},\"wordCount\":355,\"commentCount\":0,\"publisher\":{\"@id\":\"https:\/\/arquivo.barreiroweb.net\/#organization\"},\"image\":{\"@id\":\"https:\/\/arquivo.barreiroweb.net\/?p=14123#primaryimage\"},\"thumbnailUrl\":\"https:\/\/arquivo.barreiroweb.net\/wp-content\/uploads\/2016\/01\/Convento-Madre-de-Deus-da-Verderena.jpg\",\"articleSection\":[\"Artes\",\"Exposi\u00e7\u00f5es\"],\"inLanguage\":\"pt-PT\",\"potentialAction\":[{\"@type\":\"CommentAction\",\"name\":\"Comment\",\"target\":[\"https:\/\/arquivo.barreiroweb.net\/?p=14123#respond\"]}]},{\"@type\":\"WebPage\",\"@id\":\"https:\/\/arquivo.barreiroweb.net\/?p=14123\",\"url\":\"https:\/\/arquivo.barreiroweb.net\/?p=14123\",\"name\":\"Convento Madre de Deus da Verderena Atividades em fevereiro - barreiroweb\",\"isPartOf\":{\"@id\":\"https:\/\/arquivo.barreiroweb.net\/#website\"},\"primaryImageOfPage\":{\"@id\":\"https:\/\/arquivo.barreiroweb.net\/?p=14123#primaryimage\"},\"image\":{\"@id\":\"https:\/\/arquivo.barreiroweb.net\/?p=14123#primaryimage\"},\"thumbnailUrl\":\"https:\/\/arquivo.barreiroweb.net\/wp-content\/uploads\/2016\/01\/Convento-Madre-de-Deus-da-Verderena.jpg\",\"datePublished\":\"2016-02-02T23:09:36+00:00\",\"breadcrumb\":{\"@id\":\"https:\/\/arquivo.barreiroweb.net\/?p=14123#breadcrumb\"},\"inLanguage\":\"pt-PT\",\"potentialAction\":[{\"@type\":\"ReadAction\",\"target\":[\"https:\/\/arquivo.barreiroweb.net\/?p=14123\"]}]},{\"@type\":\"ImageObject\",\"inLanguage\":\"pt-PT\",\"@id\":\"https:\/\/arquivo.barreiroweb.net\/?p=14123#primaryimage\",\"url\":\"https:\/\/arquivo.barreiroweb.net\/wp-content\/uploads\/2016\/01\/Convento-Madre-de-Deus-da-Verderena.jpg\",\"contentUrl\":\"https:\/\/arquivo.barreiroweb.net\/wp-content\/uploads\/2016\/01\/Convento-Madre-de-Deus-da-Verderena.jpg\",\"width\":640,\"height\":427},{\"@type\":\"BreadcrumbList\",\"@id\":\"https:\/\/arquivo.barreiroweb.net\/?p=14123#breadcrumb\",\"itemListElement\":[{\"@type\":\"ListItem\",\"position\":1,\"name\":\"In\u00edcio\",\"item\":\"https:\/\/arquivo.barreiroweb.net\/\"},{\"@type\":\"ListItem\",\"position\":2,\"name\":\"Convento Madre de Deus da Verderena Atividades em fevereiro\"}]},{\"@type\":\"WebSite\",\"@id\":\"https:\/\/arquivo.barreiroweb.net\/#website\",\"url\":\"https:\/\/arquivo.barreiroweb.net\/\",\"name\":\"barreiroweb\",\"description\":\"Barreiroweb o barreiro na web\",\"publisher\":{\"@id\":\"https:\/\/arquivo.barreiroweb.net\/#organization\"},\"potentialAction\":[{\"@type\":\"SearchAction\",\"target\":{\"@type\":\"EntryPoint\",\"urlTemplate\":\"https:\/\/arquivo.barreiroweb.net\/?s={search_term_string}\"},\"query-input\":{\"@type\":\"PropertyValueSpecification\",\"valueRequired\":true,\"valueName\":\"search_term_string\"}}],\"inLanguage\":\"pt-PT\"},{\"@type\":\"Organization\",\"@id\":\"https:\/\/arquivo.barreiroweb.net\/#organization\",\"name\":\"barreiroweb\",\"url\":\"https:\/\/arquivo.barreiroweb.net\/\",\"logo\":{\"@type\":\"ImageObject\",\"inLanguage\":\"pt-PT\",\"@id\":\"https:\/\/arquivo.barreiroweb.net\/#\/schema\/logo\/image\/\",\"url\":\"https:\/\/barreiroweb.net\/wp-content\/uploads\/2022\/05\/BarreiroWeb555.jpg\",\"contentUrl\":\"https:\/\/barreiroweb.net\/wp-content\/uploads\/2022\/05\/BarreiroWeb555.jpg\",\"width\":421,\"height\":415,\"caption\":\"barreiroweb\"},\"image\":{\"@id\":\"https:\/\/arquivo.barreiroweb.net\/#\/schema\/logo\/image\/\"},\"sameAs\":[\"https:\/\/www.facebook.com\/barreiroweb\",\"https:\/\/x.com\/barreiroweb\"]},{\"@type\":\"Person\",\"@id\":\"https:\/\/arquivo.barreiroweb.net\/#\/schema\/person\/44b6d528aff975e3786c9f475f9df2dd\",\"name\":\"barreiroweb\",\"image\":{\"@type\":\"ImageObject\",\"inLanguage\":\"pt-PT\",\"@id\":\"https:\/\/arquivo.barreiroweb.net\/#\/schema\/person\/image\/\",\"url\":\"https:\/\/secure.gravatar.com\/avatar\/1f764b917967430404ff0b452044eb63a25d64a5363b25be2aa42273930f477d?s=96&d=mm&r=g\",\"contentUrl\":\"https:\/\/secure.gravatar.com\/avatar\/1f764b917967430404ff0b452044eb63a25d64a5363b25be2aa42273930f477d?s=96&d=mm&r=g\",\"caption\":\"barreiroweb\"},\"url\":\"https:\/\/arquivo.barreiroweb.net\/?author=1\"}]}<\/script>\n<!-- \/ Yoast SEO plugin. -->","yoast_head_json":{"title":"Convento Madre de Deus da Verderena Atividades em fevereiro - barreiroweb","robots":{"index":"index","follow":"follow","max-snippet":"max-snippet:-1","max-image-preview":"max-image-preview:large","max-video-preview":"max-video-preview:-1"},"canonical":"https:\/\/arquivo.barreiroweb.net\/?p=14123","og_locale":"pt_PT","og_type":"article","og_title":"Convento Madre de Deus da Verderena Atividades em fevereiro - barreiroweb","og_description":"O Convento Madre de Deus da Verderena recebe, em fevereiro, um conjunto de iniciativas abertas ao p\u00fablico em geral, com entrada livre, nomeadamente a Mostra de M\u00e1scaras de Carnaval, as Tert\u00falias Po\u00e9ticas, a apresenta\u00e7\u00e3o do livro \u201cRosa\u201d, e a iniciativa \u201cDescobrir An\u00e9ditura no Dia dos Namorados\u201d. Recorde-se que, ainda em janeiro, no dia 25, realiza-se [&hellip;]","og_url":"https:\/\/arquivo.barreiroweb.net\/?p=14123","og_site_name":"barreiroweb","article_publisher":"https:\/\/www.facebook.com\/barreiroweb","article_published_time":"2016-02-02T23:09:36+00:00","og_image":[{"width":640,"height":427,"url":"https:\/\/arquivo.barreiroweb.net\/wp-content\/uploads\/2016\/01\/Convento-Madre-de-Deus-da-Verderena.jpg","type":"image\/jpeg"}],"author":"barreiroweb","twitter_card":"summary_large_image","twitter_creator":"@barreiroweb","twitter_site":"@barreiroweb","twitter_misc":{"Escrito por":"barreiroweb","Tempo estimado de leitura":"2 minutos"},"schema":{"@context":"https:\/\/schema.org","@graph":[{"@type":"Article","@id":"https:\/\/arquivo.barreiroweb.net\/?p=14123#article","isPartOf":{"@id":"https:\/\/arquivo.barreiroweb.net\/?p=14123"},"author":{"name":"barreiroweb","@id":"https:\/\/arquivo.barreiroweb.net\/#\/schema\/person\/44b6d528aff975e3786c9f475f9df2dd"},"headline":"Convento Madre de Deus da Verderena Atividades em fevereiro","datePublished":"2016-02-02T23:09:36+00:00","mainEntityOfPage":{"@id":"https:\/\/arquivo.barreiroweb.net\/?p=14123"},"wordCount":355,"commentCount":0,"publisher":{"@id":"https:\/\/arquivo.barreiroweb.net\/#organization"},"image":{"@id":"https:\/\/arquivo.barreiroweb.net\/?p=14123#primaryimage"},"thumbnailUrl":"https:\/\/arquivo.barreiroweb.net\/wp-content\/uploads\/2016\/01\/Convento-Madre-de-Deus-da-Verderena.jpg","articleSection":["Artes","Exposi\u00e7\u00f5es"],"inLanguage":"pt-PT","potentialAction":[{"@type":"CommentAction","name":"Comment","target":["https:\/\/arquivo.barreiroweb.net\/?p=14123#respond"]}]},{"@type":"WebPage","@id":"https:\/\/arquivo.barreiroweb.net\/?p=14123","url":"https:\/\/arquivo.barreiroweb.net\/?p=14123","name":"Convento Madre de Deus da Verderena Atividades em fevereiro - barreiroweb","isPartOf":{"@id":"https:\/\/arquivo.barreiroweb.net\/#website"},"primaryImageOfPage":{"@id":"https:\/\/arquivo.barreiroweb.net\/?p=14123#primaryimage"},"image":{"@id":"https:\/\/arquivo.barreiroweb.net\/?p=14123#primaryimage"},"thumbnailUrl":"https:\/\/arquivo.barreiroweb.net\/wp-content\/uploads\/2016\/01\/Convento-Madre-de-Deus-da-Verderena.jpg","datePublished":"2016-02-02T23:09:36+00:00","breadcrumb":{"@id":"https:\/\/arquivo.barreiroweb.net\/?p=14123#breadcrumb"},"inLanguage":"pt-PT","potentialAction":[{"@type":"ReadAction","target":["https:\/\/arquivo.barreiroweb.net\/?p=14123"]}]},{"@type":"ImageObject","inLanguage":"pt-PT","@id":"https:\/\/arquivo.barreiroweb.net\/?p=14123#primaryimage","url":"https:\/\/arquivo.barreiroweb.net\/wp-content\/uploads\/2016\/01\/Convento-Madre-de-Deus-da-Verderena.jpg","contentUrl":"https:\/\/arquivo.barreiroweb.net\/wp-content\/uploads\/2016\/01\/Convento-Madre-de-Deus-da-Verderena.jpg","width":640,"height":427},{"@type":"BreadcrumbList","@id":"https:\/\/arquivo.barreiroweb.net\/?p=14123#breadcrumb","itemListElement":[{"@type":"ListItem","position":1,"name":"In\u00edcio","item":"https:\/\/arquivo.barreiroweb.net\/"},{"@type":"ListItem","position":2,"name":"Convento Madre de Deus da Verderena Atividades em fevereiro"}]},{"@type":"WebSite","@id":"https:\/\/arquivo.barreiroweb.net\/#website","url":"https:\/\/arquivo.barreiroweb.net\/","name":"barreiroweb","description":"Barreiroweb o barreiro na web","publisher":{"@id":"https:\/\/arquivo.barreiroweb.net\/#organization"},"potentialAction":[{"@type":"SearchAction","target":{"@type":"EntryPoint","urlTemplate":"https:\/\/arquivo.barreiroweb.net\/?s={search_term_string}"},"query-input":{"@type":"PropertyValueSpecification","valueRequired":true,"valueName":"search_term_string"}}],"inLanguage":"pt-PT"},{"@type":"Organization","@id":"https:\/\/arquivo.barreiroweb.net\/#organization","name":"barreiroweb","url":"https:\/\/arquivo.barreiroweb.net\/","logo":{"@type":"ImageObject","inLanguage":"pt-PT","@id":"https:\/\/arquivo.barreiroweb.net\/#\/schema\/logo\/image\/","url":"https:\/\/barreiroweb.net\/wp-content\/uploads\/2022\/05\/BarreiroWeb555.jpg","contentUrl":"https:\/\/barreiroweb.net\/wp-content\/uploads\/2022\/05\/BarreiroWeb555.jpg","width":421,"height":415,"caption":"barreiroweb"},"image":{"@id":"https:\/\/arquivo.barreiroweb.net\/#\/schema\/logo\/image\/"},"sameAs":["https:\/\/www.facebook.com\/barreiroweb","https:\/\/x.com\/barreiroweb"]},{"@type":"Person","@id":"https:\/\/arquivo.barreiroweb.net\/#\/schema\/person\/44b6d528aff975e3786c9f475f9df2dd","name":"barreiroweb","image":{"@type":"ImageObject","inLanguage":"pt-PT","@id":"https:\/\/arquivo.barreiroweb.net\/#\/schema\/person\/image\/","url":"https:\/\/secure.gravatar.com\/avatar\/1f764b917967430404ff0b452044eb63a25d64a5363b25be2aa42273930f477d?s=96&d=mm&r=g","contentUrl":"https:\/\/secure.gravatar.com\/avatar\/1f764b917967430404ff0b452044eb63a25d64a5363b25be2aa42273930f477d?s=96&d=mm&r=g","caption":"barreiroweb"},"url":"https:\/\/arquivo.barreiroweb.net\/?author=1"}]}},"_links":{"self":[{"href":"https:\/\/arquivo.barreiroweb.net\/index.php?rest_route=\/wp\/v2\/posts\/14123","targetHints":{"allow":["GET"]}}],"collection":[{"href":"https:\/\/arquivo.barreiroweb.net\/index.php?rest_route=\/wp\/v2\/posts"}],"about":[{"href":"https:\/\/arquivo.barreiroweb.net\/index.php?rest_route=\/wp\/v2\/types\/post"}],"author":[{"embeddable":true,"href":"https:\/\/arquivo.barreiroweb.net\/index.php?rest_route=\/wp\/v2\/users\/1"}],"replies":[{"embeddable":true,"href":"https:\/\/arquivo.barreiroweb.net\/index.php?rest_route=%2Fwp%2Fv2%2Fcomments&post=14123"}],"version-history":[{"count":1,"href":"https:\/\/arquivo.barreiroweb.net\/index.php?rest_route=\/wp\/v2\/posts\/14123\/revisions"}],"predecessor-version":[{"id":14124,"href":"https:\/\/arquivo.barreiroweb.net\/index.php?rest_route=\/wp\/v2\/posts\/14123\/revisions\/14124"}],"wp:featuredmedia":[{"embeddable":true,"href":"https:\/\/arquivo.barreiroweb.net\/index.php?rest_route=\/wp\/v2\/media\/14055"}],"wp:attachment":[{"href":"https:\/\/arquivo.barreiroweb.net\/index.php?rest_route=%2Fwp%2Fv2%2Fmedia&parent=14123"}],"wp:term":[{"taxonomy":"category","embeddable":true,"href":"https:\/\/arquivo.barreiroweb.net\/index.php?rest_route=%2Fwp%2Fv2%2Fcategories&post=14123"},{"taxonomy":"post_tag","embeddable":true,"href":"https:\/\/arquivo.barreiroweb.net\/index.php?rest_route=%2Fwp%2Fv2%2Ftags&post=14123"}],"curies":[{"name":"wp","href":"https:\/\/api.w.org\/{rel}","templated":true}]}}