{"id":14091,"date":"2016-01-18T00:07:11","date_gmt":"2016-01-18T00:07:11","guid":{"rendered":"http:\/\/barreiroweb.eu\/?p=14091"},"modified":"2016-01-18T00:07:11","modified_gmt":"2016-01-18T00:07:11","slug":"pintura-entre-o-ceu-e-a-terra-para-apreciar-no-posto-de-turismo-da-moita","status":"publish","type":"post","link":"https:\/\/arquivo.barreiroweb.net\/?p=14091","title":{"rendered":"Pintura \u201cEntre o C\u00e9u e a Terra\u201d para apreciar no Posto de Turismo da Moita"},"content":{"rendered":"<p><a href=\"http:\/\/barreiroweb.eu\/wp-content\/uploads\/2016\/01\/Exposi\u00e7\u00e3o-de-Pintura-Entre-o-C\u00e9u-e-a-Terra.jpg\" rel=\"attachment wp-att-14092\" rel=\"lightbox[14091]\"><img loading=\"lazy\" decoding=\"async\" class=\"alignleft size-medium wp-image-14092\" src=\"http:\/\/barreiroweb.eu\/wp-content\/uploads\/2016\/01\/Exposi\u00e7\u00e3o-de-Pintura-Entre-o-C\u00e9u-e-a-Terra-300x200.jpg\" alt=\"Exposi\u00e7\u00e3o de Pintura Entre o C\u00e9u e a Terra\" width=\"300\" height=\"200\" srcset=\"https:\/\/arquivo.barreiroweb.net\/wp-content\/uploads\/2016\/01\/Exposi\u00e7\u00e3o-de-Pintura-Entre-o-C\u00e9u-e-a-Terra-300x200.jpg 300w, https:\/\/arquivo.barreiroweb.net\/wp-content\/uploads\/2016\/01\/Exposi\u00e7\u00e3o-de-Pintura-Entre-o-C\u00e9u-e-a-Terra.jpg 640w\" sizes=\"auto, (max-width: 300px) 100vw, 300px\" \/><\/a>A partir de 18 de janeiro e at\u00e9 ao dia 5 de fevereiro, vai estar patente no Posto de Turismo Municipal, na Moita, a exposi\u00e7\u00e3o de pintura de Filomena Morim, \u201cEntre o C\u00e9u e a Terra\u201d.<\/p>\n<p>Filomena Morim nasceu em Lisboa. Desde cedo que sentiu o apelo da pintura, mas foi pela m\u00e3o da professora Concei\u00e7\u00e3o Oliveira, da Escola de Belas Artes de Lisboa, que se iniciou na aprendizagem da t\u00e9cnica a \u00f3leo, vitral, pintura em cer\u00e2mica e em seda.<\/p>\n<p>Inativa nesta \u00e1rea durante v\u00e1rios anos, Filomena Morim rumou na explora\u00e7\u00e3o de outros caminhos do conhecimento, mas regressou aos pinc\u00e9is na t\u00e9cnica mista e acr\u00edlico, incentivada por v\u00e1rios amigos.<\/p>\n<p>Para a artista, pintar \u00e9 transpor para a tela a intensidade das emo\u00e7\u00f5es, buscando no fundo da alma sentimentos que transcendem os meros sentidos. Ao viajar nas asas da imagina\u00e7\u00e3o, transp\u00f5e para as telas a uni\u00e3o entre o Universo e a Terra.<\/p>\n<p>Esta exposi\u00e7\u00e3o pode ser vista de segunda a sexta-feira, entre as 9:30h e as 12:30h e entre as 14:00h e as 18:00h. A entrada \u00e9 livre.<\/p>\n","protected":false},"excerpt":{"rendered":"<p>A partir de 18 de janeiro e at\u00e9 ao dia 5 de fevereiro, vai estar patente no Posto de Turismo Municipal, na Moita, a exposi\u00e7\u00e3o de pintura de Filomena Morim, \u201cEntre o C\u00e9u e a Terra\u201d. Filomena Morim nasceu em Lisboa. Desde cedo que sentiu o apelo da pintura, mas foi pela m\u00e3o da professora [&hellip;]<\/p>\n","protected":false},"author":1,"featured_media":14092,"comment_status":"open","ping_status":"open","sticky":false,"template":"","format":"standard","meta":{"footnotes":""},"categories":[638],"tags":[171,212,37],"class_list":["post-14091","post","type-post","status-publish","format-standard","has-post-thumbnail","hentry","category-exposicoes","tag-artes","tag-exposicao","tag-moita","last_archivepost"],"yoast_head":"<!-- This site is optimized with the Yoast SEO plugin v27.1.1 - https:\/\/yoast.com\/product\/yoast-seo-wordpress\/ -->\n<title>Pintura \u201cEntre o C\u00e9u e a Terra\u201d para apreciar no Posto de Turismo da Moita - barreiroweb<\/title>\n<meta name=\"robots\" content=\"index, follow, max-snippet:-1, max-image-preview:large, max-video-preview:-1\" \/>\n<link rel=\"canonical\" href=\"https:\/\/arquivo.barreiroweb.net\/?p=14091\" \/>\n<meta property=\"og:locale\" content=\"pt_PT\" \/>\n<meta property=\"og:type\" content=\"article\" \/>\n<meta property=\"og:title\" content=\"Pintura \u201cEntre o C\u00e9u e a Terra\u201d para apreciar no Posto de Turismo da Moita - barreiroweb\" \/>\n<meta property=\"og:description\" content=\"A partir de 18 de janeiro e at\u00e9 ao dia 5 de fevereiro, vai estar patente no Posto de Turismo Municipal, na Moita, a exposi\u00e7\u00e3o de pintura de Filomena Morim, \u201cEntre o C\u00e9u e a Terra\u201d. Filomena Morim nasceu em Lisboa. Desde cedo que sentiu o apelo da pintura, mas foi pela m\u00e3o da professora [&hellip;]\" \/>\n<meta property=\"og:url\" content=\"https:\/\/arquivo.barreiroweb.net\/?p=14091\" \/>\n<meta property=\"og:site_name\" content=\"barreiroweb\" \/>\n<meta property=\"article:publisher\" content=\"https:\/\/www.facebook.com\/barreiroweb\" \/>\n<meta property=\"article:published_time\" content=\"2016-01-18T00:07:11+00:00\" \/>\n<meta property=\"og:image\" content=\"https:\/\/arquivo.barreiroweb.net\/wp-content\/uploads\/2016\/01\/Exposi\u00e7\u00e3o-de-Pintura-Entre-o-C\u00e9u-e-a-Terra.jpg\" \/>\n\t<meta property=\"og:image:width\" content=\"640\" \/>\n\t<meta property=\"og:image:height\" content=\"427\" \/>\n\t<meta property=\"og:image:type\" content=\"image\/jpeg\" \/>\n<meta name=\"author\" content=\"barreiroweb\" \/>\n<meta name=\"twitter:card\" content=\"summary_large_image\" \/>\n<meta name=\"twitter:creator\" content=\"@barreiroweb\" \/>\n<meta name=\"twitter:site\" content=\"@barreiroweb\" \/>\n<meta name=\"twitter:label1\" content=\"Escrito por\" \/>\n\t<meta name=\"twitter:data1\" content=\"barreiroweb\" \/>\n\t<meta name=\"twitter:label2\" content=\"Tempo estimado de leitura\" \/>\n\t<meta name=\"twitter:data2\" content=\"1 minuto\" \/>\n<script type=\"application\/ld+json\" class=\"yoast-schema-graph\">{\"@context\":\"https:\/\/schema.org\",\"@graph\":[{\"@type\":\"Article\",\"@id\":\"https:\/\/arquivo.barreiroweb.net\/?p=14091#article\",\"isPartOf\":{\"@id\":\"https:\/\/arquivo.barreiroweb.net\/?p=14091\"},\"author\":{\"name\":\"barreiroweb\",\"@id\":\"https:\/\/arquivo.barreiroweb.net\/#\/schema\/person\/44b6d528aff975e3786c9f475f9df2dd\"},\"headline\":\"Pintura \u201cEntre o C\u00e9u e a Terra\u201d para apreciar no Posto de Turismo da Moita\",\"datePublished\":\"2016-01-18T00:07:11+00:00\",\"mainEntityOfPage\":{\"@id\":\"https:\/\/arquivo.barreiroweb.net\/?p=14091\"},\"wordCount\":206,\"commentCount\":0,\"publisher\":{\"@id\":\"https:\/\/arquivo.barreiroweb.net\/#organization\"},\"image\":{\"@id\":\"https:\/\/arquivo.barreiroweb.net\/?p=14091#primaryimage\"},\"thumbnailUrl\":\"https:\/\/arquivo.barreiroweb.net\/wp-content\/uploads\/2016\/01\/Exposi\u00e7\u00e3o-de-Pintura-Entre-o-C\u00e9u-e-a-Terra.jpg\",\"keywords\":[\"artes\",\"exposi\u00e7\u00e3o\",\"moita\"],\"articleSection\":[\"Exposi\u00e7\u00f5es\"],\"inLanguage\":\"pt-PT\",\"potentialAction\":[{\"@type\":\"CommentAction\",\"name\":\"Comment\",\"target\":[\"https:\/\/arquivo.barreiroweb.net\/?p=14091#respond\"]}]},{\"@type\":\"WebPage\",\"@id\":\"https:\/\/arquivo.barreiroweb.net\/?p=14091\",\"url\":\"https:\/\/arquivo.barreiroweb.net\/?p=14091\",\"name\":\"Pintura \u201cEntre o C\u00e9u e a Terra\u201d para apreciar no Posto de Turismo da Moita - barreiroweb\",\"isPartOf\":{\"@id\":\"https:\/\/arquivo.barreiroweb.net\/#website\"},\"primaryImageOfPage\":{\"@id\":\"https:\/\/arquivo.barreiroweb.net\/?p=14091#primaryimage\"},\"image\":{\"@id\":\"https:\/\/arquivo.barreiroweb.net\/?p=14091#primaryimage\"},\"thumbnailUrl\":\"https:\/\/arquivo.barreiroweb.net\/wp-content\/uploads\/2016\/01\/Exposi\u00e7\u00e3o-de-Pintura-Entre-o-C\u00e9u-e-a-Terra.jpg\",\"datePublished\":\"2016-01-18T00:07:11+00:00\",\"breadcrumb\":{\"@id\":\"https:\/\/arquivo.barreiroweb.net\/?p=14091#breadcrumb\"},\"inLanguage\":\"pt-PT\",\"potentialAction\":[{\"@type\":\"ReadAction\",\"target\":[\"https:\/\/arquivo.barreiroweb.net\/?p=14091\"]}]},{\"@type\":\"ImageObject\",\"inLanguage\":\"pt-PT\",\"@id\":\"https:\/\/arquivo.barreiroweb.net\/?p=14091#primaryimage\",\"url\":\"https:\/\/arquivo.barreiroweb.net\/wp-content\/uploads\/2016\/01\/Exposi\u00e7\u00e3o-de-Pintura-Entre-o-C\u00e9u-e-a-Terra.jpg\",\"contentUrl\":\"https:\/\/arquivo.barreiroweb.net\/wp-content\/uploads\/2016\/01\/Exposi\u00e7\u00e3o-de-Pintura-Entre-o-C\u00e9u-e-a-Terra.jpg\",\"width\":640,\"height\":427},{\"@type\":\"BreadcrumbList\",\"@id\":\"https:\/\/arquivo.barreiroweb.net\/?p=14091#breadcrumb\",\"itemListElement\":[{\"@type\":\"ListItem\",\"position\":1,\"name\":\"In\u00edcio\",\"item\":\"https:\/\/arquivo.barreiroweb.net\/\"},{\"@type\":\"ListItem\",\"position\":2,\"name\":\"Pintura \u201cEntre o C\u00e9u e a Terra\u201d para apreciar no Posto de Turismo da Moita\"}]},{\"@type\":\"WebSite\",\"@id\":\"https:\/\/arquivo.barreiroweb.net\/#website\",\"url\":\"https:\/\/arquivo.barreiroweb.net\/\",\"name\":\"barreiroweb\",\"description\":\"Barreiroweb o barreiro na web\",\"publisher\":{\"@id\":\"https:\/\/arquivo.barreiroweb.net\/#organization\"},\"potentialAction\":[{\"@type\":\"SearchAction\",\"target\":{\"@type\":\"EntryPoint\",\"urlTemplate\":\"https:\/\/arquivo.barreiroweb.net\/?s={search_term_string}\"},\"query-input\":{\"@type\":\"PropertyValueSpecification\",\"valueRequired\":true,\"valueName\":\"search_term_string\"}}],\"inLanguage\":\"pt-PT\"},{\"@type\":\"Organization\",\"@id\":\"https:\/\/arquivo.barreiroweb.net\/#organization\",\"name\":\"barreiroweb\",\"url\":\"https:\/\/arquivo.barreiroweb.net\/\",\"logo\":{\"@type\":\"ImageObject\",\"inLanguage\":\"pt-PT\",\"@id\":\"https:\/\/arquivo.barreiroweb.net\/#\/schema\/logo\/image\/\",\"url\":\"https:\/\/barreiroweb.net\/wp-content\/uploads\/2022\/05\/BarreiroWeb555.jpg\",\"contentUrl\":\"https:\/\/barreiroweb.net\/wp-content\/uploads\/2022\/05\/BarreiroWeb555.jpg\",\"width\":421,\"height\":415,\"caption\":\"barreiroweb\"},\"image\":{\"@id\":\"https:\/\/arquivo.barreiroweb.net\/#\/schema\/logo\/image\/\"},\"sameAs\":[\"https:\/\/www.facebook.com\/barreiroweb\",\"https:\/\/x.com\/barreiroweb\"]},{\"@type\":\"Person\",\"@id\":\"https:\/\/arquivo.barreiroweb.net\/#\/schema\/person\/44b6d528aff975e3786c9f475f9df2dd\",\"name\":\"barreiroweb\",\"image\":{\"@type\":\"ImageObject\",\"inLanguage\":\"pt-PT\",\"@id\":\"https:\/\/arquivo.barreiroweb.net\/#\/schema\/person\/image\/\",\"url\":\"https:\/\/secure.gravatar.com\/avatar\/1f764b917967430404ff0b452044eb63a25d64a5363b25be2aa42273930f477d?s=96&d=mm&r=g\",\"contentUrl\":\"https:\/\/secure.gravatar.com\/avatar\/1f764b917967430404ff0b452044eb63a25d64a5363b25be2aa42273930f477d?s=96&d=mm&r=g\",\"caption\":\"barreiroweb\"},\"url\":\"https:\/\/arquivo.barreiroweb.net\/?author=1\"}]}<\/script>\n<!-- \/ Yoast SEO plugin. -->","yoast_head_json":{"title":"Pintura \u201cEntre o C\u00e9u e a Terra\u201d para apreciar no Posto de Turismo da Moita - barreiroweb","robots":{"index":"index","follow":"follow","max-snippet":"max-snippet:-1","max-image-preview":"max-image-preview:large","max-video-preview":"max-video-preview:-1"},"canonical":"https:\/\/arquivo.barreiroweb.net\/?p=14091","og_locale":"pt_PT","og_type":"article","og_title":"Pintura \u201cEntre o C\u00e9u e a Terra\u201d para apreciar no Posto de Turismo da Moita - barreiroweb","og_description":"A partir de 18 de janeiro e at\u00e9 ao dia 5 de fevereiro, vai estar patente no Posto de Turismo Municipal, na Moita, a exposi\u00e7\u00e3o de pintura de Filomena Morim, \u201cEntre o C\u00e9u e a Terra\u201d. Filomena Morim nasceu em Lisboa. Desde cedo que sentiu o apelo da pintura, mas foi pela m\u00e3o da professora [&hellip;]","og_url":"https:\/\/arquivo.barreiroweb.net\/?p=14091","og_site_name":"barreiroweb","article_publisher":"https:\/\/www.facebook.com\/barreiroweb","article_published_time":"2016-01-18T00:07:11+00:00","og_image":[{"width":640,"height":427,"url":"https:\/\/arquivo.barreiroweb.net\/wp-content\/uploads\/2016\/01\/Exposi\u00e7\u00e3o-de-Pintura-Entre-o-C\u00e9u-e-a-Terra.jpg","type":"image\/jpeg"}],"author":"barreiroweb","twitter_card":"summary_large_image","twitter_creator":"@barreiroweb","twitter_site":"@barreiroweb","twitter_misc":{"Escrito por":"barreiroweb","Tempo estimado de leitura":"1 minuto"},"schema":{"@context":"https:\/\/schema.org","@graph":[{"@type":"Article","@id":"https:\/\/arquivo.barreiroweb.net\/?p=14091#article","isPartOf":{"@id":"https:\/\/arquivo.barreiroweb.net\/?p=14091"},"author":{"name":"barreiroweb","@id":"https:\/\/arquivo.barreiroweb.net\/#\/schema\/person\/44b6d528aff975e3786c9f475f9df2dd"},"headline":"Pintura \u201cEntre o C\u00e9u e a Terra\u201d para apreciar no Posto de Turismo da Moita","datePublished":"2016-01-18T00:07:11+00:00","mainEntityOfPage":{"@id":"https:\/\/arquivo.barreiroweb.net\/?p=14091"},"wordCount":206,"commentCount":0,"publisher":{"@id":"https:\/\/arquivo.barreiroweb.net\/#organization"},"image":{"@id":"https:\/\/arquivo.barreiroweb.net\/?p=14091#primaryimage"},"thumbnailUrl":"https:\/\/arquivo.barreiroweb.net\/wp-content\/uploads\/2016\/01\/Exposi\u00e7\u00e3o-de-Pintura-Entre-o-C\u00e9u-e-a-Terra.jpg","keywords":["artes","exposi\u00e7\u00e3o","moita"],"articleSection":["Exposi\u00e7\u00f5es"],"inLanguage":"pt-PT","potentialAction":[{"@type":"CommentAction","name":"Comment","target":["https:\/\/arquivo.barreiroweb.net\/?p=14091#respond"]}]},{"@type":"WebPage","@id":"https:\/\/arquivo.barreiroweb.net\/?p=14091","url":"https:\/\/arquivo.barreiroweb.net\/?p=14091","name":"Pintura \u201cEntre o C\u00e9u e a Terra\u201d para apreciar no Posto de Turismo da Moita - barreiroweb","isPartOf":{"@id":"https:\/\/arquivo.barreiroweb.net\/#website"},"primaryImageOfPage":{"@id":"https:\/\/arquivo.barreiroweb.net\/?p=14091#primaryimage"},"image":{"@id":"https:\/\/arquivo.barreiroweb.net\/?p=14091#primaryimage"},"thumbnailUrl":"https:\/\/arquivo.barreiroweb.net\/wp-content\/uploads\/2016\/01\/Exposi\u00e7\u00e3o-de-Pintura-Entre-o-C\u00e9u-e-a-Terra.jpg","datePublished":"2016-01-18T00:07:11+00:00","breadcrumb":{"@id":"https:\/\/arquivo.barreiroweb.net\/?p=14091#breadcrumb"},"inLanguage":"pt-PT","potentialAction":[{"@type":"ReadAction","target":["https:\/\/arquivo.barreiroweb.net\/?p=14091"]}]},{"@type":"ImageObject","inLanguage":"pt-PT","@id":"https:\/\/arquivo.barreiroweb.net\/?p=14091#primaryimage","url":"https:\/\/arquivo.barreiroweb.net\/wp-content\/uploads\/2016\/01\/Exposi\u00e7\u00e3o-de-Pintura-Entre-o-C\u00e9u-e-a-Terra.jpg","contentUrl":"https:\/\/arquivo.barreiroweb.net\/wp-content\/uploads\/2016\/01\/Exposi\u00e7\u00e3o-de-Pintura-Entre-o-C\u00e9u-e-a-Terra.jpg","width":640,"height":427},{"@type":"BreadcrumbList","@id":"https:\/\/arquivo.barreiroweb.net\/?p=14091#breadcrumb","itemListElement":[{"@type":"ListItem","position":1,"name":"In\u00edcio","item":"https:\/\/arquivo.barreiroweb.net\/"},{"@type":"ListItem","position":2,"name":"Pintura \u201cEntre o C\u00e9u e a Terra\u201d para apreciar no Posto de Turismo da Moita"}]},{"@type":"WebSite","@id":"https:\/\/arquivo.barreiroweb.net\/#website","url":"https:\/\/arquivo.barreiroweb.net\/","name":"barreiroweb","description":"Barreiroweb o barreiro na web","publisher":{"@id":"https:\/\/arquivo.barreiroweb.net\/#organization"},"potentialAction":[{"@type":"SearchAction","target":{"@type":"EntryPoint","urlTemplate":"https:\/\/arquivo.barreiroweb.net\/?s={search_term_string}"},"query-input":{"@type":"PropertyValueSpecification","valueRequired":true,"valueName":"search_term_string"}}],"inLanguage":"pt-PT"},{"@type":"Organization","@id":"https:\/\/arquivo.barreiroweb.net\/#organization","name":"barreiroweb","url":"https:\/\/arquivo.barreiroweb.net\/","logo":{"@type":"ImageObject","inLanguage":"pt-PT","@id":"https:\/\/arquivo.barreiroweb.net\/#\/schema\/logo\/image\/","url":"https:\/\/barreiroweb.net\/wp-content\/uploads\/2022\/05\/BarreiroWeb555.jpg","contentUrl":"https:\/\/barreiroweb.net\/wp-content\/uploads\/2022\/05\/BarreiroWeb555.jpg","width":421,"height":415,"caption":"barreiroweb"},"image":{"@id":"https:\/\/arquivo.barreiroweb.net\/#\/schema\/logo\/image\/"},"sameAs":["https:\/\/www.facebook.com\/barreiroweb","https:\/\/x.com\/barreiroweb"]},{"@type":"Person","@id":"https:\/\/arquivo.barreiroweb.net\/#\/schema\/person\/44b6d528aff975e3786c9f475f9df2dd","name":"barreiroweb","image":{"@type":"ImageObject","inLanguage":"pt-PT","@id":"https:\/\/arquivo.barreiroweb.net\/#\/schema\/person\/image\/","url":"https:\/\/secure.gravatar.com\/avatar\/1f764b917967430404ff0b452044eb63a25d64a5363b25be2aa42273930f477d?s=96&d=mm&r=g","contentUrl":"https:\/\/secure.gravatar.com\/avatar\/1f764b917967430404ff0b452044eb63a25d64a5363b25be2aa42273930f477d?s=96&d=mm&r=g","caption":"barreiroweb"},"url":"https:\/\/arquivo.barreiroweb.net\/?author=1"}]}},"_links":{"self":[{"href":"https:\/\/arquivo.barreiroweb.net\/index.php?rest_route=\/wp\/v2\/posts\/14091","targetHints":{"allow":["GET"]}}],"collection":[{"href":"https:\/\/arquivo.barreiroweb.net\/index.php?rest_route=\/wp\/v2\/posts"}],"about":[{"href":"https:\/\/arquivo.barreiroweb.net\/index.php?rest_route=\/wp\/v2\/types\/post"}],"author":[{"embeddable":true,"href":"https:\/\/arquivo.barreiroweb.net\/index.php?rest_route=\/wp\/v2\/users\/1"}],"replies":[{"embeddable":true,"href":"https:\/\/arquivo.barreiroweb.net\/index.php?rest_route=%2Fwp%2Fv2%2Fcomments&post=14091"}],"version-history":[{"count":1,"href":"https:\/\/arquivo.barreiroweb.net\/index.php?rest_route=\/wp\/v2\/posts\/14091\/revisions"}],"predecessor-version":[{"id":14093,"href":"https:\/\/arquivo.barreiroweb.net\/index.php?rest_route=\/wp\/v2\/posts\/14091\/revisions\/14093"}],"wp:featuredmedia":[{"embeddable":true,"href":"https:\/\/arquivo.barreiroweb.net\/index.php?rest_route=\/wp\/v2\/media\/14092"}],"wp:attachment":[{"href":"https:\/\/arquivo.barreiroweb.net\/index.php?rest_route=%2Fwp%2Fv2%2Fmedia&parent=14091"}],"wp:term":[{"taxonomy":"category","embeddable":true,"href":"https:\/\/arquivo.barreiroweb.net\/index.php?rest_route=%2Fwp%2Fv2%2Fcategories&post=14091"},{"taxonomy":"post_tag","embeddable":true,"href":"https:\/\/arquivo.barreiroweb.net\/index.php?rest_route=%2Fwp%2Fv2%2Ftags&post=14091"}],"curies":[{"name":"wp","href":"https:\/\/api.w.org\/{rel}","templated":true}]}}