{"id":14079,"date":"2016-01-17T23:14:59","date_gmt":"2016-01-17T23:14:59","guid":{"rendered":"http:\/\/barreiroweb.eu\/?p=14079"},"modified":"2016-01-17T23:14:59","modified_gmt":"2016-01-17T23:14:59","slug":"futebol-3a-taca-cidade-do-barreiro-a-6-de-fevereiro","status":"publish","type":"post","link":"https:\/\/arquivo.barreiroweb.net\/?p=14079","title":{"rendered":"Futebol\u00a03\u00aa Ta\u00e7a Cidade do Barreiro a 6 de fevereiro"},"content":{"rendered":"<p><a href=\"http:\/\/barreiroweb.eu\/wp-content\/uploads\/2016\/01\/Futebol-Cartaz-Taca-Barreiro-2016.jpg\" rel=\"attachment wp-att-14080\" rel=\"lightbox[14079]\"><img loading=\"lazy\" decoding=\"async\" class=\"alignleft size-medium wp-image-14080\" src=\"http:\/\/barreiroweb.eu\/wp-content\/uploads\/2016\/01\/Futebol-Cartaz-Taca-Barreiro-2016-212x300.jpg\" alt=\"Futebol-Cartaz Taca Barreiro 2016\" width=\"212\" height=\"300\" srcset=\"https:\/\/arquivo.barreiroweb.net\/wp-content\/uploads\/2016\/01\/Futebol-Cartaz-Taca-Barreiro-2016-212x300.jpg 212w, https:\/\/arquivo.barreiroweb.net\/wp-content\/uploads\/2016\/01\/Futebol-Cartaz-Taca-Barreiro-2016.jpg 453w\" sizes=\"auto, (max-width: 212px) 100vw, 212px\" \/><\/a>A 3\u00aa edi\u00e7\u00e3o da Ta\u00e7a Cidade do Barreiro realiza-se s\u00e1bado, 6 de fevereiro, pelas 15h00, no Est\u00e1dio Alfredo da Silva. Frente-a-frente estar\u00e3o os hist\u00f3ricos GD Fabril e FC Barreirense. Tal como nas edi\u00e7\u00f5es anteriores, este evento ter\u00e1 um cariz solid\u00e1rio. A receita da partida reverter\u00e1 a favor da CERCIMB &#8211; Cooperativa de Educa\u00e7\u00e3o e Reabilita\u00e7\u00e3o de Crian\u00e7as Inadaptadas da Moita e Barreiro.<\/p>\n<p>Os ingressos, no valor de \u201cduas bolas\u201d, encontram-se dispon\u00edveis no Posto de Turismo do Barreiro, Audit\u00f3rio Municipal Augusto Cabrita e, no dia do jogo, na Bilheteira do GD Fabril.<\/p>\n<p>A edi\u00e7\u00e3o do ano passado foi vencida pelo FC Barreirense que bateu o GD Fabril por 2-1, empatando o n\u00famero de trof\u00e9us conquistados pelas equipas \u2013 1-1, j\u00e1 que na edi\u00e7\u00e3o inaugural da Ta\u00e7a havia sido o GD Fabril a vencer (2-0).<\/p>\n<p>Este evento \u00e9 organizado pela CMB, Associa\u00e7\u00e3o de Futebol de Set\u00fabal, Futebol Clube Barreirense e Grupo Desportivo Fabril. Conta com o apoio das freguesias do Concelho e do N\u00facleo de Confraterniza\u00e7\u00e3o dos \u00c1rbitros de Futebol do Barreiro.<\/p>\n<p>Fonte: CMB<\/p>\n<p>&nbsp;<\/p>\n","protected":false},"excerpt":{"rendered":"<p>A 3\u00aa edi\u00e7\u00e3o da Ta\u00e7a Cidade do Barreiro realiza-se s\u00e1bado, 6 de fevereiro, pelas 15h00, no Est\u00e1dio Alfredo da Silva. Frente-a-frente estar\u00e3o os hist\u00f3ricos GD Fabril e FC Barreirense. Tal como nas edi\u00e7\u00f5es anteriores, este evento ter\u00e1 um cariz solid\u00e1rio. A receita da partida reverter\u00e1 a favor da CERCIMB &#8211; Cooperativa de Educa\u00e7\u00e3o e Reabilita\u00e7\u00e3o [&hellip;]<\/p>\n","protected":false},"author":1,"featured_media":14080,"comment_status":"open","ping_status":"open","sticky":false,"template":"","format":"standard","meta":{"footnotes":""},"categories":[12],"tags":[41,110,789],"class_list":["post-14079","post","type-post","status-publish","format-standard","has-post-thumbnail","hentry","category-desporto","tag-barreiro","tag-desporto-2","tag-taca-cidade-do-barreiro","last_archivepost"],"yoast_head":"<!-- This site is optimized with the Yoast SEO plugin v27.1.1 - https:\/\/yoast.com\/product\/yoast-seo-wordpress\/ -->\n<title>Futebol\u00a03\u00aa Ta\u00e7a Cidade do Barreiro a 6 de fevereiro - barreiroweb<\/title>\n<meta name=\"robots\" content=\"index, follow, max-snippet:-1, max-image-preview:large, max-video-preview:-1\" \/>\n<link rel=\"canonical\" href=\"https:\/\/arquivo.barreiroweb.net\/?p=14079\" \/>\n<meta property=\"og:locale\" content=\"pt_PT\" \/>\n<meta property=\"og:type\" content=\"article\" \/>\n<meta property=\"og:title\" content=\"Futebol\u00a03\u00aa Ta\u00e7a Cidade do Barreiro a 6 de fevereiro - barreiroweb\" \/>\n<meta property=\"og:description\" content=\"A 3\u00aa edi\u00e7\u00e3o da Ta\u00e7a Cidade do Barreiro realiza-se s\u00e1bado, 6 de fevereiro, pelas 15h00, no Est\u00e1dio Alfredo da Silva. Frente-a-frente estar\u00e3o os hist\u00f3ricos GD Fabril e FC Barreirense. Tal como nas edi\u00e7\u00f5es anteriores, este evento ter\u00e1 um cariz solid\u00e1rio. A receita da partida reverter\u00e1 a favor da CERCIMB &#8211; Cooperativa de Educa\u00e7\u00e3o e Reabilita\u00e7\u00e3o [&hellip;]\" \/>\n<meta property=\"og:url\" content=\"https:\/\/arquivo.barreiroweb.net\/?p=14079\" \/>\n<meta property=\"og:site_name\" content=\"barreiroweb\" \/>\n<meta property=\"article:publisher\" content=\"https:\/\/www.facebook.com\/barreiroweb\" \/>\n<meta property=\"article:published_time\" content=\"2016-01-17T23:14:59+00:00\" \/>\n<meta property=\"og:image\" content=\"https:\/\/arquivo.barreiroweb.net\/wp-content\/uploads\/2016\/01\/Futebol-Cartaz-Taca-Barreiro-2016.jpg\" \/>\n\t<meta property=\"og:image:width\" content=\"453\" \/>\n\t<meta property=\"og:image:height\" content=\"640\" \/>\n\t<meta property=\"og:image:type\" content=\"image\/jpeg\" \/>\n<meta name=\"author\" content=\"barreiroweb\" \/>\n<meta name=\"twitter:card\" content=\"summary_large_image\" \/>\n<meta name=\"twitter:creator\" content=\"@barreiroweb\" \/>\n<meta name=\"twitter:site\" content=\"@barreiroweb\" \/>\n<meta name=\"twitter:label1\" content=\"Escrito por\" \/>\n\t<meta name=\"twitter:data1\" content=\"barreiroweb\" \/>\n\t<meta name=\"twitter:label2\" content=\"Tempo estimado de leitura\" \/>\n\t<meta name=\"twitter:data2\" content=\"1 minuto\" \/>\n<script type=\"application\/ld+json\" class=\"yoast-schema-graph\">{\"@context\":\"https:\/\/schema.org\",\"@graph\":[{\"@type\":\"Article\",\"@id\":\"https:\/\/arquivo.barreiroweb.net\/?p=14079#article\",\"isPartOf\":{\"@id\":\"https:\/\/arquivo.barreiroweb.net\/?p=14079\"},\"author\":{\"name\":\"barreiroweb\",\"@id\":\"https:\/\/arquivo.barreiroweb.net\/#\/schema\/person\/44b6d528aff975e3786c9f475f9df2dd\"},\"headline\":\"Futebol\u00a03\u00aa Ta\u00e7a Cidade do Barreiro a 6 de fevereiro\",\"datePublished\":\"2016-01-17T23:14:59+00:00\",\"mainEntityOfPage\":{\"@id\":\"https:\/\/arquivo.barreiroweb.net\/?p=14079\"},\"wordCount\":200,\"commentCount\":0,\"publisher\":{\"@id\":\"https:\/\/arquivo.barreiroweb.net\/#organization\"},\"image\":{\"@id\":\"https:\/\/arquivo.barreiroweb.net\/?p=14079#primaryimage\"},\"thumbnailUrl\":\"https:\/\/arquivo.barreiroweb.net\/wp-content\/uploads\/2016\/01\/Futebol-Cartaz-Taca-Barreiro-2016.jpg\",\"keywords\":[\"barreiro\",\"desporto\",\"Ta\u00e7a Cidade do Barreiro\"],\"articleSection\":[\"Desporto\"],\"inLanguage\":\"pt-PT\",\"potentialAction\":[{\"@type\":\"CommentAction\",\"name\":\"Comment\",\"target\":[\"https:\/\/arquivo.barreiroweb.net\/?p=14079#respond\"]}]},{\"@type\":\"WebPage\",\"@id\":\"https:\/\/arquivo.barreiroweb.net\/?p=14079\",\"url\":\"https:\/\/arquivo.barreiroweb.net\/?p=14079\",\"name\":\"Futebol\u00a03\u00aa Ta\u00e7a Cidade do Barreiro a 6 de fevereiro - barreiroweb\",\"isPartOf\":{\"@id\":\"https:\/\/arquivo.barreiroweb.net\/#website\"},\"primaryImageOfPage\":{\"@id\":\"https:\/\/arquivo.barreiroweb.net\/?p=14079#primaryimage\"},\"image\":{\"@id\":\"https:\/\/arquivo.barreiroweb.net\/?p=14079#primaryimage\"},\"thumbnailUrl\":\"https:\/\/arquivo.barreiroweb.net\/wp-content\/uploads\/2016\/01\/Futebol-Cartaz-Taca-Barreiro-2016.jpg\",\"datePublished\":\"2016-01-17T23:14:59+00:00\",\"breadcrumb\":{\"@id\":\"https:\/\/arquivo.barreiroweb.net\/?p=14079#breadcrumb\"},\"inLanguage\":\"pt-PT\",\"potentialAction\":[{\"@type\":\"ReadAction\",\"target\":[\"https:\/\/arquivo.barreiroweb.net\/?p=14079\"]}]},{\"@type\":\"ImageObject\",\"inLanguage\":\"pt-PT\",\"@id\":\"https:\/\/arquivo.barreiroweb.net\/?p=14079#primaryimage\",\"url\":\"https:\/\/arquivo.barreiroweb.net\/wp-content\/uploads\/2016\/01\/Futebol-Cartaz-Taca-Barreiro-2016.jpg\",\"contentUrl\":\"https:\/\/arquivo.barreiroweb.net\/wp-content\/uploads\/2016\/01\/Futebol-Cartaz-Taca-Barreiro-2016.jpg\",\"width\":453,\"height\":640},{\"@type\":\"BreadcrumbList\",\"@id\":\"https:\/\/arquivo.barreiroweb.net\/?p=14079#breadcrumb\",\"itemListElement\":[{\"@type\":\"ListItem\",\"position\":1,\"name\":\"In\u00edcio\",\"item\":\"https:\/\/arquivo.barreiroweb.net\/\"},{\"@type\":\"ListItem\",\"position\":2,\"name\":\"Futebol\u00a03\u00aa Ta\u00e7a Cidade do Barreiro a 6 de fevereiro\"}]},{\"@type\":\"WebSite\",\"@id\":\"https:\/\/arquivo.barreiroweb.net\/#website\",\"url\":\"https:\/\/arquivo.barreiroweb.net\/\",\"name\":\"barreiroweb\",\"description\":\"Barreiroweb o barreiro na web\",\"publisher\":{\"@id\":\"https:\/\/arquivo.barreiroweb.net\/#organization\"},\"potentialAction\":[{\"@type\":\"SearchAction\",\"target\":{\"@type\":\"EntryPoint\",\"urlTemplate\":\"https:\/\/arquivo.barreiroweb.net\/?s={search_term_string}\"},\"query-input\":{\"@type\":\"PropertyValueSpecification\",\"valueRequired\":true,\"valueName\":\"search_term_string\"}}],\"inLanguage\":\"pt-PT\"},{\"@type\":\"Organization\",\"@id\":\"https:\/\/arquivo.barreiroweb.net\/#organization\",\"name\":\"barreiroweb\",\"url\":\"https:\/\/arquivo.barreiroweb.net\/\",\"logo\":{\"@type\":\"ImageObject\",\"inLanguage\":\"pt-PT\",\"@id\":\"https:\/\/arquivo.barreiroweb.net\/#\/schema\/logo\/image\/\",\"url\":\"https:\/\/barreiroweb.net\/wp-content\/uploads\/2022\/05\/BarreiroWeb555.jpg\",\"contentUrl\":\"https:\/\/barreiroweb.net\/wp-content\/uploads\/2022\/05\/BarreiroWeb555.jpg\",\"width\":421,\"height\":415,\"caption\":\"barreiroweb\"},\"image\":{\"@id\":\"https:\/\/arquivo.barreiroweb.net\/#\/schema\/logo\/image\/\"},\"sameAs\":[\"https:\/\/www.facebook.com\/barreiroweb\",\"https:\/\/x.com\/barreiroweb\"]},{\"@type\":\"Person\",\"@id\":\"https:\/\/arquivo.barreiroweb.net\/#\/schema\/person\/44b6d528aff975e3786c9f475f9df2dd\",\"name\":\"barreiroweb\",\"image\":{\"@type\":\"ImageObject\",\"inLanguage\":\"pt-PT\",\"@id\":\"https:\/\/arquivo.barreiroweb.net\/#\/schema\/person\/image\/\",\"url\":\"https:\/\/secure.gravatar.com\/avatar\/1f764b917967430404ff0b452044eb63a25d64a5363b25be2aa42273930f477d?s=96&d=mm&r=g\",\"contentUrl\":\"https:\/\/secure.gravatar.com\/avatar\/1f764b917967430404ff0b452044eb63a25d64a5363b25be2aa42273930f477d?s=96&d=mm&r=g\",\"caption\":\"barreiroweb\"},\"url\":\"https:\/\/arquivo.barreiroweb.net\/?author=1\"}]}<\/script>\n<!-- \/ Yoast SEO plugin. -->","yoast_head_json":{"title":"Futebol\u00a03\u00aa Ta\u00e7a Cidade do Barreiro a 6 de fevereiro - barreiroweb","robots":{"index":"index","follow":"follow","max-snippet":"max-snippet:-1","max-image-preview":"max-image-preview:large","max-video-preview":"max-video-preview:-1"},"canonical":"https:\/\/arquivo.barreiroweb.net\/?p=14079","og_locale":"pt_PT","og_type":"article","og_title":"Futebol\u00a03\u00aa Ta\u00e7a Cidade do Barreiro a 6 de fevereiro - barreiroweb","og_description":"A 3\u00aa edi\u00e7\u00e3o da Ta\u00e7a Cidade do Barreiro realiza-se s\u00e1bado, 6 de fevereiro, pelas 15h00, no Est\u00e1dio Alfredo da Silva. Frente-a-frente estar\u00e3o os hist\u00f3ricos GD Fabril e FC Barreirense. Tal como nas edi\u00e7\u00f5es anteriores, este evento ter\u00e1 um cariz solid\u00e1rio. A receita da partida reverter\u00e1 a favor da CERCIMB &#8211; Cooperativa de Educa\u00e7\u00e3o e Reabilita\u00e7\u00e3o [&hellip;]","og_url":"https:\/\/arquivo.barreiroweb.net\/?p=14079","og_site_name":"barreiroweb","article_publisher":"https:\/\/www.facebook.com\/barreiroweb","article_published_time":"2016-01-17T23:14:59+00:00","og_image":[{"width":453,"height":640,"url":"https:\/\/arquivo.barreiroweb.net\/wp-content\/uploads\/2016\/01\/Futebol-Cartaz-Taca-Barreiro-2016.jpg","type":"image\/jpeg"}],"author":"barreiroweb","twitter_card":"summary_large_image","twitter_creator":"@barreiroweb","twitter_site":"@barreiroweb","twitter_misc":{"Escrito por":"barreiroweb","Tempo estimado de leitura":"1 minuto"},"schema":{"@context":"https:\/\/schema.org","@graph":[{"@type":"Article","@id":"https:\/\/arquivo.barreiroweb.net\/?p=14079#article","isPartOf":{"@id":"https:\/\/arquivo.barreiroweb.net\/?p=14079"},"author":{"name":"barreiroweb","@id":"https:\/\/arquivo.barreiroweb.net\/#\/schema\/person\/44b6d528aff975e3786c9f475f9df2dd"},"headline":"Futebol\u00a03\u00aa Ta\u00e7a Cidade do Barreiro a 6 de fevereiro","datePublished":"2016-01-17T23:14:59+00:00","mainEntityOfPage":{"@id":"https:\/\/arquivo.barreiroweb.net\/?p=14079"},"wordCount":200,"commentCount":0,"publisher":{"@id":"https:\/\/arquivo.barreiroweb.net\/#organization"},"image":{"@id":"https:\/\/arquivo.barreiroweb.net\/?p=14079#primaryimage"},"thumbnailUrl":"https:\/\/arquivo.barreiroweb.net\/wp-content\/uploads\/2016\/01\/Futebol-Cartaz-Taca-Barreiro-2016.jpg","keywords":["barreiro","desporto","Ta\u00e7a Cidade do Barreiro"],"articleSection":["Desporto"],"inLanguage":"pt-PT","potentialAction":[{"@type":"CommentAction","name":"Comment","target":["https:\/\/arquivo.barreiroweb.net\/?p=14079#respond"]}]},{"@type":"WebPage","@id":"https:\/\/arquivo.barreiroweb.net\/?p=14079","url":"https:\/\/arquivo.barreiroweb.net\/?p=14079","name":"Futebol\u00a03\u00aa Ta\u00e7a Cidade do Barreiro a 6 de fevereiro - barreiroweb","isPartOf":{"@id":"https:\/\/arquivo.barreiroweb.net\/#website"},"primaryImageOfPage":{"@id":"https:\/\/arquivo.barreiroweb.net\/?p=14079#primaryimage"},"image":{"@id":"https:\/\/arquivo.barreiroweb.net\/?p=14079#primaryimage"},"thumbnailUrl":"https:\/\/arquivo.barreiroweb.net\/wp-content\/uploads\/2016\/01\/Futebol-Cartaz-Taca-Barreiro-2016.jpg","datePublished":"2016-01-17T23:14:59+00:00","breadcrumb":{"@id":"https:\/\/arquivo.barreiroweb.net\/?p=14079#breadcrumb"},"inLanguage":"pt-PT","potentialAction":[{"@type":"ReadAction","target":["https:\/\/arquivo.barreiroweb.net\/?p=14079"]}]},{"@type":"ImageObject","inLanguage":"pt-PT","@id":"https:\/\/arquivo.barreiroweb.net\/?p=14079#primaryimage","url":"https:\/\/arquivo.barreiroweb.net\/wp-content\/uploads\/2016\/01\/Futebol-Cartaz-Taca-Barreiro-2016.jpg","contentUrl":"https:\/\/arquivo.barreiroweb.net\/wp-content\/uploads\/2016\/01\/Futebol-Cartaz-Taca-Barreiro-2016.jpg","width":453,"height":640},{"@type":"BreadcrumbList","@id":"https:\/\/arquivo.barreiroweb.net\/?p=14079#breadcrumb","itemListElement":[{"@type":"ListItem","position":1,"name":"In\u00edcio","item":"https:\/\/arquivo.barreiroweb.net\/"},{"@type":"ListItem","position":2,"name":"Futebol\u00a03\u00aa Ta\u00e7a Cidade do Barreiro a 6 de fevereiro"}]},{"@type":"WebSite","@id":"https:\/\/arquivo.barreiroweb.net\/#website","url":"https:\/\/arquivo.barreiroweb.net\/","name":"barreiroweb","description":"Barreiroweb o barreiro na web","publisher":{"@id":"https:\/\/arquivo.barreiroweb.net\/#organization"},"potentialAction":[{"@type":"SearchAction","target":{"@type":"EntryPoint","urlTemplate":"https:\/\/arquivo.barreiroweb.net\/?s={search_term_string}"},"query-input":{"@type":"PropertyValueSpecification","valueRequired":true,"valueName":"search_term_string"}}],"inLanguage":"pt-PT"},{"@type":"Organization","@id":"https:\/\/arquivo.barreiroweb.net\/#organization","name":"barreiroweb","url":"https:\/\/arquivo.barreiroweb.net\/","logo":{"@type":"ImageObject","inLanguage":"pt-PT","@id":"https:\/\/arquivo.barreiroweb.net\/#\/schema\/logo\/image\/","url":"https:\/\/barreiroweb.net\/wp-content\/uploads\/2022\/05\/BarreiroWeb555.jpg","contentUrl":"https:\/\/barreiroweb.net\/wp-content\/uploads\/2022\/05\/BarreiroWeb555.jpg","width":421,"height":415,"caption":"barreiroweb"},"image":{"@id":"https:\/\/arquivo.barreiroweb.net\/#\/schema\/logo\/image\/"},"sameAs":["https:\/\/www.facebook.com\/barreiroweb","https:\/\/x.com\/barreiroweb"]},{"@type":"Person","@id":"https:\/\/arquivo.barreiroweb.net\/#\/schema\/person\/44b6d528aff975e3786c9f475f9df2dd","name":"barreiroweb","image":{"@type":"ImageObject","inLanguage":"pt-PT","@id":"https:\/\/arquivo.barreiroweb.net\/#\/schema\/person\/image\/","url":"https:\/\/secure.gravatar.com\/avatar\/1f764b917967430404ff0b452044eb63a25d64a5363b25be2aa42273930f477d?s=96&d=mm&r=g","contentUrl":"https:\/\/secure.gravatar.com\/avatar\/1f764b917967430404ff0b452044eb63a25d64a5363b25be2aa42273930f477d?s=96&d=mm&r=g","caption":"barreiroweb"},"url":"https:\/\/arquivo.barreiroweb.net\/?author=1"}]}},"_links":{"self":[{"href":"https:\/\/arquivo.barreiroweb.net\/index.php?rest_route=\/wp\/v2\/posts\/14079","targetHints":{"allow":["GET"]}}],"collection":[{"href":"https:\/\/arquivo.barreiroweb.net\/index.php?rest_route=\/wp\/v2\/posts"}],"about":[{"href":"https:\/\/arquivo.barreiroweb.net\/index.php?rest_route=\/wp\/v2\/types\/post"}],"author":[{"embeddable":true,"href":"https:\/\/arquivo.barreiroweb.net\/index.php?rest_route=\/wp\/v2\/users\/1"}],"replies":[{"embeddable":true,"href":"https:\/\/arquivo.barreiroweb.net\/index.php?rest_route=%2Fwp%2Fv2%2Fcomments&post=14079"}],"version-history":[{"count":1,"href":"https:\/\/arquivo.barreiroweb.net\/index.php?rest_route=\/wp\/v2\/posts\/14079\/revisions"}],"predecessor-version":[{"id":14081,"href":"https:\/\/arquivo.barreiroweb.net\/index.php?rest_route=\/wp\/v2\/posts\/14079\/revisions\/14081"}],"wp:featuredmedia":[{"embeddable":true,"href":"https:\/\/arquivo.barreiroweb.net\/index.php?rest_route=\/wp\/v2\/media\/14080"}],"wp:attachment":[{"href":"https:\/\/arquivo.barreiroweb.net\/index.php?rest_route=%2Fwp%2Fv2%2Fmedia&parent=14079"}],"wp:term":[{"taxonomy":"category","embeddable":true,"href":"https:\/\/arquivo.barreiroweb.net\/index.php?rest_route=%2Fwp%2Fv2%2Fcategories&post=14079"},{"taxonomy":"post_tag","embeddable":true,"href":"https:\/\/arquivo.barreiroweb.net\/index.php?rest_route=%2Fwp%2Fv2%2Ftags&post=14079"}],"curies":[{"name":"wp","href":"https:\/\/api.w.org\/{rel}","templated":true}]}}