{"id":14042,"date":"2016-01-08T22:25:04","date_gmt":"2016-01-08T22:25:04","guid":{"rendered":"http:\/\/barreiroweb.eu\/?p=14042"},"modified":"2016-01-08T22:25:04","modified_gmt":"2016-01-08T22:25:04","slug":"campeonato-regional-de-marcha-em-estrada-realiza-se-na-baixa-da-banheira","status":"publish","type":"post","link":"https:\/\/arquivo.barreiroweb.net\/?p=14042","title":{"rendered":"Campeonato Regional de Marcha em Estrada realiza-se na Baixa da Banheira"},"content":{"rendered":"<p><a href=\"http:\/\/barreiroweb.eu\/wp-content\/uploads\/2016\/01\/Campeonato-Regional-de-Marcha.jpg\" rel=\"attachment wp-att-14043\" rel=\"lightbox[14042]\"><img loading=\"lazy\" decoding=\"async\" class=\"alignleft size-medium wp-image-14043\" src=\"http:\/\/barreiroweb.eu\/wp-content\/uploads\/2016\/01\/Campeonato-Regional-de-Marcha-300x200.jpg\" alt=\"Campeonato Regional de Marcha\" width=\"300\" height=\"200\" srcset=\"https:\/\/arquivo.barreiroweb.net\/wp-content\/uploads\/2016\/01\/Campeonato-Regional-de-Marcha-300x200.jpg 300w, https:\/\/arquivo.barreiroweb.net\/wp-content\/uploads\/2016\/01\/Campeonato-Regional-de-Marcha.jpg 640w\" sizes=\"auto, (max-width: 300px) 100vw, 300px\" \/><\/a>A vila da Baixa da Banheira vai receber, no dia 16 de janeiro, a partir das 14:00h, o Campeonato Regional de Marcha em Estrada, uma prova organizada pela Associa\u00e7\u00e3o de Atletismo de Set\u00fabal, em colabora\u00e7\u00e3o com a Associa\u00e7\u00e3o de Atletismo de Lisboa, e com o apoio da C\u00e2mara Municipal da Moita, Uni\u00e3o de Freguesias da Baixa da Banheira e Vale da Amoreira e Centro de Atletismo da Baixa da Banheira.<\/p>\n<p>Podem participar apenas atletas que j\u00e1 se encontrem filiados na \u00e9poca desportiva 2015\/2016.<\/p>\n<p>O tiro de partido vai ser dado na Av\u00aa Capit\u00e3es de Abril, na Baixa da Banheira.<\/p>\n<p>Mais informa\u00e7\u00f5es em <a href=\"http:\/\/www.setubal-asas.com.pt\">www.setubal-asas.com.pt<\/a>.<\/p>\n","protected":false},"excerpt":{"rendered":"<p>A vila da Baixa da Banheira vai receber, no dia 16 de janeiro, a partir das 14:00h, o Campeonato Regional de Marcha em Estrada, uma prova organizada pela Associa\u00e7\u00e3o de Atletismo de Set\u00fabal, em colabora\u00e7\u00e3o com a Associa\u00e7\u00e3o de Atletismo de Lisboa, e com o apoio da C\u00e2mara Municipal da Moita, Uni\u00e3o de Freguesias da [&hellip;]<\/p>\n","protected":false},"author":1,"featured_media":14043,"comment_status":"open","ping_status":"open","sticky":false,"template":"","format":"standard","meta":{"footnotes":""},"categories":[12],"tags":[110,37],"class_list":["post-14042","post","type-post","status-publish","format-standard","has-post-thumbnail","hentry","category-desporto","tag-desporto-2","tag-moita","last_archivepost"],"yoast_head":"<!-- This site is optimized with the Yoast SEO plugin v27.1.1 - https:\/\/yoast.com\/product\/yoast-seo-wordpress\/ -->\n<title>Campeonato Regional de Marcha em Estrada realiza-se na Baixa da Banheira - barreiroweb<\/title>\n<meta name=\"robots\" content=\"index, follow, max-snippet:-1, max-image-preview:large, max-video-preview:-1\" \/>\n<link rel=\"canonical\" href=\"https:\/\/arquivo.barreiroweb.net\/?p=14042\" \/>\n<meta property=\"og:locale\" content=\"pt_PT\" \/>\n<meta property=\"og:type\" content=\"article\" \/>\n<meta property=\"og:title\" content=\"Campeonato Regional de Marcha em Estrada realiza-se na Baixa da Banheira - barreiroweb\" \/>\n<meta property=\"og:description\" content=\"A vila da Baixa da Banheira vai receber, no dia 16 de janeiro, a partir das 14:00h, o Campeonato Regional de Marcha em Estrada, uma prova organizada pela Associa\u00e7\u00e3o de Atletismo de Set\u00fabal, em colabora\u00e7\u00e3o com a Associa\u00e7\u00e3o de Atletismo de Lisboa, e com o apoio da C\u00e2mara Municipal da Moita, Uni\u00e3o de Freguesias da [&hellip;]\" \/>\n<meta property=\"og:url\" content=\"https:\/\/arquivo.barreiroweb.net\/?p=14042\" \/>\n<meta property=\"og:site_name\" content=\"barreiroweb\" \/>\n<meta property=\"article:publisher\" content=\"https:\/\/www.facebook.com\/barreiroweb\" \/>\n<meta property=\"article:published_time\" content=\"2016-01-08T22:25:04+00:00\" \/>\n<meta property=\"og:image\" content=\"https:\/\/arquivo.barreiroweb.net\/wp-content\/uploads\/2016\/01\/Campeonato-Regional-de-Marcha.jpg\" \/>\n\t<meta property=\"og:image:width\" content=\"640\" \/>\n\t<meta property=\"og:image:height\" content=\"426\" \/>\n\t<meta property=\"og:image:type\" content=\"image\/jpeg\" \/>\n<meta name=\"author\" content=\"barreiroweb\" \/>\n<meta name=\"twitter:card\" content=\"summary_large_image\" \/>\n<meta name=\"twitter:creator\" content=\"@barreiroweb\" \/>\n<meta name=\"twitter:site\" content=\"@barreiroweb\" \/>\n<meta name=\"twitter:label1\" content=\"Escrito por\" \/>\n\t<meta name=\"twitter:data1\" content=\"barreiroweb\" \/>\n\t<meta name=\"twitter:label2\" content=\"Tempo estimado de leitura\" \/>\n\t<meta name=\"twitter:data2\" content=\"1 minuto\" \/>\n<script type=\"application\/ld+json\" class=\"yoast-schema-graph\">{\"@context\":\"https:\/\/schema.org\",\"@graph\":[{\"@type\":\"Article\",\"@id\":\"https:\/\/arquivo.barreiroweb.net\/?p=14042#article\",\"isPartOf\":{\"@id\":\"https:\/\/arquivo.barreiroweb.net\/?p=14042\"},\"author\":{\"name\":\"barreiroweb\",\"@id\":\"https:\/\/arquivo.barreiroweb.net\/#\/schema\/person\/44b6d528aff975e3786c9f475f9df2dd\"},\"headline\":\"Campeonato Regional de Marcha em Estrada realiza-se na Baixa da Banheira\",\"datePublished\":\"2016-01-08T22:25:04+00:00\",\"mainEntityOfPage\":{\"@id\":\"https:\/\/arquivo.barreiroweb.net\/?p=14042\"},\"wordCount\":123,\"commentCount\":0,\"publisher\":{\"@id\":\"https:\/\/arquivo.barreiroweb.net\/#organization\"},\"image\":{\"@id\":\"https:\/\/arquivo.barreiroweb.net\/?p=14042#primaryimage\"},\"thumbnailUrl\":\"https:\/\/arquivo.barreiroweb.net\/wp-content\/uploads\/2016\/01\/Campeonato-Regional-de-Marcha.jpg\",\"keywords\":[\"desporto\",\"moita\"],\"articleSection\":[\"Desporto\"],\"inLanguage\":\"pt-PT\",\"potentialAction\":[{\"@type\":\"CommentAction\",\"name\":\"Comment\",\"target\":[\"https:\/\/arquivo.barreiroweb.net\/?p=14042#respond\"]}]},{\"@type\":\"WebPage\",\"@id\":\"https:\/\/arquivo.barreiroweb.net\/?p=14042\",\"url\":\"https:\/\/arquivo.barreiroweb.net\/?p=14042\",\"name\":\"Campeonato Regional de Marcha em Estrada realiza-se na Baixa da Banheira - barreiroweb\",\"isPartOf\":{\"@id\":\"https:\/\/arquivo.barreiroweb.net\/#website\"},\"primaryImageOfPage\":{\"@id\":\"https:\/\/arquivo.barreiroweb.net\/?p=14042#primaryimage\"},\"image\":{\"@id\":\"https:\/\/arquivo.barreiroweb.net\/?p=14042#primaryimage\"},\"thumbnailUrl\":\"https:\/\/arquivo.barreiroweb.net\/wp-content\/uploads\/2016\/01\/Campeonato-Regional-de-Marcha.jpg\",\"datePublished\":\"2016-01-08T22:25:04+00:00\",\"breadcrumb\":{\"@id\":\"https:\/\/arquivo.barreiroweb.net\/?p=14042#breadcrumb\"},\"inLanguage\":\"pt-PT\",\"potentialAction\":[{\"@type\":\"ReadAction\",\"target\":[\"https:\/\/arquivo.barreiroweb.net\/?p=14042\"]}]},{\"@type\":\"ImageObject\",\"inLanguage\":\"pt-PT\",\"@id\":\"https:\/\/arquivo.barreiroweb.net\/?p=14042#primaryimage\",\"url\":\"https:\/\/arquivo.barreiroweb.net\/wp-content\/uploads\/2016\/01\/Campeonato-Regional-de-Marcha.jpg\",\"contentUrl\":\"https:\/\/arquivo.barreiroweb.net\/wp-content\/uploads\/2016\/01\/Campeonato-Regional-de-Marcha.jpg\",\"width\":640,\"height\":426},{\"@type\":\"BreadcrumbList\",\"@id\":\"https:\/\/arquivo.barreiroweb.net\/?p=14042#breadcrumb\",\"itemListElement\":[{\"@type\":\"ListItem\",\"position\":1,\"name\":\"In\u00edcio\",\"item\":\"https:\/\/arquivo.barreiroweb.net\/\"},{\"@type\":\"ListItem\",\"position\":2,\"name\":\"Campeonato Regional de Marcha em Estrada realiza-se na Baixa da Banheira\"}]},{\"@type\":\"WebSite\",\"@id\":\"https:\/\/arquivo.barreiroweb.net\/#website\",\"url\":\"https:\/\/arquivo.barreiroweb.net\/\",\"name\":\"barreiroweb\",\"description\":\"Barreiroweb o barreiro na web\",\"publisher\":{\"@id\":\"https:\/\/arquivo.barreiroweb.net\/#organization\"},\"potentialAction\":[{\"@type\":\"SearchAction\",\"target\":{\"@type\":\"EntryPoint\",\"urlTemplate\":\"https:\/\/arquivo.barreiroweb.net\/?s={search_term_string}\"},\"query-input\":{\"@type\":\"PropertyValueSpecification\",\"valueRequired\":true,\"valueName\":\"search_term_string\"}}],\"inLanguage\":\"pt-PT\"},{\"@type\":\"Organization\",\"@id\":\"https:\/\/arquivo.barreiroweb.net\/#organization\",\"name\":\"barreiroweb\",\"url\":\"https:\/\/arquivo.barreiroweb.net\/\",\"logo\":{\"@type\":\"ImageObject\",\"inLanguage\":\"pt-PT\",\"@id\":\"https:\/\/arquivo.barreiroweb.net\/#\/schema\/logo\/image\/\",\"url\":\"https:\/\/barreiroweb.net\/wp-content\/uploads\/2022\/05\/BarreiroWeb555.jpg\",\"contentUrl\":\"https:\/\/barreiroweb.net\/wp-content\/uploads\/2022\/05\/BarreiroWeb555.jpg\",\"width\":421,\"height\":415,\"caption\":\"barreiroweb\"},\"image\":{\"@id\":\"https:\/\/arquivo.barreiroweb.net\/#\/schema\/logo\/image\/\"},\"sameAs\":[\"https:\/\/www.facebook.com\/barreiroweb\",\"https:\/\/x.com\/barreiroweb\"]},{\"@type\":\"Person\",\"@id\":\"https:\/\/arquivo.barreiroweb.net\/#\/schema\/person\/44b6d528aff975e3786c9f475f9df2dd\",\"name\":\"barreiroweb\",\"image\":{\"@type\":\"ImageObject\",\"inLanguage\":\"pt-PT\",\"@id\":\"https:\/\/arquivo.barreiroweb.net\/#\/schema\/person\/image\/\",\"url\":\"https:\/\/secure.gravatar.com\/avatar\/1f764b917967430404ff0b452044eb63a25d64a5363b25be2aa42273930f477d?s=96&d=mm&r=g\",\"contentUrl\":\"https:\/\/secure.gravatar.com\/avatar\/1f764b917967430404ff0b452044eb63a25d64a5363b25be2aa42273930f477d?s=96&d=mm&r=g\",\"caption\":\"barreiroweb\"},\"url\":\"https:\/\/arquivo.barreiroweb.net\/?author=1\"}]}<\/script>\n<!-- \/ Yoast SEO plugin. -->","yoast_head_json":{"title":"Campeonato Regional de Marcha em Estrada realiza-se na Baixa da Banheira - barreiroweb","robots":{"index":"index","follow":"follow","max-snippet":"max-snippet:-1","max-image-preview":"max-image-preview:large","max-video-preview":"max-video-preview:-1"},"canonical":"https:\/\/arquivo.barreiroweb.net\/?p=14042","og_locale":"pt_PT","og_type":"article","og_title":"Campeonato Regional de Marcha em Estrada realiza-se na Baixa da Banheira - barreiroweb","og_description":"A vila da Baixa da Banheira vai receber, no dia 16 de janeiro, a partir das 14:00h, o Campeonato Regional de Marcha em Estrada, uma prova organizada pela Associa\u00e7\u00e3o de Atletismo de Set\u00fabal, em colabora\u00e7\u00e3o com a Associa\u00e7\u00e3o de Atletismo de Lisboa, e com o apoio da C\u00e2mara Municipal da Moita, Uni\u00e3o de Freguesias da [&hellip;]","og_url":"https:\/\/arquivo.barreiroweb.net\/?p=14042","og_site_name":"barreiroweb","article_publisher":"https:\/\/www.facebook.com\/barreiroweb","article_published_time":"2016-01-08T22:25:04+00:00","og_image":[{"width":640,"height":426,"url":"https:\/\/arquivo.barreiroweb.net\/wp-content\/uploads\/2016\/01\/Campeonato-Regional-de-Marcha.jpg","type":"image\/jpeg"}],"author":"barreiroweb","twitter_card":"summary_large_image","twitter_creator":"@barreiroweb","twitter_site":"@barreiroweb","twitter_misc":{"Escrito por":"barreiroweb","Tempo estimado de leitura":"1 minuto"},"schema":{"@context":"https:\/\/schema.org","@graph":[{"@type":"Article","@id":"https:\/\/arquivo.barreiroweb.net\/?p=14042#article","isPartOf":{"@id":"https:\/\/arquivo.barreiroweb.net\/?p=14042"},"author":{"name":"barreiroweb","@id":"https:\/\/arquivo.barreiroweb.net\/#\/schema\/person\/44b6d528aff975e3786c9f475f9df2dd"},"headline":"Campeonato Regional de Marcha em Estrada realiza-se na Baixa da Banheira","datePublished":"2016-01-08T22:25:04+00:00","mainEntityOfPage":{"@id":"https:\/\/arquivo.barreiroweb.net\/?p=14042"},"wordCount":123,"commentCount":0,"publisher":{"@id":"https:\/\/arquivo.barreiroweb.net\/#organization"},"image":{"@id":"https:\/\/arquivo.barreiroweb.net\/?p=14042#primaryimage"},"thumbnailUrl":"https:\/\/arquivo.barreiroweb.net\/wp-content\/uploads\/2016\/01\/Campeonato-Regional-de-Marcha.jpg","keywords":["desporto","moita"],"articleSection":["Desporto"],"inLanguage":"pt-PT","potentialAction":[{"@type":"CommentAction","name":"Comment","target":["https:\/\/arquivo.barreiroweb.net\/?p=14042#respond"]}]},{"@type":"WebPage","@id":"https:\/\/arquivo.barreiroweb.net\/?p=14042","url":"https:\/\/arquivo.barreiroweb.net\/?p=14042","name":"Campeonato Regional de Marcha em Estrada realiza-se na Baixa da Banheira - barreiroweb","isPartOf":{"@id":"https:\/\/arquivo.barreiroweb.net\/#website"},"primaryImageOfPage":{"@id":"https:\/\/arquivo.barreiroweb.net\/?p=14042#primaryimage"},"image":{"@id":"https:\/\/arquivo.barreiroweb.net\/?p=14042#primaryimage"},"thumbnailUrl":"https:\/\/arquivo.barreiroweb.net\/wp-content\/uploads\/2016\/01\/Campeonato-Regional-de-Marcha.jpg","datePublished":"2016-01-08T22:25:04+00:00","breadcrumb":{"@id":"https:\/\/arquivo.barreiroweb.net\/?p=14042#breadcrumb"},"inLanguage":"pt-PT","potentialAction":[{"@type":"ReadAction","target":["https:\/\/arquivo.barreiroweb.net\/?p=14042"]}]},{"@type":"ImageObject","inLanguage":"pt-PT","@id":"https:\/\/arquivo.barreiroweb.net\/?p=14042#primaryimage","url":"https:\/\/arquivo.barreiroweb.net\/wp-content\/uploads\/2016\/01\/Campeonato-Regional-de-Marcha.jpg","contentUrl":"https:\/\/arquivo.barreiroweb.net\/wp-content\/uploads\/2016\/01\/Campeonato-Regional-de-Marcha.jpg","width":640,"height":426},{"@type":"BreadcrumbList","@id":"https:\/\/arquivo.barreiroweb.net\/?p=14042#breadcrumb","itemListElement":[{"@type":"ListItem","position":1,"name":"In\u00edcio","item":"https:\/\/arquivo.barreiroweb.net\/"},{"@type":"ListItem","position":2,"name":"Campeonato Regional de Marcha em Estrada realiza-se na Baixa da Banheira"}]},{"@type":"WebSite","@id":"https:\/\/arquivo.barreiroweb.net\/#website","url":"https:\/\/arquivo.barreiroweb.net\/","name":"barreiroweb","description":"Barreiroweb o barreiro na web","publisher":{"@id":"https:\/\/arquivo.barreiroweb.net\/#organization"},"potentialAction":[{"@type":"SearchAction","target":{"@type":"EntryPoint","urlTemplate":"https:\/\/arquivo.barreiroweb.net\/?s={search_term_string}"},"query-input":{"@type":"PropertyValueSpecification","valueRequired":true,"valueName":"search_term_string"}}],"inLanguage":"pt-PT"},{"@type":"Organization","@id":"https:\/\/arquivo.barreiroweb.net\/#organization","name":"barreiroweb","url":"https:\/\/arquivo.barreiroweb.net\/","logo":{"@type":"ImageObject","inLanguage":"pt-PT","@id":"https:\/\/arquivo.barreiroweb.net\/#\/schema\/logo\/image\/","url":"https:\/\/barreiroweb.net\/wp-content\/uploads\/2022\/05\/BarreiroWeb555.jpg","contentUrl":"https:\/\/barreiroweb.net\/wp-content\/uploads\/2022\/05\/BarreiroWeb555.jpg","width":421,"height":415,"caption":"barreiroweb"},"image":{"@id":"https:\/\/arquivo.barreiroweb.net\/#\/schema\/logo\/image\/"},"sameAs":["https:\/\/www.facebook.com\/barreiroweb","https:\/\/x.com\/barreiroweb"]},{"@type":"Person","@id":"https:\/\/arquivo.barreiroweb.net\/#\/schema\/person\/44b6d528aff975e3786c9f475f9df2dd","name":"barreiroweb","image":{"@type":"ImageObject","inLanguage":"pt-PT","@id":"https:\/\/arquivo.barreiroweb.net\/#\/schema\/person\/image\/","url":"https:\/\/secure.gravatar.com\/avatar\/1f764b917967430404ff0b452044eb63a25d64a5363b25be2aa42273930f477d?s=96&d=mm&r=g","contentUrl":"https:\/\/secure.gravatar.com\/avatar\/1f764b917967430404ff0b452044eb63a25d64a5363b25be2aa42273930f477d?s=96&d=mm&r=g","caption":"barreiroweb"},"url":"https:\/\/arquivo.barreiroweb.net\/?author=1"}]}},"_links":{"self":[{"href":"https:\/\/arquivo.barreiroweb.net\/index.php?rest_route=\/wp\/v2\/posts\/14042","targetHints":{"allow":["GET"]}}],"collection":[{"href":"https:\/\/arquivo.barreiroweb.net\/index.php?rest_route=\/wp\/v2\/posts"}],"about":[{"href":"https:\/\/arquivo.barreiroweb.net\/index.php?rest_route=\/wp\/v2\/types\/post"}],"author":[{"embeddable":true,"href":"https:\/\/arquivo.barreiroweb.net\/index.php?rest_route=\/wp\/v2\/users\/1"}],"replies":[{"embeddable":true,"href":"https:\/\/arquivo.barreiroweb.net\/index.php?rest_route=%2Fwp%2Fv2%2Fcomments&post=14042"}],"version-history":[{"count":1,"href":"https:\/\/arquivo.barreiroweb.net\/index.php?rest_route=\/wp\/v2\/posts\/14042\/revisions"}],"predecessor-version":[{"id":14044,"href":"https:\/\/arquivo.barreiroweb.net\/index.php?rest_route=\/wp\/v2\/posts\/14042\/revisions\/14044"}],"wp:featuredmedia":[{"embeddable":true,"href":"https:\/\/arquivo.barreiroweb.net\/index.php?rest_route=\/wp\/v2\/media\/14043"}],"wp:attachment":[{"href":"https:\/\/arquivo.barreiroweb.net\/index.php?rest_route=%2Fwp%2Fv2%2Fmedia&parent=14042"}],"wp:term":[{"taxonomy":"category","embeddable":true,"href":"https:\/\/arquivo.barreiroweb.net\/index.php?rest_route=%2Fwp%2Fv2%2Fcategories&post=14042"},{"taxonomy":"post_tag","embeddable":true,"href":"https:\/\/arquivo.barreiroweb.net\/index.php?rest_route=%2Fwp%2Fv2%2Ftags&post=14042"}],"curies":[{"name":"wp","href":"https:\/\/api.w.org\/{rel}","templated":true}]}}