{"id":14029,"date":"2016-01-05T22:28:45","date_gmt":"2016-01-05T22:28:45","guid":{"rendered":"http:\/\/barreiroweb.eu\/?p=14029"},"modified":"2016-01-05T22:28:45","modified_gmt":"2016-01-05T22:28:45","slug":"barreiro-cultura-programacao-para-janeiro","status":"publish","type":"post","link":"https:\/\/arquivo.barreiroweb.net\/?p=14029","title":{"rendered":"Barreiro Cultura\u00a0Programa\u00e7\u00e3o para janeiro"},"content":{"rendered":"<p>A programa\u00e7\u00e3o cultura<a href=\"http:\/\/barreiroweb.eu\/wp-content\/uploads\/2016\/01\/CARTAZ.jpg\" rel=\"attachment wp-att-14030\" rel=\"lightbox[14029]\"><img loading=\"lazy\" decoding=\"async\" class=\"alignleft size-medium wp-image-14030\" src=\"http:\/\/barreiroweb.eu\/wp-content\/uploads\/2016\/01\/CARTAZ-212x300.jpg\" alt=\"CARTAZ\" width=\"212\" height=\"300\" srcset=\"https:\/\/arquivo.barreiroweb.net\/wp-content\/uploads\/2016\/01\/CARTAZ-212x300.jpg 212w, https:\/\/arquivo.barreiroweb.net\/wp-content\/uploads\/2016\/01\/CARTAZ.jpg 453w\" sizes=\"auto, (max-width: 212px) 100vw, 212px\" \/><\/a>l promovida pela C\u00e2mara Municipal do Barreiro j\u00e1 est\u00e1 definida para os primeiros meses de 2016. Em janeiro, o Barreiro recebe Concertos de Ano Novo, dos quais se destaca o da Orquestra de Sopros da Metropolitana de Lisboa que vem interpretar, no Audit\u00f3rio Municipal Augusto Cabrita, e inserido na programa\u00e7\u00e3o regular AMAC J\u00fanior, temas das Bandas Sonoras da Disney. Tamb\u00e9m neste local e em parceria com a Associa\u00e7\u00e3o OUT.RA, realiza-se um concerto com o m\u00fasico T\u00f3 Trips. No que respeita \u00e0s Artes Visuais, a 17 de janeiro terminam as exposi\u00e7\u00f5es de fotografia \u201cNovembro\u201d, de Helena Gon\u00e7alves, e \u201cAw\u00e1 Guaj\u00e1\u201d, de Daniel Rodrigues, mantendo-se at\u00e9 14 de fevereiro a exposi\u00e7\u00e3o \u201cGeografia Humana\u201d, de Joel Santos (exposi\u00e7\u00f5es integradas na programa\u00e7\u00e3o do M\u00caS DA FOTOGRAFIA 2015). No final deste m\u00eas decorrer\u00e1, tamb\u00e9m no Audit\u00f3rio Municipal Augusto Barreiro, a inaugura\u00e7\u00e3o simult\u00e2nea das exposi\u00e7\u00f5es \u201cZona Estreita \u2013 Entre as Margens do Quotidiano\u201d, do fot\u00f3grafo Vitor Cid, e \u201cRostos em Grelhas de Palavras Cruzadas\u201d, do artista barreirense Paulo Freixinho. Ainda no \u00e2mbito das Artes Visuais, s\u00e3o de destacar as parcerias com a Academia Olhares, atrav\u00e9s da organiza\u00e7\u00e3o conjunta de um Workshop de Fotografia de Rua, e a Associa\u00e7\u00e3o Artesfera, com a organiza\u00e7\u00e3o conjunta de uma sess\u00e3o do Photobook Club Barreiro.<\/p>\n<p><strong><u>ARTES PERFORMATIVAS<\/u><\/strong><\/p>\n<p><strong>10 janeiro | domingo | 16h00 | Orquestra de Sopros da Metropolitana | Bandas Sonoras da Disney | Audit\u00f3rio Municipal Augusto Cabrita | M\u00daSICA<\/strong><\/p>\n<p><em>A espada luminosa dos Jedi da Guerra nas estrelas, os vitrais da Escola de Magia de Hogwarts, uma imensa bicharada ajudando a Branca de Neve a limpar a casa d\u2019Os Sete An\u00f5es, uma l\u00e2mpada m\u00e1gica na Caverna das Maravilhas, a voz sedutora da filha do Rei Trit\u00e3o, a estranha normalidade de uma fam\u00edlia de super-her\u00f3is, a transforma\u00e7\u00e3o de um castelo sombrio num pal\u00e1cio resplandecente&#8230; s\u00e3o estas algumas das imagens que nos poder\u00e3o vir \u00e0 ideia quando estivermos a escutar este concerto.<\/em><\/p>\n<p><em>A Orquestra de Sopros da Metropolitana, constitu\u00edda por jovens m\u00fasicos da Escola Profissional Metropolitana e sempre orientada pelo maestro Reinaldo Guerreiro, d\u00e1 as boas-vindas a 2016, com melodias que enchem de fantasia alguns dos mais c\u00e9lebres filmes da Hist\u00f3ria do Cinema de Anima\u00e7\u00e3o<\/em><\/p>\n<p>Faixa Et\u00e1ria \u2013 M\/6<\/p>\n<p>Dura\u00e7\u00e3o\u00a0 \u2013 60 min.<\/p>\n<p>Ingresso\u00a0 \u2013 3,00 \u20ac<\/p>\n<p>FICHA T\u00c9CNICA<\/p>\n<p>Orquestra de Sopros da Metropolitana | Reinaldo Guerreiro:\u00a0maestro | Susana Henriques: coment\u00e1rios |Bandas Sonoras da Disney (excertos) | Fantasia Disney (V\u00e1rios autores, arr. Naohiro Iwai) |&#8221;Aladino &#8211; A Whole New World&#8221; (A. Menken, arr. T. Hoshide) | \u201cA Bela e o Monstro&#8221; (H. Ashman \/ A. Menken, arr. T. Mashima) | &#8220;A Pequena Sereia&#8221; (A. Menken, arr. T. Mashima) | &#8220;Os Incr\u00edveis&#8221; (M. Giacchino, arr. T. Hoshide) | Festival Disney (V\u00e1rios autores, arr. Toshio Mashima)<\/p>\n<p><strong>17 janeiro | domingo | 16h00 | Concerto de Ano Novo | Camerata Musical do Barreiro | SDUB Os Franceses | M\u00daSICA<\/strong><\/p>\n<p>Classifica\u00e7\u00e3o et\u00e1ria: M\/6<\/p>\n<p>Dura\u00e7\u00e3o\u00a0 \u2013 60 min.<\/p>\n<p>Entrada livre<\/p>\n<p><strong>22 janeiro | sexta-feira| 22h00 | T\u00f3 Trips | Audit\u00f3rio Municipal Augusto Cabrita | M\u00daSICA<\/strong><\/p>\n<p>(organiza\u00e7\u00e3o OUT.RA \u2013 Associa\u00e7\u00e3o Cultural, em parceria com a CMB)<\/p>\n<p><em>T\u00f3 Trips \u00e9, hoje, reconhecido sobretudo pelo seu papel nos incontorn\u00e1veis Dead Combo, mas os mais atentos n\u00e3o esquecer\u00e3o o seu papel fundador no rock independente nacional \u00e0 frente dos lend\u00e1rios Lulu Blind, aut\u00eanticos dinamitadores de palcos lusos na d\u00e9cada de 90 (quem esquece a abertura do concerto dos Sonic Youth no Campo Pequeno e o hino que foi \u201cRita Hot Pussy\u201d?).<\/em><\/p>\n<p><em>No in\u00edcio do mil\u00e9nio, T\u00f3 Trips redescobriu a guitarra (e toda a m\u00fasica), livre da at\u00e9 ent\u00e3o omnipresente distor\u00e7\u00e3o, e o resto, como se diz, \u00e9 hist\u00f3ria: \u201cGuitars from Nothing\u201d, originalmente gravado em 2002, marcou o inicio da aventura Dead Combo &#8211; das mais belas que este pa\u00eds j\u00e1 testemunhou &#8211; e, em 2009, \u201cGuitarra 66\u201d marcou, definitivamente, a sua voz individual enquanto ve\u00edculo de uma portugalidade que se atravessa, como a hist\u00f3ria o fez, por v\u00e1rios continentes e v\u00e1rias m\u00fasicas \u2013 do western americano ao M\u00e9xico, do flamenco a Cabo Verde \u2013 e v\u00e1rias influ\u00eancias marcantes \u2013 de Enio Morricone a Marc Ribot, ou \u00e0 presen\u00e7a tutelar de Carlos Paredes.<\/em><\/p>\n<p><em>Lan\u00e7ou, em 2015, \u201cGuitarra Makaka \u2013 Dan\u00e7as a Um Deus Desconhecido\u201d, disco marcante e de beleza rara, que tem vindo a promover por todo o pa\u00eds, e que chega, finalmente, ao Barreiro<\/em><\/p>\n<p>Faixa Et\u00e1ria \u2013 M\/12anos<\/p>\n<p>Dura\u00e7\u00e3o\u00a0 \u2013 aprox. 60 min.<\/p>\n<p>Ingresso\u00a0 \u2013 5,00 \u20ac<\/p>\n<p><strong>31 janeiro | domingo | 16h00 | Espet\u00e1culo comemorativo do 13\u00ba Anivers\u00e1rio do Coro Polif\u00f3nico do Alto do Seixalinho | Audit\u00f3rio Municipal Augusto Cabrita<\/strong><\/p>\n<p>Coro Polif\u00f3nico do Alto de Seixalinho<\/p>\n<p>Grupo de Dan\u00e7as e Cantares \u00a0Moldavos da MIORITA &#8211; Associa\u00e7\u00e3o Cultural dos Imigrantes Moldavos<\/p>\n<p>Coral Atl\u00e2ntico (Sines)<\/p>\n<p>Faixa Et\u00e1ria \u2013 M\/6 anos<\/p>\n<p>Dura\u00e7\u00e3o\u00a0 \u2013 aprox. 60 min.<\/p>\n<p>Entrada Gratuita, sujeita \u00e0 lota\u00e7\u00e3o da sala<\/p>\n<p><strong><u>ARTES VISUAIS<\/u><\/strong><\/p>\n<p><strong>17 janeiro | 16h00 \u2013 17h30 | Photobook Club Barreiro &#8211; Encontros sobre Fotografia | Artesfera \u2013 Associa\u00e7\u00e3o de Artes Pl\u00e1sticas do Barreiro<\/strong><\/p>\n<p><em>\u201cThe Photobook Club\u201d teve in\u00edcio em Inglaterra e, atualmente, existe em v\u00e1rios pontos do mundo. Tem como principal Objetivo criar um espa\u00e7o para a an\u00e1lise e discuss\u00e3o em torno do livro de fotografia de autor. No Barreiro, essas sess\u00f5es s\u00e3o organizadas pela C\u00e2mara Municipal do Barreiro e t\u00eam periodicidade bimestral.<\/em><\/p>\n<p><em>Tratam-se de encontros, de car\u00e1ter informal, onde um fot\u00f3grafo \u00e9 convidado a apresentar o processo que o levou a criar um projeto fotogr\u00e1fico em forma de livro. Estes encontros s\u00e3o, essencialmente, de partilha onde o p\u00fablico tem espa\u00e7o para questionar e partilhar experi\u00eancias. <\/em><\/p>\n<p><em>Esta edi\u00e7\u00e3o do PBC \u00e9 realizada em parceria coma Artesfera \u2013 Associa\u00e7\u00e3o de Artes Pl\u00e1sticas do Barreiro<\/em><\/p>\n<p>Faixa Et\u00e1ria \u2013 M\/12 anos<\/p>\n<p>Entrada Livre<\/p>\n<p><strong>23 janeiro a 27 mar\u00e7o | VITOR CID | Zona Estreita &#8211; Entre as margens do quotidiano | Audit\u00f3rio Municipal Augusto Cabrita &#8211; Piso 1 Galeria Amarela | Exposi\u00e7\u00e3o de Fotografia<\/strong><\/p>\n<p>Inaugura\u00e7\u00e3o: 23 janeiro | s\u00e1bado | 17h00<\/p>\n<p><em>Entre a montanha e a plan\u00edcie, entre a casa e o trabalho, entre Cacilhas e Lisboa existe sempre uma pausa, uma viagem &#8211; ou melhor, duas, a de ida e a de volta &#8211; sobre as \u00e1guas do Tejo, a bordo de um cacilheiro, atrav\u00e9s da chamada Zona Estreita. <\/em><\/p>\n<p><em>S\u00e3o viagens curtas, di\u00e1rias, intensas. De todos os meios de transporte que utilizamos nas desloca\u00e7\u00f5es a que nos obrigam os nossos afazeres do dia-a-dia, o barco, o cacilheiro, \u00e9, talvez, aquele onde a consci\u00eancia da viagem \u00e9 mais veemente. Seja pelas tonalidades do c\u00e9u ao mergulharem no rio, seja pela agita\u00e7\u00e3o das \u00e1guas que nos embalam o esp\u00edrito, quando viajamos num cacilheiro parece que o fazemos sempre pela primeira vez. \u00c9 este um transporte p\u00fablico muito particular, pois o bilhete que compramos confere-nos muito mais do que o simples direito a cruzar o rio, concede-nos uns instantes de contempla\u00e7\u00e3o, de tranquilidade, de calma, de reflex\u00e3o, de pausa entre as margens do quotidiano. <\/em><\/p>\n<p><em>S\u00e3o esses instantes de pausa que o artista nos quer mostrar, atrav\u00e9s de um conjunto de fotografias que realizou durante quatro anos de travessias quase di\u00e1rias.<\/em><\/p>\n<p><em>Vitor Cid nasceu em Lisboa, em 1964. Atualmente vive em Almada. <\/em><\/p>\n<p><em>Come\u00e7a a fotografar a princ\u00edpios da d\u00e9cada de oitenta, sobretudo como um auxiliar nas fun\u00e7\u00f5es de luminot\u00e9cnico que desempenha durante quase dez anos na Companhia de Teatro de Almada. No final dos anos oitenta abandona o teatro, mas n\u00e3o a fotografia, atividade que, primeiro como amador e depois como profissional, exerce h\u00e1 mais de 30 anos. Em 2011, frequenta o Curso Profissional de Fotografia, no Instituto Portugu\u00eas de Fotografia, em Lisboa, que conclui em 2013. Realiza est\u00e1gio profissional no jornal P\u00fablico. Participa em diversas mostras coletivas e individuais de fotografia.<\/em><\/p>\n<p><strong>23 janeiro a 27 mar\u00e7o | PAULO FREIXINHO | Rostos em grelhas de Palavras Cruzadas | Audit\u00f3rio Municipal Augusto Cabrita \u2013 Piso 1 Galeria Branca \u2013 Exposi\u00e7\u00e3o de Artes Pl\u00e1sticas<\/strong><\/p>\n<p>Inaugura\u00e7\u00e3o: 23 janeiro | s\u00e1bado | 17h00<\/p>\n<p><em>Nasceu em Lisboa (1968) e veio para o Barreiro aos 3 anos de idade.<\/em><\/p>\n<p><em>\u00c9 autor de Palavras Cruzadas desde 1990 e baixista da banda Bon Sauvage.<\/em><\/p>\n<p><em>Come\u00e7ou por fazer artesanato e a sua primeira profiss\u00e3o foi a de desenhador gr\u00e1fico mas os dicion\u00e1rios mudaram-lhe o rumo.<\/em><\/p>\n<p><em>J\u00e1 criou milhares de passatempos para jornais e revistas nacionais e da di\u00e1spora (P\u00fablico, Jornal de Not\u00edcias, Caras, Selec\u00e7\u00f5es Reader&#8217;s Digest, Almanaque Bertrand, A Voz de Tr\u00e1s-os-Montes, Portugal Post, Contacto, entre outros).<\/em><\/p>\n<p><em>Porque manteve o gosto pelas Artes, lembrou-se um dia de levar o tema Palavras Cruzadas para as telas.<\/em><\/p>\n<p><em>Com a chegada das redes sociais come\u00e7ou a criar imagens com rostos de figuras ligadas \u00e0 Cultura em grelhas de Palavras Cruzadas\u2026 foram j\u00e1 criadas mais de 300 imagens.<\/em><\/p>\n<p><em>Nesta exposi\u00e7\u00e3o estar\u00e3o integrados rostos de diversas personalidades tanto ligadas ao Barreiro, como rostos de \u00edcones da Cultura mundial, bem como, ligados \u00e0 Cultura nacional.<\/em><\/p>\n<p><em>Dentro da exposi\u00e7\u00e3o haver\u00e1 tamb\u00e9m um espa\u00e7o destinado aos mais novos, ao qual d\u00e1 o nome de Cantinho das Palavras Cruzadas: Uma grelha em branco com letras que podem ser manuseadas e onde as crian\u00e7as poder\u00e3o fazer e\/ou criar as suas pr\u00f3prias Palavras Cruzadas (estilo Scrabble).<\/em><\/p>\n<p><strong>30 janeiro | s\u00e1bado | 10h00 \u00e0s 14h00 | Workshop de Fotografia de Rua | Audit\u00f3rio Municipal Augusto Cabrita &#8211; Piso 1 Pequeno Audit\u00f3rio | Forma\u00e7\u00e3o de Fotografia <\/strong><\/p>\n<p>(organiza\u00e7\u00e3o Academia Olhares, em parceria com a CMB)<\/p>\n<p><em>A Academia Olhares \u00e9 um projeto formativo do site Olhares.com, a maior comunidade online do mundo de fotografia em l\u00edngua portuguesa. A Academia conta com v\u00e1rios cursos e workshops na \u00e1rea da fotografia em Portugal e no Brasil, disponibiliza forma\u00e7\u00e3o certificada pela DGERT (Direc\u00e7\u00e3o-Geral do Emprego e das Rela\u00e7\u00f5es de Trabalho).<\/em><\/p>\n<p>Conte\u00fado Program\u00e1tico:<\/p>\n<p>1 &#8211; T\u00e9cnicas b\u00e1sicas da Fotografia: Abertura, Velocidade, ISO<\/p>\n<p>2 &#8211; O que fotografar? Que t\u00e9cnicas aplicar?<\/p>\n<p>3 &#8211; A import\u00e2ncia da luz<\/p>\n<p>4 &#8211; Como eliminar os ru\u00eddos da composi\u00e7\u00e3o?<\/p>\n<p>5 &#8211; \u00c9tica da imagem<\/p>\n<p>&gt; Integra\u00e7\u00e3o te\u00f3rico-pr\u00e1tica<\/p>\n<p>Material necess\u00e1rio: C\u00e2mara Fotogr\u00e1fica<\/p>\n<p>Informa\u00e7\u00f5es\/inscri\u00e7\u00f5es: olhares.sapo.pt\/academia\/<\/p>\n<p>Nota: Ser\u00e1 entregue um certificado de participa\u00e7\u00e3o a todos os inscritos<\/p>\n<p>Destinat\u00e1rios: Este workshop destina-se a todos os que pretendem explorar a vertente mais criativa da fotografia de rua.<\/p>\n<p>Valor: 35\u20ac<\/p>\n<p>Mais informa\u00e7\u00f5es em <a href=\"http:\/\/olhares.sapo.pt\/academia\/c-m-barreiro-curso-fotografia-de-rua\/\">http:\/\/olhares.sapo.pt\/academia\/c-m-barreiro-curso-fotografia-de-rua\/<\/a><\/p>\n<p><strong><u>SERVI\u00c7O EDUCATIVO<\/u><\/strong><\/p>\n<p><strong>ONDE ESTOU? <\/strong><\/p>\n<p><strong>3\u00aas-feiras, das 10h00 \u00e0s 11h00 ou das 14h30 \u00e0s 15h30<\/strong><\/p>\n<p>Visitas guiadas\/ateli\u00ea em torno da exposi\u00e7\u00e3o GEOGRAFIA HUMANA, de Joel Santos, destinadas \u00e0 comunidade educativa do concelho.<\/p>\n<p>Atividade gratuita, mediante inscri\u00e7\u00e3o pr\u00e9via.<\/p>\n<p>Lota\u00e7\u00e3o de uma turma por atividade.<\/p>\n<p>Inscri\u00e7\u00f5es: 212 068 230 ou <a href=\"mailto:bilheteira@cm-barreiro.pt\">bilheteira@cm-barreiro.pt<\/a><\/p>\n<p>fonte:CMB<\/p>\n<p>&nbsp;<\/p>\n","protected":false},"excerpt":{"rendered":"<p>A programa\u00e7\u00e3o cultural promovida pela C\u00e2mara Municipal do Barreiro j\u00e1 est\u00e1 definida para os primeiros meses de 2016. Em janeiro, o Barreiro recebe Concertos de Ano Novo, dos quais se destaca o da Orquestra de Sopros da Metropolitana de Lisboa que vem interpretar, no Audit\u00f3rio Municipal Augusto Cabrita, e inserido na programa\u00e7\u00e3o regular AMAC J\u00fanior, [&hellip;]<\/p>\n","protected":false},"author":1,"featured_media":14030,"comment_status":"open","ping_status":"open","sticky":false,"template":"","format":"standard","meta":{"footnotes":""},"categories":[641,638,13],"tags":[41,119,212,213,155],"class_list":["post-14029","post","type-post","status-publish","format-standard","has-post-thumbnail","hentry","category-agenda","category-exposicoes","category-musica","tag-barreiro","tag-cultura-2","tag-exposicao","tag-fotografia-2","tag-musica-2","last_archivepost"],"yoast_head":"<!-- This site is optimized with the Yoast SEO plugin v27.1.1 - https:\/\/yoast.com\/product\/yoast-seo-wordpress\/ -->\n<title>Barreiro Cultura\u00a0Programa\u00e7\u00e3o para janeiro - barreiroweb<\/title>\n<meta name=\"robots\" content=\"index, follow, max-snippet:-1, max-image-preview:large, max-video-preview:-1\" \/>\n<link rel=\"canonical\" href=\"https:\/\/arquivo.barreiroweb.net\/?p=14029\" \/>\n<meta property=\"og:locale\" content=\"pt_PT\" \/>\n<meta property=\"og:type\" content=\"article\" \/>\n<meta property=\"og:title\" content=\"Barreiro Cultura\u00a0Programa\u00e7\u00e3o para janeiro - barreiroweb\" \/>\n<meta property=\"og:description\" content=\"A programa\u00e7\u00e3o cultural promovida pela C\u00e2mara Municipal do Barreiro j\u00e1 est\u00e1 definida para os primeiros meses de 2016. Em janeiro, o Barreiro recebe Concertos de Ano Novo, dos quais se destaca o da Orquestra de Sopros da Metropolitana de Lisboa que vem interpretar, no Audit\u00f3rio Municipal Augusto Cabrita, e inserido na programa\u00e7\u00e3o regular AMAC J\u00fanior, [&hellip;]\" \/>\n<meta property=\"og:url\" content=\"https:\/\/arquivo.barreiroweb.net\/?p=14029\" \/>\n<meta property=\"og:site_name\" content=\"barreiroweb\" \/>\n<meta property=\"article:publisher\" content=\"https:\/\/www.facebook.com\/barreiroweb\" \/>\n<meta property=\"article:published_time\" content=\"2016-01-05T22:28:45+00:00\" \/>\n<meta property=\"og:image\" content=\"https:\/\/arquivo.barreiroweb.net\/wp-content\/uploads\/2016\/01\/CARTAZ.jpg\" \/>\n\t<meta property=\"og:image:width\" content=\"453\" \/>\n\t<meta property=\"og:image:height\" content=\"640\" \/>\n\t<meta property=\"og:image:type\" content=\"image\/jpeg\" \/>\n<meta name=\"author\" content=\"barreiroweb\" \/>\n<meta name=\"twitter:card\" content=\"summary_large_image\" \/>\n<meta name=\"twitter:creator\" content=\"@barreiroweb\" \/>\n<meta name=\"twitter:site\" content=\"@barreiroweb\" \/>\n<meta name=\"twitter:label1\" content=\"Escrito por\" \/>\n\t<meta name=\"twitter:data1\" content=\"barreiroweb\" \/>\n\t<meta name=\"twitter:label2\" content=\"Tempo estimado de leitura\" \/>\n\t<meta name=\"twitter:data2\" content=\"9 minutos\" \/>\n<script type=\"application\/ld+json\" class=\"yoast-schema-graph\">{\"@context\":\"https:\/\/schema.org\",\"@graph\":[{\"@type\":\"Article\",\"@id\":\"https:\/\/arquivo.barreiroweb.net\/?p=14029#article\",\"isPartOf\":{\"@id\":\"https:\/\/arquivo.barreiroweb.net\/?p=14029\"},\"author\":{\"name\":\"barreiroweb\",\"@id\":\"https:\/\/arquivo.barreiroweb.net\/#\/schema\/person\/44b6d528aff975e3786c9f475f9df2dd\"},\"headline\":\"Barreiro Cultura\u00a0Programa\u00e7\u00e3o para janeiro\",\"datePublished\":\"2016-01-05T22:28:45+00:00\",\"mainEntityOfPage\":{\"@id\":\"https:\/\/arquivo.barreiroweb.net\/?p=14029\"},\"wordCount\":1804,\"commentCount\":0,\"publisher\":{\"@id\":\"https:\/\/arquivo.barreiroweb.net\/#organization\"},\"image\":{\"@id\":\"https:\/\/arquivo.barreiroweb.net\/?p=14029#primaryimage\"},\"thumbnailUrl\":\"https:\/\/arquivo.barreiroweb.net\/wp-content\/uploads\/2016\/01\/CARTAZ.jpg\",\"keywords\":[\"barreiro\",\"cultura\",\"exposi\u00e7\u00e3o\",\"fotografia\",\"musica\"],\"articleSection\":[\"Agenda\",\"Exposi\u00e7\u00f5es\",\"Musica\"],\"inLanguage\":\"pt-PT\",\"potentialAction\":[{\"@type\":\"CommentAction\",\"name\":\"Comment\",\"target\":[\"https:\/\/arquivo.barreiroweb.net\/?p=14029#respond\"]}]},{\"@type\":\"WebPage\",\"@id\":\"https:\/\/arquivo.barreiroweb.net\/?p=14029\",\"url\":\"https:\/\/arquivo.barreiroweb.net\/?p=14029\",\"name\":\"Barreiro Cultura\u00a0Programa\u00e7\u00e3o para janeiro - barreiroweb\",\"isPartOf\":{\"@id\":\"https:\/\/arquivo.barreiroweb.net\/#website\"},\"primaryImageOfPage\":{\"@id\":\"https:\/\/arquivo.barreiroweb.net\/?p=14029#primaryimage\"},\"image\":{\"@id\":\"https:\/\/arquivo.barreiroweb.net\/?p=14029#primaryimage\"},\"thumbnailUrl\":\"https:\/\/arquivo.barreiroweb.net\/wp-content\/uploads\/2016\/01\/CARTAZ.jpg\",\"datePublished\":\"2016-01-05T22:28:45+00:00\",\"breadcrumb\":{\"@id\":\"https:\/\/arquivo.barreiroweb.net\/?p=14029#breadcrumb\"},\"inLanguage\":\"pt-PT\",\"potentialAction\":[{\"@type\":\"ReadAction\",\"target\":[\"https:\/\/arquivo.barreiroweb.net\/?p=14029\"]}]},{\"@type\":\"ImageObject\",\"inLanguage\":\"pt-PT\",\"@id\":\"https:\/\/arquivo.barreiroweb.net\/?p=14029#primaryimage\",\"url\":\"https:\/\/arquivo.barreiroweb.net\/wp-content\/uploads\/2016\/01\/CARTAZ.jpg\",\"contentUrl\":\"https:\/\/arquivo.barreiroweb.net\/wp-content\/uploads\/2016\/01\/CARTAZ.jpg\",\"width\":453,\"height\":640},{\"@type\":\"BreadcrumbList\",\"@id\":\"https:\/\/arquivo.barreiroweb.net\/?p=14029#breadcrumb\",\"itemListElement\":[{\"@type\":\"ListItem\",\"position\":1,\"name\":\"In\u00edcio\",\"item\":\"https:\/\/arquivo.barreiroweb.net\/\"},{\"@type\":\"ListItem\",\"position\":2,\"name\":\"Barreiro Cultura\u00a0Programa\u00e7\u00e3o para janeiro\"}]},{\"@type\":\"WebSite\",\"@id\":\"https:\/\/arquivo.barreiroweb.net\/#website\",\"url\":\"https:\/\/arquivo.barreiroweb.net\/\",\"name\":\"barreiroweb\",\"description\":\"Barreiroweb o barreiro na web\",\"publisher\":{\"@id\":\"https:\/\/arquivo.barreiroweb.net\/#organization\"},\"potentialAction\":[{\"@type\":\"SearchAction\",\"target\":{\"@type\":\"EntryPoint\",\"urlTemplate\":\"https:\/\/arquivo.barreiroweb.net\/?s={search_term_string}\"},\"query-input\":{\"@type\":\"PropertyValueSpecification\",\"valueRequired\":true,\"valueName\":\"search_term_string\"}}],\"inLanguage\":\"pt-PT\"},{\"@type\":\"Organization\",\"@id\":\"https:\/\/arquivo.barreiroweb.net\/#organization\",\"name\":\"barreiroweb\",\"url\":\"https:\/\/arquivo.barreiroweb.net\/\",\"logo\":{\"@type\":\"ImageObject\",\"inLanguage\":\"pt-PT\",\"@id\":\"https:\/\/arquivo.barreiroweb.net\/#\/schema\/logo\/image\/\",\"url\":\"https:\/\/barreiroweb.net\/wp-content\/uploads\/2022\/05\/BarreiroWeb555.jpg\",\"contentUrl\":\"https:\/\/barreiroweb.net\/wp-content\/uploads\/2022\/05\/BarreiroWeb555.jpg\",\"width\":421,\"height\":415,\"caption\":\"barreiroweb\"},\"image\":{\"@id\":\"https:\/\/arquivo.barreiroweb.net\/#\/schema\/logo\/image\/\"},\"sameAs\":[\"https:\/\/www.facebook.com\/barreiroweb\",\"https:\/\/x.com\/barreiroweb\"]},{\"@type\":\"Person\",\"@id\":\"https:\/\/arquivo.barreiroweb.net\/#\/schema\/person\/44b6d528aff975e3786c9f475f9df2dd\",\"name\":\"barreiroweb\",\"image\":{\"@type\":\"ImageObject\",\"inLanguage\":\"pt-PT\",\"@id\":\"https:\/\/arquivo.barreiroweb.net\/#\/schema\/person\/image\/\",\"url\":\"https:\/\/secure.gravatar.com\/avatar\/1f764b917967430404ff0b452044eb63a25d64a5363b25be2aa42273930f477d?s=96&d=mm&r=g\",\"contentUrl\":\"https:\/\/secure.gravatar.com\/avatar\/1f764b917967430404ff0b452044eb63a25d64a5363b25be2aa42273930f477d?s=96&d=mm&r=g\",\"caption\":\"barreiroweb\"},\"url\":\"https:\/\/arquivo.barreiroweb.net\/?author=1\"}]}<\/script>\n<!-- \/ Yoast SEO plugin. -->","yoast_head_json":{"title":"Barreiro Cultura\u00a0Programa\u00e7\u00e3o para janeiro - barreiroweb","robots":{"index":"index","follow":"follow","max-snippet":"max-snippet:-1","max-image-preview":"max-image-preview:large","max-video-preview":"max-video-preview:-1"},"canonical":"https:\/\/arquivo.barreiroweb.net\/?p=14029","og_locale":"pt_PT","og_type":"article","og_title":"Barreiro Cultura\u00a0Programa\u00e7\u00e3o para janeiro - barreiroweb","og_description":"A programa\u00e7\u00e3o cultural promovida pela C\u00e2mara Municipal do Barreiro j\u00e1 est\u00e1 definida para os primeiros meses de 2016. Em janeiro, o Barreiro recebe Concertos de Ano Novo, dos quais se destaca o da Orquestra de Sopros da Metropolitana de Lisboa que vem interpretar, no Audit\u00f3rio Municipal Augusto Cabrita, e inserido na programa\u00e7\u00e3o regular AMAC J\u00fanior, [&hellip;]","og_url":"https:\/\/arquivo.barreiroweb.net\/?p=14029","og_site_name":"barreiroweb","article_publisher":"https:\/\/www.facebook.com\/barreiroweb","article_published_time":"2016-01-05T22:28:45+00:00","og_image":[{"width":453,"height":640,"url":"https:\/\/arquivo.barreiroweb.net\/wp-content\/uploads\/2016\/01\/CARTAZ.jpg","type":"image\/jpeg"}],"author":"barreiroweb","twitter_card":"summary_large_image","twitter_creator":"@barreiroweb","twitter_site":"@barreiroweb","twitter_misc":{"Escrito por":"barreiroweb","Tempo estimado de leitura":"9 minutos"},"schema":{"@context":"https:\/\/schema.org","@graph":[{"@type":"Article","@id":"https:\/\/arquivo.barreiroweb.net\/?p=14029#article","isPartOf":{"@id":"https:\/\/arquivo.barreiroweb.net\/?p=14029"},"author":{"name":"barreiroweb","@id":"https:\/\/arquivo.barreiroweb.net\/#\/schema\/person\/44b6d528aff975e3786c9f475f9df2dd"},"headline":"Barreiro Cultura\u00a0Programa\u00e7\u00e3o para janeiro","datePublished":"2016-01-05T22:28:45+00:00","mainEntityOfPage":{"@id":"https:\/\/arquivo.barreiroweb.net\/?p=14029"},"wordCount":1804,"commentCount":0,"publisher":{"@id":"https:\/\/arquivo.barreiroweb.net\/#organization"},"image":{"@id":"https:\/\/arquivo.barreiroweb.net\/?p=14029#primaryimage"},"thumbnailUrl":"https:\/\/arquivo.barreiroweb.net\/wp-content\/uploads\/2016\/01\/CARTAZ.jpg","keywords":["barreiro","cultura","exposi\u00e7\u00e3o","fotografia","musica"],"articleSection":["Agenda","Exposi\u00e7\u00f5es","Musica"],"inLanguage":"pt-PT","potentialAction":[{"@type":"CommentAction","name":"Comment","target":["https:\/\/arquivo.barreiroweb.net\/?p=14029#respond"]}]},{"@type":"WebPage","@id":"https:\/\/arquivo.barreiroweb.net\/?p=14029","url":"https:\/\/arquivo.barreiroweb.net\/?p=14029","name":"Barreiro Cultura\u00a0Programa\u00e7\u00e3o para janeiro - barreiroweb","isPartOf":{"@id":"https:\/\/arquivo.barreiroweb.net\/#website"},"primaryImageOfPage":{"@id":"https:\/\/arquivo.barreiroweb.net\/?p=14029#primaryimage"},"image":{"@id":"https:\/\/arquivo.barreiroweb.net\/?p=14029#primaryimage"},"thumbnailUrl":"https:\/\/arquivo.barreiroweb.net\/wp-content\/uploads\/2016\/01\/CARTAZ.jpg","datePublished":"2016-01-05T22:28:45+00:00","breadcrumb":{"@id":"https:\/\/arquivo.barreiroweb.net\/?p=14029#breadcrumb"},"inLanguage":"pt-PT","potentialAction":[{"@type":"ReadAction","target":["https:\/\/arquivo.barreiroweb.net\/?p=14029"]}]},{"@type":"ImageObject","inLanguage":"pt-PT","@id":"https:\/\/arquivo.barreiroweb.net\/?p=14029#primaryimage","url":"https:\/\/arquivo.barreiroweb.net\/wp-content\/uploads\/2016\/01\/CARTAZ.jpg","contentUrl":"https:\/\/arquivo.barreiroweb.net\/wp-content\/uploads\/2016\/01\/CARTAZ.jpg","width":453,"height":640},{"@type":"BreadcrumbList","@id":"https:\/\/arquivo.barreiroweb.net\/?p=14029#breadcrumb","itemListElement":[{"@type":"ListItem","position":1,"name":"In\u00edcio","item":"https:\/\/arquivo.barreiroweb.net\/"},{"@type":"ListItem","position":2,"name":"Barreiro Cultura\u00a0Programa\u00e7\u00e3o para janeiro"}]},{"@type":"WebSite","@id":"https:\/\/arquivo.barreiroweb.net\/#website","url":"https:\/\/arquivo.barreiroweb.net\/","name":"barreiroweb","description":"Barreiroweb o barreiro na web","publisher":{"@id":"https:\/\/arquivo.barreiroweb.net\/#organization"},"potentialAction":[{"@type":"SearchAction","target":{"@type":"EntryPoint","urlTemplate":"https:\/\/arquivo.barreiroweb.net\/?s={search_term_string}"},"query-input":{"@type":"PropertyValueSpecification","valueRequired":true,"valueName":"search_term_string"}}],"inLanguage":"pt-PT"},{"@type":"Organization","@id":"https:\/\/arquivo.barreiroweb.net\/#organization","name":"barreiroweb","url":"https:\/\/arquivo.barreiroweb.net\/","logo":{"@type":"ImageObject","inLanguage":"pt-PT","@id":"https:\/\/arquivo.barreiroweb.net\/#\/schema\/logo\/image\/","url":"https:\/\/barreiroweb.net\/wp-content\/uploads\/2022\/05\/BarreiroWeb555.jpg","contentUrl":"https:\/\/barreiroweb.net\/wp-content\/uploads\/2022\/05\/BarreiroWeb555.jpg","width":421,"height":415,"caption":"barreiroweb"},"image":{"@id":"https:\/\/arquivo.barreiroweb.net\/#\/schema\/logo\/image\/"},"sameAs":["https:\/\/www.facebook.com\/barreiroweb","https:\/\/x.com\/barreiroweb"]},{"@type":"Person","@id":"https:\/\/arquivo.barreiroweb.net\/#\/schema\/person\/44b6d528aff975e3786c9f475f9df2dd","name":"barreiroweb","image":{"@type":"ImageObject","inLanguage":"pt-PT","@id":"https:\/\/arquivo.barreiroweb.net\/#\/schema\/person\/image\/","url":"https:\/\/secure.gravatar.com\/avatar\/1f764b917967430404ff0b452044eb63a25d64a5363b25be2aa42273930f477d?s=96&d=mm&r=g","contentUrl":"https:\/\/secure.gravatar.com\/avatar\/1f764b917967430404ff0b452044eb63a25d64a5363b25be2aa42273930f477d?s=96&d=mm&r=g","caption":"barreiroweb"},"url":"https:\/\/arquivo.barreiroweb.net\/?author=1"}]}},"_links":{"self":[{"href":"https:\/\/arquivo.barreiroweb.net\/index.php?rest_route=\/wp\/v2\/posts\/14029","targetHints":{"allow":["GET"]}}],"collection":[{"href":"https:\/\/arquivo.barreiroweb.net\/index.php?rest_route=\/wp\/v2\/posts"}],"about":[{"href":"https:\/\/arquivo.barreiroweb.net\/index.php?rest_route=\/wp\/v2\/types\/post"}],"author":[{"embeddable":true,"href":"https:\/\/arquivo.barreiroweb.net\/index.php?rest_route=\/wp\/v2\/users\/1"}],"replies":[{"embeddable":true,"href":"https:\/\/arquivo.barreiroweb.net\/index.php?rest_route=%2Fwp%2Fv2%2Fcomments&post=14029"}],"version-history":[{"count":1,"href":"https:\/\/arquivo.barreiroweb.net\/index.php?rest_route=\/wp\/v2\/posts\/14029\/revisions"}],"predecessor-version":[{"id":14031,"href":"https:\/\/arquivo.barreiroweb.net\/index.php?rest_route=\/wp\/v2\/posts\/14029\/revisions\/14031"}],"wp:featuredmedia":[{"embeddable":true,"href":"https:\/\/arquivo.barreiroweb.net\/index.php?rest_route=\/wp\/v2\/media\/14030"}],"wp:attachment":[{"href":"https:\/\/arquivo.barreiroweb.net\/index.php?rest_route=%2Fwp%2Fv2%2Fmedia&parent=14029"}],"wp:term":[{"taxonomy":"category","embeddable":true,"href":"https:\/\/arquivo.barreiroweb.net\/index.php?rest_route=%2Fwp%2Fv2%2Fcategories&post=14029"},{"taxonomy":"post_tag","embeddable":true,"href":"https:\/\/arquivo.barreiroweb.net\/index.php?rest_route=%2Fwp%2Fv2%2Ftags&post=14029"}],"curies":[{"name":"wp","href":"https:\/\/api.w.org\/{rel}","templated":true}]}}