{"id":13909,"date":"2015-11-28T00:08:21","date_gmt":"2015-11-28T00:08:21","guid":{"rendered":"http:\/\/barreiroweb.eu\/?p=13909"},"modified":"2015-11-28T00:08:21","modified_gmt":"2015-11-28T00:08:21","slug":"ateliers-para-criancas-e-jovens-ferias-de-natal","status":"publish","type":"post","link":"https:\/\/arquivo.barreiroweb.net\/?p=13909","title":{"rendered":"ATELIERS PARA CRIAN\u00c7AS E JOVENS | F\u00e9rias de Natal"},"content":{"rendered":"<p><a href=\"http:\/\/barreiroweb.eu\/wp-content\/uploads\/2015\/11\/flyer_natal-copy-2.jpg\" rel=\"lightbox[13909]\"><img loading=\"lazy\" decoding=\"async\" class=\"alignleft size-medium wp-image-13910\" src=\"http:\/\/barreiroweb.eu\/wp-content\/uploads\/2015\/11\/flyer_natal-copy-2-220x300.jpg\" alt=\"flyer_natal copy (2)\" width=\"220\" height=\"300\" srcset=\"https:\/\/arquivo.barreiroweb.net\/wp-content\/uploads\/2015\/11\/flyer_natal-copy-2-220x300.jpg 220w, https:\/\/arquivo.barreiroweb.net\/wp-content\/uploads\/2015\/11\/flyer_natal-copy-2.jpg 470w\" sizes=\"auto, (max-width: 220px) 100vw, 220px\" \/><\/a>21-22-23 DEZ | 28-29-30 DEZ<\/p>\n<p><span data-offset-key=\"98uda-0-0\">PRE\u00c7OS POR ATELIER (3 dias)<\/span><\/p>\n<p><span data-offset-key=\"bt8j2-0-0\">24\u20ac &#8211; meio tempo (manh\u00e3s ou tardes) <\/span><\/p>\n<p><span data-offset-key=\"4s5e0-0-0\">42\u20ac- tempo completo<\/span><\/p>\n<p><span data-offset-key=\"1n056-0-0\">Manh\u00e3s &#8211; 9h00 &#8211; 12h30<\/span><\/p>\n<p><span data-offset-key=\"am2ta-0-0\">Tardes &#8211; 14h00 &#8211; 17h30<\/span><\/p>\n<p><span data-offset-key=\"3cedj-0-0\">Idades dos 5 aos 14 anos<\/span><\/p>\n<p><span data-offset-key=\"6ucts-0-0\">O objectivo \u00e9 que cada crian\u00e7a realize um trabalho individual e participe numa obra colectiva, tendo como ponto de partida a obra de um artista conceituado. Cada aluno ter\u00e1 de elaborar uma pintura em acr\u00edlico sobre tela. O trabalho \u00e9 colectivo ser\u00e1 a cria\u00e7\u00e3o de uma escultura com materiais reciclados.<\/span><\/p>\n<p><span data-offset-key=\"2j25k-0-0\">Os valores incluem material para os trabalhos. As crian\u00e7as que v\u00e3o os dias completos podem levar lanche\/almo\u00e7o e comer no refeit\u00f3rio do Atelier.<\/span><\/p>\n<p><span data-offset-key=\"femnc-0-0\">INSCRI\u00c7\u00d5ES:<\/span><\/p>\n<p><span data-offset-key=\"2b8e0-0-0\">Atelier de Artes Visuais Pedro Espanhol<\/span><\/p>\n<p><span data-offset-key=\"3dtt7-0-0\">Rua dos Instituto dos Ferrovi\u00e1rios do Sul e Sueste, n 1A<\/span><\/p>\n<p><span data-offset-key=\"34v6u-0-0\">Barreiro<\/span><\/p>\n<p><a href=\"mailto:atelierpedroespanhol@hotmail.com\"><span data-offset-key=\"agpvs-0-0\">atelierpedroespanhol@hotmail.com<\/span><\/a> | 969706377<\/p>\n","protected":false},"excerpt":{"rendered":"<p>21-22-23 DEZ | 28-29-30 DEZ PRE\u00c7OS POR ATELIER (3 dias) 24\u20ac &#8211; meio tempo (manh\u00e3s ou tardes) 42\u20ac- tempo completo Manh\u00e3s &#8211; 9h00 &#8211; 12h30 Tardes &#8211; 14h00 &#8211; 17h30 Idades dos 5 aos 14 anos O objectivo \u00e9 que cada crian\u00e7a realize um trabalho individual e participe numa obra colectiva, tendo como ponto de [&hellip;]<\/p>\n","protected":false},"author":1,"featured_media":13910,"comment_status":"open","ping_status":"open","sticky":false,"template":"","format":"standard","meta":{"footnotes":""},"categories":[636,634],"tags":[770,41],"class_list":["post-13909","post","type-post","status-publish","format-standard","has-post-thumbnail","hentry","category-artes","category-miudos","tag-atelier-de-artes-visuais-pedro-espanhol","tag-barreiro","last_archivepost"],"yoast_head":"<!-- This site is optimized with the Yoast SEO plugin v27.1.1 - https:\/\/yoast.com\/product\/yoast-seo-wordpress\/ -->\n<title>ATELIERS PARA CRIAN\u00c7AS E JOVENS | F\u00e9rias de Natal - barreiroweb<\/title>\n<meta name=\"robots\" content=\"index, follow, max-snippet:-1, max-image-preview:large, max-video-preview:-1\" \/>\n<link rel=\"canonical\" href=\"https:\/\/arquivo.barreiroweb.net\/?p=13909\" \/>\n<meta property=\"og:locale\" content=\"pt_PT\" \/>\n<meta property=\"og:type\" content=\"article\" \/>\n<meta property=\"og:title\" content=\"ATELIERS PARA CRIAN\u00c7AS E JOVENS | F\u00e9rias de Natal - barreiroweb\" \/>\n<meta property=\"og:description\" content=\"21-22-23 DEZ | 28-29-30 DEZ PRE\u00c7OS POR ATELIER (3 dias) 24\u20ac &#8211; meio tempo (manh\u00e3s ou tardes) 42\u20ac- tempo completo Manh\u00e3s &#8211; 9h00 &#8211; 12h30 Tardes &#8211; 14h00 &#8211; 17h30 Idades dos 5 aos 14 anos O objectivo \u00e9 que cada crian\u00e7a realize um trabalho individual e participe numa obra colectiva, tendo como ponto de [&hellip;]\" \/>\n<meta property=\"og:url\" content=\"https:\/\/arquivo.barreiroweb.net\/?p=13909\" \/>\n<meta property=\"og:site_name\" content=\"barreiroweb\" \/>\n<meta property=\"article:publisher\" content=\"https:\/\/www.facebook.com\/barreiroweb\" \/>\n<meta property=\"article:published_time\" content=\"2015-11-28T00:08:21+00:00\" \/>\n<meta property=\"og:image\" content=\"https:\/\/arquivo.barreiroweb.net\/wp-content\/uploads\/2015\/11\/flyer_natal-copy-2.jpg\" \/>\n\t<meta property=\"og:image:width\" content=\"470\" \/>\n\t<meta property=\"og:image:height\" content=\"640\" \/>\n\t<meta property=\"og:image:type\" content=\"image\/jpeg\" \/>\n<meta name=\"author\" content=\"barreiroweb\" \/>\n<meta name=\"twitter:card\" content=\"summary_large_image\" \/>\n<meta name=\"twitter:creator\" content=\"@barreiroweb\" \/>\n<meta name=\"twitter:site\" content=\"@barreiroweb\" \/>\n<meta name=\"twitter:label1\" content=\"Escrito por\" \/>\n\t<meta name=\"twitter:data1\" content=\"barreiroweb\" \/>\n\t<meta name=\"twitter:label2\" content=\"Tempo estimado de leitura\" \/>\n\t<meta name=\"twitter:data2\" content=\"1 minuto\" \/>\n<script type=\"application\/ld+json\" class=\"yoast-schema-graph\">{\"@context\":\"https:\/\/schema.org\",\"@graph\":[{\"@type\":\"Article\",\"@id\":\"https:\/\/arquivo.barreiroweb.net\/?p=13909#article\",\"isPartOf\":{\"@id\":\"https:\/\/arquivo.barreiroweb.net\/?p=13909\"},\"author\":{\"name\":\"barreiroweb\",\"@id\":\"https:\/\/arquivo.barreiroweb.net\/#\/schema\/person\/44b6d528aff975e3786c9f475f9df2dd\"},\"headline\":\"ATELIERS PARA CRIAN\u00c7AS E JOVENS | F\u00e9rias de Natal\",\"datePublished\":\"2015-11-28T00:08:21+00:00\",\"mainEntityOfPage\":{\"@id\":\"https:\/\/arquivo.barreiroweb.net\/?p=13909\"},\"wordCount\":149,\"commentCount\":0,\"publisher\":{\"@id\":\"https:\/\/arquivo.barreiroweb.net\/#organization\"},\"image\":{\"@id\":\"https:\/\/arquivo.barreiroweb.net\/?p=13909#primaryimage\"},\"thumbnailUrl\":\"https:\/\/arquivo.barreiroweb.net\/wp-content\/uploads\/2015\/11\/flyer_natal-copy-2.jpg\",\"keywords\":[\"Atelier de Artes Visuais Pedro Espanhol\",\"barreiro\"],\"articleSection\":[\"Artes\",\"Miudos\"],\"inLanguage\":\"pt-PT\",\"potentialAction\":[{\"@type\":\"CommentAction\",\"name\":\"Comment\",\"target\":[\"https:\/\/arquivo.barreiroweb.net\/?p=13909#respond\"]}]},{\"@type\":\"WebPage\",\"@id\":\"https:\/\/arquivo.barreiroweb.net\/?p=13909\",\"url\":\"https:\/\/arquivo.barreiroweb.net\/?p=13909\",\"name\":\"ATELIERS PARA CRIAN\u00c7AS E JOVENS | F\u00e9rias de Natal - barreiroweb\",\"isPartOf\":{\"@id\":\"https:\/\/arquivo.barreiroweb.net\/#website\"},\"primaryImageOfPage\":{\"@id\":\"https:\/\/arquivo.barreiroweb.net\/?p=13909#primaryimage\"},\"image\":{\"@id\":\"https:\/\/arquivo.barreiroweb.net\/?p=13909#primaryimage\"},\"thumbnailUrl\":\"https:\/\/arquivo.barreiroweb.net\/wp-content\/uploads\/2015\/11\/flyer_natal-copy-2.jpg\",\"datePublished\":\"2015-11-28T00:08:21+00:00\",\"breadcrumb\":{\"@id\":\"https:\/\/arquivo.barreiroweb.net\/?p=13909#breadcrumb\"},\"inLanguage\":\"pt-PT\",\"potentialAction\":[{\"@type\":\"ReadAction\",\"target\":[\"https:\/\/arquivo.barreiroweb.net\/?p=13909\"]}]},{\"@type\":\"ImageObject\",\"inLanguage\":\"pt-PT\",\"@id\":\"https:\/\/arquivo.barreiroweb.net\/?p=13909#primaryimage\",\"url\":\"https:\/\/arquivo.barreiroweb.net\/wp-content\/uploads\/2015\/11\/flyer_natal-copy-2.jpg\",\"contentUrl\":\"https:\/\/arquivo.barreiroweb.net\/wp-content\/uploads\/2015\/11\/flyer_natal-copy-2.jpg\",\"width\":470,\"height\":640},{\"@type\":\"BreadcrumbList\",\"@id\":\"https:\/\/arquivo.barreiroweb.net\/?p=13909#breadcrumb\",\"itemListElement\":[{\"@type\":\"ListItem\",\"position\":1,\"name\":\"In\u00edcio\",\"item\":\"https:\/\/arquivo.barreiroweb.net\/\"},{\"@type\":\"ListItem\",\"position\":2,\"name\":\"ATELIERS PARA CRIAN\u00c7AS E JOVENS | F\u00e9rias de Natal\"}]},{\"@type\":\"WebSite\",\"@id\":\"https:\/\/arquivo.barreiroweb.net\/#website\",\"url\":\"https:\/\/arquivo.barreiroweb.net\/\",\"name\":\"barreiroweb\",\"description\":\"Barreiroweb o barreiro na web\",\"publisher\":{\"@id\":\"https:\/\/arquivo.barreiroweb.net\/#organization\"},\"potentialAction\":[{\"@type\":\"SearchAction\",\"target\":{\"@type\":\"EntryPoint\",\"urlTemplate\":\"https:\/\/arquivo.barreiroweb.net\/?s={search_term_string}\"},\"query-input\":{\"@type\":\"PropertyValueSpecification\",\"valueRequired\":true,\"valueName\":\"search_term_string\"}}],\"inLanguage\":\"pt-PT\"},{\"@type\":\"Organization\",\"@id\":\"https:\/\/arquivo.barreiroweb.net\/#organization\",\"name\":\"barreiroweb\",\"url\":\"https:\/\/arquivo.barreiroweb.net\/\",\"logo\":{\"@type\":\"ImageObject\",\"inLanguage\":\"pt-PT\",\"@id\":\"https:\/\/arquivo.barreiroweb.net\/#\/schema\/logo\/image\/\",\"url\":\"https:\/\/barreiroweb.net\/wp-content\/uploads\/2022\/05\/BarreiroWeb555.jpg\",\"contentUrl\":\"https:\/\/barreiroweb.net\/wp-content\/uploads\/2022\/05\/BarreiroWeb555.jpg\",\"width\":421,\"height\":415,\"caption\":\"barreiroweb\"},\"image\":{\"@id\":\"https:\/\/arquivo.barreiroweb.net\/#\/schema\/logo\/image\/\"},\"sameAs\":[\"https:\/\/www.facebook.com\/barreiroweb\",\"https:\/\/x.com\/barreiroweb\"]},{\"@type\":\"Person\",\"@id\":\"https:\/\/arquivo.barreiroweb.net\/#\/schema\/person\/44b6d528aff975e3786c9f475f9df2dd\",\"name\":\"barreiroweb\",\"image\":{\"@type\":\"ImageObject\",\"inLanguage\":\"pt-PT\",\"@id\":\"https:\/\/arquivo.barreiroweb.net\/#\/schema\/person\/image\/\",\"url\":\"https:\/\/secure.gravatar.com\/avatar\/1f764b917967430404ff0b452044eb63a25d64a5363b25be2aa42273930f477d?s=96&d=mm&r=g\",\"contentUrl\":\"https:\/\/secure.gravatar.com\/avatar\/1f764b917967430404ff0b452044eb63a25d64a5363b25be2aa42273930f477d?s=96&d=mm&r=g\",\"caption\":\"barreiroweb\"},\"url\":\"https:\/\/arquivo.barreiroweb.net\/?author=1\"}]}<\/script>\n<!-- \/ Yoast SEO plugin. -->","yoast_head_json":{"title":"ATELIERS PARA CRIAN\u00c7AS E JOVENS | F\u00e9rias de Natal - barreiroweb","robots":{"index":"index","follow":"follow","max-snippet":"max-snippet:-1","max-image-preview":"max-image-preview:large","max-video-preview":"max-video-preview:-1"},"canonical":"https:\/\/arquivo.barreiroweb.net\/?p=13909","og_locale":"pt_PT","og_type":"article","og_title":"ATELIERS PARA CRIAN\u00c7AS E JOVENS | F\u00e9rias de Natal - barreiroweb","og_description":"21-22-23 DEZ | 28-29-30 DEZ PRE\u00c7OS POR ATELIER (3 dias) 24\u20ac &#8211; meio tempo (manh\u00e3s ou tardes) 42\u20ac- tempo completo Manh\u00e3s &#8211; 9h00 &#8211; 12h30 Tardes &#8211; 14h00 &#8211; 17h30 Idades dos 5 aos 14 anos O objectivo \u00e9 que cada crian\u00e7a realize um trabalho individual e participe numa obra colectiva, tendo como ponto de [&hellip;]","og_url":"https:\/\/arquivo.barreiroweb.net\/?p=13909","og_site_name":"barreiroweb","article_publisher":"https:\/\/www.facebook.com\/barreiroweb","article_published_time":"2015-11-28T00:08:21+00:00","og_image":[{"width":470,"height":640,"url":"https:\/\/arquivo.barreiroweb.net\/wp-content\/uploads\/2015\/11\/flyer_natal-copy-2.jpg","type":"image\/jpeg"}],"author":"barreiroweb","twitter_card":"summary_large_image","twitter_creator":"@barreiroweb","twitter_site":"@barreiroweb","twitter_misc":{"Escrito por":"barreiroweb","Tempo estimado de leitura":"1 minuto"},"schema":{"@context":"https:\/\/schema.org","@graph":[{"@type":"Article","@id":"https:\/\/arquivo.barreiroweb.net\/?p=13909#article","isPartOf":{"@id":"https:\/\/arquivo.barreiroweb.net\/?p=13909"},"author":{"name":"barreiroweb","@id":"https:\/\/arquivo.barreiroweb.net\/#\/schema\/person\/44b6d528aff975e3786c9f475f9df2dd"},"headline":"ATELIERS PARA CRIAN\u00c7AS E JOVENS | F\u00e9rias de Natal","datePublished":"2015-11-28T00:08:21+00:00","mainEntityOfPage":{"@id":"https:\/\/arquivo.barreiroweb.net\/?p=13909"},"wordCount":149,"commentCount":0,"publisher":{"@id":"https:\/\/arquivo.barreiroweb.net\/#organization"},"image":{"@id":"https:\/\/arquivo.barreiroweb.net\/?p=13909#primaryimage"},"thumbnailUrl":"https:\/\/arquivo.barreiroweb.net\/wp-content\/uploads\/2015\/11\/flyer_natal-copy-2.jpg","keywords":["Atelier de Artes Visuais Pedro Espanhol","barreiro"],"articleSection":["Artes","Miudos"],"inLanguage":"pt-PT","potentialAction":[{"@type":"CommentAction","name":"Comment","target":["https:\/\/arquivo.barreiroweb.net\/?p=13909#respond"]}]},{"@type":"WebPage","@id":"https:\/\/arquivo.barreiroweb.net\/?p=13909","url":"https:\/\/arquivo.barreiroweb.net\/?p=13909","name":"ATELIERS PARA CRIAN\u00c7AS E JOVENS | F\u00e9rias de Natal - barreiroweb","isPartOf":{"@id":"https:\/\/arquivo.barreiroweb.net\/#website"},"primaryImageOfPage":{"@id":"https:\/\/arquivo.barreiroweb.net\/?p=13909#primaryimage"},"image":{"@id":"https:\/\/arquivo.barreiroweb.net\/?p=13909#primaryimage"},"thumbnailUrl":"https:\/\/arquivo.barreiroweb.net\/wp-content\/uploads\/2015\/11\/flyer_natal-copy-2.jpg","datePublished":"2015-11-28T00:08:21+00:00","breadcrumb":{"@id":"https:\/\/arquivo.barreiroweb.net\/?p=13909#breadcrumb"},"inLanguage":"pt-PT","potentialAction":[{"@type":"ReadAction","target":["https:\/\/arquivo.barreiroweb.net\/?p=13909"]}]},{"@type":"ImageObject","inLanguage":"pt-PT","@id":"https:\/\/arquivo.barreiroweb.net\/?p=13909#primaryimage","url":"https:\/\/arquivo.barreiroweb.net\/wp-content\/uploads\/2015\/11\/flyer_natal-copy-2.jpg","contentUrl":"https:\/\/arquivo.barreiroweb.net\/wp-content\/uploads\/2015\/11\/flyer_natal-copy-2.jpg","width":470,"height":640},{"@type":"BreadcrumbList","@id":"https:\/\/arquivo.barreiroweb.net\/?p=13909#breadcrumb","itemListElement":[{"@type":"ListItem","position":1,"name":"In\u00edcio","item":"https:\/\/arquivo.barreiroweb.net\/"},{"@type":"ListItem","position":2,"name":"ATELIERS PARA CRIAN\u00c7AS E JOVENS | F\u00e9rias de Natal"}]},{"@type":"WebSite","@id":"https:\/\/arquivo.barreiroweb.net\/#website","url":"https:\/\/arquivo.barreiroweb.net\/","name":"barreiroweb","description":"Barreiroweb o barreiro na web","publisher":{"@id":"https:\/\/arquivo.barreiroweb.net\/#organization"},"potentialAction":[{"@type":"SearchAction","target":{"@type":"EntryPoint","urlTemplate":"https:\/\/arquivo.barreiroweb.net\/?s={search_term_string}"},"query-input":{"@type":"PropertyValueSpecification","valueRequired":true,"valueName":"search_term_string"}}],"inLanguage":"pt-PT"},{"@type":"Organization","@id":"https:\/\/arquivo.barreiroweb.net\/#organization","name":"barreiroweb","url":"https:\/\/arquivo.barreiroweb.net\/","logo":{"@type":"ImageObject","inLanguage":"pt-PT","@id":"https:\/\/arquivo.barreiroweb.net\/#\/schema\/logo\/image\/","url":"https:\/\/barreiroweb.net\/wp-content\/uploads\/2022\/05\/BarreiroWeb555.jpg","contentUrl":"https:\/\/barreiroweb.net\/wp-content\/uploads\/2022\/05\/BarreiroWeb555.jpg","width":421,"height":415,"caption":"barreiroweb"},"image":{"@id":"https:\/\/arquivo.barreiroweb.net\/#\/schema\/logo\/image\/"},"sameAs":["https:\/\/www.facebook.com\/barreiroweb","https:\/\/x.com\/barreiroweb"]},{"@type":"Person","@id":"https:\/\/arquivo.barreiroweb.net\/#\/schema\/person\/44b6d528aff975e3786c9f475f9df2dd","name":"barreiroweb","image":{"@type":"ImageObject","inLanguage":"pt-PT","@id":"https:\/\/arquivo.barreiroweb.net\/#\/schema\/person\/image\/","url":"https:\/\/secure.gravatar.com\/avatar\/1f764b917967430404ff0b452044eb63a25d64a5363b25be2aa42273930f477d?s=96&d=mm&r=g","contentUrl":"https:\/\/secure.gravatar.com\/avatar\/1f764b917967430404ff0b452044eb63a25d64a5363b25be2aa42273930f477d?s=96&d=mm&r=g","caption":"barreiroweb"},"url":"https:\/\/arquivo.barreiroweb.net\/?author=1"}]}},"_links":{"self":[{"href":"https:\/\/arquivo.barreiroweb.net\/index.php?rest_route=\/wp\/v2\/posts\/13909","targetHints":{"allow":["GET"]}}],"collection":[{"href":"https:\/\/arquivo.barreiroweb.net\/index.php?rest_route=\/wp\/v2\/posts"}],"about":[{"href":"https:\/\/arquivo.barreiroweb.net\/index.php?rest_route=\/wp\/v2\/types\/post"}],"author":[{"embeddable":true,"href":"https:\/\/arquivo.barreiroweb.net\/index.php?rest_route=\/wp\/v2\/users\/1"}],"replies":[{"embeddable":true,"href":"https:\/\/arquivo.barreiroweb.net\/index.php?rest_route=%2Fwp%2Fv2%2Fcomments&post=13909"}],"version-history":[{"count":1,"href":"https:\/\/arquivo.barreiroweb.net\/index.php?rest_route=\/wp\/v2\/posts\/13909\/revisions"}],"predecessor-version":[{"id":13911,"href":"https:\/\/arquivo.barreiroweb.net\/index.php?rest_route=\/wp\/v2\/posts\/13909\/revisions\/13911"}],"wp:featuredmedia":[{"embeddable":true,"href":"https:\/\/arquivo.barreiroweb.net\/index.php?rest_route=\/wp\/v2\/media\/13910"}],"wp:attachment":[{"href":"https:\/\/arquivo.barreiroweb.net\/index.php?rest_route=%2Fwp%2Fv2%2Fmedia&parent=13909"}],"wp:term":[{"taxonomy":"category","embeddable":true,"href":"https:\/\/arquivo.barreiroweb.net\/index.php?rest_route=%2Fwp%2Fv2%2Fcategories&post=13909"},{"taxonomy":"post_tag","embeddable":true,"href":"https:\/\/arquivo.barreiroweb.net\/index.php?rest_route=%2Fwp%2Fv2%2Ftags&post=13909"}],"curies":[{"name":"wp","href":"https:\/\/api.w.org\/{rel}","templated":true}]}}