{"id":139,"date":"2011-01-05T02:15:09","date_gmt":"2011-01-05T02:15:09","guid":{"rendered":"http:\/\/barreiroweb.eu\/?p=139"},"modified":"2011-01-05T02:16:48","modified_gmt":"2011-01-05T02:16:48","slug":"a-conferencia-de-imprensa-dada-pela-presidente-do-ine-nao-esclareceu-nada-sobre-as-duvidas-mais-importantes-e-deixou-ainda-mais-duvidas","status":"publish","type":"post","link":"https:\/\/arquivo.barreiroweb.net\/?p=139","title":{"rendered":"A CONFER\u00caNCIA DE IMPRENSA DADA PELA PRESIDENTE DO INE N\u00c3O ESCLARECEU NADA SOBRE AS D\u00daVIDAS  MAIS IMPORTANTES, E DEIXOU AINDA MAIS D\u00daVIDAS"},"content":{"rendered":"<p style=\"text-align: justify;\"><a rel=\"attachment wp-att-66\" href=\"http:\/\/barreiroweb.eu\/?attachment_id=66\"><img loading=\"lazy\" decoding=\"async\" class=\"alignleft size-thumbnail wp-image-66\" title=\"eugeniorosa2[1]\" src=\"http:\/\/barreiroweb.eu\/wp-content\/uploads\/2011\/01\/eugeniorosa21-150x150.jpg\" alt=\"\" width=\"150\" height=\"150\" srcset=\"https:\/\/arquivo.barreiroweb.net\/wp-content\/uploads\/2011\/01\/eugeniorosa21-150x150.jpg 150w, https:\/\/arquivo.barreiroweb.net\/wp-content\/uploads\/2011\/01\/eugeniorosa21-50x50.jpg 50w, https:\/\/arquivo.barreiroweb.net\/wp-content\/uploads\/2011\/01\/eugeniorosa21-70x70.jpg 70w, https:\/\/arquivo.barreiroweb.net\/wp-content\/uploads\/2011\/01\/eugeniorosa21-55x55.jpg 55w, https:\/\/arquivo.barreiroweb.net\/wp-content\/uploads\/2011\/01\/eugeniorosa21.jpg 160w\" sizes=\"auto, (max-width: 150px) 100vw, 150px\" \/><\/a>A credibibilidade e fiabilidade tecnica dos dados sobre o desemprego em Portugal \u00e9 uma quest\u00e3o chave para conhecer a sua verdadeira dimens\u00e3o e caracteristicas, o que \u00e9 fundamental para que sejam tomadas medidas adequadas, e n\u00e3o \u00e9 uma mera quest\u00e3o de reduzida importancia ou uma quest\u00e3o que interessa apenas aos tecnicos.<\/p>\n<p style=\"text-align: justify;\">A meu ver a altera\u00e7\u00e3o metodol\u00f3gica que o INE pretende fazer e a forma como tenciona fazer pode p\u00f4r em causa a fiabilidade tecnica dos dados apurados no futuro.<\/p>\n<p style=\"text-align: justify;\">\u00c9 por essa raz\u00e3o e porque a presidente do INE n\u00e3o esclareceu as duvidas tecnicas mais importantes (at\u00e9 deixou mais) na conferencia de impreensa que deu,que insisto nesta mat\u00e9ria enumerando algumas das quest\u00f5es importantes que n\u00e3o foram esclarecidas pelos respons\u00e1veis do INE e que era necess\u00e1rio que o fossem antes da aplica\u00e7\u00e3o da altera\u00e7\u00e3o metodol\u00f3gica no apuramento dos do emprego e desemprego em Portugal.<\/p>\n<p style=\"text-align: justify;\"><!--more--><\/p>\n<p style=\"text-align: justify;\">J\u00e1 depois de termos elaborado a nota anterior sobre a altera\u00e7\u00e3o metodol\u00f3gica que o INE pretende introduzir a n\u00edvel do inqu\u00e9rito sobre o emprego e desemprego em Portugal, e perante a critica generalizada, a presidente do INE deu uma conferencia de imprensa que tinha como objectivo, segundo os respons\u00e1veis do INE, esclarecer as d\u00favidas que se levantaram sobre a fiabilidade futura dos dados sobre o desemprego. No entanto, nessa conferencia, de acordo com os relatos dos \u00f3rg\u00e3os de comunica\u00e7\u00e3o social, \u00a0a presidente, que se irritou quando as perguntas eram inc\u00f3modas, n\u00e3o esclareceu sobre as quest\u00f5es mais importante, tendo deixado ainda mais duvidas sobre a fiabilidade\u00a0 t\u00e9cnica dos dados futuros sobre o desemprego em Portugal.<\/p>\n<p style=\"text-align: justify;\">Em primeiro lugar, a respons\u00e1vel pelo INE informou que s\u00f3 a primeira entrevista seria presencial e as seguintes seriam feitas \u00e0s mesmas pessoas, se elas aceitassem, atrav\u00e9s de telefone. No entanto, n\u00e3o esclareceu como \u00e9 que resolveria o problema dos que n\u00e3o t\u00eam telefone, porque n\u00e3o t\u00eam dinheiro para o pagar. Ser\u00e1 que o INE vai oferecer um telefone? . Ou ser\u00e3o exclu\u00eddos no futuro?<\/p>\n<p style=\"text-align: justify;\">Em segundo lugar, e isso, a nosso ver, \u00e9 mais grave porque p\u00f5e em causa a credibilidade cientifica dos resultados, a amostra deixaria de ser aleat\u00f3ria a partir da primeira entrevista, passando a ser fixa, j\u00e1 que seriam depois inquiridos sempre os mesmos. Por outras palavras, s\u00f3 na primeira vez \u00e9 que os inquiridos seriam escolhidos aleatoriamente (ao acaso de uma forma cientifica), e depois seriam os mesmos, ou seja, fixos. A fixac\u00e7\u00e3o da amostra ao longo do tempo permite, como \u00e9 evidente, manipula\u00e7\u00f5es f\u00e1ceis. Basta arranjar emprego para um conjunto de inquiridos, e como s\u00e3o fixos ao longo de v\u00e1rios trimestres h\u00e1 tempo para isso, e desta forma alteram-se os resultados. S\u00f3 a introdu\u00e7\u00e3o da aleatoriedade na constru\u00e7\u00e3o da amostra em cada trimestre \u00e9 que permitiria, a nosso ver, garantir, por um lado, a representatividade da amostra e, por outro lado, que aquela manipula\u00e7\u00e3o fosse praticamente imposs\u00edvel, j\u00e1 que os inquiridos poderiam ou mesmo mudariam em cada inqu\u00e9rito impedindo assim que pudesse haver\u00a0 certeza de que qualquer processo de manipula\u00e7\u00e3o resultaria, o que o desmotivaria \u00e0 partida .<\/p>\n<p style=\"text-align: justify;\">Finalmente, outra quest\u00e3o que a respons\u00e1vel do INE n\u00e3o esclareceu, e isso \u00e9 grave sob o ponto de vista de credibilidade t\u00e9cnica dos resultados do inqu\u00e9rito (e n\u00e3o s\u00f3), \u00e9 a quebra da s\u00e9rie\u00a0 temporal (continuidade temporal) dos dados do inqu\u00e9rito, ou seja, a impossibilidade de comparar os dados sobre o desemprego obtidos em 2001 e nos anos seguintes com os dos anos anteriores a 2011. Esta quebra de continuidade deve ter como raz\u00e3o a elimina\u00e7\u00e3o de v\u00e1rias perguntas que existiam no inqu\u00e9rito anterior e que deixar\u00e3o de constar do novo inqu\u00e9rito. E as quest\u00f5es que interessava que tivessem sido esclarecidas e que n\u00e3o foram, de acordo com o divulgado pelos \u00f3rg\u00e3os de comunica\u00e7\u00e3o social, foram as seguintes: Que perguntas foram eliminadas? Por que raz\u00e3o foram eliminadas? Quais as compara\u00e7\u00f5es com os dados anteriores que deixaram de se poder fazer? E qual a sua import\u00e2ncia para se poder ter dados completos cred\u00edveis sobre o emprego e desemprego efectivo e real em Portugal e suas caracter\u00edsticas?.<\/p>\n<p style=\"text-align: justify;\">Portanto, tudo isto s\u00e3o quest\u00f5es que deviam ter sido, a nosso ver, total e cabalmente esclarecidas pelos respons\u00e1veis do INE e que, segundo os dados divulgados pelos media, parece que n\u00e3o foram.<\/p>\n<p style=\"text-align: justify;\">A justifica\u00e7\u00e3o dada pela respons\u00e1vel pelo INE de que a taxa de respostas tinha diminu\u00eddo n\u00e3o colhe, at\u00e9 porque estudos realizados levaram \u00e0 conclus\u00e3o que a taxa de resposta \u00e9 superior nos inqu\u00e9ritos presenciais do que nos inqu\u00e9ritos feitos por telefone. Assim tamb\u00e9m n\u00e3o colhe a justifica\u00e7\u00e3o de que o INE j\u00e1 tinha gasto centenas de milhares euros \u00a0na montagem de uma esp\u00e9cie de \u201ccall center\u201d para fazer inqu\u00e9ritos, e que agora n\u00e3o podia \u00a0recuar. Antes de o fazer deviam ter analisado muito bem todas aquelas quest\u00f5es e esclarecido cabalmente tanto os parceiros sociais como todo o Pa\u00eds, pois o que est\u00e1 em jogo \u00e9 a credibilidade t\u00e9cnica de dados sobre o problema social mais grave e dram\u00e1tico que os portugueses enfrentam neste momento. Esperamos que o bom senso impere neste campo, e que os respons\u00e1veis do INE fa\u00e7am o trabalho que parece n\u00e3o quiseram ou n\u00e3o souberam fazer.<\/p>\n<p style=\"text-align: right;\"><strong>Eug\u00e9nio Rosa<\/strong><strong><\/strong><\/p>\n<p style=\"text-align: right;\"><strong>Economista<\/strong><\/p>\n","protected":false},"excerpt":{"rendered":"<p>A credibibilidade e fiabilidade tecnica dos dados sobre o desemprego em Portugal \u00e9 uma quest\u00e3o chave para conhecer a sua verdadeira dimens\u00e3o e caracteristicas, o que \u00e9 fundamental para que sejam tomadas medidas adequadas, e n\u00e3o \u00e9 uma mera quest\u00e3o de reduzida importancia ou uma quest\u00e3o que interessa apenas aos tecnicos. A meu ver a [&hellip;]<\/p>\n","protected":false},"author":1,"featured_media":66,"comment_status":"open","ping_status":"open","sticky":false,"template":"","format":"standard","meta":{"footnotes":""},"categories":[13],"tags":[],"class_list":["post-139","post","type-post","status-publish","format-standard","has-post-thumbnail","hentry","category-musica","last_archivepost"],"yoast_head":"<!-- This site is optimized with the Yoast SEO plugin v27.1.1 - https:\/\/yoast.com\/product\/yoast-seo-wordpress\/ -->\n<title>A CONFER\u00caNCIA DE IMPRENSA DADA PELA PRESIDENTE DO INE N\u00c3O ESCLARECEU NADA SOBRE AS D\u00daVIDAS MAIS IMPORTANTES, E DEIXOU AINDA MAIS D\u00daVIDAS - barreiroweb<\/title>\n<meta name=\"robots\" content=\"index, follow, max-snippet:-1, max-image-preview:large, max-video-preview:-1\" \/>\n<link rel=\"canonical\" href=\"https:\/\/arquivo.barreiroweb.net\/?p=139\" \/>\n<meta property=\"og:locale\" content=\"pt_PT\" \/>\n<meta property=\"og:type\" content=\"article\" \/>\n<meta property=\"og:title\" content=\"A CONFER\u00caNCIA DE IMPRENSA DADA PELA PRESIDENTE DO INE N\u00c3O ESCLARECEU NADA SOBRE AS D\u00daVIDAS MAIS IMPORTANTES, E DEIXOU AINDA MAIS D\u00daVIDAS - barreiroweb\" \/>\n<meta property=\"og:description\" content=\"A credibibilidade e fiabilidade tecnica dos dados sobre o desemprego em Portugal \u00e9 uma quest\u00e3o chave para conhecer a sua verdadeira dimens\u00e3o e caracteristicas, o que \u00e9 fundamental para que sejam tomadas medidas adequadas, e n\u00e3o \u00e9 uma mera quest\u00e3o de reduzida importancia ou uma quest\u00e3o que interessa apenas aos tecnicos. A meu ver a [&hellip;]\" \/>\n<meta property=\"og:url\" content=\"https:\/\/arquivo.barreiroweb.net\/?p=139\" \/>\n<meta property=\"og:site_name\" content=\"barreiroweb\" \/>\n<meta property=\"article:publisher\" content=\"https:\/\/www.facebook.com\/barreiroweb\" \/>\n<meta property=\"article:published_time\" content=\"2011-01-05T02:15:09+00:00\" \/>\n<meta property=\"article:modified_time\" content=\"2011-01-05T02:16:48+00:00\" \/>\n<meta property=\"og:image\" content=\"https:\/\/arquivo.barreiroweb.net\/wp-content\/uploads\/2011\/01\/eugeniorosa21.jpg\" \/>\n\t<meta property=\"og:image:width\" content=\"160\" \/>\n\t<meta property=\"og:image:height\" content=\"159\" \/>\n\t<meta property=\"og:image:type\" content=\"image\/jpeg\" \/>\n<meta name=\"author\" content=\"barreiroweb\" \/>\n<meta name=\"twitter:card\" content=\"summary_large_image\" \/>\n<meta name=\"twitter:creator\" content=\"@barreiroweb\" \/>\n<meta name=\"twitter:site\" content=\"@barreiroweb\" \/>\n<meta name=\"twitter:label1\" content=\"Escrito por\" \/>\n\t<meta name=\"twitter:data1\" content=\"barreiroweb\" \/>\n\t<meta name=\"twitter:label2\" content=\"Tempo estimado de leitura\" \/>\n\t<meta name=\"twitter:data2\" content=\"5 minutos\" \/>\n<script type=\"application\/ld+json\" class=\"yoast-schema-graph\">{\"@context\":\"https:\/\/schema.org\",\"@graph\":[{\"@type\":\"Article\",\"@id\":\"https:\/\/arquivo.barreiroweb.net\/?p=139#article\",\"isPartOf\":{\"@id\":\"https:\/\/arquivo.barreiroweb.net\/?p=139\"},\"author\":{\"name\":\"barreiroweb\",\"@id\":\"https:\/\/arquivo.barreiroweb.net\/#\/schema\/person\/44b6d528aff975e3786c9f475f9df2dd\"},\"headline\":\"A CONFER\u00caNCIA DE IMPRENSA DADA PELA PRESIDENTE DO INE N\u00c3O ESCLARECEU NADA SOBRE AS D\u00daVIDAS MAIS IMPORTANTES, E DEIXOU AINDA MAIS D\u00daVIDAS\",\"datePublished\":\"2011-01-05T02:15:09+00:00\",\"dateModified\":\"2011-01-05T02:16:48+00:00\",\"mainEntityOfPage\":{\"@id\":\"https:\/\/arquivo.barreiroweb.net\/?p=139\"},\"wordCount\":960,\"commentCount\":0,\"publisher\":{\"@id\":\"https:\/\/arquivo.barreiroweb.net\/#organization\"},\"image\":{\"@id\":\"https:\/\/arquivo.barreiroweb.net\/?p=139#primaryimage\"},\"thumbnailUrl\":\"https:\/\/arquivo.barreiroweb.net\/wp-content\/uploads\/2011\/01\/eugeniorosa21.jpg\",\"articleSection\":[\"Musica\"],\"inLanguage\":\"pt-PT\",\"potentialAction\":[{\"@type\":\"CommentAction\",\"name\":\"Comment\",\"target\":[\"https:\/\/arquivo.barreiroweb.net\/?p=139#respond\"]}]},{\"@type\":\"WebPage\",\"@id\":\"https:\/\/arquivo.barreiroweb.net\/?p=139\",\"url\":\"https:\/\/arquivo.barreiroweb.net\/?p=139\",\"name\":\"A CONFER\u00caNCIA DE IMPRENSA DADA PELA PRESIDENTE DO INE N\u00c3O ESCLARECEU NADA SOBRE AS D\u00daVIDAS MAIS IMPORTANTES, E DEIXOU AINDA MAIS D\u00daVIDAS - barreiroweb\",\"isPartOf\":{\"@id\":\"https:\/\/arquivo.barreiroweb.net\/#website\"},\"primaryImageOfPage\":{\"@id\":\"https:\/\/arquivo.barreiroweb.net\/?p=139#primaryimage\"},\"image\":{\"@id\":\"https:\/\/arquivo.barreiroweb.net\/?p=139#primaryimage\"},\"thumbnailUrl\":\"https:\/\/arquivo.barreiroweb.net\/wp-content\/uploads\/2011\/01\/eugeniorosa21.jpg\",\"datePublished\":\"2011-01-05T02:15:09+00:00\",\"dateModified\":\"2011-01-05T02:16:48+00:00\",\"breadcrumb\":{\"@id\":\"https:\/\/arquivo.barreiroweb.net\/?p=139#breadcrumb\"},\"inLanguage\":\"pt-PT\",\"potentialAction\":[{\"@type\":\"ReadAction\",\"target\":[\"https:\/\/arquivo.barreiroweb.net\/?p=139\"]}]},{\"@type\":\"ImageObject\",\"inLanguage\":\"pt-PT\",\"@id\":\"https:\/\/arquivo.barreiroweb.net\/?p=139#primaryimage\",\"url\":\"https:\/\/arquivo.barreiroweb.net\/wp-content\/uploads\/2011\/01\/eugeniorosa21.jpg\",\"contentUrl\":\"https:\/\/arquivo.barreiroweb.net\/wp-content\/uploads\/2011\/01\/eugeniorosa21.jpg\",\"width\":\"160\",\"height\":\"159\"},{\"@type\":\"BreadcrumbList\",\"@id\":\"https:\/\/arquivo.barreiroweb.net\/?p=139#breadcrumb\",\"itemListElement\":[{\"@type\":\"ListItem\",\"position\":1,\"name\":\"In\u00edcio\",\"item\":\"https:\/\/arquivo.barreiroweb.net\/\"},{\"@type\":\"ListItem\",\"position\":2,\"name\":\"A CONFER\u00caNCIA DE IMPRENSA DADA PELA PRESIDENTE DO INE N\u00c3O ESCLARECEU NADA SOBRE AS D\u00daVIDAS MAIS IMPORTANTES, E DEIXOU AINDA MAIS D\u00daVIDAS\"}]},{\"@type\":\"WebSite\",\"@id\":\"https:\/\/arquivo.barreiroweb.net\/#website\",\"url\":\"https:\/\/arquivo.barreiroweb.net\/\",\"name\":\"barreiroweb\",\"description\":\"Barreiroweb o barreiro na web\",\"publisher\":{\"@id\":\"https:\/\/arquivo.barreiroweb.net\/#organization\"},\"potentialAction\":[{\"@type\":\"SearchAction\",\"target\":{\"@type\":\"EntryPoint\",\"urlTemplate\":\"https:\/\/arquivo.barreiroweb.net\/?s={search_term_string}\"},\"query-input\":{\"@type\":\"PropertyValueSpecification\",\"valueRequired\":true,\"valueName\":\"search_term_string\"}}],\"inLanguage\":\"pt-PT\"},{\"@type\":\"Organization\",\"@id\":\"https:\/\/arquivo.barreiroweb.net\/#organization\",\"name\":\"barreiroweb\",\"url\":\"https:\/\/arquivo.barreiroweb.net\/\",\"logo\":{\"@type\":\"ImageObject\",\"inLanguage\":\"pt-PT\",\"@id\":\"https:\/\/arquivo.barreiroweb.net\/#\/schema\/logo\/image\/\",\"url\":\"https:\/\/barreiroweb.net\/wp-content\/uploads\/2022\/05\/BarreiroWeb555.jpg\",\"contentUrl\":\"https:\/\/barreiroweb.net\/wp-content\/uploads\/2022\/05\/BarreiroWeb555.jpg\",\"width\":421,\"height\":415,\"caption\":\"barreiroweb\"},\"image\":{\"@id\":\"https:\/\/arquivo.barreiroweb.net\/#\/schema\/logo\/image\/\"},\"sameAs\":[\"https:\/\/www.facebook.com\/barreiroweb\",\"https:\/\/x.com\/barreiroweb\"]},{\"@type\":\"Person\",\"@id\":\"https:\/\/arquivo.barreiroweb.net\/#\/schema\/person\/44b6d528aff975e3786c9f475f9df2dd\",\"name\":\"barreiroweb\",\"image\":{\"@type\":\"ImageObject\",\"inLanguage\":\"pt-PT\",\"@id\":\"https:\/\/arquivo.barreiroweb.net\/#\/schema\/person\/image\/\",\"url\":\"https:\/\/secure.gravatar.com\/avatar\/1f764b917967430404ff0b452044eb63a25d64a5363b25be2aa42273930f477d?s=96&d=mm&r=g\",\"contentUrl\":\"https:\/\/secure.gravatar.com\/avatar\/1f764b917967430404ff0b452044eb63a25d64a5363b25be2aa42273930f477d?s=96&d=mm&r=g\",\"caption\":\"barreiroweb\"},\"url\":\"https:\/\/arquivo.barreiroweb.net\/?author=1\"}]}<\/script>\n<!-- \/ Yoast SEO plugin. -->","yoast_head_json":{"title":"A CONFER\u00caNCIA DE IMPRENSA DADA PELA PRESIDENTE DO INE N\u00c3O ESCLARECEU NADA SOBRE AS D\u00daVIDAS MAIS IMPORTANTES, E DEIXOU AINDA MAIS D\u00daVIDAS - barreiroweb","robots":{"index":"index","follow":"follow","max-snippet":"max-snippet:-1","max-image-preview":"max-image-preview:large","max-video-preview":"max-video-preview:-1"},"canonical":"https:\/\/arquivo.barreiroweb.net\/?p=139","og_locale":"pt_PT","og_type":"article","og_title":"A CONFER\u00caNCIA DE IMPRENSA DADA PELA PRESIDENTE DO INE N\u00c3O ESCLARECEU NADA SOBRE AS D\u00daVIDAS MAIS IMPORTANTES, E DEIXOU AINDA MAIS D\u00daVIDAS - barreiroweb","og_description":"A credibibilidade e fiabilidade tecnica dos dados sobre o desemprego em Portugal \u00e9 uma quest\u00e3o chave para conhecer a sua verdadeira dimens\u00e3o e caracteristicas, o que \u00e9 fundamental para que sejam tomadas medidas adequadas, e n\u00e3o \u00e9 uma mera quest\u00e3o de reduzida importancia ou uma quest\u00e3o que interessa apenas aos tecnicos. A meu ver a [&hellip;]","og_url":"https:\/\/arquivo.barreiroweb.net\/?p=139","og_site_name":"barreiroweb","article_publisher":"https:\/\/www.facebook.com\/barreiroweb","article_published_time":"2011-01-05T02:15:09+00:00","article_modified_time":"2011-01-05T02:16:48+00:00","og_image":[{"width":160,"height":159,"url":"https:\/\/arquivo.barreiroweb.net\/wp-content\/uploads\/2011\/01\/eugeniorosa21.jpg","type":"image\/jpeg"}],"author":"barreiroweb","twitter_card":"summary_large_image","twitter_creator":"@barreiroweb","twitter_site":"@barreiroweb","twitter_misc":{"Escrito por":"barreiroweb","Tempo estimado de leitura":"5 minutos"},"schema":{"@context":"https:\/\/schema.org","@graph":[{"@type":"Article","@id":"https:\/\/arquivo.barreiroweb.net\/?p=139#article","isPartOf":{"@id":"https:\/\/arquivo.barreiroweb.net\/?p=139"},"author":{"name":"barreiroweb","@id":"https:\/\/arquivo.barreiroweb.net\/#\/schema\/person\/44b6d528aff975e3786c9f475f9df2dd"},"headline":"A CONFER\u00caNCIA DE IMPRENSA DADA PELA PRESIDENTE DO INE N\u00c3O ESCLARECEU NADA SOBRE AS D\u00daVIDAS MAIS IMPORTANTES, E DEIXOU AINDA MAIS D\u00daVIDAS","datePublished":"2011-01-05T02:15:09+00:00","dateModified":"2011-01-05T02:16:48+00:00","mainEntityOfPage":{"@id":"https:\/\/arquivo.barreiroweb.net\/?p=139"},"wordCount":960,"commentCount":0,"publisher":{"@id":"https:\/\/arquivo.barreiroweb.net\/#organization"},"image":{"@id":"https:\/\/arquivo.barreiroweb.net\/?p=139#primaryimage"},"thumbnailUrl":"https:\/\/arquivo.barreiroweb.net\/wp-content\/uploads\/2011\/01\/eugeniorosa21.jpg","articleSection":["Musica"],"inLanguage":"pt-PT","potentialAction":[{"@type":"CommentAction","name":"Comment","target":["https:\/\/arquivo.barreiroweb.net\/?p=139#respond"]}]},{"@type":"WebPage","@id":"https:\/\/arquivo.barreiroweb.net\/?p=139","url":"https:\/\/arquivo.barreiroweb.net\/?p=139","name":"A CONFER\u00caNCIA DE IMPRENSA DADA PELA PRESIDENTE DO INE N\u00c3O ESCLARECEU NADA SOBRE AS D\u00daVIDAS MAIS IMPORTANTES, E DEIXOU AINDA MAIS D\u00daVIDAS - barreiroweb","isPartOf":{"@id":"https:\/\/arquivo.barreiroweb.net\/#website"},"primaryImageOfPage":{"@id":"https:\/\/arquivo.barreiroweb.net\/?p=139#primaryimage"},"image":{"@id":"https:\/\/arquivo.barreiroweb.net\/?p=139#primaryimage"},"thumbnailUrl":"https:\/\/arquivo.barreiroweb.net\/wp-content\/uploads\/2011\/01\/eugeniorosa21.jpg","datePublished":"2011-01-05T02:15:09+00:00","dateModified":"2011-01-05T02:16:48+00:00","breadcrumb":{"@id":"https:\/\/arquivo.barreiroweb.net\/?p=139#breadcrumb"},"inLanguage":"pt-PT","potentialAction":[{"@type":"ReadAction","target":["https:\/\/arquivo.barreiroweb.net\/?p=139"]}]},{"@type":"ImageObject","inLanguage":"pt-PT","@id":"https:\/\/arquivo.barreiroweb.net\/?p=139#primaryimage","url":"https:\/\/arquivo.barreiroweb.net\/wp-content\/uploads\/2011\/01\/eugeniorosa21.jpg","contentUrl":"https:\/\/arquivo.barreiroweb.net\/wp-content\/uploads\/2011\/01\/eugeniorosa21.jpg","width":"160","height":"159"},{"@type":"BreadcrumbList","@id":"https:\/\/arquivo.barreiroweb.net\/?p=139#breadcrumb","itemListElement":[{"@type":"ListItem","position":1,"name":"In\u00edcio","item":"https:\/\/arquivo.barreiroweb.net\/"},{"@type":"ListItem","position":2,"name":"A CONFER\u00caNCIA DE IMPRENSA DADA PELA PRESIDENTE DO INE N\u00c3O ESCLARECEU NADA SOBRE AS D\u00daVIDAS MAIS IMPORTANTES, E DEIXOU AINDA MAIS D\u00daVIDAS"}]},{"@type":"WebSite","@id":"https:\/\/arquivo.barreiroweb.net\/#website","url":"https:\/\/arquivo.barreiroweb.net\/","name":"barreiroweb","description":"Barreiroweb o barreiro na web","publisher":{"@id":"https:\/\/arquivo.barreiroweb.net\/#organization"},"potentialAction":[{"@type":"SearchAction","target":{"@type":"EntryPoint","urlTemplate":"https:\/\/arquivo.barreiroweb.net\/?s={search_term_string}"},"query-input":{"@type":"PropertyValueSpecification","valueRequired":true,"valueName":"search_term_string"}}],"inLanguage":"pt-PT"},{"@type":"Organization","@id":"https:\/\/arquivo.barreiroweb.net\/#organization","name":"barreiroweb","url":"https:\/\/arquivo.barreiroweb.net\/","logo":{"@type":"ImageObject","inLanguage":"pt-PT","@id":"https:\/\/arquivo.barreiroweb.net\/#\/schema\/logo\/image\/","url":"https:\/\/barreiroweb.net\/wp-content\/uploads\/2022\/05\/BarreiroWeb555.jpg","contentUrl":"https:\/\/barreiroweb.net\/wp-content\/uploads\/2022\/05\/BarreiroWeb555.jpg","width":421,"height":415,"caption":"barreiroweb"},"image":{"@id":"https:\/\/arquivo.barreiroweb.net\/#\/schema\/logo\/image\/"},"sameAs":["https:\/\/www.facebook.com\/barreiroweb","https:\/\/x.com\/barreiroweb"]},{"@type":"Person","@id":"https:\/\/arquivo.barreiroweb.net\/#\/schema\/person\/44b6d528aff975e3786c9f475f9df2dd","name":"barreiroweb","image":{"@type":"ImageObject","inLanguage":"pt-PT","@id":"https:\/\/arquivo.barreiroweb.net\/#\/schema\/person\/image\/","url":"https:\/\/secure.gravatar.com\/avatar\/1f764b917967430404ff0b452044eb63a25d64a5363b25be2aa42273930f477d?s=96&d=mm&r=g","contentUrl":"https:\/\/secure.gravatar.com\/avatar\/1f764b917967430404ff0b452044eb63a25d64a5363b25be2aa42273930f477d?s=96&d=mm&r=g","caption":"barreiroweb"},"url":"https:\/\/arquivo.barreiroweb.net\/?author=1"}]}},"_links":{"self":[{"href":"https:\/\/arquivo.barreiroweb.net\/index.php?rest_route=\/wp\/v2\/posts\/139","targetHints":{"allow":["GET"]}}],"collection":[{"href":"https:\/\/arquivo.barreiroweb.net\/index.php?rest_route=\/wp\/v2\/posts"}],"about":[{"href":"https:\/\/arquivo.barreiroweb.net\/index.php?rest_route=\/wp\/v2\/types\/post"}],"author":[{"embeddable":true,"href":"https:\/\/arquivo.barreiroweb.net\/index.php?rest_route=\/wp\/v2\/users\/1"}],"replies":[{"embeddable":true,"href":"https:\/\/arquivo.barreiroweb.net\/index.php?rest_route=%2Fwp%2Fv2%2Fcomments&post=139"}],"version-history":[{"count":5,"href":"https:\/\/arquivo.barreiroweb.net\/index.php?rest_route=\/wp\/v2\/posts\/139\/revisions"}],"predecessor-version":[{"id":145,"href":"https:\/\/arquivo.barreiroweb.net\/index.php?rest_route=\/wp\/v2\/posts\/139\/revisions\/145"}],"wp:featuredmedia":[{"embeddable":true,"href":"https:\/\/arquivo.barreiroweb.net\/index.php?rest_route=\/wp\/v2\/media\/66"}],"wp:attachment":[{"href":"https:\/\/arquivo.barreiroweb.net\/index.php?rest_route=%2Fwp%2Fv2%2Fmedia&parent=139"}],"wp:term":[{"taxonomy":"category","embeddable":true,"href":"https:\/\/arquivo.barreiroweb.net\/index.php?rest_route=%2Fwp%2Fv2%2Fcategories&post=139"},{"taxonomy":"post_tag","embeddable":true,"href":"https:\/\/arquivo.barreiroweb.net\/index.php?rest_route=%2Fwp%2Fv2%2Ftags&post=139"}],"curies":[{"name":"wp","href":"https:\/\/api.w.org\/{rel}","templated":true}]}}