{"id":13882,"date":"2015-11-22T23:33:49","date_gmt":"2015-11-22T23:33:49","guid":{"rendered":"http:\/\/barreiroweb.eu\/?p=13882"},"modified":"2015-11-22T23:33:49","modified_gmt":"2015-11-22T23:33:49","slug":"semana-da-diferenc","status":"publish","type":"post","link":"https:\/\/arquivo.barreiroweb.net\/?p=13882","title":{"rendered":"Semana da Diferen\u00e7@"},"content":{"rendered":"<p><strong><a href=\"http:\/\/barreiroweb.eu\/wp-content\/uploads\/2015\/11\/Semana_Diferen\u00e7a_final.jpg\" rel=\"lightbox[13882]\"><img loading=\"lazy\" decoding=\"async\" class=\"alignleft size-medium wp-image-13883\" src=\"http:\/\/barreiroweb.eu\/wp-content\/uploads\/2015\/11\/Semana_Diferen\u00e7a_final-212x300.jpg\" alt=\"Semana_Diferen\u00e7a_final\" width=\"212\" height=\"300\" srcset=\"https:\/\/arquivo.barreiroweb.net\/wp-content\/uploads\/2015\/11\/Semana_Diferen\u00e7a_final-212x300.jpg 212w, https:\/\/arquivo.barreiroweb.net\/wp-content\/uploads\/2015\/11\/Semana_Diferen\u00e7a_final.jpg 452w\" sizes=\"auto, (max-width: 212px) 100vw, 212px\" \/><\/a>27 novembro a 3 dezembro<\/strong><\/p>\n<p>De 27 de novembro a 3 de dezembro, realiza-se, em v\u00e1rios espa\u00e7os dos Concelhos do Barreiro e da Moita, a Semana da Diferen\u00e7@. Esta iniciativa \u00e9 organizada por diversas entidades, entre as quais a C\u00e2mara Municipal do Barreiro. A\u00e7\u00f5es culturais e de sensibiliza\u00e7\u00e3o fazem parte do programa.<\/p>\n<p>De salientar que, no dia 1 de dezembro, pelas 18h00, decorre a inaugura\u00e7\u00e3o da <strong>exposi\u00e7\u00e3o \u201cCinco\u201d,<\/strong> patente, no Espa\u00e7o J, <strong>at\u00e9 31 de dezembro.<\/strong> Esta mostra est\u00e1 inserida no projeto fotogr\u00e1fico \u201cSegundo Olhar\u201d, que surge de uma parceria entre o fot\u00f3grafo Jorge Silva e a Associa\u00e7\u00e3o N\u00d3S. Trata-se de <em>uma vis\u00e3o partilhada que nos convida a olhar para al\u00e9m da Diferen\u00e7a, para al\u00e9m do contacto primeiro que nos choca e que nos sensibiliza<\/em>.<\/p>\n<p><strong>Jorge Silva<\/strong><\/p>\n<p>M\u00fasico, professor, Fot\u00f3grafo.<\/p>\n<p><em>\u201cA tem\u00e1tica da educa\u00e7\u00e3o sempre me interessou. Nos trabalhos que realizei em contexto escolar procurei elaborar fotograficamente alguns dos preceitos que fui criando na minha experi\u00eancia enquanto m\u00fasico e enquanto professor &#8211; reflex\u00f5es sobre potencial, expectativa e sucesso; disciplina, motiva\u00e7\u00e3o e confian\u00e7a; indiv\u00edduo e institui\u00e7\u00e3o; integra\u00e7\u00e3o e marginalidade.\u201d<\/em><\/p>\n<p><em>Curso Profissional do Instituto Portugu\u00eas de Fotografia<\/em><\/p>\n<p><em>Exposi\u00e7\u00e3o anterior: Compasso de espera, Carcavelos, 2013<\/em><\/p>\n<p><strong>Cinco<\/strong><\/p>\n<p><em>A Joana, a Sofia, o Pablo, o Bruno, o Samir. <\/em><\/p>\n<p><em>Cinco vontades, cinco personalidades que conhecemos numa comunica\u00e7\u00e3o marcada por um outro ritmo. Menos apressado, menos imediato.<\/em><\/p>\n<p><em>Um riso nervoso, um olhar que nos prende, vislumbres, gestos, pontos de luz no negrume pesado da depend\u00eancia di\u00e1ria, incontorn\u00e1vel, imaginada.<\/em><\/p>\n<p><em>Cinco \u00e9 tamb\u00e9m um testemunho, uma Vis\u00e3o sobre o Ensino Especial como matriz de um ensino verdadeiramente integrante e diversificado, centrado no indiv\u00edduo, numa rotina fluida que transgride ativamente o programa curricular, as limita\u00e7\u00f5es, que transgride a Diferen\u00e7a.<\/em><\/p>\n<p><strong>Tamb\u00e9m a 1 de dezembro, pelas 21h00, tem lugar, no Audit\u00f3rio Municipal Augusto Cabrita, a Gala da Diferen\u00e7@<\/strong>, que inclui a entrega de Pr\u00e9mios de M\u00e9rito e as atua\u00e7\u00f5es do CORO e TUNAUTIB, \u00a0Dan\u00e7a UTIB e CERCIMA. A iniciativa tem entrada livre.<\/p>\n<p><strong>Programa Semana da Diferen\u00e7@<\/strong><\/p>\n<p><strong>27 novembro | 21h00 | F\u00f3rum Cultural Jos\u00e9 Manuel Figueiredo <\/strong><\/p>\n<p>Concerto Solid\u00e1rio promovido pela Associa\u00e7\u00e3o N\u00d3S<\/p>\n<p><strong>28 novembro | 15h00 | Refeit\u00f3rio do Centro Ocupacional da N\u00d3S<\/strong><\/p>\n<p>Ciclo de Curtas Reflexivas da Integra\u00e7\u00e3o<\/p>\n<p><strong>29 novembro | 10h00 | Partida da Rotunda da Pra\u00e7a da Liberdade (Junto ao F\u00f3rum Barreiro)<\/strong><\/p>\n<p>Marcha da Diferen\u00e7@ (Os participantes dever\u00e3o levar uma camisola de cor viva)<\/p>\n<p><strong>30 novembro | 14h00 -17h30 | Audit\u00f3rio da Biblioteca Municipal do Barreiro<\/strong><\/p>\n<p>A\u00e7\u00e3o de Sensibiliza\u00e7\u00e3o para cuidadores | Dia do Cuidador<\/p>\n<p><strong>1 dezembro <\/strong><\/p>\n<p>9h30 | Escola B\u00e1sica 1\u00ba ciclo Jos\u00e9 Joaquim Rita Seixas | A\u00e7\u00e3o de Sensibiliza\u00e7\u00e3o \u201cSer Diferente, Ser Igual a Todos\u201d<\/p>\n<p><strong>18h00 | Espa\u00e7o J | Inaugura\u00e7\u00e3o da Exposi\u00e7\u00e3o de Fotografia \u201cSegundo Olhar\u201d,<\/strong> promovida pela Associa\u00e7\u00e3o N\u00d3S | Patente ao p\u00fablico de 1 a 31 dezembro<\/p>\n<p><strong>21h00 | Audit\u00f3rio Municipal Augusto Cabrita | Gala da Diferen\u00e7@ &#8211; Entrega de Pr\u00e9mios de M\u00e9rito<\/strong> | Participa\u00e7\u00e3o do CORO e TUNAUTIB, \u00a0Dan\u00e7a UTIB e CERCIMA<\/p>\n<p><strong>2 dezembro | 10h00 | Mercado 1\u00ba Maio | Venda de Natal e Anima\u00e7\u00e3o | Participa\u00e7\u00e3o da CERCIMB,<\/strong> Cante Alentejano UTIB e Grupo de Teatro da APPACDM<\/p>\n<p><strong>3 dezembro | 20h00 | Bombeiros Volunt\u00e1rios Sul e Sueste | Jantar de Encerramento<\/strong> \u2013 Traga uma refei\u00e7\u00e3o para partilhar | Dia Internacional da Pessoa com Defici\u00eancia<\/p>\n<p>Informa\u00e7\u00f5es: <a href=\"mailto:psicologia@vemvencer.pt\">psicologia@vemvencer.pt<\/a> ou <a href=\"mailto:geral@vemvencer.pt\">geral@vemvencer.pt<\/a><\/p>\n<p>fonte:CMB<\/p>\n","protected":false},"excerpt":{"rendered":"<p>27 novembro a 3 dezembro De 27 de novembro a 3 de dezembro, realiza-se, em v\u00e1rios espa\u00e7os dos Concelhos do Barreiro e da Moita, a Semana da Diferen\u00e7@. Esta iniciativa \u00e9 organizada por diversas entidades, entre as quais a C\u00e2mara Municipal do Barreiro. A\u00e7\u00f5es culturais e de sensibiliza\u00e7\u00e3o fazem parte do programa. De salientar que, [&hellip;]<\/p>\n","protected":false},"author":1,"featured_media":13883,"comment_status":"open","ping_status":"open","sticky":false,"template":"","format":"standard","meta":{"footnotes":""},"categories":[643],"tags":[41,212,765],"class_list":["post-13882","post","type-post","status-publish","format-standard","has-post-thumbnail","hentry","category-noticias","tag-barreiro","tag-exposicao","tag-semana-da-diferenc","last_archivepost"],"yoast_head":"<!-- This site is optimized with the Yoast SEO plugin v27.1.1 - https:\/\/yoast.com\/product\/yoast-seo-wordpress\/ -->\n<title>Semana da Diferen\u00e7@ - barreiroweb<\/title>\n<meta name=\"robots\" content=\"index, follow, max-snippet:-1, max-image-preview:large, max-video-preview:-1\" \/>\n<link rel=\"canonical\" href=\"https:\/\/arquivo.barreiroweb.net\/?p=13882\" \/>\n<meta property=\"og:locale\" content=\"pt_PT\" \/>\n<meta property=\"og:type\" content=\"article\" \/>\n<meta property=\"og:title\" content=\"Semana da Diferen\u00e7@ - barreiroweb\" \/>\n<meta property=\"og:description\" content=\"27 novembro a 3 dezembro De 27 de novembro a 3 de dezembro, realiza-se, em v\u00e1rios espa\u00e7os dos Concelhos do Barreiro e da Moita, a Semana da Diferen\u00e7@. Esta iniciativa \u00e9 organizada por diversas entidades, entre as quais a C\u00e2mara Municipal do Barreiro. A\u00e7\u00f5es culturais e de sensibiliza\u00e7\u00e3o fazem parte do programa. De salientar que, [&hellip;]\" \/>\n<meta property=\"og:url\" content=\"https:\/\/arquivo.barreiroweb.net\/?p=13882\" \/>\n<meta property=\"og:site_name\" content=\"barreiroweb\" \/>\n<meta property=\"article:publisher\" content=\"https:\/\/www.facebook.com\/barreiroweb\" \/>\n<meta property=\"article:published_time\" content=\"2015-11-22T23:33:49+00:00\" \/>\n<meta property=\"og:image\" content=\"https:\/\/arquivo.barreiroweb.net\/wp-content\/uploads\/2015\/11\/Semana_Diferen\u00e7a_final.jpg\" \/>\n\t<meta property=\"og:image:width\" content=\"452\" \/>\n\t<meta property=\"og:image:height\" content=\"640\" \/>\n\t<meta property=\"og:image:type\" content=\"image\/jpeg\" \/>\n<meta name=\"author\" content=\"barreiroweb\" \/>\n<meta name=\"twitter:card\" content=\"summary_large_image\" \/>\n<meta name=\"twitter:creator\" content=\"@barreiroweb\" \/>\n<meta name=\"twitter:site\" content=\"@barreiroweb\" \/>\n<meta name=\"twitter:label1\" content=\"Escrito por\" \/>\n\t<meta name=\"twitter:data1\" content=\"barreiroweb\" \/>\n\t<meta name=\"twitter:label2\" content=\"Tempo estimado de leitura\" \/>\n\t<meta name=\"twitter:data2\" content=\"3 minutos\" \/>\n<script type=\"application\/ld+json\" class=\"yoast-schema-graph\">{\"@context\":\"https:\/\/schema.org\",\"@graph\":[{\"@type\":\"Article\",\"@id\":\"https:\/\/arquivo.barreiroweb.net\/?p=13882#article\",\"isPartOf\":{\"@id\":\"https:\/\/arquivo.barreiroweb.net\/?p=13882\"},\"author\":{\"name\":\"barreiroweb\",\"@id\":\"https:\/\/arquivo.barreiroweb.net\/#\/schema\/person\/44b6d528aff975e3786c9f475f9df2dd\"},\"headline\":\"Semana da Diferen\u00e7@\",\"datePublished\":\"2015-11-22T23:33:49+00:00\",\"mainEntityOfPage\":{\"@id\":\"https:\/\/arquivo.barreiroweb.net\/?p=13882\"},\"wordCount\":579,\"commentCount\":0,\"publisher\":{\"@id\":\"https:\/\/arquivo.barreiroweb.net\/#organization\"},\"image\":{\"@id\":\"https:\/\/arquivo.barreiroweb.net\/?p=13882#primaryimage\"},\"thumbnailUrl\":\"https:\/\/arquivo.barreiroweb.net\/wp-content\/uploads\/2015\/11\/Semana_Diferen\u00e7a_final.jpg\",\"keywords\":[\"barreiro\",\"exposi\u00e7\u00e3o\",\"Semana da Diferen\u00e7@\"],\"articleSection\":[\"Noticias\"],\"inLanguage\":\"pt-PT\",\"potentialAction\":[{\"@type\":\"CommentAction\",\"name\":\"Comment\",\"target\":[\"https:\/\/arquivo.barreiroweb.net\/?p=13882#respond\"]}]},{\"@type\":\"WebPage\",\"@id\":\"https:\/\/arquivo.barreiroweb.net\/?p=13882\",\"url\":\"https:\/\/arquivo.barreiroweb.net\/?p=13882\",\"name\":\"Semana da Diferen\u00e7@ - barreiroweb\",\"isPartOf\":{\"@id\":\"https:\/\/arquivo.barreiroweb.net\/#website\"},\"primaryImageOfPage\":{\"@id\":\"https:\/\/arquivo.barreiroweb.net\/?p=13882#primaryimage\"},\"image\":{\"@id\":\"https:\/\/arquivo.barreiroweb.net\/?p=13882#primaryimage\"},\"thumbnailUrl\":\"https:\/\/arquivo.barreiroweb.net\/wp-content\/uploads\/2015\/11\/Semana_Diferen\u00e7a_final.jpg\",\"datePublished\":\"2015-11-22T23:33:49+00:00\",\"breadcrumb\":{\"@id\":\"https:\/\/arquivo.barreiroweb.net\/?p=13882#breadcrumb\"},\"inLanguage\":\"pt-PT\",\"potentialAction\":[{\"@type\":\"ReadAction\",\"target\":[\"https:\/\/arquivo.barreiroweb.net\/?p=13882\"]}]},{\"@type\":\"ImageObject\",\"inLanguage\":\"pt-PT\",\"@id\":\"https:\/\/arquivo.barreiroweb.net\/?p=13882#primaryimage\",\"url\":\"https:\/\/arquivo.barreiroweb.net\/wp-content\/uploads\/2015\/11\/Semana_Diferen\u00e7a_final.jpg\",\"contentUrl\":\"https:\/\/arquivo.barreiroweb.net\/wp-content\/uploads\/2015\/11\/Semana_Diferen\u00e7a_final.jpg\",\"width\":452,\"height\":640},{\"@type\":\"BreadcrumbList\",\"@id\":\"https:\/\/arquivo.barreiroweb.net\/?p=13882#breadcrumb\",\"itemListElement\":[{\"@type\":\"ListItem\",\"position\":1,\"name\":\"In\u00edcio\",\"item\":\"https:\/\/arquivo.barreiroweb.net\/\"},{\"@type\":\"ListItem\",\"position\":2,\"name\":\"Semana da Diferen\u00e7@\"}]},{\"@type\":\"WebSite\",\"@id\":\"https:\/\/arquivo.barreiroweb.net\/#website\",\"url\":\"https:\/\/arquivo.barreiroweb.net\/\",\"name\":\"barreiroweb\",\"description\":\"Barreiroweb o barreiro na web\",\"publisher\":{\"@id\":\"https:\/\/arquivo.barreiroweb.net\/#organization\"},\"potentialAction\":[{\"@type\":\"SearchAction\",\"target\":{\"@type\":\"EntryPoint\",\"urlTemplate\":\"https:\/\/arquivo.barreiroweb.net\/?s={search_term_string}\"},\"query-input\":{\"@type\":\"PropertyValueSpecification\",\"valueRequired\":true,\"valueName\":\"search_term_string\"}}],\"inLanguage\":\"pt-PT\"},{\"@type\":\"Organization\",\"@id\":\"https:\/\/arquivo.barreiroweb.net\/#organization\",\"name\":\"barreiroweb\",\"url\":\"https:\/\/arquivo.barreiroweb.net\/\",\"logo\":{\"@type\":\"ImageObject\",\"inLanguage\":\"pt-PT\",\"@id\":\"https:\/\/arquivo.barreiroweb.net\/#\/schema\/logo\/image\/\",\"url\":\"https:\/\/barreiroweb.net\/wp-content\/uploads\/2022\/05\/BarreiroWeb555.jpg\",\"contentUrl\":\"https:\/\/barreiroweb.net\/wp-content\/uploads\/2022\/05\/BarreiroWeb555.jpg\",\"width\":421,\"height\":415,\"caption\":\"barreiroweb\"},\"image\":{\"@id\":\"https:\/\/arquivo.barreiroweb.net\/#\/schema\/logo\/image\/\"},\"sameAs\":[\"https:\/\/www.facebook.com\/barreiroweb\",\"https:\/\/x.com\/barreiroweb\"]},{\"@type\":\"Person\",\"@id\":\"https:\/\/arquivo.barreiroweb.net\/#\/schema\/person\/44b6d528aff975e3786c9f475f9df2dd\",\"name\":\"barreiroweb\",\"image\":{\"@type\":\"ImageObject\",\"inLanguage\":\"pt-PT\",\"@id\":\"https:\/\/arquivo.barreiroweb.net\/#\/schema\/person\/image\/\",\"url\":\"https:\/\/secure.gravatar.com\/avatar\/1f764b917967430404ff0b452044eb63a25d64a5363b25be2aa42273930f477d?s=96&d=mm&r=g\",\"contentUrl\":\"https:\/\/secure.gravatar.com\/avatar\/1f764b917967430404ff0b452044eb63a25d64a5363b25be2aa42273930f477d?s=96&d=mm&r=g\",\"caption\":\"barreiroweb\"},\"url\":\"https:\/\/arquivo.barreiroweb.net\/?author=1\"}]}<\/script>\n<!-- \/ Yoast SEO plugin. -->","yoast_head_json":{"title":"Semana da Diferen\u00e7@ - barreiroweb","robots":{"index":"index","follow":"follow","max-snippet":"max-snippet:-1","max-image-preview":"max-image-preview:large","max-video-preview":"max-video-preview:-1"},"canonical":"https:\/\/arquivo.barreiroweb.net\/?p=13882","og_locale":"pt_PT","og_type":"article","og_title":"Semana da Diferen\u00e7@ - barreiroweb","og_description":"27 novembro a 3 dezembro De 27 de novembro a 3 de dezembro, realiza-se, em v\u00e1rios espa\u00e7os dos Concelhos do Barreiro e da Moita, a Semana da Diferen\u00e7@. Esta iniciativa \u00e9 organizada por diversas entidades, entre as quais a C\u00e2mara Municipal do Barreiro. A\u00e7\u00f5es culturais e de sensibiliza\u00e7\u00e3o fazem parte do programa. De salientar que, [&hellip;]","og_url":"https:\/\/arquivo.barreiroweb.net\/?p=13882","og_site_name":"barreiroweb","article_publisher":"https:\/\/www.facebook.com\/barreiroweb","article_published_time":"2015-11-22T23:33:49+00:00","og_image":[{"width":452,"height":640,"url":"https:\/\/arquivo.barreiroweb.net\/wp-content\/uploads\/2015\/11\/Semana_Diferen\u00e7a_final.jpg","type":"image\/jpeg"}],"author":"barreiroweb","twitter_card":"summary_large_image","twitter_creator":"@barreiroweb","twitter_site":"@barreiroweb","twitter_misc":{"Escrito por":"barreiroweb","Tempo estimado de leitura":"3 minutos"},"schema":{"@context":"https:\/\/schema.org","@graph":[{"@type":"Article","@id":"https:\/\/arquivo.barreiroweb.net\/?p=13882#article","isPartOf":{"@id":"https:\/\/arquivo.barreiroweb.net\/?p=13882"},"author":{"name":"barreiroweb","@id":"https:\/\/arquivo.barreiroweb.net\/#\/schema\/person\/44b6d528aff975e3786c9f475f9df2dd"},"headline":"Semana da Diferen\u00e7@","datePublished":"2015-11-22T23:33:49+00:00","mainEntityOfPage":{"@id":"https:\/\/arquivo.barreiroweb.net\/?p=13882"},"wordCount":579,"commentCount":0,"publisher":{"@id":"https:\/\/arquivo.barreiroweb.net\/#organization"},"image":{"@id":"https:\/\/arquivo.barreiroweb.net\/?p=13882#primaryimage"},"thumbnailUrl":"https:\/\/arquivo.barreiroweb.net\/wp-content\/uploads\/2015\/11\/Semana_Diferen\u00e7a_final.jpg","keywords":["barreiro","exposi\u00e7\u00e3o","Semana da Diferen\u00e7@"],"articleSection":["Noticias"],"inLanguage":"pt-PT","potentialAction":[{"@type":"CommentAction","name":"Comment","target":["https:\/\/arquivo.barreiroweb.net\/?p=13882#respond"]}]},{"@type":"WebPage","@id":"https:\/\/arquivo.barreiroweb.net\/?p=13882","url":"https:\/\/arquivo.barreiroweb.net\/?p=13882","name":"Semana da Diferen\u00e7@ - barreiroweb","isPartOf":{"@id":"https:\/\/arquivo.barreiroweb.net\/#website"},"primaryImageOfPage":{"@id":"https:\/\/arquivo.barreiroweb.net\/?p=13882#primaryimage"},"image":{"@id":"https:\/\/arquivo.barreiroweb.net\/?p=13882#primaryimage"},"thumbnailUrl":"https:\/\/arquivo.barreiroweb.net\/wp-content\/uploads\/2015\/11\/Semana_Diferen\u00e7a_final.jpg","datePublished":"2015-11-22T23:33:49+00:00","breadcrumb":{"@id":"https:\/\/arquivo.barreiroweb.net\/?p=13882#breadcrumb"},"inLanguage":"pt-PT","potentialAction":[{"@type":"ReadAction","target":["https:\/\/arquivo.barreiroweb.net\/?p=13882"]}]},{"@type":"ImageObject","inLanguage":"pt-PT","@id":"https:\/\/arquivo.barreiroweb.net\/?p=13882#primaryimage","url":"https:\/\/arquivo.barreiroweb.net\/wp-content\/uploads\/2015\/11\/Semana_Diferen\u00e7a_final.jpg","contentUrl":"https:\/\/arquivo.barreiroweb.net\/wp-content\/uploads\/2015\/11\/Semana_Diferen\u00e7a_final.jpg","width":452,"height":640},{"@type":"BreadcrumbList","@id":"https:\/\/arquivo.barreiroweb.net\/?p=13882#breadcrumb","itemListElement":[{"@type":"ListItem","position":1,"name":"In\u00edcio","item":"https:\/\/arquivo.barreiroweb.net\/"},{"@type":"ListItem","position":2,"name":"Semana da Diferen\u00e7@"}]},{"@type":"WebSite","@id":"https:\/\/arquivo.barreiroweb.net\/#website","url":"https:\/\/arquivo.barreiroweb.net\/","name":"barreiroweb","description":"Barreiroweb o barreiro na web","publisher":{"@id":"https:\/\/arquivo.barreiroweb.net\/#organization"},"potentialAction":[{"@type":"SearchAction","target":{"@type":"EntryPoint","urlTemplate":"https:\/\/arquivo.barreiroweb.net\/?s={search_term_string}"},"query-input":{"@type":"PropertyValueSpecification","valueRequired":true,"valueName":"search_term_string"}}],"inLanguage":"pt-PT"},{"@type":"Organization","@id":"https:\/\/arquivo.barreiroweb.net\/#organization","name":"barreiroweb","url":"https:\/\/arquivo.barreiroweb.net\/","logo":{"@type":"ImageObject","inLanguage":"pt-PT","@id":"https:\/\/arquivo.barreiroweb.net\/#\/schema\/logo\/image\/","url":"https:\/\/barreiroweb.net\/wp-content\/uploads\/2022\/05\/BarreiroWeb555.jpg","contentUrl":"https:\/\/barreiroweb.net\/wp-content\/uploads\/2022\/05\/BarreiroWeb555.jpg","width":421,"height":415,"caption":"barreiroweb"},"image":{"@id":"https:\/\/arquivo.barreiroweb.net\/#\/schema\/logo\/image\/"},"sameAs":["https:\/\/www.facebook.com\/barreiroweb","https:\/\/x.com\/barreiroweb"]},{"@type":"Person","@id":"https:\/\/arquivo.barreiroweb.net\/#\/schema\/person\/44b6d528aff975e3786c9f475f9df2dd","name":"barreiroweb","image":{"@type":"ImageObject","inLanguage":"pt-PT","@id":"https:\/\/arquivo.barreiroweb.net\/#\/schema\/person\/image\/","url":"https:\/\/secure.gravatar.com\/avatar\/1f764b917967430404ff0b452044eb63a25d64a5363b25be2aa42273930f477d?s=96&d=mm&r=g","contentUrl":"https:\/\/secure.gravatar.com\/avatar\/1f764b917967430404ff0b452044eb63a25d64a5363b25be2aa42273930f477d?s=96&d=mm&r=g","caption":"barreiroweb"},"url":"https:\/\/arquivo.barreiroweb.net\/?author=1"}]}},"_links":{"self":[{"href":"https:\/\/arquivo.barreiroweb.net\/index.php?rest_route=\/wp\/v2\/posts\/13882","targetHints":{"allow":["GET"]}}],"collection":[{"href":"https:\/\/arquivo.barreiroweb.net\/index.php?rest_route=\/wp\/v2\/posts"}],"about":[{"href":"https:\/\/arquivo.barreiroweb.net\/index.php?rest_route=\/wp\/v2\/types\/post"}],"author":[{"embeddable":true,"href":"https:\/\/arquivo.barreiroweb.net\/index.php?rest_route=\/wp\/v2\/users\/1"}],"replies":[{"embeddable":true,"href":"https:\/\/arquivo.barreiroweb.net\/index.php?rest_route=%2Fwp%2Fv2%2Fcomments&post=13882"}],"version-history":[{"count":1,"href":"https:\/\/arquivo.barreiroweb.net\/index.php?rest_route=\/wp\/v2\/posts\/13882\/revisions"}],"predecessor-version":[{"id":13884,"href":"https:\/\/arquivo.barreiroweb.net\/index.php?rest_route=\/wp\/v2\/posts\/13882\/revisions\/13884"}],"wp:featuredmedia":[{"embeddable":true,"href":"https:\/\/arquivo.barreiroweb.net\/index.php?rest_route=\/wp\/v2\/media\/13883"}],"wp:attachment":[{"href":"https:\/\/arquivo.barreiroweb.net\/index.php?rest_route=%2Fwp%2Fv2%2Fmedia&parent=13882"}],"wp:term":[{"taxonomy":"category","embeddable":true,"href":"https:\/\/arquivo.barreiroweb.net\/index.php?rest_route=%2Fwp%2Fv2%2Fcategories&post=13882"},{"taxonomy":"post_tag","embeddable":true,"href":"https:\/\/arquivo.barreiroweb.net\/index.php?rest_route=%2Fwp%2Fv2%2Ftags&post=13882"}],"curies":[{"name":"wp","href":"https:\/\/api.w.org\/{rel}","templated":true}]}}