{"id":13847,"date":"2015-11-08T22:34:31","date_gmt":"2015-11-08T22:34:31","guid":{"rendered":"http:\/\/barreiroweb.eu\/?p=13847"},"modified":"2015-11-08T22:34:31","modified_gmt":"2015-11-08T22:34:31","slug":"a-odisseia-de-ulisses-manuel","status":"publish","type":"post","link":"https:\/\/arquivo.barreiroweb.net\/?p=13847","title":{"rendered":"\u201cA Odisseia de Ulisses&#8230;Manuel\u201d"},"content":{"rendered":"<p><a href=\"http:\/\/barreiroweb.eu\/wp-content\/uploads\/2015\/11\/ULISSES.jpg\" rel=\"lightbox[13847]\"><img loading=\"lazy\" decoding=\"async\" class=\"alignleft size-medium wp-image-13848\" src=\"http:\/\/barreiroweb.eu\/wp-content\/uploads\/2015\/11\/ULISSES-300x298.jpg\" alt=\"ULISSES\" width=\"300\" height=\"298\" srcset=\"https:\/\/arquivo.barreiroweb.net\/wp-content\/uploads\/2015\/11\/ULISSES-300x298.jpg 300w, https:\/\/arquivo.barreiroweb.net\/wp-content\/uploads\/2015\/11\/ULISSES-150x150.jpg 150w, https:\/\/arquivo.barreiroweb.net\/wp-content\/uploads\/2015\/11\/ULISSES.jpg 484w\" sizes=\"auto, (max-width: 300px) 100vw, 300px\" \/><\/a>A Arteviva \u2013 Companhia de Teatro do Barreiro volta apresentar, a partir de 7 de novembro, a pe\u00e7a \u201cA Odisseia de Ulisses&#8230;Manuel\u201d, uma adapta\u00e7\u00e3o e encena\u00e7\u00e3o de Paula Magalh\u00e3es da obra de Maria Alberta Men\u00e9res. Esta pe\u00e7a sobe ao palco do Teatro Municipal do Barreiro aos s\u00e1bados, pelas 16h00.<\/p>\n<p><em>O Ulisses Manuel, e as suas amigas regressam com as aventuras por terras e &#8220;mares nunca dantes navegados&#8221;, ao sabor da imagina\u00e7\u00e3o.<\/em><\/p>\n<p><em>N\u00e3o percam a oportunidade de ver ou rever em fam\u00edlia este cl\u00e1ssico\u00a0e mostrar aos seus filhos como \u00e9 f\u00e1cil aprender a Odisseia a brincar.<\/em><\/p>\n<p><em>Esta pe\u00e7a \u00e9 uma adapta\u00e7\u00e3o de\u00a0&#8220;Ulisses&#8221; de Maria Alberta Men\u00e9res, livro recomendado pelo PNL para o 6\u00ba ano de escolaridade.<\/em><\/p>\n<p>Bilheteira e Reservas: <a href=\"mailto:arteviva.reservas@gmail.com\">arteviva.reservas@gmail.com<\/a> |\u00a0Tel. 212 060 860 | 910 083\u00a0541<\/p>\n<p>Em dias de espet\u00e1culo, a bilheteira abre uma hora antes.<\/p>\n<p><strong><em>Ficha Art\u00edstica e T\u00e9cnica<\/em><\/strong><\/p>\n<p><strong><em><\/em><\/strong><em>Obra original &#8220;Ulisses&#8221; de Maria Alberta Men\u00e9res<\/em><\/p>\n<p><em>Adapta\u00e7\u00e3o e Encena\u00e7\u00e3o &#8211; Paula Magalh\u00e3es<\/em><\/p>\n<p><em>\u00a0Interpreta\u00e7\u00e3o &#8211; Ana Sofia Samora\/Sara Santinho, Catarina Santana\/Rita Conduto, Susana Marques e V\u00edtor Nuno<\/em><\/p>\n<p><em>\u00a0M\u00fasica &#8211; Miguel Ramos F\u00e9lix | Letras &#8211; Ana L\u00facia Santos | Movimento &#8211; Andreia Martins | Cenografia &#8211; Jo\u00e3o Pimenta |\u00a0Figurinos e adere\u00e7os &#8211; Ana Pimpista e Oficina de Costura Criativa |\u00a0Constru\u00e7\u00e3o de cen\u00e1rio e apoio aos adere\u00e7os &#8211; Jo\u00e3o Pimenta e Jo\u00e3o Henrique | Desenho e Montagem de Luz &#8211; Jo\u00e3o Oliveira Jr. |\u00a0Design gr\u00e1fico &#8211; Ana Sofia Pinto | Fotografia &#8211; Cl\u00e1udio Ferreira |\u00a0Divulga\u00e7\u00e3o e produ\u00e7\u00e3o &#8211; Rita Conduto | Agradecimentos a Ana Isabel Beira, Eug\u00e9nio Silva, Joana Pimpista, Jo\u00e3o Oliveira Jr., Miguel Bexiga (estagi\u00e1rio da Escola Profissional Bento Jesus Cara\u00e7a), Rui Lopes e Vanda Robalo.\u00a0<\/em><\/p>\n<p><em>\u00a0Classifica\u00e7\u00e3o: M6<\/em><\/p>\n<p>fonte: CMB<\/p>\n","protected":false},"excerpt":{"rendered":"<p>A Arteviva \u2013 Companhia de Teatro do Barreiro volta apresentar, a partir de 7 de novembro, a pe\u00e7a \u201cA Odisseia de Ulisses&#8230;Manuel\u201d, uma adapta\u00e7\u00e3o e encena\u00e7\u00e3o de Paula Magalh\u00e3es da obra de Maria Alberta Men\u00e9res. Esta pe\u00e7a sobe ao palco do Teatro Municipal do Barreiro aos s\u00e1bados, pelas 16h00. O Ulisses Manuel, e as suas [&hellip;]<\/p>\n","protected":false},"author":1,"featured_media":13848,"comment_status":"open","ping_status":"open","sticky":false,"template":"","format":"standard","meta":{"footnotes":""},"categories":[10],"tags":[41,745],"class_list":["post-13847","post","type-post","status-publish","format-standard","has-post-thumbnail","hentry","category-teatro","tag-barreiro","tag-teatro","last_archivepost"],"yoast_head":"<!-- This site is optimized with the Yoast SEO plugin v27.1.1 - https:\/\/yoast.com\/product\/yoast-seo-wordpress\/ -->\n<title>\u201cA Odisseia de Ulisses...Manuel\u201d - barreiroweb<\/title>\n<meta name=\"robots\" content=\"index, follow, max-snippet:-1, max-image-preview:large, max-video-preview:-1\" \/>\n<link rel=\"canonical\" href=\"https:\/\/arquivo.barreiroweb.net\/?p=13847\" \/>\n<meta property=\"og:locale\" content=\"pt_PT\" \/>\n<meta property=\"og:type\" content=\"article\" \/>\n<meta property=\"og:title\" content=\"\u201cA Odisseia de Ulisses...Manuel\u201d - barreiroweb\" \/>\n<meta property=\"og:description\" content=\"A Arteviva \u2013 Companhia de Teatro do Barreiro volta apresentar, a partir de 7 de novembro, a pe\u00e7a \u201cA Odisseia de Ulisses&#8230;Manuel\u201d, uma adapta\u00e7\u00e3o e encena\u00e7\u00e3o de Paula Magalh\u00e3es da obra de Maria Alberta Men\u00e9res. Esta pe\u00e7a sobe ao palco do Teatro Municipal do Barreiro aos s\u00e1bados, pelas 16h00. O Ulisses Manuel, e as suas [&hellip;]\" \/>\n<meta property=\"og:url\" content=\"https:\/\/arquivo.barreiroweb.net\/?p=13847\" \/>\n<meta property=\"og:site_name\" content=\"barreiroweb\" \/>\n<meta property=\"article:publisher\" content=\"https:\/\/www.facebook.com\/barreiroweb\" \/>\n<meta property=\"article:published_time\" content=\"2015-11-08T22:34:31+00:00\" \/>\n<meta property=\"og:image\" content=\"https:\/\/arquivo.barreiroweb.net\/wp-content\/uploads\/2015\/11\/ULISSES.jpg\" \/>\n\t<meta property=\"og:image:width\" content=\"484\" \/>\n\t<meta property=\"og:image:height\" content=\"480\" \/>\n\t<meta property=\"og:image:type\" content=\"image\/jpeg\" \/>\n<meta name=\"author\" content=\"barreiroweb\" \/>\n<meta name=\"twitter:card\" content=\"summary_large_image\" \/>\n<meta name=\"twitter:creator\" content=\"@barreiroweb\" \/>\n<meta name=\"twitter:site\" content=\"@barreiroweb\" \/>\n<meta name=\"twitter:label1\" content=\"Escrito por\" \/>\n\t<meta name=\"twitter:data1\" content=\"barreiroweb\" \/>\n\t<meta name=\"twitter:label2\" content=\"Tempo estimado de leitura\" \/>\n\t<meta name=\"twitter:data2\" content=\"2 minutos\" \/>\n<script type=\"application\/ld+json\" class=\"yoast-schema-graph\">{\"@context\":\"https:\/\/schema.org\",\"@graph\":[{\"@type\":\"Article\",\"@id\":\"https:\/\/arquivo.barreiroweb.net\/?p=13847#article\",\"isPartOf\":{\"@id\":\"https:\/\/arquivo.barreiroweb.net\/?p=13847\"},\"author\":{\"name\":\"barreiroweb\",\"@id\":\"https:\/\/arquivo.barreiroweb.net\/#\/schema\/person\/44b6d528aff975e3786c9f475f9df2dd\"},\"headline\":\"\u201cA Odisseia de Ulisses&#8230;Manuel\u201d\",\"datePublished\":\"2015-11-08T22:34:31+00:00\",\"mainEntityOfPage\":{\"@id\":\"https:\/\/arquivo.barreiroweb.net\/?p=13847\"},\"wordCount\":310,\"commentCount\":0,\"publisher\":{\"@id\":\"https:\/\/arquivo.barreiroweb.net\/#organization\"},\"image\":{\"@id\":\"https:\/\/arquivo.barreiroweb.net\/?p=13847#primaryimage\"},\"thumbnailUrl\":\"https:\/\/arquivo.barreiroweb.net\/wp-content\/uploads\/2015\/11\/ULISSES.jpg\",\"keywords\":[\"barreiro\",\"teatro\"],\"articleSection\":[\"Teatro\"],\"inLanguage\":\"pt-PT\",\"potentialAction\":[{\"@type\":\"CommentAction\",\"name\":\"Comment\",\"target\":[\"https:\/\/arquivo.barreiroweb.net\/?p=13847#respond\"]}]},{\"@type\":\"WebPage\",\"@id\":\"https:\/\/arquivo.barreiroweb.net\/?p=13847\",\"url\":\"https:\/\/arquivo.barreiroweb.net\/?p=13847\",\"name\":\"\u201cA Odisseia de Ulisses...Manuel\u201d - barreiroweb\",\"isPartOf\":{\"@id\":\"https:\/\/arquivo.barreiroweb.net\/#website\"},\"primaryImageOfPage\":{\"@id\":\"https:\/\/arquivo.barreiroweb.net\/?p=13847#primaryimage\"},\"image\":{\"@id\":\"https:\/\/arquivo.barreiroweb.net\/?p=13847#primaryimage\"},\"thumbnailUrl\":\"https:\/\/arquivo.barreiroweb.net\/wp-content\/uploads\/2015\/11\/ULISSES.jpg\",\"datePublished\":\"2015-11-08T22:34:31+00:00\",\"breadcrumb\":{\"@id\":\"https:\/\/arquivo.barreiroweb.net\/?p=13847#breadcrumb\"},\"inLanguage\":\"pt-PT\",\"potentialAction\":[{\"@type\":\"ReadAction\",\"target\":[\"https:\/\/arquivo.barreiroweb.net\/?p=13847\"]}]},{\"@type\":\"ImageObject\",\"inLanguage\":\"pt-PT\",\"@id\":\"https:\/\/arquivo.barreiroweb.net\/?p=13847#primaryimage\",\"url\":\"https:\/\/arquivo.barreiroweb.net\/wp-content\/uploads\/2015\/11\/ULISSES.jpg\",\"contentUrl\":\"https:\/\/arquivo.barreiroweb.net\/wp-content\/uploads\/2015\/11\/ULISSES.jpg\",\"width\":484,\"height\":480},{\"@type\":\"BreadcrumbList\",\"@id\":\"https:\/\/arquivo.barreiroweb.net\/?p=13847#breadcrumb\",\"itemListElement\":[{\"@type\":\"ListItem\",\"position\":1,\"name\":\"In\u00edcio\",\"item\":\"https:\/\/arquivo.barreiroweb.net\/\"},{\"@type\":\"ListItem\",\"position\":2,\"name\":\"\u201cA Odisseia de Ulisses&#8230;Manuel\u201d\"}]},{\"@type\":\"WebSite\",\"@id\":\"https:\/\/arquivo.barreiroweb.net\/#website\",\"url\":\"https:\/\/arquivo.barreiroweb.net\/\",\"name\":\"barreiroweb\",\"description\":\"Barreiroweb o barreiro na web\",\"publisher\":{\"@id\":\"https:\/\/arquivo.barreiroweb.net\/#organization\"},\"potentialAction\":[{\"@type\":\"SearchAction\",\"target\":{\"@type\":\"EntryPoint\",\"urlTemplate\":\"https:\/\/arquivo.barreiroweb.net\/?s={search_term_string}\"},\"query-input\":{\"@type\":\"PropertyValueSpecification\",\"valueRequired\":true,\"valueName\":\"search_term_string\"}}],\"inLanguage\":\"pt-PT\"},{\"@type\":\"Organization\",\"@id\":\"https:\/\/arquivo.barreiroweb.net\/#organization\",\"name\":\"barreiroweb\",\"url\":\"https:\/\/arquivo.barreiroweb.net\/\",\"logo\":{\"@type\":\"ImageObject\",\"inLanguage\":\"pt-PT\",\"@id\":\"https:\/\/arquivo.barreiroweb.net\/#\/schema\/logo\/image\/\",\"url\":\"https:\/\/barreiroweb.net\/wp-content\/uploads\/2022\/05\/BarreiroWeb555.jpg\",\"contentUrl\":\"https:\/\/barreiroweb.net\/wp-content\/uploads\/2022\/05\/BarreiroWeb555.jpg\",\"width\":421,\"height\":415,\"caption\":\"barreiroweb\"},\"image\":{\"@id\":\"https:\/\/arquivo.barreiroweb.net\/#\/schema\/logo\/image\/\"},\"sameAs\":[\"https:\/\/www.facebook.com\/barreiroweb\",\"https:\/\/x.com\/barreiroweb\"]},{\"@type\":\"Person\",\"@id\":\"https:\/\/arquivo.barreiroweb.net\/#\/schema\/person\/44b6d528aff975e3786c9f475f9df2dd\",\"name\":\"barreiroweb\",\"image\":{\"@type\":\"ImageObject\",\"inLanguage\":\"pt-PT\",\"@id\":\"https:\/\/arquivo.barreiroweb.net\/#\/schema\/person\/image\/\",\"url\":\"https:\/\/secure.gravatar.com\/avatar\/1f764b917967430404ff0b452044eb63a25d64a5363b25be2aa42273930f477d?s=96&d=mm&r=g\",\"contentUrl\":\"https:\/\/secure.gravatar.com\/avatar\/1f764b917967430404ff0b452044eb63a25d64a5363b25be2aa42273930f477d?s=96&d=mm&r=g\",\"caption\":\"barreiroweb\"},\"url\":\"https:\/\/arquivo.barreiroweb.net\/?author=1\"}]}<\/script>\n<!-- \/ Yoast SEO plugin. -->","yoast_head_json":{"title":"\u201cA Odisseia de Ulisses...Manuel\u201d - barreiroweb","robots":{"index":"index","follow":"follow","max-snippet":"max-snippet:-1","max-image-preview":"max-image-preview:large","max-video-preview":"max-video-preview:-1"},"canonical":"https:\/\/arquivo.barreiroweb.net\/?p=13847","og_locale":"pt_PT","og_type":"article","og_title":"\u201cA Odisseia de Ulisses...Manuel\u201d - barreiroweb","og_description":"A Arteviva \u2013 Companhia de Teatro do Barreiro volta apresentar, a partir de 7 de novembro, a pe\u00e7a \u201cA Odisseia de Ulisses&#8230;Manuel\u201d, uma adapta\u00e7\u00e3o e encena\u00e7\u00e3o de Paula Magalh\u00e3es da obra de Maria Alberta Men\u00e9res. Esta pe\u00e7a sobe ao palco do Teatro Municipal do Barreiro aos s\u00e1bados, pelas 16h00. O Ulisses Manuel, e as suas [&hellip;]","og_url":"https:\/\/arquivo.barreiroweb.net\/?p=13847","og_site_name":"barreiroweb","article_publisher":"https:\/\/www.facebook.com\/barreiroweb","article_published_time":"2015-11-08T22:34:31+00:00","og_image":[{"width":484,"height":480,"url":"https:\/\/arquivo.barreiroweb.net\/wp-content\/uploads\/2015\/11\/ULISSES.jpg","type":"image\/jpeg"}],"author":"barreiroweb","twitter_card":"summary_large_image","twitter_creator":"@barreiroweb","twitter_site":"@barreiroweb","twitter_misc":{"Escrito por":"barreiroweb","Tempo estimado de leitura":"2 minutos"},"schema":{"@context":"https:\/\/schema.org","@graph":[{"@type":"Article","@id":"https:\/\/arquivo.barreiroweb.net\/?p=13847#article","isPartOf":{"@id":"https:\/\/arquivo.barreiroweb.net\/?p=13847"},"author":{"name":"barreiroweb","@id":"https:\/\/arquivo.barreiroweb.net\/#\/schema\/person\/44b6d528aff975e3786c9f475f9df2dd"},"headline":"\u201cA Odisseia de Ulisses&#8230;Manuel\u201d","datePublished":"2015-11-08T22:34:31+00:00","mainEntityOfPage":{"@id":"https:\/\/arquivo.barreiroweb.net\/?p=13847"},"wordCount":310,"commentCount":0,"publisher":{"@id":"https:\/\/arquivo.barreiroweb.net\/#organization"},"image":{"@id":"https:\/\/arquivo.barreiroweb.net\/?p=13847#primaryimage"},"thumbnailUrl":"https:\/\/arquivo.barreiroweb.net\/wp-content\/uploads\/2015\/11\/ULISSES.jpg","keywords":["barreiro","teatro"],"articleSection":["Teatro"],"inLanguage":"pt-PT","potentialAction":[{"@type":"CommentAction","name":"Comment","target":["https:\/\/arquivo.barreiroweb.net\/?p=13847#respond"]}]},{"@type":"WebPage","@id":"https:\/\/arquivo.barreiroweb.net\/?p=13847","url":"https:\/\/arquivo.barreiroweb.net\/?p=13847","name":"\u201cA Odisseia de Ulisses...Manuel\u201d - barreiroweb","isPartOf":{"@id":"https:\/\/arquivo.barreiroweb.net\/#website"},"primaryImageOfPage":{"@id":"https:\/\/arquivo.barreiroweb.net\/?p=13847#primaryimage"},"image":{"@id":"https:\/\/arquivo.barreiroweb.net\/?p=13847#primaryimage"},"thumbnailUrl":"https:\/\/arquivo.barreiroweb.net\/wp-content\/uploads\/2015\/11\/ULISSES.jpg","datePublished":"2015-11-08T22:34:31+00:00","breadcrumb":{"@id":"https:\/\/arquivo.barreiroweb.net\/?p=13847#breadcrumb"},"inLanguage":"pt-PT","potentialAction":[{"@type":"ReadAction","target":["https:\/\/arquivo.barreiroweb.net\/?p=13847"]}]},{"@type":"ImageObject","inLanguage":"pt-PT","@id":"https:\/\/arquivo.barreiroweb.net\/?p=13847#primaryimage","url":"https:\/\/arquivo.barreiroweb.net\/wp-content\/uploads\/2015\/11\/ULISSES.jpg","contentUrl":"https:\/\/arquivo.barreiroweb.net\/wp-content\/uploads\/2015\/11\/ULISSES.jpg","width":484,"height":480},{"@type":"BreadcrumbList","@id":"https:\/\/arquivo.barreiroweb.net\/?p=13847#breadcrumb","itemListElement":[{"@type":"ListItem","position":1,"name":"In\u00edcio","item":"https:\/\/arquivo.barreiroweb.net\/"},{"@type":"ListItem","position":2,"name":"\u201cA Odisseia de Ulisses&#8230;Manuel\u201d"}]},{"@type":"WebSite","@id":"https:\/\/arquivo.barreiroweb.net\/#website","url":"https:\/\/arquivo.barreiroweb.net\/","name":"barreiroweb","description":"Barreiroweb o barreiro na web","publisher":{"@id":"https:\/\/arquivo.barreiroweb.net\/#organization"},"potentialAction":[{"@type":"SearchAction","target":{"@type":"EntryPoint","urlTemplate":"https:\/\/arquivo.barreiroweb.net\/?s={search_term_string}"},"query-input":{"@type":"PropertyValueSpecification","valueRequired":true,"valueName":"search_term_string"}}],"inLanguage":"pt-PT"},{"@type":"Organization","@id":"https:\/\/arquivo.barreiroweb.net\/#organization","name":"barreiroweb","url":"https:\/\/arquivo.barreiroweb.net\/","logo":{"@type":"ImageObject","inLanguage":"pt-PT","@id":"https:\/\/arquivo.barreiroweb.net\/#\/schema\/logo\/image\/","url":"https:\/\/barreiroweb.net\/wp-content\/uploads\/2022\/05\/BarreiroWeb555.jpg","contentUrl":"https:\/\/barreiroweb.net\/wp-content\/uploads\/2022\/05\/BarreiroWeb555.jpg","width":421,"height":415,"caption":"barreiroweb"},"image":{"@id":"https:\/\/arquivo.barreiroweb.net\/#\/schema\/logo\/image\/"},"sameAs":["https:\/\/www.facebook.com\/barreiroweb","https:\/\/x.com\/barreiroweb"]},{"@type":"Person","@id":"https:\/\/arquivo.barreiroweb.net\/#\/schema\/person\/44b6d528aff975e3786c9f475f9df2dd","name":"barreiroweb","image":{"@type":"ImageObject","inLanguage":"pt-PT","@id":"https:\/\/arquivo.barreiroweb.net\/#\/schema\/person\/image\/","url":"https:\/\/secure.gravatar.com\/avatar\/1f764b917967430404ff0b452044eb63a25d64a5363b25be2aa42273930f477d?s=96&d=mm&r=g","contentUrl":"https:\/\/secure.gravatar.com\/avatar\/1f764b917967430404ff0b452044eb63a25d64a5363b25be2aa42273930f477d?s=96&d=mm&r=g","caption":"barreiroweb"},"url":"https:\/\/arquivo.barreiroweb.net\/?author=1"}]}},"_links":{"self":[{"href":"https:\/\/arquivo.barreiroweb.net\/index.php?rest_route=\/wp\/v2\/posts\/13847","targetHints":{"allow":["GET"]}}],"collection":[{"href":"https:\/\/arquivo.barreiroweb.net\/index.php?rest_route=\/wp\/v2\/posts"}],"about":[{"href":"https:\/\/arquivo.barreiroweb.net\/index.php?rest_route=\/wp\/v2\/types\/post"}],"author":[{"embeddable":true,"href":"https:\/\/arquivo.barreiroweb.net\/index.php?rest_route=\/wp\/v2\/users\/1"}],"replies":[{"embeddable":true,"href":"https:\/\/arquivo.barreiroweb.net\/index.php?rest_route=%2Fwp%2Fv2%2Fcomments&post=13847"}],"version-history":[{"count":1,"href":"https:\/\/arquivo.barreiroweb.net\/index.php?rest_route=\/wp\/v2\/posts\/13847\/revisions"}],"predecessor-version":[{"id":13849,"href":"https:\/\/arquivo.barreiroweb.net\/index.php?rest_route=\/wp\/v2\/posts\/13847\/revisions\/13849"}],"wp:featuredmedia":[{"embeddable":true,"href":"https:\/\/arquivo.barreiroweb.net\/index.php?rest_route=\/wp\/v2\/media\/13848"}],"wp:attachment":[{"href":"https:\/\/arquivo.barreiroweb.net\/index.php?rest_route=%2Fwp%2Fv2%2Fmedia&parent=13847"}],"wp:term":[{"taxonomy":"category","embeddable":true,"href":"https:\/\/arquivo.barreiroweb.net\/index.php?rest_route=%2Fwp%2Fv2%2Fcategories&post=13847"},{"taxonomy":"post_tag","embeddable":true,"href":"https:\/\/arquivo.barreiroweb.net\/index.php?rest_route=%2Fwp%2Fv2%2Ftags&post=13847"}],"curies":[{"name":"wp","href":"https:\/\/api.w.org\/{rel}","templated":true}]}}