{"id":13843,"date":"2015-11-03T00:00:47","date_gmt":"2015-11-03T00:00:47","guid":{"rendered":"http:\/\/barreiroweb.eu\/?p=13843"},"modified":"2015-11-03T00:00:47","modified_gmt":"2015-11-03T00:00:47","slug":"transfer-para-brasov-em-livro-e-peca-de-teatro","status":"publish","type":"post","link":"https:\/\/arquivo.barreiroweb.net\/?p=13843","title":{"rendered":"\u201cTransfer para Brasov\u201d em livro e pe\u00e7a de teatro"},"content":{"rendered":"<p><strong><a href=\"http:\/\/barreiroweb.eu\/wp-content\/uploads\/2015\/11\/424018_10151350226350040_771365520_n.jpg\" rel=\"lightbox[13843]\"><img loading=\"lazy\" decoding=\"async\" class=\"alignleft size-medium wp-image-13844\" src=\"http:\/\/barreiroweb.eu\/wp-content\/uploads\/2015\/11\/424018_10151350226350040_771365520_n-207x300.jpg\" alt=\"424018_10151350226350040_771365520_n\" width=\"207\" height=\"300\" srcset=\"https:\/\/arquivo.barreiroweb.net\/wp-content\/uploads\/2015\/11\/424018_10151350226350040_771365520_n-207x300.jpg 207w, https:\/\/arquivo.barreiroweb.net\/wp-content\/uploads\/2015\/11\/424018_10151350226350040_771365520_n.jpg 442w\" sizes=\"auto, (max-width: 207px) 100vw, 207px\" \/><\/a>F\u00f3rum Cultural Jos\u00e9 Manuel Figueiredo \u2013 Baixa da Banheira<\/strong><\/p>\n<p>No dia <strong>7 de novembro<\/strong>, pelas <strong>20:30h<\/strong>, vai ser <strong>apresentado, na Galeria de Exposi\u00e7\u00f5es do F\u00f3rum Cultural Jos\u00e9 Manuel Figueiredo, na Baixa da Banheira, o livro \u201cTransfer para Brasov\u201d<\/strong>, de Raul Zagalo, um dos participantes do assalto ao Quartel de Beja ocorrido a 1 de janeiro de 1962, onde foi ferido e aprisionado pelas for\u00e7as fascistas.<\/p>\n<p><strong>Sinopse por Carlos Alberto Correia:<\/strong><\/p>\n<p>\u201cAtrevo-me a apontar tr\u00eas poss\u00edveis leituras para esta busca de um lugar de reencontro, ainda que por motivos diversos, de duas mulheres de gera\u00e7\u00f5es diferentes. Na primeira, v\u00ea-se o drama do envelhecimento, do progresso da doen\u00e7a (Alzheimer?), simbolizada pela procura, em lugar improv\u00e1vel, do Transfer para Brasov; bem como pela visibilidade dos \u201cpost-it\u201d a recordar-nos, a cada passo, o medo do esquecimento e o recurso a artif\u00edcios de mem\u00f3ria externa. Na segunda, transparece a esperan\u00e7a m\u00edstica de um lugar onde tudo \u00e9 t\u00e3o perfeito que tudo pode ser recuperado, mesmo o que no momento pareceu pior, como uma esp\u00e9cie de b\u00ean\u00e7\u00e3o sem tempo num tempo misterioso em movimento est\u00e1tico\u201d.<\/p>\n<p>Uma hora mais tarde, pelas <strong>21:30h<\/strong>, o <strong>Teatro Singular<\/strong> sobe ao palco do <strong>audit\u00f3rio do F\u00f3rum Cultural Jos\u00e9 Manuel Figueiredo<\/strong> com a <strong>pe\u00e7a \u201cTransfer para Brasov\u201d<\/strong>, com encena\u00e7\u00e3o de Ab\u00edlio Apolin\u00e1rio.<\/p>\n<p><strong>Sinopse por Carlos Alberto Correia:<\/strong><\/p>\n<p>Michaela e No\u00e9mia. Duas mulheres, duas solid\u00f5es. Semelhantes na demanda, distintas nas esperan\u00e7as. A primeira perde-se na procura das mem\u00f3rias, a segunda foge dos traumatismos das mesmas. Ambas, de forma diferenciada, buscam o distante lugar dos afetos. Michaela tem um objetivo: chegar a Brasov sendo que n\u00e3o \u00e9 Brasov onde tenta chegar, mas sim a um lugar mais pequeno, aconchegado \u2013 Isura \u2013 que ningu\u00e9m conhece, mas que ela guarda a recorda\u00e7\u00e3o feita de p\u00e9talas e espinhos que j\u00e1 n\u00e3o doem no modo de doer, antes causam um aflitivo prazer. No\u00e9mia foge das recorda\u00e7\u00f5es ainda jovens e traum\u00e1ticas. Procura no futuro o que Michaela tenta encontrar num passado sempre em risco de dilui\u00e7\u00e3o. Encontram-se no jardim de onde n\u00e3o partir\u00e1 certamente nenhuma carreira para Brasov.<\/p>\n<p>Este espet\u00e1culo tem a dura\u00e7\u00e3o aproximada de uma hora e \u00e9 dirigida a maiores de 12 anos. A entrada \u00e9 gratuita mediante reserva antecipada dos bilhetes.<\/p>\n<p><strong>\u00a0<\/strong><\/p>\n<p><strong>Ficha T\u00e9cnica:<\/strong><\/p>\n<p><strong>Coordena\u00e7\u00e3o do Teatro Singular<\/strong>: Brito Apol\u00f3nia<\/p>\n<p><strong>Encena\u00e7\u00e3o \/ Dire\u00e7\u00e3o de atores<\/strong>: Ab\u00edlio Apolin\u00e1rio<\/p>\n<p><strong>Texto<\/strong>: Raul Zagalo<\/p>\n<p><strong>Interpreta\u00e7\u00e3o<\/strong>: Ana Matos e Laura Gomes Martins<\/p>\n<p><strong>Produ\u00e7\u00e3o<\/strong>: Romy Mendon\u00e7a<\/p>\n<p><strong>Cenografia<\/strong>: Ab\u00edlio Apolin\u00e1rio<\/p>\n<p><strong>Desenho de luz<\/strong>: Ab\u00edlio Apolin\u00e1rio<\/p>\n<p><strong>Hor\u00e1rio da Bilheteira:<\/strong><\/p>\n<p>De ter\u00e7a-feira a s\u00e1bado: das 14:30h \u00e0s 19:30h<\/p>\n<p>Dias de espet\u00e1culo e cinema: uma hora antes do in\u00edcio do espet\u00e1culo ou sess\u00e3o.<\/p>\n<p>Os bilhetes podem ainda ser reservados, atrav\u00e9s do T: 210888900, no hor\u00e1rio de funcionamento da bilheteira. As reservas podem ser levantadas, no m\u00e1ximo, at\u00e9 1h antes do in\u00edcio do espet\u00e1culo, com um limite de cinco bilhetes por reserva.<\/p>\n<p>fonte: CMM<\/p>\n","protected":false},"excerpt":{"rendered":"<p>F\u00f3rum Cultural Jos\u00e9 Manuel Figueiredo \u2013 Baixa da Banheira No dia 7 de novembro, pelas 20:30h, vai ser apresentado, na Galeria de Exposi\u00e7\u00f5es do F\u00f3rum Cultural Jos\u00e9 Manuel Figueiredo, na Baixa da Banheira, o livro \u201cTransfer para Brasov\u201d, de Raul Zagalo, um dos participantes do assalto ao Quartel de Beja ocorrido a 1 de janeiro [&hellip;]<\/p>\n","protected":false},"author":1,"featured_media":13844,"comment_status":"open","ping_status":"open","sticky":false,"template":"","format":"standard","meta":{"footnotes":""},"categories":[10],"tags":[37,745],"class_list":["post-13843","post","type-post","status-publish","format-standard","has-post-thumbnail","hentry","category-teatro","tag-moita","tag-teatro","last_archivepost"],"yoast_head":"<!-- This site is optimized with the Yoast SEO plugin v27.1.1 - https:\/\/yoast.com\/product\/yoast-seo-wordpress\/ -->\n<title>\u201cTransfer para Brasov\u201d em livro e pe\u00e7a de teatro - barreiroweb<\/title>\n<meta name=\"robots\" content=\"index, follow, max-snippet:-1, max-image-preview:large, max-video-preview:-1\" \/>\n<link rel=\"canonical\" href=\"https:\/\/arquivo.barreiroweb.net\/?p=13843\" \/>\n<meta property=\"og:locale\" content=\"pt_PT\" \/>\n<meta property=\"og:type\" content=\"article\" \/>\n<meta property=\"og:title\" content=\"\u201cTransfer para Brasov\u201d em livro e pe\u00e7a de teatro - barreiroweb\" \/>\n<meta property=\"og:description\" content=\"F\u00f3rum Cultural Jos\u00e9 Manuel Figueiredo \u2013 Baixa da Banheira No dia 7 de novembro, pelas 20:30h, vai ser apresentado, na Galeria de Exposi\u00e7\u00f5es do F\u00f3rum Cultural Jos\u00e9 Manuel Figueiredo, na Baixa da Banheira, o livro \u201cTransfer para Brasov\u201d, de Raul Zagalo, um dos participantes do assalto ao Quartel de Beja ocorrido a 1 de janeiro [&hellip;]\" \/>\n<meta property=\"og:url\" content=\"https:\/\/arquivo.barreiroweb.net\/?p=13843\" \/>\n<meta property=\"og:site_name\" content=\"barreiroweb\" \/>\n<meta property=\"article:publisher\" content=\"https:\/\/www.facebook.com\/barreiroweb\" \/>\n<meta property=\"article:published_time\" content=\"2015-11-03T00:00:47+00:00\" \/>\n<meta property=\"og:image\" content=\"https:\/\/arquivo.barreiroweb.net\/wp-content\/uploads\/2015\/11\/424018_10151350226350040_771365520_n.jpg\" \/>\n\t<meta property=\"og:image:width\" content=\"442\" \/>\n\t<meta property=\"og:image:height\" content=\"640\" \/>\n\t<meta property=\"og:image:type\" content=\"image\/jpeg\" \/>\n<meta name=\"author\" content=\"barreiroweb\" \/>\n<meta name=\"twitter:card\" content=\"summary_large_image\" \/>\n<meta name=\"twitter:creator\" content=\"@barreiroweb\" \/>\n<meta name=\"twitter:site\" content=\"@barreiroweb\" \/>\n<meta name=\"twitter:label1\" content=\"Escrito por\" \/>\n\t<meta name=\"twitter:data1\" content=\"barreiroweb\" \/>\n\t<meta name=\"twitter:label2\" content=\"Tempo estimado de leitura\" \/>\n\t<meta name=\"twitter:data2\" content=\"3 minutos\" \/>\n<script type=\"application\/ld+json\" class=\"yoast-schema-graph\">{\"@context\":\"https:\/\/schema.org\",\"@graph\":[{\"@type\":\"Article\",\"@id\":\"https:\/\/arquivo.barreiroweb.net\/?p=13843#article\",\"isPartOf\":{\"@id\":\"https:\/\/arquivo.barreiroweb.net\/?p=13843\"},\"author\":{\"name\":\"barreiroweb\",\"@id\":\"https:\/\/arquivo.barreiroweb.net\/#\/schema\/person\/44b6d528aff975e3786c9f475f9df2dd\"},\"headline\":\"\u201cTransfer para Brasov\u201d em livro e pe\u00e7a de teatro\",\"datePublished\":\"2015-11-03T00:00:47+00:00\",\"mainEntityOfPage\":{\"@id\":\"https:\/\/arquivo.barreiroweb.net\/?p=13843\"},\"wordCount\":531,\"commentCount\":0,\"publisher\":{\"@id\":\"https:\/\/arquivo.barreiroweb.net\/#organization\"},\"image\":{\"@id\":\"https:\/\/arquivo.barreiroweb.net\/?p=13843#primaryimage\"},\"thumbnailUrl\":\"https:\/\/arquivo.barreiroweb.net\/wp-content\/uploads\/2015\/11\/424018_10151350226350040_771365520_n.jpg\",\"keywords\":[\"moita\",\"teatro\"],\"articleSection\":[\"Teatro\"],\"inLanguage\":\"pt-PT\",\"potentialAction\":[{\"@type\":\"CommentAction\",\"name\":\"Comment\",\"target\":[\"https:\/\/arquivo.barreiroweb.net\/?p=13843#respond\"]}]},{\"@type\":\"WebPage\",\"@id\":\"https:\/\/arquivo.barreiroweb.net\/?p=13843\",\"url\":\"https:\/\/arquivo.barreiroweb.net\/?p=13843\",\"name\":\"\u201cTransfer para Brasov\u201d em livro e pe\u00e7a de teatro - barreiroweb\",\"isPartOf\":{\"@id\":\"https:\/\/arquivo.barreiroweb.net\/#website\"},\"primaryImageOfPage\":{\"@id\":\"https:\/\/arquivo.barreiroweb.net\/?p=13843#primaryimage\"},\"image\":{\"@id\":\"https:\/\/arquivo.barreiroweb.net\/?p=13843#primaryimage\"},\"thumbnailUrl\":\"https:\/\/arquivo.barreiroweb.net\/wp-content\/uploads\/2015\/11\/424018_10151350226350040_771365520_n.jpg\",\"datePublished\":\"2015-11-03T00:00:47+00:00\",\"breadcrumb\":{\"@id\":\"https:\/\/arquivo.barreiroweb.net\/?p=13843#breadcrumb\"},\"inLanguage\":\"pt-PT\",\"potentialAction\":[{\"@type\":\"ReadAction\",\"target\":[\"https:\/\/arquivo.barreiroweb.net\/?p=13843\"]}]},{\"@type\":\"ImageObject\",\"inLanguage\":\"pt-PT\",\"@id\":\"https:\/\/arquivo.barreiroweb.net\/?p=13843#primaryimage\",\"url\":\"https:\/\/arquivo.barreiroweb.net\/wp-content\/uploads\/2015\/11\/424018_10151350226350040_771365520_n.jpg\",\"contentUrl\":\"https:\/\/arquivo.barreiroweb.net\/wp-content\/uploads\/2015\/11\/424018_10151350226350040_771365520_n.jpg\",\"width\":442,\"height\":640},{\"@type\":\"BreadcrumbList\",\"@id\":\"https:\/\/arquivo.barreiroweb.net\/?p=13843#breadcrumb\",\"itemListElement\":[{\"@type\":\"ListItem\",\"position\":1,\"name\":\"In\u00edcio\",\"item\":\"https:\/\/arquivo.barreiroweb.net\/\"},{\"@type\":\"ListItem\",\"position\":2,\"name\":\"\u201cTransfer para Brasov\u201d em livro e pe\u00e7a de teatro\"}]},{\"@type\":\"WebSite\",\"@id\":\"https:\/\/arquivo.barreiroweb.net\/#website\",\"url\":\"https:\/\/arquivo.barreiroweb.net\/\",\"name\":\"barreiroweb\",\"description\":\"Barreiroweb o barreiro na web\",\"publisher\":{\"@id\":\"https:\/\/arquivo.barreiroweb.net\/#organization\"},\"potentialAction\":[{\"@type\":\"SearchAction\",\"target\":{\"@type\":\"EntryPoint\",\"urlTemplate\":\"https:\/\/arquivo.barreiroweb.net\/?s={search_term_string}\"},\"query-input\":{\"@type\":\"PropertyValueSpecification\",\"valueRequired\":true,\"valueName\":\"search_term_string\"}}],\"inLanguage\":\"pt-PT\"},{\"@type\":\"Organization\",\"@id\":\"https:\/\/arquivo.barreiroweb.net\/#organization\",\"name\":\"barreiroweb\",\"url\":\"https:\/\/arquivo.barreiroweb.net\/\",\"logo\":{\"@type\":\"ImageObject\",\"inLanguage\":\"pt-PT\",\"@id\":\"https:\/\/arquivo.barreiroweb.net\/#\/schema\/logo\/image\/\",\"url\":\"https:\/\/barreiroweb.net\/wp-content\/uploads\/2022\/05\/BarreiroWeb555.jpg\",\"contentUrl\":\"https:\/\/barreiroweb.net\/wp-content\/uploads\/2022\/05\/BarreiroWeb555.jpg\",\"width\":421,\"height\":415,\"caption\":\"barreiroweb\"},\"image\":{\"@id\":\"https:\/\/arquivo.barreiroweb.net\/#\/schema\/logo\/image\/\"},\"sameAs\":[\"https:\/\/www.facebook.com\/barreiroweb\",\"https:\/\/x.com\/barreiroweb\"]},{\"@type\":\"Person\",\"@id\":\"https:\/\/arquivo.barreiroweb.net\/#\/schema\/person\/44b6d528aff975e3786c9f475f9df2dd\",\"name\":\"barreiroweb\",\"image\":{\"@type\":\"ImageObject\",\"inLanguage\":\"pt-PT\",\"@id\":\"https:\/\/arquivo.barreiroweb.net\/#\/schema\/person\/image\/\",\"url\":\"https:\/\/secure.gravatar.com\/avatar\/1f764b917967430404ff0b452044eb63a25d64a5363b25be2aa42273930f477d?s=96&d=mm&r=g\",\"contentUrl\":\"https:\/\/secure.gravatar.com\/avatar\/1f764b917967430404ff0b452044eb63a25d64a5363b25be2aa42273930f477d?s=96&d=mm&r=g\",\"caption\":\"barreiroweb\"},\"url\":\"https:\/\/arquivo.barreiroweb.net\/?author=1\"}]}<\/script>\n<!-- \/ Yoast SEO plugin. -->","yoast_head_json":{"title":"\u201cTransfer para Brasov\u201d em livro e pe\u00e7a de teatro - barreiroweb","robots":{"index":"index","follow":"follow","max-snippet":"max-snippet:-1","max-image-preview":"max-image-preview:large","max-video-preview":"max-video-preview:-1"},"canonical":"https:\/\/arquivo.barreiroweb.net\/?p=13843","og_locale":"pt_PT","og_type":"article","og_title":"\u201cTransfer para Brasov\u201d em livro e pe\u00e7a de teatro - barreiroweb","og_description":"F\u00f3rum Cultural Jos\u00e9 Manuel Figueiredo \u2013 Baixa da Banheira No dia 7 de novembro, pelas 20:30h, vai ser apresentado, na Galeria de Exposi\u00e7\u00f5es do F\u00f3rum Cultural Jos\u00e9 Manuel Figueiredo, na Baixa da Banheira, o livro \u201cTransfer para Brasov\u201d, de Raul Zagalo, um dos participantes do assalto ao Quartel de Beja ocorrido a 1 de janeiro [&hellip;]","og_url":"https:\/\/arquivo.barreiroweb.net\/?p=13843","og_site_name":"barreiroweb","article_publisher":"https:\/\/www.facebook.com\/barreiroweb","article_published_time":"2015-11-03T00:00:47+00:00","og_image":[{"width":442,"height":640,"url":"https:\/\/arquivo.barreiroweb.net\/wp-content\/uploads\/2015\/11\/424018_10151350226350040_771365520_n.jpg","type":"image\/jpeg"}],"author":"barreiroweb","twitter_card":"summary_large_image","twitter_creator":"@barreiroweb","twitter_site":"@barreiroweb","twitter_misc":{"Escrito por":"barreiroweb","Tempo estimado de leitura":"3 minutos"},"schema":{"@context":"https:\/\/schema.org","@graph":[{"@type":"Article","@id":"https:\/\/arquivo.barreiroweb.net\/?p=13843#article","isPartOf":{"@id":"https:\/\/arquivo.barreiroweb.net\/?p=13843"},"author":{"name":"barreiroweb","@id":"https:\/\/arquivo.barreiroweb.net\/#\/schema\/person\/44b6d528aff975e3786c9f475f9df2dd"},"headline":"\u201cTransfer para Brasov\u201d em livro e pe\u00e7a de teatro","datePublished":"2015-11-03T00:00:47+00:00","mainEntityOfPage":{"@id":"https:\/\/arquivo.barreiroweb.net\/?p=13843"},"wordCount":531,"commentCount":0,"publisher":{"@id":"https:\/\/arquivo.barreiroweb.net\/#organization"},"image":{"@id":"https:\/\/arquivo.barreiroweb.net\/?p=13843#primaryimage"},"thumbnailUrl":"https:\/\/arquivo.barreiroweb.net\/wp-content\/uploads\/2015\/11\/424018_10151350226350040_771365520_n.jpg","keywords":["moita","teatro"],"articleSection":["Teatro"],"inLanguage":"pt-PT","potentialAction":[{"@type":"CommentAction","name":"Comment","target":["https:\/\/arquivo.barreiroweb.net\/?p=13843#respond"]}]},{"@type":"WebPage","@id":"https:\/\/arquivo.barreiroweb.net\/?p=13843","url":"https:\/\/arquivo.barreiroweb.net\/?p=13843","name":"\u201cTransfer para Brasov\u201d em livro e pe\u00e7a de teatro - barreiroweb","isPartOf":{"@id":"https:\/\/arquivo.barreiroweb.net\/#website"},"primaryImageOfPage":{"@id":"https:\/\/arquivo.barreiroweb.net\/?p=13843#primaryimage"},"image":{"@id":"https:\/\/arquivo.barreiroweb.net\/?p=13843#primaryimage"},"thumbnailUrl":"https:\/\/arquivo.barreiroweb.net\/wp-content\/uploads\/2015\/11\/424018_10151350226350040_771365520_n.jpg","datePublished":"2015-11-03T00:00:47+00:00","breadcrumb":{"@id":"https:\/\/arquivo.barreiroweb.net\/?p=13843#breadcrumb"},"inLanguage":"pt-PT","potentialAction":[{"@type":"ReadAction","target":["https:\/\/arquivo.barreiroweb.net\/?p=13843"]}]},{"@type":"ImageObject","inLanguage":"pt-PT","@id":"https:\/\/arquivo.barreiroweb.net\/?p=13843#primaryimage","url":"https:\/\/arquivo.barreiroweb.net\/wp-content\/uploads\/2015\/11\/424018_10151350226350040_771365520_n.jpg","contentUrl":"https:\/\/arquivo.barreiroweb.net\/wp-content\/uploads\/2015\/11\/424018_10151350226350040_771365520_n.jpg","width":442,"height":640},{"@type":"BreadcrumbList","@id":"https:\/\/arquivo.barreiroweb.net\/?p=13843#breadcrumb","itemListElement":[{"@type":"ListItem","position":1,"name":"In\u00edcio","item":"https:\/\/arquivo.barreiroweb.net\/"},{"@type":"ListItem","position":2,"name":"\u201cTransfer para Brasov\u201d em livro e pe\u00e7a de teatro"}]},{"@type":"WebSite","@id":"https:\/\/arquivo.barreiroweb.net\/#website","url":"https:\/\/arquivo.barreiroweb.net\/","name":"barreiroweb","description":"Barreiroweb o barreiro na web","publisher":{"@id":"https:\/\/arquivo.barreiroweb.net\/#organization"},"potentialAction":[{"@type":"SearchAction","target":{"@type":"EntryPoint","urlTemplate":"https:\/\/arquivo.barreiroweb.net\/?s={search_term_string}"},"query-input":{"@type":"PropertyValueSpecification","valueRequired":true,"valueName":"search_term_string"}}],"inLanguage":"pt-PT"},{"@type":"Organization","@id":"https:\/\/arquivo.barreiroweb.net\/#organization","name":"barreiroweb","url":"https:\/\/arquivo.barreiroweb.net\/","logo":{"@type":"ImageObject","inLanguage":"pt-PT","@id":"https:\/\/arquivo.barreiroweb.net\/#\/schema\/logo\/image\/","url":"https:\/\/barreiroweb.net\/wp-content\/uploads\/2022\/05\/BarreiroWeb555.jpg","contentUrl":"https:\/\/barreiroweb.net\/wp-content\/uploads\/2022\/05\/BarreiroWeb555.jpg","width":421,"height":415,"caption":"barreiroweb"},"image":{"@id":"https:\/\/arquivo.barreiroweb.net\/#\/schema\/logo\/image\/"},"sameAs":["https:\/\/www.facebook.com\/barreiroweb","https:\/\/x.com\/barreiroweb"]},{"@type":"Person","@id":"https:\/\/arquivo.barreiroweb.net\/#\/schema\/person\/44b6d528aff975e3786c9f475f9df2dd","name":"barreiroweb","image":{"@type":"ImageObject","inLanguage":"pt-PT","@id":"https:\/\/arquivo.barreiroweb.net\/#\/schema\/person\/image\/","url":"https:\/\/secure.gravatar.com\/avatar\/1f764b917967430404ff0b452044eb63a25d64a5363b25be2aa42273930f477d?s=96&d=mm&r=g","contentUrl":"https:\/\/secure.gravatar.com\/avatar\/1f764b917967430404ff0b452044eb63a25d64a5363b25be2aa42273930f477d?s=96&d=mm&r=g","caption":"barreiroweb"},"url":"https:\/\/arquivo.barreiroweb.net\/?author=1"}]}},"_links":{"self":[{"href":"https:\/\/arquivo.barreiroweb.net\/index.php?rest_route=\/wp\/v2\/posts\/13843","targetHints":{"allow":["GET"]}}],"collection":[{"href":"https:\/\/arquivo.barreiroweb.net\/index.php?rest_route=\/wp\/v2\/posts"}],"about":[{"href":"https:\/\/arquivo.barreiroweb.net\/index.php?rest_route=\/wp\/v2\/types\/post"}],"author":[{"embeddable":true,"href":"https:\/\/arquivo.barreiroweb.net\/index.php?rest_route=\/wp\/v2\/users\/1"}],"replies":[{"embeddable":true,"href":"https:\/\/arquivo.barreiroweb.net\/index.php?rest_route=%2Fwp%2Fv2%2Fcomments&post=13843"}],"version-history":[{"count":1,"href":"https:\/\/arquivo.barreiroweb.net\/index.php?rest_route=\/wp\/v2\/posts\/13843\/revisions"}],"predecessor-version":[{"id":13845,"href":"https:\/\/arquivo.barreiroweb.net\/index.php?rest_route=\/wp\/v2\/posts\/13843\/revisions\/13845"}],"wp:featuredmedia":[{"embeddable":true,"href":"https:\/\/arquivo.barreiroweb.net\/index.php?rest_route=\/wp\/v2\/media\/13844"}],"wp:attachment":[{"href":"https:\/\/arquivo.barreiroweb.net\/index.php?rest_route=%2Fwp%2Fv2%2Fmedia&parent=13843"}],"wp:term":[{"taxonomy":"category","embeddable":true,"href":"https:\/\/arquivo.barreiroweb.net\/index.php?rest_route=%2Fwp%2Fv2%2Fcategories&post=13843"},{"taxonomy":"post_tag","embeddable":true,"href":"https:\/\/arquivo.barreiroweb.net\/index.php?rest_route=%2Fwp%2Fv2%2Ftags&post=13843"}],"curies":[{"name":"wp","href":"https:\/\/api.w.org\/{rel}","templated":true}]}}