{"id":13840,"date":"2015-11-02T23:52:09","date_gmt":"2015-11-02T23:52:09","guid":{"rendered":"http:\/\/barreiroweb.eu\/?p=13840"},"modified":"2015-11-02T23:52:09","modified_gmt":"2015-11-02T23:52:09","slug":"truz-truz-deixa-me-entrar-para-criancas-e-familias","status":"publish","type":"post","link":"https:\/\/arquivo.barreiroweb.net\/?p=13840","title":{"rendered":"\u201cTruz, Truz\u2026 Deixa-me Entrar!\u201d para crian\u00e7as e fam\u00edlias"},"content":{"rendered":"<p><strong><a href=\"http:\/\/barreiroweb.eu\/wp-content\/uploads\/2015\/11\/De-Pequenote.jpg\" rel=\"lightbox[13840]\"><img loading=\"lazy\" decoding=\"async\" class=\"alignleft size-medium wp-image-13841\" src=\"http:\/\/barreiroweb.eu\/wp-content\/uploads\/2015\/11\/De-Pequenote-300x200.jpg\" alt=\"De Pequenote\" width=\"300\" height=\"200\" srcset=\"https:\/\/arquivo.barreiroweb.net\/wp-content\/uploads\/2015\/11\/De-Pequenote-300x200.jpg 300w, https:\/\/arquivo.barreiroweb.net\/wp-content\/uploads\/2015\/11\/De-Pequenote.jpg 640w\" sizes=\"auto, (max-width: 300px) 100vw, 300px\" \/><\/a>Espet\u00e1culo-Oficina na Biblioteca da Moita<\/strong><\/p>\n<p>\u201cTruz, Truz\u2026 Deixa-me Entrar\u201d \u00e9 o nome do espet\u00e1culo-oficina que a C\u00e2mara Municipal da Moita prop\u00f5e, no Projeto \u201cDe Pequenote\u201d, no dia 7 de novembro, \u00e0s 15:30h e \u00e0s 17:30h, na Biblioteca Municipal Bento de Jesus Cara\u00e7a, na Moita.<\/p>\n<p>Este espet\u00e1culo, com Ana Beatriz Degues e Patr\u00edcia Vieira, \u00e9 dirigido a crian\u00e7as entre os 3 e os 5 anos, e tem a lota\u00e7\u00e3o m\u00e1xima de 20 crian\u00e7as e 20 acompanhantes por sess\u00e3o.<\/p>\n<p><strong>Sinopse: <\/strong><\/p>\n<p>Deixa-me entrar num mundo imagin\u00e1rio\u2026<\/p>\n<p>Deixa-me descobrir o mundo das formas, dos ritmos e dos sons.<\/p>\n<p>Deixa-me descobrir as formas do nosso mundo.<\/p>\n<p>O mundo das emo\u00e7\u00f5es.<\/p>\n<p>Uma cidade de cart\u00e3o serve como paisagem de fundo para explorarmos e descobrirmos os espa\u00e7os do nosso corpo, envolvendo-nos numa dan\u00e7a genu\u00edna e curiosa.<\/p>\n<p>Em \u201c<em>Truz Truz\u2026Deixa-me Entrar!\u201d<\/em> propomo-nos a construir e desconstruir uma cidade. Percorremos as suas ruas e somos levados a viajar. Descobrimos que estas casas de cart\u00e3o se podem transformar e que com elas podemos construir muitas outras coisas\u2026<\/p>\n<p><strong>\u201cTruz, Truz\u2026 Deixa-me Entrar!\u201d tem entrada gratuita, mediante inscri\u00e7\u00e3o pr\u00e9via a partir de 3 de novembro, atrav\u00e9s do T: 210817040 (de ter\u00e7a-feira a s\u00e1bado, das 10:00h \u00e0s 19:00h).<\/strong><\/p>\n<p>fonte: CMM<\/p>\n","protected":false},"excerpt":{"rendered":"<p>Espet\u00e1culo-Oficina na Biblioteca da Moita \u201cTruz, Truz\u2026 Deixa-me Entrar\u201d \u00e9 o nome do espet\u00e1culo-oficina que a C\u00e2mara Municipal da Moita prop\u00f5e, no Projeto \u201cDe Pequenote\u201d, no dia 7 de novembro, \u00e0s 15:30h e \u00e0s 17:30h, na Biblioteca Municipal Bento de Jesus Cara\u00e7a, na Moita. Este espet\u00e1culo, com Ana Beatriz Degues e Patr\u00edcia Vieira, \u00e9 dirigido [&hellip;]<\/p>\n","protected":false},"author":1,"featured_media":13841,"comment_status":"open","ping_status":"open","sticky":false,"template":"","format":"standard","meta":{"footnotes":""},"categories":[634],"tags":[649,37],"class_list":["post-13840","post","type-post","status-publish","format-standard","has-post-thumbnail","hentry","category-miudos","tag-miudos","tag-moita","last_archivepost"],"yoast_head":"<!-- This site is optimized with the Yoast SEO plugin v27.1.1 - https:\/\/yoast.com\/product\/yoast-seo-wordpress\/ -->\n<title>\u201cTruz, Truz\u2026 Deixa-me Entrar!\u201d para crian\u00e7as e fam\u00edlias - barreiroweb<\/title>\n<meta name=\"robots\" content=\"index, follow, max-snippet:-1, max-image-preview:large, max-video-preview:-1\" \/>\n<link rel=\"canonical\" href=\"https:\/\/arquivo.barreiroweb.net\/?p=13840\" \/>\n<meta property=\"og:locale\" content=\"pt_PT\" \/>\n<meta property=\"og:type\" content=\"article\" \/>\n<meta property=\"og:title\" content=\"\u201cTruz, Truz\u2026 Deixa-me Entrar!\u201d para crian\u00e7as e fam\u00edlias - barreiroweb\" \/>\n<meta property=\"og:description\" content=\"Espet\u00e1culo-Oficina na Biblioteca da Moita \u201cTruz, Truz\u2026 Deixa-me Entrar\u201d \u00e9 o nome do espet\u00e1culo-oficina que a C\u00e2mara Municipal da Moita prop\u00f5e, no Projeto \u201cDe Pequenote\u201d, no dia 7 de novembro, \u00e0s 15:30h e \u00e0s 17:30h, na Biblioteca Municipal Bento de Jesus Cara\u00e7a, na Moita. Este espet\u00e1culo, com Ana Beatriz Degues e Patr\u00edcia Vieira, \u00e9 dirigido [&hellip;]\" \/>\n<meta property=\"og:url\" content=\"https:\/\/arquivo.barreiroweb.net\/?p=13840\" \/>\n<meta property=\"og:site_name\" content=\"barreiroweb\" \/>\n<meta property=\"article:publisher\" content=\"https:\/\/www.facebook.com\/barreiroweb\" \/>\n<meta property=\"article:published_time\" content=\"2015-11-02T23:52:09+00:00\" \/>\n<meta property=\"og:image\" content=\"https:\/\/arquivo.barreiroweb.net\/wp-content\/uploads\/2015\/11\/De-Pequenote.jpg\" \/>\n\t<meta property=\"og:image:width\" content=\"640\" \/>\n\t<meta property=\"og:image:height\" content=\"427\" \/>\n\t<meta property=\"og:image:type\" content=\"image\/jpeg\" \/>\n<meta name=\"author\" content=\"barreiroweb\" \/>\n<meta name=\"twitter:card\" content=\"summary_large_image\" \/>\n<meta name=\"twitter:creator\" content=\"@barreiroweb\" \/>\n<meta name=\"twitter:site\" content=\"@barreiroweb\" \/>\n<meta name=\"twitter:label1\" content=\"Escrito por\" \/>\n\t<meta name=\"twitter:data1\" content=\"barreiroweb\" \/>\n\t<meta name=\"twitter:label2\" content=\"Tempo estimado de leitura\" \/>\n\t<meta name=\"twitter:data2\" content=\"1 minuto\" \/>\n<script type=\"application\/ld+json\" class=\"yoast-schema-graph\">{\"@context\":\"https:\/\/schema.org\",\"@graph\":[{\"@type\":\"Article\",\"@id\":\"https:\/\/arquivo.barreiroweb.net\/?p=13840#article\",\"isPartOf\":{\"@id\":\"https:\/\/arquivo.barreiroweb.net\/?p=13840\"},\"author\":{\"name\":\"barreiroweb\",\"@id\":\"https:\/\/arquivo.barreiroweb.net\/#\/schema\/person\/44b6d528aff975e3786c9f475f9df2dd\"},\"headline\":\"\u201cTruz, Truz\u2026 Deixa-me Entrar!\u201d para crian\u00e7as e fam\u00edlias\",\"datePublished\":\"2015-11-02T23:52:09+00:00\",\"mainEntityOfPage\":{\"@id\":\"https:\/\/arquivo.barreiroweb.net\/?p=13840\"},\"wordCount\":223,\"commentCount\":0,\"publisher\":{\"@id\":\"https:\/\/arquivo.barreiroweb.net\/#organization\"},\"image\":{\"@id\":\"https:\/\/arquivo.barreiroweb.net\/?p=13840#primaryimage\"},\"thumbnailUrl\":\"https:\/\/arquivo.barreiroweb.net\/wp-content\/uploads\/2015\/11\/De-Pequenote.jpg\",\"keywords\":[\"miudos\",\"moita\"],\"articleSection\":[\"Miudos\"],\"inLanguage\":\"pt-PT\",\"potentialAction\":[{\"@type\":\"CommentAction\",\"name\":\"Comment\",\"target\":[\"https:\/\/arquivo.barreiroweb.net\/?p=13840#respond\"]}]},{\"@type\":\"WebPage\",\"@id\":\"https:\/\/arquivo.barreiroweb.net\/?p=13840\",\"url\":\"https:\/\/arquivo.barreiroweb.net\/?p=13840\",\"name\":\"\u201cTruz, Truz\u2026 Deixa-me Entrar!\u201d para crian\u00e7as e fam\u00edlias - barreiroweb\",\"isPartOf\":{\"@id\":\"https:\/\/arquivo.barreiroweb.net\/#website\"},\"primaryImageOfPage\":{\"@id\":\"https:\/\/arquivo.barreiroweb.net\/?p=13840#primaryimage\"},\"image\":{\"@id\":\"https:\/\/arquivo.barreiroweb.net\/?p=13840#primaryimage\"},\"thumbnailUrl\":\"https:\/\/arquivo.barreiroweb.net\/wp-content\/uploads\/2015\/11\/De-Pequenote.jpg\",\"datePublished\":\"2015-11-02T23:52:09+00:00\",\"breadcrumb\":{\"@id\":\"https:\/\/arquivo.barreiroweb.net\/?p=13840#breadcrumb\"},\"inLanguage\":\"pt-PT\",\"potentialAction\":[{\"@type\":\"ReadAction\",\"target\":[\"https:\/\/arquivo.barreiroweb.net\/?p=13840\"]}]},{\"@type\":\"ImageObject\",\"inLanguage\":\"pt-PT\",\"@id\":\"https:\/\/arquivo.barreiroweb.net\/?p=13840#primaryimage\",\"url\":\"https:\/\/arquivo.barreiroweb.net\/wp-content\/uploads\/2015\/11\/De-Pequenote.jpg\",\"contentUrl\":\"https:\/\/arquivo.barreiroweb.net\/wp-content\/uploads\/2015\/11\/De-Pequenote.jpg\",\"width\":640,\"height\":427},{\"@type\":\"BreadcrumbList\",\"@id\":\"https:\/\/arquivo.barreiroweb.net\/?p=13840#breadcrumb\",\"itemListElement\":[{\"@type\":\"ListItem\",\"position\":1,\"name\":\"In\u00edcio\",\"item\":\"https:\/\/arquivo.barreiroweb.net\/\"},{\"@type\":\"ListItem\",\"position\":2,\"name\":\"\u201cTruz, Truz\u2026 Deixa-me Entrar!\u201d para crian\u00e7as e fam\u00edlias\"}]},{\"@type\":\"WebSite\",\"@id\":\"https:\/\/arquivo.barreiroweb.net\/#website\",\"url\":\"https:\/\/arquivo.barreiroweb.net\/\",\"name\":\"barreiroweb\",\"description\":\"Barreiroweb o barreiro na web\",\"publisher\":{\"@id\":\"https:\/\/arquivo.barreiroweb.net\/#organization\"},\"potentialAction\":[{\"@type\":\"SearchAction\",\"target\":{\"@type\":\"EntryPoint\",\"urlTemplate\":\"https:\/\/arquivo.barreiroweb.net\/?s={search_term_string}\"},\"query-input\":{\"@type\":\"PropertyValueSpecification\",\"valueRequired\":true,\"valueName\":\"search_term_string\"}}],\"inLanguage\":\"pt-PT\"},{\"@type\":\"Organization\",\"@id\":\"https:\/\/arquivo.barreiroweb.net\/#organization\",\"name\":\"barreiroweb\",\"url\":\"https:\/\/arquivo.barreiroweb.net\/\",\"logo\":{\"@type\":\"ImageObject\",\"inLanguage\":\"pt-PT\",\"@id\":\"https:\/\/arquivo.barreiroweb.net\/#\/schema\/logo\/image\/\",\"url\":\"https:\/\/barreiroweb.net\/wp-content\/uploads\/2022\/05\/BarreiroWeb555.jpg\",\"contentUrl\":\"https:\/\/barreiroweb.net\/wp-content\/uploads\/2022\/05\/BarreiroWeb555.jpg\",\"width\":421,\"height\":415,\"caption\":\"barreiroweb\"},\"image\":{\"@id\":\"https:\/\/arquivo.barreiroweb.net\/#\/schema\/logo\/image\/\"},\"sameAs\":[\"https:\/\/www.facebook.com\/barreiroweb\",\"https:\/\/x.com\/barreiroweb\"]},{\"@type\":\"Person\",\"@id\":\"https:\/\/arquivo.barreiroweb.net\/#\/schema\/person\/44b6d528aff975e3786c9f475f9df2dd\",\"name\":\"barreiroweb\",\"image\":{\"@type\":\"ImageObject\",\"inLanguage\":\"pt-PT\",\"@id\":\"https:\/\/arquivo.barreiroweb.net\/#\/schema\/person\/image\/\",\"url\":\"https:\/\/secure.gravatar.com\/avatar\/1f764b917967430404ff0b452044eb63a25d64a5363b25be2aa42273930f477d?s=96&d=mm&r=g\",\"contentUrl\":\"https:\/\/secure.gravatar.com\/avatar\/1f764b917967430404ff0b452044eb63a25d64a5363b25be2aa42273930f477d?s=96&d=mm&r=g\",\"caption\":\"barreiroweb\"},\"url\":\"https:\/\/arquivo.barreiroweb.net\/?author=1\"}]}<\/script>\n<!-- \/ Yoast SEO plugin. -->","yoast_head_json":{"title":"\u201cTruz, Truz\u2026 Deixa-me Entrar!\u201d para crian\u00e7as e fam\u00edlias - barreiroweb","robots":{"index":"index","follow":"follow","max-snippet":"max-snippet:-1","max-image-preview":"max-image-preview:large","max-video-preview":"max-video-preview:-1"},"canonical":"https:\/\/arquivo.barreiroweb.net\/?p=13840","og_locale":"pt_PT","og_type":"article","og_title":"\u201cTruz, Truz\u2026 Deixa-me Entrar!\u201d para crian\u00e7as e fam\u00edlias - barreiroweb","og_description":"Espet\u00e1culo-Oficina na Biblioteca da Moita \u201cTruz, Truz\u2026 Deixa-me Entrar\u201d \u00e9 o nome do espet\u00e1culo-oficina que a C\u00e2mara Municipal da Moita prop\u00f5e, no Projeto \u201cDe Pequenote\u201d, no dia 7 de novembro, \u00e0s 15:30h e \u00e0s 17:30h, na Biblioteca Municipal Bento de Jesus Cara\u00e7a, na Moita. Este espet\u00e1culo, com Ana Beatriz Degues e Patr\u00edcia Vieira, \u00e9 dirigido [&hellip;]","og_url":"https:\/\/arquivo.barreiroweb.net\/?p=13840","og_site_name":"barreiroweb","article_publisher":"https:\/\/www.facebook.com\/barreiroweb","article_published_time":"2015-11-02T23:52:09+00:00","og_image":[{"width":640,"height":427,"url":"https:\/\/arquivo.barreiroweb.net\/wp-content\/uploads\/2015\/11\/De-Pequenote.jpg","type":"image\/jpeg"}],"author":"barreiroweb","twitter_card":"summary_large_image","twitter_creator":"@barreiroweb","twitter_site":"@barreiroweb","twitter_misc":{"Escrito por":"barreiroweb","Tempo estimado de leitura":"1 minuto"},"schema":{"@context":"https:\/\/schema.org","@graph":[{"@type":"Article","@id":"https:\/\/arquivo.barreiroweb.net\/?p=13840#article","isPartOf":{"@id":"https:\/\/arquivo.barreiroweb.net\/?p=13840"},"author":{"name":"barreiroweb","@id":"https:\/\/arquivo.barreiroweb.net\/#\/schema\/person\/44b6d528aff975e3786c9f475f9df2dd"},"headline":"\u201cTruz, Truz\u2026 Deixa-me Entrar!\u201d para crian\u00e7as e fam\u00edlias","datePublished":"2015-11-02T23:52:09+00:00","mainEntityOfPage":{"@id":"https:\/\/arquivo.barreiroweb.net\/?p=13840"},"wordCount":223,"commentCount":0,"publisher":{"@id":"https:\/\/arquivo.barreiroweb.net\/#organization"},"image":{"@id":"https:\/\/arquivo.barreiroweb.net\/?p=13840#primaryimage"},"thumbnailUrl":"https:\/\/arquivo.barreiroweb.net\/wp-content\/uploads\/2015\/11\/De-Pequenote.jpg","keywords":["miudos","moita"],"articleSection":["Miudos"],"inLanguage":"pt-PT","potentialAction":[{"@type":"CommentAction","name":"Comment","target":["https:\/\/arquivo.barreiroweb.net\/?p=13840#respond"]}]},{"@type":"WebPage","@id":"https:\/\/arquivo.barreiroweb.net\/?p=13840","url":"https:\/\/arquivo.barreiroweb.net\/?p=13840","name":"\u201cTruz, Truz\u2026 Deixa-me Entrar!\u201d para crian\u00e7as e fam\u00edlias - barreiroweb","isPartOf":{"@id":"https:\/\/arquivo.barreiroweb.net\/#website"},"primaryImageOfPage":{"@id":"https:\/\/arquivo.barreiroweb.net\/?p=13840#primaryimage"},"image":{"@id":"https:\/\/arquivo.barreiroweb.net\/?p=13840#primaryimage"},"thumbnailUrl":"https:\/\/arquivo.barreiroweb.net\/wp-content\/uploads\/2015\/11\/De-Pequenote.jpg","datePublished":"2015-11-02T23:52:09+00:00","breadcrumb":{"@id":"https:\/\/arquivo.barreiroweb.net\/?p=13840#breadcrumb"},"inLanguage":"pt-PT","potentialAction":[{"@type":"ReadAction","target":["https:\/\/arquivo.barreiroweb.net\/?p=13840"]}]},{"@type":"ImageObject","inLanguage":"pt-PT","@id":"https:\/\/arquivo.barreiroweb.net\/?p=13840#primaryimage","url":"https:\/\/arquivo.barreiroweb.net\/wp-content\/uploads\/2015\/11\/De-Pequenote.jpg","contentUrl":"https:\/\/arquivo.barreiroweb.net\/wp-content\/uploads\/2015\/11\/De-Pequenote.jpg","width":640,"height":427},{"@type":"BreadcrumbList","@id":"https:\/\/arquivo.barreiroweb.net\/?p=13840#breadcrumb","itemListElement":[{"@type":"ListItem","position":1,"name":"In\u00edcio","item":"https:\/\/arquivo.barreiroweb.net\/"},{"@type":"ListItem","position":2,"name":"\u201cTruz, Truz\u2026 Deixa-me Entrar!\u201d para crian\u00e7as e fam\u00edlias"}]},{"@type":"WebSite","@id":"https:\/\/arquivo.barreiroweb.net\/#website","url":"https:\/\/arquivo.barreiroweb.net\/","name":"barreiroweb","description":"Barreiroweb o barreiro na web","publisher":{"@id":"https:\/\/arquivo.barreiroweb.net\/#organization"},"potentialAction":[{"@type":"SearchAction","target":{"@type":"EntryPoint","urlTemplate":"https:\/\/arquivo.barreiroweb.net\/?s={search_term_string}"},"query-input":{"@type":"PropertyValueSpecification","valueRequired":true,"valueName":"search_term_string"}}],"inLanguage":"pt-PT"},{"@type":"Organization","@id":"https:\/\/arquivo.barreiroweb.net\/#organization","name":"barreiroweb","url":"https:\/\/arquivo.barreiroweb.net\/","logo":{"@type":"ImageObject","inLanguage":"pt-PT","@id":"https:\/\/arquivo.barreiroweb.net\/#\/schema\/logo\/image\/","url":"https:\/\/barreiroweb.net\/wp-content\/uploads\/2022\/05\/BarreiroWeb555.jpg","contentUrl":"https:\/\/barreiroweb.net\/wp-content\/uploads\/2022\/05\/BarreiroWeb555.jpg","width":421,"height":415,"caption":"barreiroweb"},"image":{"@id":"https:\/\/arquivo.barreiroweb.net\/#\/schema\/logo\/image\/"},"sameAs":["https:\/\/www.facebook.com\/barreiroweb","https:\/\/x.com\/barreiroweb"]},{"@type":"Person","@id":"https:\/\/arquivo.barreiroweb.net\/#\/schema\/person\/44b6d528aff975e3786c9f475f9df2dd","name":"barreiroweb","image":{"@type":"ImageObject","inLanguage":"pt-PT","@id":"https:\/\/arquivo.barreiroweb.net\/#\/schema\/person\/image\/","url":"https:\/\/secure.gravatar.com\/avatar\/1f764b917967430404ff0b452044eb63a25d64a5363b25be2aa42273930f477d?s=96&d=mm&r=g","contentUrl":"https:\/\/secure.gravatar.com\/avatar\/1f764b917967430404ff0b452044eb63a25d64a5363b25be2aa42273930f477d?s=96&d=mm&r=g","caption":"barreiroweb"},"url":"https:\/\/arquivo.barreiroweb.net\/?author=1"}]}},"_links":{"self":[{"href":"https:\/\/arquivo.barreiroweb.net\/index.php?rest_route=\/wp\/v2\/posts\/13840","targetHints":{"allow":["GET"]}}],"collection":[{"href":"https:\/\/arquivo.barreiroweb.net\/index.php?rest_route=\/wp\/v2\/posts"}],"about":[{"href":"https:\/\/arquivo.barreiroweb.net\/index.php?rest_route=\/wp\/v2\/types\/post"}],"author":[{"embeddable":true,"href":"https:\/\/arquivo.barreiroweb.net\/index.php?rest_route=\/wp\/v2\/users\/1"}],"replies":[{"embeddable":true,"href":"https:\/\/arquivo.barreiroweb.net\/index.php?rest_route=%2Fwp%2Fv2%2Fcomments&post=13840"}],"version-history":[{"count":1,"href":"https:\/\/arquivo.barreiroweb.net\/index.php?rest_route=\/wp\/v2\/posts\/13840\/revisions"}],"predecessor-version":[{"id":13842,"href":"https:\/\/arquivo.barreiroweb.net\/index.php?rest_route=\/wp\/v2\/posts\/13840\/revisions\/13842"}],"wp:featuredmedia":[{"embeddable":true,"href":"https:\/\/arquivo.barreiroweb.net\/index.php?rest_route=\/wp\/v2\/media\/13841"}],"wp:attachment":[{"href":"https:\/\/arquivo.barreiroweb.net\/index.php?rest_route=%2Fwp%2Fv2%2Fmedia&parent=13840"}],"wp:term":[{"taxonomy":"category","embeddable":true,"href":"https:\/\/arquivo.barreiroweb.net\/index.php?rest_route=%2Fwp%2Fv2%2Fcategories&post=13840"},{"taxonomy":"post_tag","embeddable":true,"href":"https:\/\/arquivo.barreiroweb.net\/index.php?rest_route=%2Fwp%2Fv2%2Ftags&post=13840"}],"curies":[{"name":"wp","href":"https:\/\/api.w.org\/{rel}","templated":true}]}}