{"id":13819,"date":"2015-11-02T22:24:52","date_gmt":"2015-11-02T22:24:52","guid":{"rendered":"http:\/\/barreiroweb.eu\/?p=13819"},"modified":"2015-11-02T22:24:52","modified_gmt":"2015-11-02T22:24:52","slug":"festa-da-marioneta-2015-2","status":"publish","type":"post","link":"https:\/\/arquivo.barreiroweb.net\/?p=13819","title":{"rendered":"Festa da Marioneta 2015"},"content":{"rendered":"<p><a href=\"http:\/\/barreiroweb.eu\/wp-content\/uploads\/2015\/11\/festa-das-marionetas-barreiro.jpg\" rel=\"lightbox[13819]\"><img loading=\"lazy\" decoding=\"async\" class=\"alignleft size-medium wp-image-13820\" src=\"http:\/\/barreiroweb.eu\/wp-content\/uploads\/2015\/11\/festa-das-marionetas-barreiro-300x200.jpg\" alt=\"festa das marionetas barreiro\" width=\"300\" height=\"200\" srcset=\"https:\/\/arquivo.barreiroweb.net\/wp-content\/uploads\/2015\/11\/festa-das-marionetas-barreiro-300x200.jpg 300w, https:\/\/arquivo.barreiroweb.net\/wp-content\/uploads\/2015\/11\/festa-das-marionetas-barreiro.jpg 640w\" sizes=\"auto, (max-width: 300px) 100vw, 300px\" \/><\/a>Pe\u00e7as de teatro \u201cDescobridores\u201d e \u201cPeregrina\u00e7\u00e3o\u201d e Visitas Guiadas \u00e0 Exposi\u00e7\u00e3o \u201cDescobridores \u2013 Uma Viagem feita por Ti\u201d no AMA<\/p>\n<p>Em novembro, o Audit\u00f3rio Municipal Augusto Cabrita (AMAC) recebe duas pe\u00e7as de teatro e uma exposi\u00e7\u00e3o no \u00e2mbito da FESTA DA MARIONETA 2015,\u00a0promovida pela Artemrede. \u201cDescobridores\u201d sobre ao palco do AMAC j\u00e1 no pr\u00f3ximo domingo, dia 8 de novembro. \u201cPeregrina\u00e7\u00e3o\u201d e a mostra \u201cDescobridores \u2013 Uma Viagem Feita por ti\u201d comp\u00f5em tamb\u00e9m o programa, dirigido a mi\u00fados e gra\u00fados.<\/p>\n<p><strong><u>Exposi\u00e7\u00e3o DESCOBRIDORES \u2013 UMA VIAGEM FEITA POR TI \u00a0<\/u><\/strong><\/p>\n<p>Patente de <strong>6 a 15 de novembro, de sexta-feira\u00a0a domingo<\/strong>, no Piso 0 do AMAC, junto \u00e0 bilheteira.<\/p>\n<p>Esta exposi\u00e7\u00e3o faz parte do espet\u00e1culo com o mesmo nome, DESCOBRIDORES, pe\u00e7a do Teatro e Marionetas de Mandr\u00e1gora (Coprodu\u00e7\u00e3o Artemrede)<\/p>\n<p>A visita guiada, mediante marca\u00e7\u00e3o, <em>viaja entre culturas atrav\u00e9s do simples gesto de tocar, abrir e fechar; na a\u00e7\u00e3o que o gesto conduz a revelar, a esconder, a desvendar, a descobrir, a acolher e a cuidar; onde as crian\u00e7as se tornam num agente ativo ao interagir no espa\u00e7o, transformando-se em exploradores e descobridores.<\/em><\/p>\n<p>A exposi\u00e7\u00e3o contou com a coordena\u00e7\u00e3o de V\u00e2nia Kosta, respons\u00e1vel pela cria\u00e7\u00e3o pl\u00e1stica de marionetas.<\/p>\n<p>Visitas guiadas para crian\u00e7as dos 2 aos 5 anos, em contexto escolar: de segunda a sexta- feira, das 15h00 \u00e0s 17h00<\/p>\n<p>Dura\u00e7\u00e3o: 30m<\/p>\n<p>Hor\u00e1rio das sess\u00f5es: \u00a0Das 15h00 \u00e0s 15h30\/ 15h50 \u00e0s 16h20\/ Das 16h30 \u00e0s 17h00<\/p>\n<p>Visita livre para crian\u00e7as dos 0 aos 5 anos, a explorar por crian\u00e7a e adulto ao fim-de-semana, das 14h00 \u00e0s 20h00<\/p>\n<p>Gratuito.<\/p>\n<p><strong><u>Descobridores<\/u><\/strong><\/p>\n<p><strong>08 novembro | \u00a0domingo | Duas sess\u00f5es &#8211; 10h30\u00a0 para beb\u00e9s dos 0 aos 2 anos e 17h00 para crian\u00e7as dos 3 aos 5 anos | Teatro e Marionetas de Mandr\u00e1gora | Coprodu\u00e7\u00e3o Artemrede<\/strong><\/p>\n<p><em>Nascer&#8230;chegam pelo mar os descobridores&#8230;<\/em><\/p>\n<p><em>Recebidos pela m\u00e3e ilha, viajam pelo embalar dos abra\u00e7os. Em cada terra nasce um menino, em cada terra nasce uma m\u00e3e, em Portugal o galo canta, no Brasil os p\u00e1ssaros voam e a m\u00e3e \u00e9 grande, em \u00c1frica a m\u00e3e \u00e9 ch\u00e3o, \u00e9 terra, na \u00cdndia as m\u00e3os e os p\u00e9s da m\u00e3e brilham e agitam-se de sons, em Timor a terra \u00e9 um crocodilo que nos leva a jogar, na China os drag\u00f5es saltam e a m\u00e3e tem m\u00e3os que dan\u00e7am, tocam e embalam. Sonhamos! Terra de cores, cheiros e sons. Uma terra a descobrir com os pais e com aqueles que nos embalam. <\/em><\/p>\n<p>Dura\u00e7\u00e3o \u2013 40 minutos, seguido de visita \u00e0 exposi\u00e7\u00e3o que acompanha o espet\u00e1culo<\/p>\n<p>Ingresso \u2013 5,00\u20ac (bilhete duplo &#8211; uma crian\u00e7a acompanhada por um adulto)<\/p>\n<p><u>Ficha Art\u00edstica e T\u00e9cnica<\/u><\/p>\n<p>Cria\u00e7\u00e3o e Interpreta\u00e7\u00e3o: Filipa Mesquita | Cria\u00e7\u00e3o Pl\u00e1stica: V\u00e2nia Kosta |M\u00fasica: Fernando Mota |Estrutura Cenogr\u00e1fica: Hugo Ribeiro| Apoio \u00e0 produ\u00e7\u00e3o: Clara Ribeiro | Apoio \u00e0 constru\u00e7\u00e3o: enVide nefelibata, Joana Domingos, Jos\u00e9 Machado | Coordena\u00e7\u00e3o da exposi\u00e7\u00e3o: V\u00e2nia Kost<\/p>\n<p><strong><u>Peregrina\u00e7\u00e3o <\/u><\/strong><\/p>\n<p><strong>28 novembro | \u00a0s\u00e1bado | 16h00 | Companhia Lafontana | Teatro de Marionetas <\/strong><\/p>\n<p><em>Abram alas \u00e0 ast\u00facia prodigiosa e \u00e0 curiosidade infatig\u00e1vel de Fern\u00e3o Mendes Pinto, que relatou as \u201cmuitas e muito estranhas coisas que viu &amp; ouviu\u201d em \u201cmuitos reinos &amp; senhorios das partes Orientais\u201d num livro a que deu o nome de Peregrina\u00e7\u00e3o, publicado em 1614, trinta anos ap\u00f3s a sua morte. Numa obra que convoca v\u00e1rios g\u00e9neros liter\u00e1rios (livro de viagens, romance picaresco), o nosso viajante exp\u00f5e-se a perigos e sacrif\u00edcios, enfrenta medos e obst\u00e1culos, mistura factos e fic\u00e7\u00e3o. A sua verve brilha no interior de cenas dram\u00e1ticas (sim, o teatro do mundo) repletas de rocambolescas imagens e vis\u00f5es (um desejo chamado cinema, tamb\u00e9m). Partindo deste potencial de expressividade cinematogr\u00e1fica, Marcelo Lafontana promove o cruzamento do seu Teatro de Papel \u2013 que j\u00e1 havia visitado com Anfitri\u00e3o (2004) e O Convidado de Pedra (2005) \u2013 com os recursos do audiovisual e do multim\u00e9dia. Num palco transformado em est\u00fadio de cinema, cen\u00e1rios e personagens desenhados e recortados em cart\u00e3o s\u00e3o manipulados perante o olhar de c\u00e2maras de v\u00eddeo. As imagens s\u00e3o recolhidas por um sistema inform\u00e1tico que promove o seu tratamento, montagem, mistura, sonoriza\u00e7\u00e3o e inser\u00e7\u00e3o de efeitos especiais, tudo em tempo real. O resultado final \u00e9 projetado numa tela, janela tecnol\u00f3gica que se abre aos sortil\u00e9gios de uma viagem que se faz viajando, com a imagina\u00e7\u00e3o \u00e0 solta.<\/em><\/p>\n<p>Faixa Et\u00e1ria \u2013\u00a0 M\/6<\/p>\n<p>Dura\u00e7\u00e3o \u2013 60m s\/intervalo<\/p>\n<p>Ingresso \u2013 3,00\u20ac<\/p>\n<p><u>Ficha Art\u00edstica e T\u00e9cnica<\/u><\/p>\n<p>Encena\u00e7\u00e3o e interpreta\u00e7\u00e3o: Marcelo Lafontana | Dramaturgia: Jos\u00e9 Coutinhas |Cenografia: S\u00edlvia Fagundes |Dire\u00e7\u00e3o musical: Eduardo Patriarca | Desenho de luz: Pedro Cardoso| Desenho de cen\u00e1rios e personagens: Lu\u00eds F\u00e9lix, Rebeca das Neves| Dire\u00e7\u00e3o de fotografia: JPedro Martins| Sistema e conte\u00fados multimedia: Lu\u00eds Grifu| Assist\u00eancia de encena\u00e7\u00e3o: Rita Nova<\/p>\n<p><a href=\"http:\/\/youtu.be\/iTXVNt2nkmY\">http:\/\/youtu.be\/iTXVNt2nkmY<\/a><\/p>\n<p><a href=\"http:\/\/vimeo.com\/99052304\">http:\/\/vimeo.com\/99052304<\/a><\/p>\n<p><a href=\"http:\/\/vimeo.com\/97412299\">http:\/\/vimeo.com\/97412299<\/a><\/p>\n<p>Fonte:CMB<\/p>\n","protected":false},"excerpt":{"rendered":"<p>Pe\u00e7as de teatro \u201cDescobridores\u201d e \u201cPeregrina\u00e7\u00e3o\u201d e Visitas Guiadas \u00e0 Exposi\u00e7\u00e3o \u201cDescobridores \u2013 Uma Viagem feita por Ti\u201d no AMA Em novembro, o Audit\u00f3rio Municipal Augusto Cabrita (AMAC) recebe duas pe\u00e7as de teatro e uma exposi\u00e7\u00e3o no \u00e2mbito da FESTA DA MARIONETA 2015,\u00a0promovida pela Artemrede. \u201cDescobridores\u201d sobre ao palco do AMAC j\u00e1 no pr\u00f3ximo domingo, [&hellip;]<\/p>\n","protected":false},"author":1,"featured_media":13820,"comment_status":"open","ping_status":"open","sticky":false,"template":"","format":"standard","meta":{"footnotes":""},"categories":[10],"tags":[41,472,745],"class_list":["post-13819","post","type-post","status-publish","format-standard","has-post-thumbnail","hentry","category-teatro","tag-barreiro","tag-festa-da-marioneta","tag-teatro","last_archivepost"],"yoast_head":"<!-- This site is optimized with the Yoast SEO plugin v27.1.1 - https:\/\/yoast.com\/product\/yoast-seo-wordpress\/ -->\n<title>Festa da Marioneta 2015 - barreiroweb<\/title>\n<meta name=\"robots\" content=\"index, follow, max-snippet:-1, max-image-preview:large, max-video-preview:-1\" \/>\n<link rel=\"canonical\" href=\"https:\/\/arquivo.barreiroweb.net\/?p=13819\" \/>\n<meta property=\"og:locale\" content=\"pt_PT\" \/>\n<meta property=\"og:type\" content=\"article\" \/>\n<meta property=\"og:title\" content=\"Festa da Marioneta 2015 - barreiroweb\" \/>\n<meta property=\"og:description\" content=\"Pe\u00e7as de teatro \u201cDescobridores\u201d e \u201cPeregrina\u00e7\u00e3o\u201d e Visitas Guiadas \u00e0 Exposi\u00e7\u00e3o \u201cDescobridores \u2013 Uma Viagem feita por Ti\u201d no AMA Em novembro, o Audit\u00f3rio Municipal Augusto Cabrita (AMAC) recebe duas pe\u00e7as de teatro e uma exposi\u00e7\u00e3o no \u00e2mbito da FESTA DA MARIONETA 2015,\u00a0promovida pela Artemrede. \u201cDescobridores\u201d sobre ao palco do AMAC j\u00e1 no pr\u00f3ximo domingo, [&hellip;]\" \/>\n<meta property=\"og:url\" content=\"https:\/\/arquivo.barreiroweb.net\/?p=13819\" \/>\n<meta property=\"og:site_name\" content=\"barreiroweb\" \/>\n<meta property=\"article:publisher\" content=\"https:\/\/www.facebook.com\/barreiroweb\" \/>\n<meta property=\"article:published_time\" content=\"2015-11-02T22:24:52+00:00\" \/>\n<meta property=\"og:image\" content=\"https:\/\/arquivo.barreiroweb.net\/wp-content\/uploads\/2015\/11\/festa-das-marionetas-barreiro.jpg\" \/>\n\t<meta property=\"og:image:width\" content=\"640\" \/>\n\t<meta property=\"og:image:height\" content=\"426\" \/>\n\t<meta property=\"og:image:type\" content=\"image\/jpeg\" \/>\n<meta name=\"author\" content=\"barreiroweb\" \/>\n<meta name=\"twitter:card\" content=\"summary_large_image\" \/>\n<meta name=\"twitter:creator\" content=\"@barreiroweb\" \/>\n<meta name=\"twitter:site\" content=\"@barreiroweb\" \/>\n<meta name=\"twitter:label1\" content=\"Escrito por\" \/>\n\t<meta name=\"twitter:data1\" content=\"barreiroweb\" \/>\n\t<meta name=\"twitter:label2\" content=\"Tempo estimado de leitura\" \/>\n\t<meta name=\"twitter:data2\" content=\"4 minutos\" \/>\n<script type=\"application\/ld+json\" class=\"yoast-schema-graph\">{\"@context\":\"https:\/\/schema.org\",\"@graph\":[{\"@type\":\"Article\",\"@id\":\"https:\/\/arquivo.barreiroweb.net\/?p=13819#article\",\"isPartOf\":{\"@id\":\"https:\/\/arquivo.barreiroweb.net\/?p=13819\"},\"author\":{\"name\":\"barreiroweb\",\"@id\":\"https:\/\/arquivo.barreiroweb.net\/#\/schema\/person\/44b6d528aff975e3786c9f475f9df2dd\"},\"headline\":\"Festa da Marioneta 2015\",\"datePublished\":\"2015-11-02T22:24:52+00:00\",\"mainEntityOfPage\":{\"@id\":\"https:\/\/arquivo.barreiroweb.net\/?p=13819\"},\"wordCount\":843,\"commentCount\":0,\"publisher\":{\"@id\":\"https:\/\/arquivo.barreiroweb.net\/#organization\"},\"image\":{\"@id\":\"https:\/\/arquivo.barreiroweb.net\/?p=13819#primaryimage\"},\"thumbnailUrl\":\"https:\/\/arquivo.barreiroweb.net\/wp-content\/uploads\/2015\/11\/festa-das-marionetas-barreiro.jpg\",\"keywords\":[\"barreiro\",\"Festa da Marioneta\",\"teatro\"],\"articleSection\":[\"Teatro\"],\"inLanguage\":\"pt-PT\",\"potentialAction\":[{\"@type\":\"CommentAction\",\"name\":\"Comment\",\"target\":[\"https:\/\/arquivo.barreiroweb.net\/?p=13819#respond\"]}]},{\"@type\":\"WebPage\",\"@id\":\"https:\/\/arquivo.barreiroweb.net\/?p=13819\",\"url\":\"https:\/\/arquivo.barreiroweb.net\/?p=13819\",\"name\":\"Festa da Marioneta 2015 - barreiroweb\",\"isPartOf\":{\"@id\":\"https:\/\/arquivo.barreiroweb.net\/#website\"},\"primaryImageOfPage\":{\"@id\":\"https:\/\/arquivo.barreiroweb.net\/?p=13819#primaryimage\"},\"image\":{\"@id\":\"https:\/\/arquivo.barreiroweb.net\/?p=13819#primaryimage\"},\"thumbnailUrl\":\"https:\/\/arquivo.barreiroweb.net\/wp-content\/uploads\/2015\/11\/festa-das-marionetas-barreiro.jpg\",\"datePublished\":\"2015-11-02T22:24:52+00:00\",\"breadcrumb\":{\"@id\":\"https:\/\/arquivo.barreiroweb.net\/?p=13819#breadcrumb\"},\"inLanguage\":\"pt-PT\",\"potentialAction\":[{\"@type\":\"ReadAction\",\"target\":[\"https:\/\/arquivo.barreiroweb.net\/?p=13819\"]}]},{\"@type\":\"ImageObject\",\"inLanguage\":\"pt-PT\",\"@id\":\"https:\/\/arquivo.barreiroweb.net\/?p=13819#primaryimage\",\"url\":\"https:\/\/arquivo.barreiroweb.net\/wp-content\/uploads\/2015\/11\/festa-das-marionetas-barreiro.jpg\",\"contentUrl\":\"https:\/\/arquivo.barreiroweb.net\/wp-content\/uploads\/2015\/11\/festa-das-marionetas-barreiro.jpg\",\"width\":640,\"height\":426},{\"@type\":\"BreadcrumbList\",\"@id\":\"https:\/\/arquivo.barreiroweb.net\/?p=13819#breadcrumb\",\"itemListElement\":[{\"@type\":\"ListItem\",\"position\":1,\"name\":\"In\u00edcio\",\"item\":\"https:\/\/arquivo.barreiroweb.net\/\"},{\"@type\":\"ListItem\",\"position\":2,\"name\":\"Festa da Marioneta 2015\"}]},{\"@type\":\"WebSite\",\"@id\":\"https:\/\/arquivo.barreiroweb.net\/#website\",\"url\":\"https:\/\/arquivo.barreiroweb.net\/\",\"name\":\"barreiroweb\",\"description\":\"Barreiroweb o barreiro na web\",\"publisher\":{\"@id\":\"https:\/\/arquivo.barreiroweb.net\/#organization\"},\"potentialAction\":[{\"@type\":\"SearchAction\",\"target\":{\"@type\":\"EntryPoint\",\"urlTemplate\":\"https:\/\/arquivo.barreiroweb.net\/?s={search_term_string}\"},\"query-input\":{\"@type\":\"PropertyValueSpecification\",\"valueRequired\":true,\"valueName\":\"search_term_string\"}}],\"inLanguage\":\"pt-PT\"},{\"@type\":\"Organization\",\"@id\":\"https:\/\/arquivo.barreiroweb.net\/#organization\",\"name\":\"barreiroweb\",\"url\":\"https:\/\/arquivo.barreiroweb.net\/\",\"logo\":{\"@type\":\"ImageObject\",\"inLanguage\":\"pt-PT\",\"@id\":\"https:\/\/arquivo.barreiroweb.net\/#\/schema\/logo\/image\/\",\"url\":\"https:\/\/barreiroweb.net\/wp-content\/uploads\/2022\/05\/BarreiroWeb555.jpg\",\"contentUrl\":\"https:\/\/barreiroweb.net\/wp-content\/uploads\/2022\/05\/BarreiroWeb555.jpg\",\"width\":421,\"height\":415,\"caption\":\"barreiroweb\"},\"image\":{\"@id\":\"https:\/\/arquivo.barreiroweb.net\/#\/schema\/logo\/image\/\"},\"sameAs\":[\"https:\/\/www.facebook.com\/barreiroweb\",\"https:\/\/x.com\/barreiroweb\"]},{\"@type\":\"Person\",\"@id\":\"https:\/\/arquivo.barreiroweb.net\/#\/schema\/person\/44b6d528aff975e3786c9f475f9df2dd\",\"name\":\"barreiroweb\",\"image\":{\"@type\":\"ImageObject\",\"inLanguage\":\"pt-PT\",\"@id\":\"https:\/\/arquivo.barreiroweb.net\/#\/schema\/person\/image\/\",\"url\":\"https:\/\/secure.gravatar.com\/avatar\/1f764b917967430404ff0b452044eb63a25d64a5363b25be2aa42273930f477d?s=96&d=mm&r=g\",\"contentUrl\":\"https:\/\/secure.gravatar.com\/avatar\/1f764b917967430404ff0b452044eb63a25d64a5363b25be2aa42273930f477d?s=96&d=mm&r=g\",\"caption\":\"barreiroweb\"},\"url\":\"https:\/\/arquivo.barreiroweb.net\/?author=1\"}]}<\/script>\n<!-- \/ Yoast SEO plugin. -->","yoast_head_json":{"title":"Festa da Marioneta 2015 - barreiroweb","robots":{"index":"index","follow":"follow","max-snippet":"max-snippet:-1","max-image-preview":"max-image-preview:large","max-video-preview":"max-video-preview:-1"},"canonical":"https:\/\/arquivo.barreiroweb.net\/?p=13819","og_locale":"pt_PT","og_type":"article","og_title":"Festa da Marioneta 2015 - barreiroweb","og_description":"Pe\u00e7as de teatro \u201cDescobridores\u201d e \u201cPeregrina\u00e7\u00e3o\u201d e Visitas Guiadas \u00e0 Exposi\u00e7\u00e3o \u201cDescobridores \u2013 Uma Viagem feita por Ti\u201d no AMA Em novembro, o Audit\u00f3rio Municipal Augusto Cabrita (AMAC) recebe duas pe\u00e7as de teatro e uma exposi\u00e7\u00e3o no \u00e2mbito da FESTA DA MARIONETA 2015,\u00a0promovida pela Artemrede. \u201cDescobridores\u201d sobre ao palco do AMAC j\u00e1 no pr\u00f3ximo domingo, [&hellip;]","og_url":"https:\/\/arquivo.barreiroweb.net\/?p=13819","og_site_name":"barreiroweb","article_publisher":"https:\/\/www.facebook.com\/barreiroweb","article_published_time":"2015-11-02T22:24:52+00:00","og_image":[{"width":640,"height":426,"url":"https:\/\/arquivo.barreiroweb.net\/wp-content\/uploads\/2015\/11\/festa-das-marionetas-barreiro.jpg","type":"image\/jpeg"}],"author":"barreiroweb","twitter_card":"summary_large_image","twitter_creator":"@barreiroweb","twitter_site":"@barreiroweb","twitter_misc":{"Escrito por":"barreiroweb","Tempo estimado de leitura":"4 minutos"},"schema":{"@context":"https:\/\/schema.org","@graph":[{"@type":"Article","@id":"https:\/\/arquivo.barreiroweb.net\/?p=13819#article","isPartOf":{"@id":"https:\/\/arquivo.barreiroweb.net\/?p=13819"},"author":{"name":"barreiroweb","@id":"https:\/\/arquivo.barreiroweb.net\/#\/schema\/person\/44b6d528aff975e3786c9f475f9df2dd"},"headline":"Festa da Marioneta 2015","datePublished":"2015-11-02T22:24:52+00:00","mainEntityOfPage":{"@id":"https:\/\/arquivo.barreiroweb.net\/?p=13819"},"wordCount":843,"commentCount":0,"publisher":{"@id":"https:\/\/arquivo.barreiroweb.net\/#organization"},"image":{"@id":"https:\/\/arquivo.barreiroweb.net\/?p=13819#primaryimage"},"thumbnailUrl":"https:\/\/arquivo.barreiroweb.net\/wp-content\/uploads\/2015\/11\/festa-das-marionetas-barreiro.jpg","keywords":["barreiro","Festa da Marioneta","teatro"],"articleSection":["Teatro"],"inLanguage":"pt-PT","potentialAction":[{"@type":"CommentAction","name":"Comment","target":["https:\/\/arquivo.barreiroweb.net\/?p=13819#respond"]}]},{"@type":"WebPage","@id":"https:\/\/arquivo.barreiroweb.net\/?p=13819","url":"https:\/\/arquivo.barreiroweb.net\/?p=13819","name":"Festa da Marioneta 2015 - barreiroweb","isPartOf":{"@id":"https:\/\/arquivo.barreiroweb.net\/#website"},"primaryImageOfPage":{"@id":"https:\/\/arquivo.barreiroweb.net\/?p=13819#primaryimage"},"image":{"@id":"https:\/\/arquivo.barreiroweb.net\/?p=13819#primaryimage"},"thumbnailUrl":"https:\/\/arquivo.barreiroweb.net\/wp-content\/uploads\/2015\/11\/festa-das-marionetas-barreiro.jpg","datePublished":"2015-11-02T22:24:52+00:00","breadcrumb":{"@id":"https:\/\/arquivo.barreiroweb.net\/?p=13819#breadcrumb"},"inLanguage":"pt-PT","potentialAction":[{"@type":"ReadAction","target":["https:\/\/arquivo.barreiroweb.net\/?p=13819"]}]},{"@type":"ImageObject","inLanguage":"pt-PT","@id":"https:\/\/arquivo.barreiroweb.net\/?p=13819#primaryimage","url":"https:\/\/arquivo.barreiroweb.net\/wp-content\/uploads\/2015\/11\/festa-das-marionetas-barreiro.jpg","contentUrl":"https:\/\/arquivo.barreiroweb.net\/wp-content\/uploads\/2015\/11\/festa-das-marionetas-barreiro.jpg","width":640,"height":426},{"@type":"BreadcrumbList","@id":"https:\/\/arquivo.barreiroweb.net\/?p=13819#breadcrumb","itemListElement":[{"@type":"ListItem","position":1,"name":"In\u00edcio","item":"https:\/\/arquivo.barreiroweb.net\/"},{"@type":"ListItem","position":2,"name":"Festa da Marioneta 2015"}]},{"@type":"WebSite","@id":"https:\/\/arquivo.barreiroweb.net\/#website","url":"https:\/\/arquivo.barreiroweb.net\/","name":"barreiroweb","description":"Barreiroweb o barreiro na web","publisher":{"@id":"https:\/\/arquivo.barreiroweb.net\/#organization"},"potentialAction":[{"@type":"SearchAction","target":{"@type":"EntryPoint","urlTemplate":"https:\/\/arquivo.barreiroweb.net\/?s={search_term_string}"},"query-input":{"@type":"PropertyValueSpecification","valueRequired":true,"valueName":"search_term_string"}}],"inLanguage":"pt-PT"},{"@type":"Organization","@id":"https:\/\/arquivo.barreiroweb.net\/#organization","name":"barreiroweb","url":"https:\/\/arquivo.barreiroweb.net\/","logo":{"@type":"ImageObject","inLanguage":"pt-PT","@id":"https:\/\/arquivo.barreiroweb.net\/#\/schema\/logo\/image\/","url":"https:\/\/barreiroweb.net\/wp-content\/uploads\/2022\/05\/BarreiroWeb555.jpg","contentUrl":"https:\/\/barreiroweb.net\/wp-content\/uploads\/2022\/05\/BarreiroWeb555.jpg","width":421,"height":415,"caption":"barreiroweb"},"image":{"@id":"https:\/\/arquivo.barreiroweb.net\/#\/schema\/logo\/image\/"},"sameAs":["https:\/\/www.facebook.com\/barreiroweb","https:\/\/x.com\/barreiroweb"]},{"@type":"Person","@id":"https:\/\/arquivo.barreiroweb.net\/#\/schema\/person\/44b6d528aff975e3786c9f475f9df2dd","name":"barreiroweb","image":{"@type":"ImageObject","inLanguage":"pt-PT","@id":"https:\/\/arquivo.barreiroweb.net\/#\/schema\/person\/image\/","url":"https:\/\/secure.gravatar.com\/avatar\/1f764b917967430404ff0b452044eb63a25d64a5363b25be2aa42273930f477d?s=96&d=mm&r=g","contentUrl":"https:\/\/secure.gravatar.com\/avatar\/1f764b917967430404ff0b452044eb63a25d64a5363b25be2aa42273930f477d?s=96&d=mm&r=g","caption":"barreiroweb"},"url":"https:\/\/arquivo.barreiroweb.net\/?author=1"}]}},"_links":{"self":[{"href":"https:\/\/arquivo.barreiroweb.net\/index.php?rest_route=\/wp\/v2\/posts\/13819","targetHints":{"allow":["GET"]}}],"collection":[{"href":"https:\/\/arquivo.barreiroweb.net\/index.php?rest_route=\/wp\/v2\/posts"}],"about":[{"href":"https:\/\/arquivo.barreiroweb.net\/index.php?rest_route=\/wp\/v2\/types\/post"}],"author":[{"embeddable":true,"href":"https:\/\/arquivo.barreiroweb.net\/index.php?rest_route=\/wp\/v2\/users\/1"}],"replies":[{"embeddable":true,"href":"https:\/\/arquivo.barreiroweb.net\/index.php?rest_route=%2Fwp%2Fv2%2Fcomments&post=13819"}],"version-history":[{"count":1,"href":"https:\/\/arquivo.barreiroweb.net\/index.php?rest_route=\/wp\/v2\/posts\/13819\/revisions"}],"predecessor-version":[{"id":13821,"href":"https:\/\/arquivo.barreiroweb.net\/index.php?rest_route=\/wp\/v2\/posts\/13819\/revisions\/13821"}],"wp:featuredmedia":[{"embeddable":true,"href":"https:\/\/arquivo.barreiroweb.net\/index.php?rest_route=\/wp\/v2\/media\/13820"}],"wp:attachment":[{"href":"https:\/\/arquivo.barreiroweb.net\/index.php?rest_route=%2Fwp%2Fv2%2Fmedia&parent=13819"}],"wp:term":[{"taxonomy":"category","embeddable":true,"href":"https:\/\/arquivo.barreiroweb.net\/index.php?rest_route=%2Fwp%2Fv2%2Fcategories&post=13819"},{"taxonomy":"post_tag","embeddable":true,"href":"https:\/\/arquivo.barreiroweb.net\/index.php?rest_route=%2Fwp%2Fv2%2Ftags&post=13819"}],"curies":[{"name":"wp","href":"https:\/\/api.w.org\/{rel}","templated":true}]}}