{"id":13707,"date":"2015-10-01T21:34:43","date_gmt":"2015-10-01T20:34:43","guid":{"rendered":"http:\/\/barreiroweb.eu\/?p=13707"},"modified":"2015-10-01T21:34:43","modified_gmt":"2015-10-01T20:34:43","slug":"barreiro-rocks-nomeado-best-overseas-festival","status":"publish","type":"post","link":"https:\/\/arquivo.barreiroweb.net\/?p=13707","title":{"rendered":"BARREIRO ROCKS nomeado \u201cBest Overseas Festival\u201d"},"content":{"rendered":"<p><strong><a href=\"http:\/\/barreiroweb.eu\/wp-content\/uploads\/2015\/10\/Barreiro-Rocks.png\" rel=\"lightbox[13707]\"><img loading=\"lazy\" decoding=\"async\" class=\"alignleft size-medium wp-image-13708\" src=\"http:\/\/barreiroweb.eu\/wp-content\/uploads\/2015\/10\/Barreiro-Rocks-300x111.png\" alt=\"Barreiro Rocks\" width=\"300\" height=\"111\" srcset=\"https:\/\/arquivo.barreiroweb.net\/wp-content\/uploads\/2015\/10\/Barreiro-Rocks-300x111.png 300w, https:\/\/arquivo.barreiroweb.net\/wp-content\/uploads\/2015\/10\/Barreiro-Rocks.png 851w\" sizes=\"auto, (max-width: 300px) 100vw, 300px\" \/><\/a>O\u00a0Festival Barreiro Rocks \u00e9 um dos dois nomeados portugueses (juntamente com o NOS Alive) na categoria &#8220;Best Overseas Festival&#8221; no 12\u00ba Uk Festival Awards.<\/strong><\/p>\n<p>Mais informa\u00e7\u00f5es e acesso aos votos aqui:\u00a0<a href=\"http:\/\/www.festivalawards.com\">http:\/\/www.festivalawards.com<\/a>.<\/p>\n<p>A edi\u00e7\u00e3o deste ano do <strong>Festival Barreiro Rocks <\/strong>realiza-se nos dias 4 e 5 de dezembro. Oportunamente ser\u00e1 divulgado o programa.<\/p>\n<p>Este festival de <em>Rock and Roll <\/em>\u00e9 organizado pela associa\u00e7\u00e3o cultural barreirense \u201cHey, Pachuco!\u201d, com o apoio protocolado da C\u00e2mara Municipal do Barreiro.<\/p>\n<p>Fonte: CMB<\/p>\n","protected":false},"excerpt":{"rendered":"<p>O\u00a0Festival Barreiro Rocks \u00e9 um dos dois nomeados portugueses (juntamente com o NOS Alive) na categoria &#8220;Best Overseas Festival&#8221; no 12\u00ba Uk Festival Awards. Mais informa\u00e7\u00f5es e acesso aos votos aqui:\u00a0http:\/\/www.festivalawards.com. A edi\u00e7\u00e3o deste ano do Festival Barreiro Rocks realiza-se nos dias 4 e 5 de dezembro. Oportunamente ser\u00e1 divulgado o programa. Este festival de [&hellip;]<\/p>\n","protected":false},"author":1,"featured_media":13708,"comment_status":"open","ping_status":"open","sticky":false,"template":"","format":"standard","meta":{"footnotes":""},"categories":[13],"tags":[41,713,752],"class_list":["post-13707","post","type-post","status-publish","format-standard","has-post-thumbnail","hentry","category-musica","tag-barreiro","tag-festival","tag-rocks","last_archivepost"],"yoast_head":"<!-- This site is optimized with the Yoast SEO plugin v27.1.1 - https:\/\/yoast.com\/product\/yoast-seo-wordpress\/ -->\n<title>BARREIRO ROCKS nomeado \u201cBest Overseas Festival\u201d - barreiroweb<\/title>\n<meta name=\"robots\" content=\"index, follow, max-snippet:-1, max-image-preview:large, max-video-preview:-1\" \/>\n<link rel=\"canonical\" href=\"https:\/\/arquivo.barreiroweb.net\/?p=13707\" \/>\n<meta property=\"og:locale\" content=\"pt_PT\" \/>\n<meta property=\"og:type\" content=\"article\" \/>\n<meta property=\"og:title\" content=\"BARREIRO ROCKS nomeado \u201cBest Overseas Festival\u201d - barreiroweb\" \/>\n<meta property=\"og:description\" content=\"O\u00a0Festival Barreiro Rocks \u00e9 um dos dois nomeados portugueses (juntamente com o NOS Alive) na categoria &#8220;Best Overseas Festival&#8221; no 12\u00ba Uk Festival Awards. Mais informa\u00e7\u00f5es e acesso aos votos aqui:\u00a0http:\/\/www.festivalawards.com. A edi\u00e7\u00e3o deste ano do Festival Barreiro Rocks realiza-se nos dias 4 e 5 de dezembro. Oportunamente ser\u00e1 divulgado o programa. Este festival de [&hellip;]\" \/>\n<meta property=\"og:url\" content=\"https:\/\/arquivo.barreiroweb.net\/?p=13707\" \/>\n<meta property=\"og:site_name\" content=\"barreiroweb\" \/>\n<meta property=\"article:publisher\" content=\"https:\/\/www.facebook.com\/barreiroweb\" \/>\n<meta property=\"article:published_time\" content=\"2015-10-01T20:34:43+00:00\" \/>\n<meta property=\"og:image\" content=\"https:\/\/arquivo.barreiroweb.net\/wp-content\/uploads\/2015\/10\/Barreiro-Rocks.png\" \/>\n\t<meta property=\"og:image:width\" content=\"851\" \/>\n\t<meta property=\"og:image:height\" content=\"315\" \/>\n\t<meta property=\"og:image:type\" content=\"image\/png\" \/>\n<meta name=\"author\" content=\"barreiroweb\" \/>\n<meta name=\"twitter:card\" content=\"summary_large_image\" \/>\n<meta name=\"twitter:creator\" content=\"@barreiroweb\" \/>\n<meta name=\"twitter:site\" content=\"@barreiroweb\" \/>\n<meta name=\"twitter:label1\" content=\"Escrito por\" \/>\n\t<meta name=\"twitter:data1\" content=\"barreiroweb\" \/>\n<script type=\"application\/ld+json\" class=\"yoast-schema-graph\">{\"@context\":\"https:\/\/schema.org\",\"@graph\":[{\"@type\":\"Article\",\"@id\":\"https:\/\/arquivo.barreiroweb.net\/?p=13707#article\",\"isPartOf\":{\"@id\":\"https:\/\/arquivo.barreiroweb.net\/?p=13707\"},\"author\":{\"name\":\"barreiroweb\",\"@id\":\"https:\/\/arquivo.barreiroweb.net\/#\/schema\/person\/44b6d528aff975e3786c9f475f9df2dd\"},\"headline\":\"BARREIRO ROCKS nomeado \u201cBest Overseas Festival\u201d\",\"datePublished\":\"2015-10-01T20:34:43+00:00\",\"mainEntityOfPage\":{\"@id\":\"https:\/\/arquivo.barreiroweb.net\/?p=13707\"},\"wordCount\":87,\"commentCount\":0,\"publisher\":{\"@id\":\"https:\/\/arquivo.barreiroweb.net\/#organization\"},\"image\":{\"@id\":\"https:\/\/arquivo.barreiroweb.net\/?p=13707#primaryimage\"},\"thumbnailUrl\":\"https:\/\/arquivo.barreiroweb.net\/wp-content\/uploads\/2015\/10\/Barreiro-Rocks.png\",\"keywords\":[\"barreiro\",\"Festival\",\"Rocks\"],\"articleSection\":[\"Musica\"],\"inLanguage\":\"pt-PT\",\"potentialAction\":[{\"@type\":\"CommentAction\",\"name\":\"Comment\",\"target\":[\"https:\/\/arquivo.barreiroweb.net\/?p=13707#respond\"]}]},{\"@type\":\"WebPage\",\"@id\":\"https:\/\/arquivo.barreiroweb.net\/?p=13707\",\"url\":\"https:\/\/arquivo.barreiroweb.net\/?p=13707\",\"name\":\"BARREIRO ROCKS nomeado \u201cBest Overseas Festival\u201d - barreiroweb\",\"isPartOf\":{\"@id\":\"https:\/\/arquivo.barreiroweb.net\/#website\"},\"primaryImageOfPage\":{\"@id\":\"https:\/\/arquivo.barreiroweb.net\/?p=13707#primaryimage\"},\"image\":{\"@id\":\"https:\/\/arquivo.barreiroweb.net\/?p=13707#primaryimage\"},\"thumbnailUrl\":\"https:\/\/arquivo.barreiroweb.net\/wp-content\/uploads\/2015\/10\/Barreiro-Rocks.png\",\"datePublished\":\"2015-10-01T20:34:43+00:00\",\"breadcrumb\":{\"@id\":\"https:\/\/arquivo.barreiroweb.net\/?p=13707#breadcrumb\"},\"inLanguage\":\"pt-PT\",\"potentialAction\":[{\"@type\":\"ReadAction\",\"target\":[\"https:\/\/arquivo.barreiroweb.net\/?p=13707\"]}]},{\"@type\":\"ImageObject\",\"inLanguage\":\"pt-PT\",\"@id\":\"https:\/\/arquivo.barreiroweb.net\/?p=13707#primaryimage\",\"url\":\"https:\/\/arquivo.barreiroweb.net\/wp-content\/uploads\/2015\/10\/Barreiro-Rocks.png\",\"contentUrl\":\"https:\/\/arquivo.barreiroweb.net\/wp-content\/uploads\/2015\/10\/Barreiro-Rocks.png\",\"width\":851,\"height\":315},{\"@type\":\"BreadcrumbList\",\"@id\":\"https:\/\/arquivo.barreiroweb.net\/?p=13707#breadcrumb\",\"itemListElement\":[{\"@type\":\"ListItem\",\"position\":1,\"name\":\"In\u00edcio\",\"item\":\"https:\/\/arquivo.barreiroweb.net\/\"},{\"@type\":\"ListItem\",\"position\":2,\"name\":\"BARREIRO ROCKS nomeado \u201cBest Overseas Festival\u201d\"}]},{\"@type\":\"WebSite\",\"@id\":\"https:\/\/arquivo.barreiroweb.net\/#website\",\"url\":\"https:\/\/arquivo.barreiroweb.net\/\",\"name\":\"barreiroweb\",\"description\":\"Barreiroweb o barreiro na web\",\"publisher\":{\"@id\":\"https:\/\/arquivo.barreiroweb.net\/#organization\"},\"potentialAction\":[{\"@type\":\"SearchAction\",\"target\":{\"@type\":\"EntryPoint\",\"urlTemplate\":\"https:\/\/arquivo.barreiroweb.net\/?s={search_term_string}\"},\"query-input\":{\"@type\":\"PropertyValueSpecification\",\"valueRequired\":true,\"valueName\":\"search_term_string\"}}],\"inLanguage\":\"pt-PT\"},{\"@type\":\"Organization\",\"@id\":\"https:\/\/arquivo.barreiroweb.net\/#organization\",\"name\":\"barreiroweb\",\"url\":\"https:\/\/arquivo.barreiroweb.net\/\",\"logo\":{\"@type\":\"ImageObject\",\"inLanguage\":\"pt-PT\",\"@id\":\"https:\/\/arquivo.barreiroweb.net\/#\/schema\/logo\/image\/\",\"url\":\"https:\/\/barreiroweb.net\/wp-content\/uploads\/2022\/05\/BarreiroWeb555.jpg\",\"contentUrl\":\"https:\/\/barreiroweb.net\/wp-content\/uploads\/2022\/05\/BarreiroWeb555.jpg\",\"width\":421,\"height\":415,\"caption\":\"barreiroweb\"},\"image\":{\"@id\":\"https:\/\/arquivo.barreiroweb.net\/#\/schema\/logo\/image\/\"},\"sameAs\":[\"https:\/\/www.facebook.com\/barreiroweb\",\"https:\/\/x.com\/barreiroweb\"]},{\"@type\":\"Person\",\"@id\":\"https:\/\/arquivo.barreiroweb.net\/#\/schema\/person\/44b6d528aff975e3786c9f475f9df2dd\",\"name\":\"barreiroweb\",\"image\":{\"@type\":\"ImageObject\",\"inLanguage\":\"pt-PT\",\"@id\":\"https:\/\/arquivo.barreiroweb.net\/#\/schema\/person\/image\/\",\"url\":\"https:\/\/secure.gravatar.com\/avatar\/1f764b917967430404ff0b452044eb63a25d64a5363b25be2aa42273930f477d?s=96&d=mm&r=g\",\"contentUrl\":\"https:\/\/secure.gravatar.com\/avatar\/1f764b917967430404ff0b452044eb63a25d64a5363b25be2aa42273930f477d?s=96&d=mm&r=g\",\"caption\":\"barreiroweb\"},\"url\":\"https:\/\/arquivo.barreiroweb.net\/?author=1\"}]}<\/script>\n<!-- \/ Yoast SEO plugin. -->","yoast_head_json":{"title":"BARREIRO ROCKS nomeado \u201cBest Overseas Festival\u201d - barreiroweb","robots":{"index":"index","follow":"follow","max-snippet":"max-snippet:-1","max-image-preview":"max-image-preview:large","max-video-preview":"max-video-preview:-1"},"canonical":"https:\/\/arquivo.barreiroweb.net\/?p=13707","og_locale":"pt_PT","og_type":"article","og_title":"BARREIRO ROCKS nomeado \u201cBest Overseas Festival\u201d - barreiroweb","og_description":"O\u00a0Festival Barreiro Rocks \u00e9 um dos dois nomeados portugueses (juntamente com o NOS Alive) na categoria &#8220;Best Overseas Festival&#8221; no 12\u00ba Uk Festival Awards. Mais informa\u00e7\u00f5es e acesso aos votos aqui:\u00a0http:\/\/www.festivalawards.com. A edi\u00e7\u00e3o deste ano do Festival Barreiro Rocks realiza-se nos dias 4 e 5 de dezembro. Oportunamente ser\u00e1 divulgado o programa. Este festival de [&hellip;]","og_url":"https:\/\/arquivo.barreiroweb.net\/?p=13707","og_site_name":"barreiroweb","article_publisher":"https:\/\/www.facebook.com\/barreiroweb","article_published_time":"2015-10-01T20:34:43+00:00","og_image":[{"width":851,"height":315,"url":"https:\/\/arquivo.barreiroweb.net\/wp-content\/uploads\/2015\/10\/Barreiro-Rocks.png","type":"image\/png"}],"author":"barreiroweb","twitter_card":"summary_large_image","twitter_creator":"@barreiroweb","twitter_site":"@barreiroweb","twitter_misc":{"Escrito por":"barreiroweb"},"schema":{"@context":"https:\/\/schema.org","@graph":[{"@type":"Article","@id":"https:\/\/arquivo.barreiroweb.net\/?p=13707#article","isPartOf":{"@id":"https:\/\/arquivo.barreiroweb.net\/?p=13707"},"author":{"name":"barreiroweb","@id":"https:\/\/arquivo.barreiroweb.net\/#\/schema\/person\/44b6d528aff975e3786c9f475f9df2dd"},"headline":"BARREIRO ROCKS nomeado \u201cBest Overseas Festival\u201d","datePublished":"2015-10-01T20:34:43+00:00","mainEntityOfPage":{"@id":"https:\/\/arquivo.barreiroweb.net\/?p=13707"},"wordCount":87,"commentCount":0,"publisher":{"@id":"https:\/\/arquivo.barreiroweb.net\/#organization"},"image":{"@id":"https:\/\/arquivo.barreiroweb.net\/?p=13707#primaryimage"},"thumbnailUrl":"https:\/\/arquivo.barreiroweb.net\/wp-content\/uploads\/2015\/10\/Barreiro-Rocks.png","keywords":["barreiro","Festival","Rocks"],"articleSection":["Musica"],"inLanguage":"pt-PT","potentialAction":[{"@type":"CommentAction","name":"Comment","target":["https:\/\/arquivo.barreiroweb.net\/?p=13707#respond"]}]},{"@type":"WebPage","@id":"https:\/\/arquivo.barreiroweb.net\/?p=13707","url":"https:\/\/arquivo.barreiroweb.net\/?p=13707","name":"BARREIRO ROCKS nomeado \u201cBest Overseas Festival\u201d - barreiroweb","isPartOf":{"@id":"https:\/\/arquivo.barreiroweb.net\/#website"},"primaryImageOfPage":{"@id":"https:\/\/arquivo.barreiroweb.net\/?p=13707#primaryimage"},"image":{"@id":"https:\/\/arquivo.barreiroweb.net\/?p=13707#primaryimage"},"thumbnailUrl":"https:\/\/arquivo.barreiroweb.net\/wp-content\/uploads\/2015\/10\/Barreiro-Rocks.png","datePublished":"2015-10-01T20:34:43+00:00","breadcrumb":{"@id":"https:\/\/arquivo.barreiroweb.net\/?p=13707#breadcrumb"},"inLanguage":"pt-PT","potentialAction":[{"@type":"ReadAction","target":["https:\/\/arquivo.barreiroweb.net\/?p=13707"]}]},{"@type":"ImageObject","inLanguage":"pt-PT","@id":"https:\/\/arquivo.barreiroweb.net\/?p=13707#primaryimage","url":"https:\/\/arquivo.barreiroweb.net\/wp-content\/uploads\/2015\/10\/Barreiro-Rocks.png","contentUrl":"https:\/\/arquivo.barreiroweb.net\/wp-content\/uploads\/2015\/10\/Barreiro-Rocks.png","width":851,"height":315},{"@type":"BreadcrumbList","@id":"https:\/\/arquivo.barreiroweb.net\/?p=13707#breadcrumb","itemListElement":[{"@type":"ListItem","position":1,"name":"In\u00edcio","item":"https:\/\/arquivo.barreiroweb.net\/"},{"@type":"ListItem","position":2,"name":"BARREIRO ROCKS nomeado \u201cBest Overseas Festival\u201d"}]},{"@type":"WebSite","@id":"https:\/\/arquivo.barreiroweb.net\/#website","url":"https:\/\/arquivo.barreiroweb.net\/","name":"barreiroweb","description":"Barreiroweb o barreiro na web","publisher":{"@id":"https:\/\/arquivo.barreiroweb.net\/#organization"},"potentialAction":[{"@type":"SearchAction","target":{"@type":"EntryPoint","urlTemplate":"https:\/\/arquivo.barreiroweb.net\/?s={search_term_string}"},"query-input":{"@type":"PropertyValueSpecification","valueRequired":true,"valueName":"search_term_string"}}],"inLanguage":"pt-PT"},{"@type":"Organization","@id":"https:\/\/arquivo.barreiroweb.net\/#organization","name":"barreiroweb","url":"https:\/\/arquivo.barreiroweb.net\/","logo":{"@type":"ImageObject","inLanguage":"pt-PT","@id":"https:\/\/arquivo.barreiroweb.net\/#\/schema\/logo\/image\/","url":"https:\/\/barreiroweb.net\/wp-content\/uploads\/2022\/05\/BarreiroWeb555.jpg","contentUrl":"https:\/\/barreiroweb.net\/wp-content\/uploads\/2022\/05\/BarreiroWeb555.jpg","width":421,"height":415,"caption":"barreiroweb"},"image":{"@id":"https:\/\/arquivo.barreiroweb.net\/#\/schema\/logo\/image\/"},"sameAs":["https:\/\/www.facebook.com\/barreiroweb","https:\/\/x.com\/barreiroweb"]},{"@type":"Person","@id":"https:\/\/arquivo.barreiroweb.net\/#\/schema\/person\/44b6d528aff975e3786c9f475f9df2dd","name":"barreiroweb","image":{"@type":"ImageObject","inLanguage":"pt-PT","@id":"https:\/\/arquivo.barreiroweb.net\/#\/schema\/person\/image\/","url":"https:\/\/secure.gravatar.com\/avatar\/1f764b917967430404ff0b452044eb63a25d64a5363b25be2aa42273930f477d?s=96&d=mm&r=g","contentUrl":"https:\/\/secure.gravatar.com\/avatar\/1f764b917967430404ff0b452044eb63a25d64a5363b25be2aa42273930f477d?s=96&d=mm&r=g","caption":"barreiroweb"},"url":"https:\/\/arquivo.barreiroweb.net\/?author=1"}]}},"_links":{"self":[{"href":"https:\/\/arquivo.barreiroweb.net\/index.php?rest_route=\/wp\/v2\/posts\/13707","targetHints":{"allow":["GET"]}}],"collection":[{"href":"https:\/\/arquivo.barreiroweb.net\/index.php?rest_route=\/wp\/v2\/posts"}],"about":[{"href":"https:\/\/arquivo.barreiroweb.net\/index.php?rest_route=\/wp\/v2\/types\/post"}],"author":[{"embeddable":true,"href":"https:\/\/arquivo.barreiroweb.net\/index.php?rest_route=\/wp\/v2\/users\/1"}],"replies":[{"embeddable":true,"href":"https:\/\/arquivo.barreiroweb.net\/index.php?rest_route=%2Fwp%2Fv2%2Fcomments&post=13707"}],"version-history":[{"count":1,"href":"https:\/\/arquivo.barreiroweb.net\/index.php?rest_route=\/wp\/v2\/posts\/13707\/revisions"}],"predecessor-version":[{"id":13709,"href":"https:\/\/arquivo.barreiroweb.net\/index.php?rest_route=\/wp\/v2\/posts\/13707\/revisions\/13709"}],"wp:featuredmedia":[{"embeddable":true,"href":"https:\/\/arquivo.barreiroweb.net\/index.php?rest_route=\/wp\/v2\/media\/13708"}],"wp:attachment":[{"href":"https:\/\/arquivo.barreiroweb.net\/index.php?rest_route=%2Fwp%2Fv2%2Fmedia&parent=13707"}],"wp:term":[{"taxonomy":"category","embeddable":true,"href":"https:\/\/arquivo.barreiroweb.net\/index.php?rest_route=%2Fwp%2Fv2%2Fcategories&post=13707"},{"taxonomy":"post_tag","embeddable":true,"href":"https:\/\/arquivo.barreiroweb.net\/index.php?rest_route=%2Fwp%2Fv2%2Ftags&post=13707"}],"curies":[{"name":"wp","href":"https:\/\/api.w.org\/{rel}","templated":true}]}}