{"id":13663,"date":"2015-09-28T19:09:22","date_gmt":"2015-09-28T18:09:22","guid":{"rendered":"http:\/\/barreiroweb.eu\/?p=13663"},"modified":"2015-09-28T19:09:22","modified_gmt":"2015-09-28T18:09:22","slug":"ouvir-o-mundo-no-parque-catarina-eufemia","status":"publish","type":"post","link":"https:\/\/arquivo.barreiroweb.net\/?p=13663","title":{"rendered":"\u201cOUVIR O MUNDO\u201d NO PARQUE CATARINA EUF\u00c9MIA"},"content":{"rendered":"<div id=\"attachment_13664\" style=\"width: 310px\" class=\"wp-caption alignleft\"><a href=\"http:\/\/barreiroweb.eu\/wp-content\/uploads\/2015\/09\/ouvirOmundo.jpg\" rel=\"lightbox[13663]\"><img loading=\"lazy\" decoding=\"async\" aria-describedby=\"caption-attachment-13664\" class=\"size-medium wp-image-13664\" src=\"http:\/\/barreiroweb.eu\/wp-content\/uploads\/2015\/09\/ouvirOmundo-300x111.jpg\" alt=\"BRR ROCKS FB2\" width=\"300\" height=\"111\" srcset=\"https:\/\/arquivo.barreiroweb.net\/wp-content\/uploads\/2015\/09\/ouvirOmundo-300x111.jpg 300w, https:\/\/arquivo.barreiroweb.net\/wp-content\/uploads\/2015\/09\/ouvirOmundo-500x185.jpg 500w, https:\/\/arquivo.barreiroweb.net\/wp-content\/uploads\/2015\/09\/ouvirOmundo.jpg 640w\" sizes=\"auto, (max-width: 300px) 100vw, 300px\" \/><\/a><p id=\"caption-attachment-13664\" class=\"wp-caption-text\">BRR ROCKS FB2<\/p><\/div>\n<p>De 26 de setembro a 2 de outubro, o Parque Catarina Euf\u00e9mia ser\u00e1 o local para \u201cOuvir o Mundo\u201d, atrav\u00e9s de uma sele\u00e7\u00e3o de sons do quotidiano dos mais diversos locais do planeta, entre as 8h00 e as 20h00.<\/p>\n<p>Cada cidade, cada vila, cada aldeia, floresta, rio, montanha, tem uma vida sonora \u00fanica e irrepet\u00edvel.<\/p>\n<p><em>Com a curadoria do artista sonoro Lu\u00eds Antero (diretor art\u00edstico do projeto Sons do Arco Ribeirinho Sul \u2013 Um retrato Sonoro do Barreiro), esta instala\u00e7\u00e3o sonora traz ao Barreiro o trabalho de centenas de profissionais e amadores que, um pouco por todo o globo, se dedicam a preservar os retratos sonoros das suas comunidades.(OUT.RA- <\/em>Associa\u00e7\u00e3o Cultural)<\/p>\n<p>A instala\u00e7\u00e3o \u00e9 uma co-produ\u00e7\u00e3o entre a OUT.RA e a C\u00e2mara Municipal do Barreiro, co-financiada pela Direc\u00e7\u00e3o-Geral das Artes.<\/p>\n<p>Mais informa\u00e7\u00f5es no facebook da OUT.RA \u2013 Associa\u00e7\u00e3o Cultural (<a href=\"http:\/\/www.facebook.com\/OUT.RAassociacaocultural\">www.facebook.com\/OUT.RAassociacaocultural<\/a>) ou do projeto Sons do Arco Ribeirinho Sul (<a href=\"http:\/\/www.facebook.com\/sonsdoarcoribeirinhosul\">www.facebook.com\/sonsdoarcoribeirinhosul<\/a>).<\/p>\n<p>fonte: Cmb<\/p>\n","protected":false},"excerpt":{"rendered":"<p>De 26 de setembro a 2 de outubro, o Parque Catarina Euf\u00e9mia ser\u00e1 o local para \u201cOuvir o Mundo\u201d, atrav\u00e9s de uma sele\u00e7\u00e3o de sons do quotidiano dos mais diversos locais do planeta, entre as 8h00 e as 20h00. Cada cidade, cada vila, cada aldeia, floresta, rio, montanha, tem uma vida sonora \u00fanica e irrepet\u00edvel. [&hellip;]<\/p>\n","protected":false},"author":1,"featured_media":13664,"comment_status":"open","ping_status":"open","sticky":false,"template":"","format":"standard","meta":{"footnotes":""},"categories":[638],"tags":[41,747],"class_list":["post-13663","post","type-post","status-publish","format-standard","has-post-thumbnail","hentry","category-exposicoes","tag-barreiro","tag-ouvir-o-mundo","last_archivepost"],"yoast_head":"<!-- This site is optimized with the Yoast SEO plugin v27.1.1 - https:\/\/yoast.com\/product\/yoast-seo-wordpress\/ -->\n<title>\u201cOUVIR O MUNDO\u201d NO PARQUE CATARINA EUF\u00c9MIA - barreiroweb<\/title>\n<meta name=\"robots\" content=\"index, follow, max-snippet:-1, max-image-preview:large, max-video-preview:-1\" \/>\n<link rel=\"canonical\" href=\"https:\/\/arquivo.barreiroweb.net\/?p=13663\" \/>\n<meta property=\"og:locale\" content=\"pt_PT\" \/>\n<meta property=\"og:type\" content=\"article\" \/>\n<meta property=\"og:title\" content=\"\u201cOUVIR O MUNDO\u201d NO PARQUE CATARINA EUF\u00c9MIA - barreiroweb\" \/>\n<meta property=\"og:description\" content=\"De 26 de setembro a 2 de outubro, o Parque Catarina Euf\u00e9mia ser\u00e1 o local para \u201cOuvir o Mundo\u201d, atrav\u00e9s de uma sele\u00e7\u00e3o de sons do quotidiano dos mais diversos locais do planeta, entre as 8h00 e as 20h00. Cada cidade, cada vila, cada aldeia, floresta, rio, montanha, tem uma vida sonora \u00fanica e irrepet\u00edvel. [&hellip;]\" \/>\n<meta property=\"og:url\" content=\"https:\/\/arquivo.barreiroweb.net\/?p=13663\" \/>\n<meta property=\"og:site_name\" content=\"barreiroweb\" \/>\n<meta property=\"article:publisher\" content=\"https:\/\/www.facebook.com\/barreiroweb\" \/>\n<meta property=\"article:published_time\" content=\"2015-09-28T18:09:22+00:00\" \/>\n<meta property=\"og:image\" content=\"https:\/\/arquivo.barreiroweb.net\/wp-content\/uploads\/2015\/09\/ouvirOmundo.jpg\" \/>\n\t<meta property=\"og:image:width\" content=\"640\" \/>\n\t<meta property=\"og:image:height\" content=\"237\" \/>\n\t<meta property=\"og:image:type\" content=\"image\/jpeg\" \/>\n<meta name=\"author\" content=\"barreiroweb\" \/>\n<meta name=\"twitter:card\" content=\"summary_large_image\" \/>\n<meta name=\"twitter:creator\" content=\"@barreiroweb\" \/>\n<meta name=\"twitter:site\" content=\"@barreiroweb\" \/>\n<meta name=\"twitter:label1\" content=\"Escrito por\" \/>\n\t<meta name=\"twitter:data1\" content=\"barreiroweb\" \/>\n\t<meta name=\"twitter:label2\" content=\"Tempo estimado de leitura\" \/>\n\t<meta name=\"twitter:data2\" content=\"1 minuto\" \/>\n<script type=\"application\/ld+json\" class=\"yoast-schema-graph\">{\"@context\":\"https:\/\/schema.org\",\"@graph\":[{\"@type\":\"Article\",\"@id\":\"https:\/\/arquivo.barreiroweb.net\/?p=13663#article\",\"isPartOf\":{\"@id\":\"https:\/\/arquivo.barreiroweb.net\/?p=13663\"},\"author\":{\"name\":\"barreiroweb\",\"@id\":\"https:\/\/arquivo.barreiroweb.net\/#\/schema\/person\/44b6d528aff975e3786c9f475f9df2dd\"},\"headline\":\"\u201cOUVIR O MUNDO\u201d NO PARQUE CATARINA EUF\u00c9MIA\",\"datePublished\":\"2015-09-28T18:09:22+00:00\",\"mainEntityOfPage\":{\"@id\":\"https:\/\/arquivo.barreiroweb.net\/?p=13663\"},\"wordCount\":189,\"commentCount\":0,\"publisher\":{\"@id\":\"https:\/\/arquivo.barreiroweb.net\/#organization\"},\"image\":{\"@id\":\"https:\/\/arquivo.barreiroweb.net\/?p=13663#primaryimage\"},\"thumbnailUrl\":\"https:\/\/arquivo.barreiroweb.net\/wp-content\/uploads\/2015\/09\/ouvirOmundo.jpg\",\"keywords\":[\"barreiro\",\"OUVIR O MUNDO\"],\"articleSection\":[\"Exposi\u00e7\u00f5es\"],\"inLanguage\":\"pt-PT\",\"potentialAction\":[{\"@type\":\"CommentAction\",\"name\":\"Comment\",\"target\":[\"https:\/\/arquivo.barreiroweb.net\/?p=13663#respond\"]}]},{\"@type\":\"WebPage\",\"@id\":\"https:\/\/arquivo.barreiroweb.net\/?p=13663\",\"url\":\"https:\/\/arquivo.barreiroweb.net\/?p=13663\",\"name\":\"\u201cOUVIR O MUNDO\u201d NO PARQUE CATARINA EUF\u00c9MIA - barreiroweb\",\"isPartOf\":{\"@id\":\"https:\/\/arquivo.barreiroweb.net\/#website\"},\"primaryImageOfPage\":{\"@id\":\"https:\/\/arquivo.barreiroweb.net\/?p=13663#primaryimage\"},\"image\":{\"@id\":\"https:\/\/arquivo.barreiroweb.net\/?p=13663#primaryimage\"},\"thumbnailUrl\":\"https:\/\/arquivo.barreiroweb.net\/wp-content\/uploads\/2015\/09\/ouvirOmundo.jpg\",\"datePublished\":\"2015-09-28T18:09:22+00:00\",\"breadcrumb\":{\"@id\":\"https:\/\/arquivo.barreiroweb.net\/?p=13663#breadcrumb\"},\"inLanguage\":\"pt-PT\",\"potentialAction\":[{\"@type\":\"ReadAction\",\"target\":[\"https:\/\/arquivo.barreiroweb.net\/?p=13663\"]}]},{\"@type\":\"ImageObject\",\"inLanguage\":\"pt-PT\",\"@id\":\"https:\/\/arquivo.barreiroweb.net\/?p=13663#primaryimage\",\"url\":\"https:\/\/arquivo.barreiroweb.net\/wp-content\/uploads\/2015\/09\/ouvirOmundo.jpg\",\"contentUrl\":\"https:\/\/arquivo.barreiroweb.net\/wp-content\/uploads\/2015\/09\/ouvirOmundo.jpg\",\"width\":640,\"height\":237,\"caption\":\"BRR ROCKS FB2\"},{\"@type\":\"BreadcrumbList\",\"@id\":\"https:\/\/arquivo.barreiroweb.net\/?p=13663#breadcrumb\",\"itemListElement\":[{\"@type\":\"ListItem\",\"position\":1,\"name\":\"In\u00edcio\",\"item\":\"https:\/\/arquivo.barreiroweb.net\/\"},{\"@type\":\"ListItem\",\"position\":2,\"name\":\"\u201cOUVIR O MUNDO\u201d NO PARQUE CATARINA EUF\u00c9MIA\"}]},{\"@type\":\"WebSite\",\"@id\":\"https:\/\/arquivo.barreiroweb.net\/#website\",\"url\":\"https:\/\/arquivo.barreiroweb.net\/\",\"name\":\"barreiroweb\",\"description\":\"Barreiroweb o barreiro na web\",\"publisher\":{\"@id\":\"https:\/\/arquivo.barreiroweb.net\/#organization\"},\"potentialAction\":[{\"@type\":\"SearchAction\",\"target\":{\"@type\":\"EntryPoint\",\"urlTemplate\":\"https:\/\/arquivo.barreiroweb.net\/?s={search_term_string}\"},\"query-input\":{\"@type\":\"PropertyValueSpecification\",\"valueRequired\":true,\"valueName\":\"search_term_string\"}}],\"inLanguage\":\"pt-PT\"},{\"@type\":\"Organization\",\"@id\":\"https:\/\/arquivo.barreiroweb.net\/#organization\",\"name\":\"barreiroweb\",\"url\":\"https:\/\/arquivo.barreiroweb.net\/\",\"logo\":{\"@type\":\"ImageObject\",\"inLanguage\":\"pt-PT\",\"@id\":\"https:\/\/arquivo.barreiroweb.net\/#\/schema\/logo\/image\/\",\"url\":\"https:\/\/barreiroweb.net\/wp-content\/uploads\/2022\/05\/BarreiroWeb555.jpg\",\"contentUrl\":\"https:\/\/barreiroweb.net\/wp-content\/uploads\/2022\/05\/BarreiroWeb555.jpg\",\"width\":421,\"height\":415,\"caption\":\"barreiroweb\"},\"image\":{\"@id\":\"https:\/\/arquivo.barreiroweb.net\/#\/schema\/logo\/image\/\"},\"sameAs\":[\"https:\/\/www.facebook.com\/barreiroweb\",\"https:\/\/x.com\/barreiroweb\"]},{\"@type\":\"Person\",\"@id\":\"https:\/\/arquivo.barreiroweb.net\/#\/schema\/person\/44b6d528aff975e3786c9f475f9df2dd\",\"name\":\"barreiroweb\",\"image\":{\"@type\":\"ImageObject\",\"inLanguage\":\"pt-PT\",\"@id\":\"https:\/\/arquivo.barreiroweb.net\/#\/schema\/person\/image\/\",\"url\":\"https:\/\/secure.gravatar.com\/avatar\/1f764b917967430404ff0b452044eb63a25d64a5363b25be2aa42273930f477d?s=96&d=mm&r=g\",\"contentUrl\":\"https:\/\/secure.gravatar.com\/avatar\/1f764b917967430404ff0b452044eb63a25d64a5363b25be2aa42273930f477d?s=96&d=mm&r=g\",\"caption\":\"barreiroweb\"},\"url\":\"https:\/\/arquivo.barreiroweb.net\/?author=1\"}]}<\/script>\n<!-- \/ Yoast SEO plugin. -->","yoast_head_json":{"title":"\u201cOUVIR O MUNDO\u201d NO PARQUE CATARINA EUF\u00c9MIA - barreiroweb","robots":{"index":"index","follow":"follow","max-snippet":"max-snippet:-1","max-image-preview":"max-image-preview:large","max-video-preview":"max-video-preview:-1"},"canonical":"https:\/\/arquivo.barreiroweb.net\/?p=13663","og_locale":"pt_PT","og_type":"article","og_title":"\u201cOUVIR O MUNDO\u201d NO PARQUE CATARINA EUF\u00c9MIA - barreiroweb","og_description":"De 26 de setembro a 2 de outubro, o Parque Catarina Euf\u00e9mia ser\u00e1 o local para \u201cOuvir o Mundo\u201d, atrav\u00e9s de uma sele\u00e7\u00e3o de sons do quotidiano dos mais diversos locais do planeta, entre as 8h00 e as 20h00. Cada cidade, cada vila, cada aldeia, floresta, rio, montanha, tem uma vida sonora \u00fanica e irrepet\u00edvel. [&hellip;]","og_url":"https:\/\/arquivo.barreiroweb.net\/?p=13663","og_site_name":"barreiroweb","article_publisher":"https:\/\/www.facebook.com\/barreiroweb","article_published_time":"2015-09-28T18:09:22+00:00","og_image":[{"width":640,"height":237,"url":"https:\/\/arquivo.barreiroweb.net\/wp-content\/uploads\/2015\/09\/ouvirOmundo.jpg","type":"image\/jpeg"}],"author":"barreiroweb","twitter_card":"summary_large_image","twitter_creator":"@barreiroweb","twitter_site":"@barreiroweb","twitter_misc":{"Escrito por":"barreiroweb","Tempo estimado de leitura":"1 minuto"},"schema":{"@context":"https:\/\/schema.org","@graph":[{"@type":"Article","@id":"https:\/\/arquivo.barreiroweb.net\/?p=13663#article","isPartOf":{"@id":"https:\/\/arquivo.barreiroweb.net\/?p=13663"},"author":{"name":"barreiroweb","@id":"https:\/\/arquivo.barreiroweb.net\/#\/schema\/person\/44b6d528aff975e3786c9f475f9df2dd"},"headline":"\u201cOUVIR O MUNDO\u201d NO PARQUE CATARINA EUF\u00c9MIA","datePublished":"2015-09-28T18:09:22+00:00","mainEntityOfPage":{"@id":"https:\/\/arquivo.barreiroweb.net\/?p=13663"},"wordCount":189,"commentCount":0,"publisher":{"@id":"https:\/\/arquivo.barreiroweb.net\/#organization"},"image":{"@id":"https:\/\/arquivo.barreiroweb.net\/?p=13663#primaryimage"},"thumbnailUrl":"https:\/\/arquivo.barreiroweb.net\/wp-content\/uploads\/2015\/09\/ouvirOmundo.jpg","keywords":["barreiro","OUVIR O MUNDO"],"articleSection":["Exposi\u00e7\u00f5es"],"inLanguage":"pt-PT","potentialAction":[{"@type":"CommentAction","name":"Comment","target":["https:\/\/arquivo.barreiroweb.net\/?p=13663#respond"]}]},{"@type":"WebPage","@id":"https:\/\/arquivo.barreiroweb.net\/?p=13663","url":"https:\/\/arquivo.barreiroweb.net\/?p=13663","name":"\u201cOUVIR O MUNDO\u201d NO PARQUE CATARINA EUF\u00c9MIA - barreiroweb","isPartOf":{"@id":"https:\/\/arquivo.barreiroweb.net\/#website"},"primaryImageOfPage":{"@id":"https:\/\/arquivo.barreiroweb.net\/?p=13663#primaryimage"},"image":{"@id":"https:\/\/arquivo.barreiroweb.net\/?p=13663#primaryimage"},"thumbnailUrl":"https:\/\/arquivo.barreiroweb.net\/wp-content\/uploads\/2015\/09\/ouvirOmundo.jpg","datePublished":"2015-09-28T18:09:22+00:00","breadcrumb":{"@id":"https:\/\/arquivo.barreiroweb.net\/?p=13663#breadcrumb"},"inLanguage":"pt-PT","potentialAction":[{"@type":"ReadAction","target":["https:\/\/arquivo.barreiroweb.net\/?p=13663"]}]},{"@type":"ImageObject","inLanguage":"pt-PT","@id":"https:\/\/arquivo.barreiroweb.net\/?p=13663#primaryimage","url":"https:\/\/arquivo.barreiroweb.net\/wp-content\/uploads\/2015\/09\/ouvirOmundo.jpg","contentUrl":"https:\/\/arquivo.barreiroweb.net\/wp-content\/uploads\/2015\/09\/ouvirOmundo.jpg","width":640,"height":237,"caption":"BRR ROCKS FB2"},{"@type":"BreadcrumbList","@id":"https:\/\/arquivo.barreiroweb.net\/?p=13663#breadcrumb","itemListElement":[{"@type":"ListItem","position":1,"name":"In\u00edcio","item":"https:\/\/arquivo.barreiroweb.net\/"},{"@type":"ListItem","position":2,"name":"\u201cOUVIR O MUNDO\u201d NO PARQUE CATARINA EUF\u00c9MIA"}]},{"@type":"WebSite","@id":"https:\/\/arquivo.barreiroweb.net\/#website","url":"https:\/\/arquivo.barreiroweb.net\/","name":"barreiroweb","description":"Barreiroweb o barreiro na web","publisher":{"@id":"https:\/\/arquivo.barreiroweb.net\/#organization"},"potentialAction":[{"@type":"SearchAction","target":{"@type":"EntryPoint","urlTemplate":"https:\/\/arquivo.barreiroweb.net\/?s={search_term_string}"},"query-input":{"@type":"PropertyValueSpecification","valueRequired":true,"valueName":"search_term_string"}}],"inLanguage":"pt-PT"},{"@type":"Organization","@id":"https:\/\/arquivo.barreiroweb.net\/#organization","name":"barreiroweb","url":"https:\/\/arquivo.barreiroweb.net\/","logo":{"@type":"ImageObject","inLanguage":"pt-PT","@id":"https:\/\/arquivo.barreiroweb.net\/#\/schema\/logo\/image\/","url":"https:\/\/barreiroweb.net\/wp-content\/uploads\/2022\/05\/BarreiroWeb555.jpg","contentUrl":"https:\/\/barreiroweb.net\/wp-content\/uploads\/2022\/05\/BarreiroWeb555.jpg","width":421,"height":415,"caption":"barreiroweb"},"image":{"@id":"https:\/\/arquivo.barreiroweb.net\/#\/schema\/logo\/image\/"},"sameAs":["https:\/\/www.facebook.com\/barreiroweb","https:\/\/x.com\/barreiroweb"]},{"@type":"Person","@id":"https:\/\/arquivo.barreiroweb.net\/#\/schema\/person\/44b6d528aff975e3786c9f475f9df2dd","name":"barreiroweb","image":{"@type":"ImageObject","inLanguage":"pt-PT","@id":"https:\/\/arquivo.barreiroweb.net\/#\/schema\/person\/image\/","url":"https:\/\/secure.gravatar.com\/avatar\/1f764b917967430404ff0b452044eb63a25d64a5363b25be2aa42273930f477d?s=96&d=mm&r=g","contentUrl":"https:\/\/secure.gravatar.com\/avatar\/1f764b917967430404ff0b452044eb63a25d64a5363b25be2aa42273930f477d?s=96&d=mm&r=g","caption":"barreiroweb"},"url":"https:\/\/arquivo.barreiroweb.net\/?author=1"}]}},"_links":{"self":[{"href":"https:\/\/arquivo.barreiroweb.net\/index.php?rest_route=\/wp\/v2\/posts\/13663","targetHints":{"allow":["GET"]}}],"collection":[{"href":"https:\/\/arquivo.barreiroweb.net\/index.php?rest_route=\/wp\/v2\/posts"}],"about":[{"href":"https:\/\/arquivo.barreiroweb.net\/index.php?rest_route=\/wp\/v2\/types\/post"}],"author":[{"embeddable":true,"href":"https:\/\/arquivo.barreiroweb.net\/index.php?rest_route=\/wp\/v2\/users\/1"}],"replies":[{"embeddable":true,"href":"https:\/\/arquivo.barreiroweb.net\/index.php?rest_route=%2Fwp%2Fv2%2Fcomments&post=13663"}],"version-history":[{"count":1,"href":"https:\/\/arquivo.barreiroweb.net\/index.php?rest_route=\/wp\/v2\/posts\/13663\/revisions"}],"predecessor-version":[{"id":13665,"href":"https:\/\/arquivo.barreiroweb.net\/index.php?rest_route=\/wp\/v2\/posts\/13663\/revisions\/13665"}],"wp:featuredmedia":[{"embeddable":true,"href":"https:\/\/arquivo.barreiroweb.net\/index.php?rest_route=\/wp\/v2\/media\/13664"}],"wp:attachment":[{"href":"https:\/\/arquivo.barreiroweb.net\/index.php?rest_route=%2Fwp%2Fv2%2Fmedia&parent=13663"}],"wp:term":[{"taxonomy":"category","embeddable":true,"href":"https:\/\/arquivo.barreiroweb.net\/index.php?rest_route=%2Fwp%2Fv2%2Fcategories&post=13663"},{"taxonomy":"post_tag","embeddable":true,"href":"https:\/\/arquivo.barreiroweb.net\/index.php?rest_route=%2Fwp%2Fv2%2Ftags&post=13663"}],"curies":[{"name":"wp","href":"https:\/\/api.w.org\/{rel}","templated":true}]}}