{"id":13567,"date":"2015-07-02T23:19:26","date_gmt":"2015-07-02T22:19:26","guid":{"rendered":"http:\/\/barreiroweb.eu\/?p=13567"},"modified":"2015-07-02T23:19:26","modified_gmt":"2015-07-02T22:19:26","slug":"teatro-os-limites-da-liberdade-no-auditorio-da-biblioteca-da-moita","status":"publish","type":"post","link":"https:\/\/arquivo.barreiroweb.net\/?p=13567","title":{"rendered":"Teatro\u00a0\u201cOs Limites da Liberdade\u201d no audit\u00f3rio da Biblioteca da Moita"},"content":{"rendered":"<p><a href=\"http:\/\/barreiroweb.eu\/wp-content\/uploads\/2015\/07\/Teatro-Os-Limites-da-Liberdade.jpg\" rel=\"lightbox[13567]\"><img loading=\"lazy\" decoding=\"async\" class=\"alignleft size-medium wp-image-13568\" src=\"http:\/\/barreiroweb.eu\/wp-content\/uploads\/2015\/07\/Teatro-Os-Limites-da-Liberdade-300x200.jpg\" alt=\"Teatro Os Limites da Liberdade\" width=\"300\" height=\"200\" srcset=\"https:\/\/arquivo.barreiroweb.net\/wp-content\/uploads\/2015\/07\/Teatro-Os-Limites-da-Liberdade-300x200.jpg 300w, https:\/\/arquivo.barreiroweb.net\/wp-content\/uploads\/2015\/07\/Teatro-Os-Limites-da-Liberdade-500x334.jpg 500w, https:\/\/arquivo.barreiroweb.net\/wp-content\/uploads\/2015\/07\/Teatro-Os-Limites-da-Liberdade.jpg 640w\" sizes=\"auto, (max-width: 300px) 100vw, 300px\" \/><\/a>Depois da sua apresenta\u00e7\u00e3o no palco do F\u00f3rum Cultural Jos\u00e9 Manuel Figueiredo, na Baixa da Banheira, em abril, o Grupo de Teatro \u201cZecas\u201d leva \u00e0 cena o seu espet\u00e1culo \u201cOs Limites da Liberdade\u201d, no dia 3 de julho, pelas 21:30h, no audit\u00f3rio da Biblioteca Municipal Bento de Jesus Cara\u00e7a, na Moita.<\/p>\n<p>A pe\u00e7a \u00e9 sustentada por uma narrativa de imagens e testemunhos sobre \u201co antes e o depois\u201d de Abril de 1974, mas alterna com um discurso direto quando as personagens come\u00e7am a ter vida pr\u00f3pria, deixando-se envolver em pequenos conflitos de conte\u00fados e formas.<\/p>\n<p>S\u00e3o abordados temas como a viol\u00eancia dom\u00e9stica, a discrimina\u00e7\u00e3o da mulher, v\u00edtima no acesso ao trabalho, a autoridade prepotente da fam\u00edlia em rela\u00e7\u00e3o aos filhos, a depend\u00eancia da droga, as liberdades individuais, entre outros.<\/p>\n<p>Este espet\u00e1culo, encenado por Luciano Barata, tem a dura\u00e7\u00e3o de cerca de 60 minutos, \u00e9 dirigido ao p\u00fablico em geral (maiores de 6 anos) e tem entrada gratuita.<\/p>\n<p>&nbsp;<\/p>\n","protected":false},"excerpt":{"rendered":"<p>Depois da sua apresenta\u00e7\u00e3o no palco do F\u00f3rum Cultural Jos\u00e9 Manuel Figueiredo, na Baixa da Banheira, em abril, o Grupo de Teatro \u201cZecas\u201d leva \u00e0 cena o seu espet\u00e1culo \u201cOs Limites da Liberdade\u201d, no dia 3 de julho, pelas 21:30h, no audit\u00f3rio da Biblioteca Municipal Bento de Jesus Cara\u00e7a, na Moita. A pe\u00e7a \u00e9 sustentada [&hellip;]<\/p>\n","protected":false},"author":1,"featured_media":13568,"comment_status":"open","ping_status":"open","sticky":false,"template":"","format":"standard","meta":{"footnotes":""},"categories":[10],"tags":[37,745],"class_list":["post-13567","post","type-post","status-publish","format-standard","has-post-thumbnail","hentry","category-teatro","tag-moita","tag-teatro","last_archivepost"],"yoast_head":"<!-- This site is optimized with the Yoast SEO plugin v27.1.1 - https:\/\/yoast.com\/product\/yoast-seo-wordpress\/ -->\n<title>Teatro\u00a0\u201cOs Limites da Liberdade\u201d no audit\u00f3rio da Biblioteca da Moita - barreiroweb<\/title>\n<meta name=\"robots\" content=\"index, follow, max-snippet:-1, max-image-preview:large, max-video-preview:-1\" \/>\n<link rel=\"canonical\" href=\"https:\/\/arquivo.barreiroweb.net\/?p=13567\" \/>\n<meta property=\"og:locale\" content=\"pt_PT\" \/>\n<meta property=\"og:type\" content=\"article\" \/>\n<meta property=\"og:title\" content=\"Teatro\u00a0\u201cOs Limites da Liberdade\u201d no audit\u00f3rio da Biblioteca da Moita - barreiroweb\" \/>\n<meta property=\"og:description\" content=\"Depois da sua apresenta\u00e7\u00e3o no palco do F\u00f3rum Cultural Jos\u00e9 Manuel Figueiredo, na Baixa da Banheira, em abril, o Grupo de Teatro \u201cZecas\u201d leva \u00e0 cena o seu espet\u00e1culo \u201cOs Limites da Liberdade\u201d, no dia 3 de julho, pelas 21:30h, no audit\u00f3rio da Biblioteca Municipal Bento de Jesus Cara\u00e7a, na Moita. A pe\u00e7a \u00e9 sustentada [&hellip;]\" \/>\n<meta property=\"og:url\" content=\"https:\/\/arquivo.barreiroweb.net\/?p=13567\" \/>\n<meta property=\"og:site_name\" content=\"barreiroweb\" \/>\n<meta property=\"article:publisher\" content=\"https:\/\/www.facebook.com\/barreiroweb\" \/>\n<meta property=\"article:published_time\" content=\"2015-07-02T22:19:26+00:00\" \/>\n<meta property=\"og:image\" content=\"https:\/\/arquivo.barreiroweb.net\/wp-content\/uploads\/2015\/07\/Teatro-Os-Limites-da-Liberdade.jpg\" \/>\n\t<meta property=\"og:image:width\" content=\"640\" \/>\n\t<meta property=\"og:image:height\" content=\"427\" \/>\n\t<meta property=\"og:image:type\" content=\"image\/jpeg\" \/>\n<meta name=\"author\" content=\"barreiroweb\" \/>\n<meta name=\"twitter:card\" content=\"summary_large_image\" \/>\n<meta name=\"twitter:creator\" content=\"@barreiroweb\" \/>\n<meta name=\"twitter:site\" content=\"@barreiroweb\" \/>\n<meta name=\"twitter:label1\" content=\"Escrito por\" \/>\n\t<meta name=\"twitter:data1\" content=\"barreiroweb\" \/>\n\t<meta name=\"twitter:label2\" content=\"Tempo estimado de leitura\" \/>\n\t<meta name=\"twitter:data2\" content=\"1 minuto\" \/>\n<script type=\"application\/ld+json\" class=\"yoast-schema-graph\">{\"@context\":\"https:\/\/schema.org\",\"@graph\":[{\"@type\":\"Article\",\"@id\":\"https:\/\/arquivo.barreiroweb.net\/?p=13567#article\",\"isPartOf\":{\"@id\":\"https:\/\/arquivo.barreiroweb.net\/?p=13567\"},\"author\":{\"name\":\"barreiroweb\",\"@id\":\"https:\/\/arquivo.barreiroweb.net\/#\/schema\/person\/44b6d528aff975e3786c9f475f9df2dd\"},\"headline\":\"Teatro\u00a0\u201cOs Limites da Liberdade\u201d no audit\u00f3rio da Biblioteca da Moita\",\"datePublished\":\"2015-07-02T22:19:26+00:00\",\"mainEntityOfPage\":{\"@id\":\"https:\/\/arquivo.barreiroweb.net\/?p=13567\"},\"wordCount\":183,\"commentCount\":0,\"publisher\":{\"@id\":\"https:\/\/arquivo.barreiroweb.net\/#organization\"},\"image\":{\"@id\":\"https:\/\/arquivo.barreiroweb.net\/?p=13567#primaryimage\"},\"thumbnailUrl\":\"https:\/\/arquivo.barreiroweb.net\/wp-content\/uploads\/2015\/07\/Teatro-Os-Limites-da-Liberdade.jpg\",\"keywords\":[\"moita\",\"teatro\"],\"articleSection\":[\"Teatro\"],\"inLanguage\":\"pt-PT\",\"potentialAction\":[{\"@type\":\"CommentAction\",\"name\":\"Comment\",\"target\":[\"https:\/\/arquivo.barreiroweb.net\/?p=13567#respond\"]}]},{\"@type\":\"WebPage\",\"@id\":\"https:\/\/arquivo.barreiroweb.net\/?p=13567\",\"url\":\"https:\/\/arquivo.barreiroweb.net\/?p=13567\",\"name\":\"Teatro\u00a0\u201cOs Limites da Liberdade\u201d no audit\u00f3rio da Biblioteca da Moita - barreiroweb\",\"isPartOf\":{\"@id\":\"https:\/\/arquivo.barreiroweb.net\/#website\"},\"primaryImageOfPage\":{\"@id\":\"https:\/\/arquivo.barreiroweb.net\/?p=13567#primaryimage\"},\"image\":{\"@id\":\"https:\/\/arquivo.barreiroweb.net\/?p=13567#primaryimage\"},\"thumbnailUrl\":\"https:\/\/arquivo.barreiroweb.net\/wp-content\/uploads\/2015\/07\/Teatro-Os-Limites-da-Liberdade.jpg\",\"datePublished\":\"2015-07-02T22:19:26+00:00\",\"breadcrumb\":{\"@id\":\"https:\/\/arquivo.barreiroweb.net\/?p=13567#breadcrumb\"},\"inLanguage\":\"pt-PT\",\"potentialAction\":[{\"@type\":\"ReadAction\",\"target\":[\"https:\/\/arquivo.barreiroweb.net\/?p=13567\"]}]},{\"@type\":\"ImageObject\",\"inLanguage\":\"pt-PT\",\"@id\":\"https:\/\/arquivo.barreiroweb.net\/?p=13567#primaryimage\",\"url\":\"https:\/\/arquivo.barreiroweb.net\/wp-content\/uploads\/2015\/07\/Teatro-Os-Limites-da-Liberdade.jpg\",\"contentUrl\":\"https:\/\/arquivo.barreiroweb.net\/wp-content\/uploads\/2015\/07\/Teatro-Os-Limites-da-Liberdade.jpg\",\"width\":640,\"height\":427},{\"@type\":\"BreadcrumbList\",\"@id\":\"https:\/\/arquivo.barreiroweb.net\/?p=13567#breadcrumb\",\"itemListElement\":[{\"@type\":\"ListItem\",\"position\":1,\"name\":\"In\u00edcio\",\"item\":\"https:\/\/arquivo.barreiroweb.net\/\"},{\"@type\":\"ListItem\",\"position\":2,\"name\":\"Teatro\u00a0\u201cOs Limites da Liberdade\u201d no audit\u00f3rio da Biblioteca da Moita\"}]},{\"@type\":\"WebSite\",\"@id\":\"https:\/\/arquivo.barreiroweb.net\/#website\",\"url\":\"https:\/\/arquivo.barreiroweb.net\/\",\"name\":\"barreiroweb\",\"description\":\"Barreiroweb o barreiro na web\",\"publisher\":{\"@id\":\"https:\/\/arquivo.barreiroweb.net\/#organization\"},\"potentialAction\":[{\"@type\":\"SearchAction\",\"target\":{\"@type\":\"EntryPoint\",\"urlTemplate\":\"https:\/\/arquivo.barreiroweb.net\/?s={search_term_string}\"},\"query-input\":{\"@type\":\"PropertyValueSpecification\",\"valueRequired\":true,\"valueName\":\"search_term_string\"}}],\"inLanguage\":\"pt-PT\"},{\"@type\":\"Organization\",\"@id\":\"https:\/\/arquivo.barreiroweb.net\/#organization\",\"name\":\"barreiroweb\",\"url\":\"https:\/\/arquivo.barreiroweb.net\/\",\"logo\":{\"@type\":\"ImageObject\",\"inLanguage\":\"pt-PT\",\"@id\":\"https:\/\/arquivo.barreiroweb.net\/#\/schema\/logo\/image\/\",\"url\":\"https:\/\/barreiroweb.net\/wp-content\/uploads\/2022\/05\/BarreiroWeb555.jpg\",\"contentUrl\":\"https:\/\/barreiroweb.net\/wp-content\/uploads\/2022\/05\/BarreiroWeb555.jpg\",\"width\":421,\"height\":415,\"caption\":\"barreiroweb\"},\"image\":{\"@id\":\"https:\/\/arquivo.barreiroweb.net\/#\/schema\/logo\/image\/\"},\"sameAs\":[\"https:\/\/www.facebook.com\/barreiroweb\",\"https:\/\/x.com\/barreiroweb\"]},{\"@type\":\"Person\",\"@id\":\"https:\/\/arquivo.barreiroweb.net\/#\/schema\/person\/44b6d528aff975e3786c9f475f9df2dd\",\"name\":\"barreiroweb\",\"image\":{\"@type\":\"ImageObject\",\"inLanguage\":\"pt-PT\",\"@id\":\"https:\/\/arquivo.barreiroweb.net\/#\/schema\/person\/image\/\",\"url\":\"https:\/\/secure.gravatar.com\/avatar\/1f764b917967430404ff0b452044eb63a25d64a5363b25be2aa42273930f477d?s=96&d=mm&r=g\",\"contentUrl\":\"https:\/\/secure.gravatar.com\/avatar\/1f764b917967430404ff0b452044eb63a25d64a5363b25be2aa42273930f477d?s=96&d=mm&r=g\",\"caption\":\"barreiroweb\"},\"url\":\"https:\/\/arquivo.barreiroweb.net\/?author=1\"}]}<\/script>\n<!-- \/ Yoast SEO plugin. -->","yoast_head_json":{"title":"Teatro\u00a0\u201cOs Limites da Liberdade\u201d no audit\u00f3rio da Biblioteca da Moita - barreiroweb","robots":{"index":"index","follow":"follow","max-snippet":"max-snippet:-1","max-image-preview":"max-image-preview:large","max-video-preview":"max-video-preview:-1"},"canonical":"https:\/\/arquivo.barreiroweb.net\/?p=13567","og_locale":"pt_PT","og_type":"article","og_title":"Teatro\u00a0\u201cOs Limites da Liberdade\u201d no audit\u00f3rio da Biblioteca da Moita - barreiroweb","og_description":"Depois da sua apresenta\u00e7\u00e3o no palco do F\u00f3rum Cultural Jos\u00e9 Manuel Figueiredo, na Baixa da Banheira, em abril, o Grupo de Teatro \u201cZecas\u201d leva \u00e0 cena o seu espet\u00e1culo \u201cOs Limites da Liberdade\u201d, no dia 3 de julho, pelas 21:30h, no audit\u00f3rio da Biblioteca Municipal Bento de Jesus Cara\u00e7a, na Moita. A pe\u00e7a \u00e9 sustentada [&hellip;]","og_url":"https:\/\/arquivo.barreiroweb.net\/?p=13567","og_site_name":"barreiroweb","article_publisher":"https:\/\/www.facebook.com\/barreiroweb","article_published_time":"2015-07-02T22:19:26+00:00","og_image":[{"width":640,"height":427,"url":"https:\/\/arquivo.barreiroweb.net\/wp-content\/uploads\/2015\/07\/Teatro-Os-Limites-da-Liberdade.jpg","type":"image\/jpeg"}],"author":"barreiroweb","twitter_card":"summary_large_image","twitter_creator":"@barreiroweb","twitter_site":"@barreiroweb","twitter_misc":{"Escrito por":"barreiroweb","Tempo estimado de leitura":"1 minuto"},"schema":{"@context":"https:\/\/schema.org","@graph":[{"@type":"Article","@id":"https:\/\/arquivo.barreiroweb.net\/?p=13567#article","isPartOf":{"@id":"https:\/\/arquivo.barreiroweb.net\/?p=13567"},"author":{"name":"barreiroweb","@id":"https:\/\/arquivo.barreiroweb.net\/#\/schema\/person\/44b6d528aff975e3786c9f475f9df2dd"},"headline":"Teatro\u00a0\u201cOs Limites da Liberdade\u201d no audit\u00f3rio da Biblioteca da Moita","datePublished":"2015-07-02T22:19:26+00:00","mainEntityOfPage":{"@id":"https:\/\/arquivo.barreiroweb.net\/?p=13567"},"wordCount":183,"commentCount":0,"publisher":{"@id":"https:\/\/arquivo.barreiroweb.net\/#organization"},"image":{"@id":"https:\/\/arquivo.barreiroweb.net\/?p=13567#primaryimage"},"thumbnailUrl":"https:\/\/arquivo.barreiroweb.net\/wp-content\/uploads\/2015\/07\/Teatro-Os-Limites-da-Liberdade.jpg","keywords":["moita","teatro"],"articleSection":["Teatro"],"inLanguage":"pt-PT","potentialAction":[{"@type":"CommentAction","name":"Comment","target":["https:\/\/arquivo.barreiroweb.net\/?p=13567#respond"]}]},{"@type":"WebPage","@id":"https:\/\/arquivo.barreiroweb.net\/?p=13567","url":"https:\/\/arquivo.barreiroweb.net\/?p=13567","name":"Teatro\u00a0\u201cOs Limites da Liberdade\u201d no audit\u00f3rio da Biblioteca da Moita - barreiroweb","isPartOf":{"@id":"https:\/\/arquivo.barreiroweb.net\/#website"},"primaryImageOfPage":{"@id":"https:\/\/arquivo.barreiroweb.net\/?p=13567#primaryimage"},"image":{"@id":"https:\/\/arquivo.barreiroweb.net\/?p=13567#primaryimage"},"thumbnailUrl":"https:\/\/arquivo.barreiroweb.net\/wp-content\/uploads\/2015\/07\/Teatro-Os-Limites-da-Liberdade.jpg","datePublished":"2015-07-02T22:19:26+00:00","breadcrumb":{"@id":"https:\/\/arquivo.barreiroweb.net\/?p=13567#breadcrumb"},"inLanguage":"pt-PT","potentialAction":[{"@type":"ReadAction","target":["https:\/\/arquivo.barreiroweb.net\/?p=13567"]}]},{"@type":"ImageObject","inLanguage":"pt-PT","@id":"https:\/\/arquivo.barreiroweb.net\/?p=13567#primaryimage","url":"https:\/\/arquivo.barreiroweb.net\/wp-content\/uploads\/2015\/07\/Teatro-Os-Limites-da-Liberdade.jpg","contentUrl":"https:\/\/arquivo.barreiroweb.net\/wp-content\/uploads\/2015\/07\/Teatro-Os-Limites-da-Liberdade.jpg","width":640,"height":427},{"@type":"BreadcrumbList","@id":"https:\/\/arquivo.barreiroweb.net\/?p=13567#breadcrumb","itemListElement":[{"@type":"ListItem","position":1,"name":"In\u00edcio","item":"https:\/\/arquivo.barreiroweb.net\/"},{"@type":"ListItem","position":2,"name":"Teatro\u00a0\u201cOs Limites da Liberdade\u201d no audit\u00f3rio da Biblioteca da Moita"}]},{"@type":"WebSite","@id":"https:\/\/arquivo.barreiroweb.net\/#website","url":"https:\/\/arquivo.barreiroweb.net\/","name":"barreiroweb","description":"Barreiroweb o barreiro na web","publisher":{"@id":"https:\/\/arquivo.barreiroweb.net\/#organization"},"potentialAction":[{"@type":"SearchAction","target":{"@type":"EntryPoint","urlTemplate":"https:\/\/arquivo.barreiroweb.net\/?s={search_term_string}"},"query-input":{"@type":"PropertyValueSpecification","valueRequired":true,"valueName":"search_term_string"}}],"inLanguage":"pt-PT"},{"@type":"Organization","@id":"https:\/\/arquivo.barreiroweb.net\/#organization","name":"barreiroweb","url":"https:\/\/arquivo.barreiroweb.net\/","logo":{"@type":"ImageObject","inLanguage":"pt-PT","@id":"https:\/\/arquivo.barreiroweb.net\/#\/schema\/logo\/image\/","url":"https:\/\/barreiroweb.net\/wp-content\/uploads\/2022\/05\/BarreiroWeb555.jpg","contentUrl":"https:\/\/barreiroweb.net\/wp-content\/uploads\/2022\/05\/BarreiroWeb555.jpg","width":421,"height":415,"caption":"barreiroweb"},"image":{"@id":"https:\/\/arquivo.barreiroweb.net\/#\/schema\/logo\/image\/"},"sameAs":["https:\/\/www.facebook.com\/barreiroweb","https:\/\/x.com\/barreiroweb"]},{"@type":"Person","@id":"https:\/\/arquivo.barreiroweb.net\/#\/schema\/person\/44b6d528aff975e3786c9f475f9df2dd","name":"barreiroweb","image":{"@type":"ImageObject","inLanguage":"pt-PT","@id":"https:\/\/arquivo.barreiroweb.net\/#\/schema\/person\/image\/","url":"https:\/\/secure.gravatar.com\/avatar\/1f764b917967430404ff0b452044eb63a25d64a5363b25be2aa42273930f477d?s=96&d=mm&r=g","contentUrl":"https:\/\/secure.gravatar.com\/avatar\/1f764b917967430404ff0b452044eb63a25d64a5363b25be2aa42273930f477d?s=96&d=mm&r=g","caption":"barreiroweb"},"url":"https:\/\/arquivo.barreiroweb.net\/?author=1"}]}},"_links":{"self":[{"href":"https:\/\/arquivo.barreiroweb.net\/index.php?rest_route=\/wp\/v2\/posts\/13567","targetHints":{"allow":["GET"]}}],"collection":[{"href":"https:\/\/arquivo.barreiroweb.net\/index.php?rest_route=\/wp\/v2\/posts"}],"about":[{"href":"https:\/\/arquivo.barreiroweb.net\/index.php?rest_route=\/wp\/v2\/types\/post"}],"author":[{"embeddable":true,"href":"https:\/\/arquivo.barreiroweb.net\/index.php?rest_route=\/wp\/v2\/users\/1"}],"replies":[{"embeddable":true,"href":"https:\/\/arquivo.barreiroweb.net\/index.php?rest_route=%2Fwp%2Fv2%2Fcomments&post=13567"}],"version-history":[{"count":1,"href":"https:\/\/arquivo.barreiroweb.net\/index.php?rest_route=\/wp\/v2\/posts\/13567\/revisions"}],"predecessor-version":[{"id":13569,"href":"https:\/\/arquivo.barreiroweb.net\/index.php?rest_route=\/wp\/v2\/posts\/13567\/revisions\/13569"}],"wp:featuredmedia":[{"embeddable":true,"href":"https:\/\/arquivo.barreiroweb.net\/index.php?rest_route=\/wp\/v2\/media\/13568"}],"wp:attachment":[{"href":"https:\/\/arquivo.barreiroweb.net\/index.php?rest_route=%2Fwp%2Fv2%2Fmedia&parent=13567"}],"wp:term":[{"taxonomy":"category","embeddable":true,"href":"https:\/\/arquivo.barreiroweb.net\/index.php?rest_route=%2Fwp%2Fv2%2Fcategories&post=13567"},{"taxonomy":"post_tag","embeddable":true,"href":"https:\/\/arquivo.barreiroweb.net\/index.php?rest_route=%2Fwp%2Fv2%2Ftags&post=13567"}],"curies":[{"name":"wp","href":"https:\/\/api.w.org\/{rel}","templated":true}]}}