{"id":13446,"date":"2015-06-03T00:23:03","date_gmt":"2015-06-02T23:23:03","guid":{"rendered":"http:\/\/barreiroweb.eu\/?p=13446"},"modified":"2015-06-03T00:23:03","modified_gmt":"2015-06-02T23:23:03","slug":"melech-mechaya-apresentam-album-gente-estranha-no-forum-cultural","status":"publish","type":"post","link":"https:\/\/arquivo.barreiroweb.net\/?p=13446","title":{"rendered":"Melech Mechaya apresentam \u00e1lbum \u201cGente Estranha\u201d no F\u00f3rum Cultural"},"content":{"rendered":"<p><a href=\"http:\/\/barreiroweb.eu\/wp-content\/uploads\/2015\/06\/MelechMechaya_GenteEstranha_Foto1.jpg\" rel=\"lightbox[13446]\"><img loading=\"lazy\" decoding=\"async\" class=\"alignleft size-medium wp-image-13447\" src=\"http:\/\/barreiroweb.eu\/wp-content\/uploads\/2015\/06\/MelechMechaya_GenteEstranha_Foto1-300x281.jpg\" alt=\"MelechMechaya_GenteEstranha_Foto1\" width=\"300\" height=\"281\" srcset=\"https:\/\/arquivo.barreiroweb.net\/wp-content\/uploads\/2015\/06\/MelechMechaya_GenteEstranha_Foto1-300x281.jpg 300w, https:\/\/arquivo.barreiroweb.net\/wp-content\/uploads\/2015\/06\/MelechMechaya_GenteEstranha_Foto1-500x469.jpg 500w, https:\/\/arquivo.barreiroweb.net\/wp-content\/uploads\/2015\/06\/MelechMechaya_GenteEstranha_Foto1.jpg 512w\" sizes=\"auto, (max-width: 300px) 100vw, 300px\" \/><\/a>Baixa da Banheira<\/p>\n<p>Uma das mais excitantes bandas portuguesas do momento, Melech Mechaya, vai pisar o palco do F\u00f3rum Cultural Jos\u00e9 Manuel Figueiredo, na Baixa da Banheira, no dia 5 de junho, a partir das 21:30h, com o seu novo \u00e1lbum \u201cGente Estranha\u201d.<\/p>\n<p>Com meio milh\u00e3o de visualiza\u00e7\u00f5es no YouTube, este quinteto de Lisboa e Almada atuou mais de 250 vezes em 10 pa\u00edses de tr\u00eas continentes. A banda trabalhou com artistas premiados como Frank London, M\u00edsia, Am\u00e9lia Muge, Pedro da Silva Martins (Deolinda) ou a companhia de teatro catal\u00e3 La Fura Dels Baus. Os \u00faltimos dois \u00e1lbuns foram distribu\u00eddos internacionalmente pela hist\u00f3rica editora italiana de m\u00fasicas do mundo Felmay. O disco de 2011 \u201cAqui Em Baixo Tudo \u00c9 Simples\u201d figurou na lista de melhores discos do ano da revista Blitz, esteve v\u00e1rias semanas nos topes de r\u00e1dios dos EUA, Espanha e Portugal e foi nomeado para Melhor Disco Instrumental nos Independent Music Awards. O novo \u00e1lbum \u201cGente Estranha\u201d, editado em mar\u00e7o de 2014, atingiu j\u00e1 o terceiro lugar no top iTunes PT de M\u00fasicas do Mundo e foi eleito melhor disco do ano para os leitores da BandCom, tendo o <em>single<\/em> \u201cGente Estranha\u201d atingido o 14\u00ba lugar no Blue Top da MTV.<\/p>\n<p>Os bilhetes, no valor de 3,66 euros, est\u00e3o dispon\u00edveis no F\u00f3rum Cultural Jos\u00e9 Manuel Figueiredo, na Baixa da Banheira.<\/p>\n<p><strong>Hor\u00e1rio da Bilheteira:\u00a0<\/strong><\/p>\n<p>De 3\u00aa a s\u00e1bado \u2013 14:30h \u00e0s 19:30h<\/p>\n<p>Dias de espet\u00e1culo e cinema\u00a0 \u2013 uma hora antes do in\u00edcio do espet\u00e1culo ou sess\u00e3o.<\/p>\n<p>Os bilhetes podem ainda ser reservados, atrav\u00e9s do telefone 210 888 900, no hor\u00e1rio de funcionamento da bilheteira. <strong>As reservas t\u00eam de ser\u00a0levantadas, no m\u00e1ximo,\u00a0at\u00e9 1h antes do in\u00edcio do espet\u00e1culo<\/strong>, com um limite de cinco bilhetes por reserva.<\/p>\n<p>Fonte:CMM<\/p>\n","protected":false},"excerpt":{"rendered":"<p>Baixa da Banheira Uma das mais excitantes bandas portuguesas do momento, Melech Mechaya, vai pisar o palco do F\u00f3rum Cultural Jos\u00e9 Manuel Figueiredo, na Baixa da Banheira, no dia 5 de junho, a partir das 21:30h, com o seu novo \u00e1lbum \u201cGente Estranha\u201d. Com meio milh\u00e3o de visualiza\u00e7\u00f5es no YouTube, este quinteto de Lisboa e [&hellip;]<\/p>\n","protected":false},"author":1,"featured_media":13447,"comment_status":"open","ping_status":"open","sticky":false,"template":"","format":"standard","meta":{"footnotes":""},"categories":[13],"tags":[37],"class_list":["post-13446","post","type-post","status-publish","format-standard","has-post-thumbnail","hentry","category-musica","tag-moita","last_archivepost"],"yoast_head":"<!-- This site is optimized with the Yoast SEO plugin v27.1.1 - https:\/\/yoast.com\/product\/yoast-seo-wordpress\/ -->\n<title>Melech Mechaya apresentam \u00e1lbum \u201cGente Estranha\u201d no F\u00f3rum Cultural - barreiroweb<\/title>\n<meta name=\"robots\" content=\"index, follow, max-snippet:-1, max-image-preview:large, max-video-preview:-1\" \/>\n<link rel=\"canonical\" href=\"https:\/\/arquivo.barreiroweb.net\/?p=13446\" \/>\n<meta property=\"og:locale\" content=\"pt_PT\" \/>\n<meta property=\"og:type\" content=\"article\" \/>\n<meta property=\"og:title\" content=\"Melech Mechaya apresentam \u00e1lbum \u201cGente Estranha\u201d no F\u00f3rum Cultural - barreiroweb\" \/>\n<meta property=\"og:description\" content=\"Baixa da Banheira Uma das mais excitantes bandas portuguesas do momento, Melech Mechaya, vai pisar o palco do F\u00f3rum Cultural Jos\u00e9 Manuel Figueiredo, na Baixa da Banheira, no dia 5 de junho, a partir das 21:30h, com o seu novo \u00e1lbum \u201cGente Estranha\u201d. Com meio milh\u00e3o de visualiza\u00e7\u00f5es no YouTube, este quinteto de Lisboa e [&hellip;]\" \/>\n<meta property=\"og:url\" content=\"https:\/\/arquivo.barreiroweb.net\/?p=13446\" \/>\n<meta property=\"og:site_name\" content=\"barreiroweb\" \/>\n<meta property=\"article:publisher\" content=\"https:\/\/www.facebook.com\/barreiroweb\" \/>\n<meta property=\"article:published_time\" content=\"2015-06-02T23:23:03+00:00\" \/>\n<meta property=\"og:image\" content=\"https:\/\/arquivo.barreiroweb.net\/wp-content\/uploads\/2015\/06\/MelechMechaya_GenteEstranha_Foto1.jpg\" \/>\n\t<meta property=\"og:image:width\" content=\"512\" \/>\n\t<meta property=\"og:image:height\" content=\"480\" \/>\n\t<meta property=\"og:image:type\" content=\"image\/jpeg\" \/>\n<meta name=\"author\" content=\"barreiroweb\" \/>\n<meta name=\"twitter:card\" content=\"summary_large_image\" \/>\n<meta name=\"twitter:creator\" content=\"@barreiroweb\" \/>\n<meta name=\"twitter:site\" content=\"@barreiroweb\" \/>\n<meta name=\"twitter:label1\" content=\"Escrito por\" \/>\n\t<meta name=\"twitter:data1\" content=\"barreiroweb\" \/>\n\t<meta name=\"twitter:label2\" content=\"Tempo estimado de leitura\" \/>\n\t<meta name=\"twitter:data2\" content=\"2 minutos\" \/>\n<script type=\"application\/ld+json\" class=\"yoast-schema-graph\">{\"@context\":\"https:\/\/schema.org\",\"@graph\":[{\"@type\":\"Article\",\"@id\":\"https:\/\/arquivo.barreiroweb.net\/?p=13446#article\",\"isPartOf\":{\"@id\":\"https:\/\/arquivo.barreiroweb.net\/?p=13446\"},\"author\":{\"name\":\"barreiroweb\",\"@id\":\"https:\/\/arquivo.barreiroweb.net\/#\/schema\/person\/44b6d528aff975e3786c9f475f9df2dd\"},\"headline\":\"Melech Mechaya apresentam \u00e1lbum \u201cGente Estranha\u201d no F\u00f3rum Cultural\",\"datePublished\":\"2015-06-02T23:23:03+00:00\",\"mainEntityOfPage\":{\"@id\":\"https:\/\/arquivo.barreiroweb.net\/?p=13446\"},\"wordCount\":316,\"commentCount\":0,\"publisher\":{\"@id\":\"https:\/\/arquivo.barreiroweb.net\/#organization\"},\"image\":{\"@id\":\"https:\/\/arquivo.barreiroweb.net\/?p=13446#primaryimage\"},\"thumbnailUrl\":\"https:\/\/arquivo.barreiroweb.net\/wp-content\/uploads\/2015\/06\/MelechMechaya_GenteEstranha_Foto1.jpg\",\"keywords\":[\"moita\"],\"articleSection\":[\"Musica\"],\"inLanguage\":\"pt-PT\",\"potentialAction\":[{\"@type\":\"CommentAction\",\"name\":\"Comment\",\"target\":[\"https:\/\/arquivo.barreiroweb.net\/?p=13446#respond\"]}]},{\"@type\":\"WebPage\",\"@id\":\"https:\/\/arquivo.barreiroweb.net\/?p=13446\",\"url\":\"https:\/\/arquivo.barreiroweb.net\/?p=13446\",\"name\":\"Melech Mechaya apresentam \u00e1lbum \u201cGente Estranha\u201d no F\u00f3rum Cultural - barreiroweb\",\"isPartOf\":{\"@id\":\"https:\/\/arquivo.barreiroweb.net\/#website\"},\"primaryImageOfPage\":{\"@id\":\"https:\/\/arquivo.barreiroweb.net\/?p=13446#primaryimage\"},\"image\":{\"@id\":\"https:\/\/arquivo.barreiroweb.net\/?p=13446#primaryimage\"},\"thumbnailUrl\":\"https:\/\/arquivo.barreiroweb.net\/wp-content\/uploads\/2015\/06\/MelechMechaya_GenteEstranha_Foto1.jpg\",\"datePublished\":\"2015-06-02T23:23:03+00:00\",\"breadcrumb\":{\"@id\":\"https:\/\/arquivo.barreiroweb.net\/?p=13446#breadcrumb\"},\"inLanguage\":\"pt-PT\",\"potentialAction\":[{\"@type\":\"ReadAction\",\"target\":[\"https:\/\/arquivo.barreiroweb.net\/?p=13446\"]}]},{\"@type\":\"ImageObject\",\"inLanguage\":\"pt-PT\",\"@id\":\"https:\/\/arquivo.barreiroweb.net\/?p=13446#primaryimage\",\"url\":\"https:\/\/arquivo.barreiroweb.net\/wp-content\/uploads\/2015\/06\/MelechMechaya_GenteEstranha_Foto1.jpg\",\"contentUrl\":\"https:\/\/arquivo.barreiroweb.net\/wp-content\/uploads\/2015\/06\/MelechMechaya_GenteEstranha_Foto1.jpg\",\"width\":512,\"height\":480},{\"@type\":\"BreadcrumbList\",\"@id\":\"https:\/\/arquivo.barreiroweb.net\/?p=13446#breadcrumb\",\"itemListElement\":[{\"@type\":\"ListItem\",\"position\":1,\"name\":\"In\u00edcio\",\"item\":\"https:\/\/arquivo.barreiroweb.net\/\"},{\"@type\":\"ListItem\",\"position\":2,\"name\":\"Melech Mechaya apresentam \u00e1lbum \u201cGente Estranha\u201d no F\u00f3rum Cultural\"}]},{\"@type\":\"WebSite\",\"@id\":\"https:\/\/arquivo.barreiroweb.net\/#website\",\"url\":\"https:\/\/arquivo.barreiroweb.net\/\",\"name\":\"barreiroweb\",\"description\":\"Barreiroweb o barreiro na web\",\"publisher\":{\"@id\":\"https:\/\/arquivo.barreiroweb.net\/#organization\"},\"potentialAction\":[{\"@type\":\"SearchAction\",\"target\":{\"@type\":\"EntryPoint\",\"urlTemplate\":\"https:\/\/arquivo.barreiroweb.net\/?s={search_term_string}\"},\"query-input\":{\"@type\":\"PropertyValueSpecification\",\"valueRequired\":true,\"valueName\":\"search_term_string\"}}],\"inLanguage\":\"pt-PT\"},{\"@type\":\"Organization\",\"@id\":\"https:\/\/arquivo.barreiroweb.net\/#organization\",\"name\":\"barreiroweb\",\"url\":\"https:\/\/arquivo.barreiroweb.net\/\",\"logo\":{\"@type\":\"ImageObject\",\"inLanguage\":\"pt-PT\",\"@id\":\"https:\/\/arquivo.barreiroweb.net\/#\/schema\/logo\/image\/\",\"url\":\"https:\/\/barreiroweb.net\/wp-content\/uploads\/2022\/05\/BarreiroWeb555.jpg\",\"contentUrl\":\"https:\/\/barreiroweb.net\/wp-content\/uploads\/2022\/05\/BarreiroWeb555.jpg\",\"width\":421,\"height\":415,\"caption\":\"barreiroweb\"},\"image\":{\"@id\":\"https:\/\/arquivo.barreiroweb.net\/#\/schema\/logo\/image\/\"},\"sameAs\":[\"https:\/\/www.facebook.com\/barreiroweb\",\"https:\/\/x.com\/barreiroweb\"]},{\"@type\":\"Person\",\"@id\":\"https:\/\/arquivo.barreiroweb.net\/#\/schema\/person\/44b6d528aff975e3786c9f475f9df2dd\",\"name\":\"barreiroweb\",\"image\":{\"@type\":\"ImageObject\",\"inLanguage\":\"pt-PT\",\"@id\":\"https:\/\/arquivo.barreiroweb.net\/#\/schema\/person\/image\/\",\"url\":\"https:\/\/secure.gravatar.com\/avatar\/1f764b917967430404ff0b452044eb63a25d64a5363b25be2aa42273930f477d?s=96&d=mm&r=g\",\"contentUrl\":\"https:\/\/secure.gravatar.com\/avatar\/1f764b917967430404ff0b452044eb63a25d64a5363b25be2aa42273930f477d?s=96&d=mm&r=g\",\"caption\":\"barreiroweb\"},\"url\":\"https:\/\/arquivo.barreiroweb.net\/?author=1\"}]}<\/script>\n<!-- \/ Yoast SEO plugin. -->","yoast_head_json":{"title":"Melech Mechaya apresentam \u00e1lbum \u201cGente Estranha\u201d no F\u00f3rum Cultural - barreiroweb","robots":{"index":"index","follow":"follow","max-snippet":"max-snippet:-1","max-image-preview":"max-image-preview:large","max-video-preview":"max-video-preview:-1"},"canonical":"https:\/\/arquivo.barreiroweb.net\/?p=13446","og_locale":"pt_PT","og_type":"article","og_title":"Melech Mechaya apresentam \u00e1lbum \u201cGente Estranha\u201d no F\u00f3rum Cultural - barreiroweb","og_description":"Baixa da Banheira Uma das mais excitantes bandas portuguesas do momento, Melech Mechaya, vai pisar o palco do F\u00f3rum Cultural Jos\u00e9 Manuel Figueiredo, na Baixa da Banheira, no dia 5 de junho, a partir das 21:30h, com o seu novo \u00e1lbum \u201cGente Estranha\u201d. Com meio milh\u00e3o de visualiza\u00e7\u00f5es no YouTube, este quinteto de Lisboa e [&hellip;]","og_url":"https:\/\/arquivo.barreiroweb.net\/?p=13446","og_site_name":"barreiroweb","article_publisher":"https:\/\/www.facebook.com\/barreiroweb","article_published_time":"2015-06-02T23:23:03+00:00","og_image":[{"width":512,"height":480,"url":"https:\/\/arquivo.barreiroweb.net\/wp-content\/uploads\/2015\/06\/MelechMechaya_GenteEstranha_Foto1.jpg","type":"image\/jpeg"}],"author":"barreiroweb","twitter_card":"summary_large_image","twitter_creator":"@barreiroweb","twitter_site":"@barreiroweb","twitter_misc":{"Escrito por":"barreiroweb","Tempo estimado de leitura":"2 minutos"},"schema":{"@context":"https:\/\/schema.org","@graph":[{"@type":"Article","@id":"https:\/\/arquivo.barreiroweb.net\/?p=13446#article","isPartOf":{"@id":"https:\/\/arquivo.barreiroweb.net\/?p=13446"},"author":{"name":"barreiroweb","@id":"https:\/\/arquivo.barreiroweb.net\/#\/schema\/person\/44b6d528aff975e3786c9f475f9df2dd"},"headline":"Melech Mechaya apresentam \u00e1lbum \u201cGente Estranha\u201d no F\u00f3rum Cultural","datePublished":"2015-06-02T23:23:03+00:00","mainEntityOfPage":{"@id":"https:\/\/arquivo.barreiroweb.net\/?p=13446"},"wordCount":316,"commentCount":0,"publisher":{"@id":"https:\/\/arquivo.barreiroweb.net\/#organization"},"image":{"@id":"https:\/\/arquivo.barreiroweb.net\/?p=13446#primaryimage"},"thumbnailUrl":"https:\/\/arquivo.barreiroweb.net\/wp-content\/uploads\/2015\/06\/MelechMechaya_GenteEstranha_Foto1.jpg","keywords":["moita"],"articleSection":["Musica"],"inLanguage":"pt-PT","potentialAction":[{"@type":"CommentAction","name":"Comment","target":["https:\/\/arquivo.barreiroweb.net\/?p=13446#respond"]}]},{"@type":"WebPage","@id":"https:\/\/arquivo.barreiroweb.net\/?p=13446","url":"https:\/\/arquivo.barreiroweb.net\/?p=13446","name":"Melech Mechaya apresentam \u00e1lbum \u201cGente Estranha\u201d no F\u00f3rum Cultural - barreiroweb","isPartOf":{"@id":"https:\/\/arquivo.barreiroweb.net\/#website"},"primaryImageOfPage":{"@id":"https:\/\/arquivo.barreiroweb.net\/?p=13446#primaryimage"},"image":{"@id":"https:\/\/arquivo.barreiroweb.net\/?p=13446#primaryimage"},"thumbnailUrl":"https:\/\/arquivo.barreiroweb.net\/wp-content\/uploads\/2015\/06\/MelechMechaya_GenteEstranha_Foto1.jpg","datePublished":"2015-06-02T23:23:03+00:00","breadcrumb":{"@id":"https:\/\/arquivo.barreiroweb.net\/?p=13446#breadcrumb"},"inLanguage":"pt-PT","potentialAction":[{"@type":"ReadAction","target":["https:\/\/arquivo.barreiroweb.net\/?p=13446"]}]},{"@type":"ImageObject","inLanguage":"pt-PT","@id":"https:\/\/arquivo.barreiroweb.net\/?p=13446#primaryimage","url":"https:\/\/arquivo.barreiroweb.net\/wp-content\/uploads\/2015\/06\/MelechMechaya_GenteEstranha_Foto1.jpg","contentUrl":"https:\/\/arquivo.barreiroweb.net\/wp-content\/uploads\/2015\/06\/MelechMechaya_GenteEstranha_Foto1.jpg","width":512,"height":480},{"@type":"BreadcrumbList","@id":"https:\/\/arquivo.barreiroweb.net\/?p=13446#breadcrumb","itemListElement":[{"@type":"ListItem","position":1,"name":"In\u00edcio","item":"https:\/\/arquivo.barreiroweb.net\/"},{"@type":"ListItem","position":2,"name":"Melech Mechaya apresentam \u00e1lbum \u201cGente Estranha\u201d no F\u00f3rum Cultural"}]},{"@type":"WebSite","@id":"https:\/\/arquivo.barreiroweb.net\/#website","url":"https:\/\/arquivo.barreiroweb.net\/","name":"barreiroweb","description":"Barreiroweb o barreiro na web","publisher":{"@id":"https:\/\/arquivo.barreiroweb.net\/#organization"},"potentialAction":[{"@type":"SearchAction","target":{"@type":"EntryPoint","urlTemplate":"https:\/\/arquivo.barreiroweb.net\/?s={search_term_string}"},"query-input":{"@type":"PropertyValueSpecification","valueRequired":true,"valueName":"search_term_string"}}],"inLanguage":"pt-PT"},{"@type":"Organization","@id":"https:\/\/arquivo.barreiroweb.net\/#organization","name":"barreiroweb","url":"https:\/\/arquivo.barreiroweb.net\/","logo":{"@type":"ImageObject","inLanguage":"pt-PT","@id":"https:\/\/arquivo.barreiroweb.net\/#\/schema\/logo\/image\/","url":"https:\/\/barreiroweb.net\/wp-content\/uploads\/2022\/05\/BarreiroWeb555.jpg","contentUrl":"https:\/\/barreiroweb.net\/wp-content\/uploads\/2022\/05\/BarreiroWeb555.jpg","width":421,"height":415,"caption":"barreiroweb"},"image":{"@id":"https:\/\/arquivo.barreiroweb.net\/#\/schema\/logo\/image\/"},"sameAs":["https:\/\/www.facebook.com\/barreiroweb","https:\/\/x.com\/barreiroweb"]},{"@type":"Person","@id":"https:\/\/arquivo.barreiroweb.net\/#\/schema\/person\/44b6d528aff975e3786c9f475f9df2dd","name":"barreiroweb","image":{"@type":"ImageObject","inLanguage":"pt-PT","@id":"https:\/\/arquivo.barreiroweb.net\/#\/schema\/person\/image\/","url":"https:\/\/secure.gravatar.com\/avatar\/1f764b917967430404ff0b452044eb63a25d64a5363b25be2aa42273930f477d?s=96&d=mm&r=g","contentUrl":"https:\/\/secure.gravatar.com\/avatar\/1f764b917967430404ff0b452044eb63a25d64a5363b25be2aa42273930f477d?s=96&d=mm&r=g","caption":"barreiroweb"},"url":"https:\/\/arquivo.barreiroweb.net\/?author=1"}]}},"_links":{"self":[{"href":"https:\/\/arquivo.barreiroweb.net\/index.php?rest_route=\/wp\/v2\/posts\/13446","targetHints":{"allow":["GET"]}}],"collection":[{"href":"https:\/\/arquivo.barreiroweb.net\/index.php?rest_route=\/wp\/v2\/posts"}],"about":[{"href":"https:\/\/arquivo.barreiroweb.net\/index.php?rest_route=\/wp\/v2\/types\/post"}],"author":[{"embeddable":true,"href":"https:\/\/arquivo.barreiroweb.net\/index.php?rest_route=\/wp\/v2\/users\/1"}],"replies":[{"embeddable":true,"href":"https:\/\/arquivo.barreiroweb.net\/index.php?rest_route=%2Fwp%2Fv2%2Fcomments&post=13446"}],"version-history":[{"count":1,"href":"https:\/\/arquivo.barreiroweb.net\/index.php?rest_route=\/wp\/v2\/posts\/13446\/revisions"}],"predecessor-version":[{"id":13448,"href":"https:\/\/arquivo.barreiroweb.net\/index.php?rest_route=\/wp\/v2\/posts\/13446\/revisions\/13448"}],"wp:featuredmedia":[{"embeddable":true,"href":"https:\/\/arquivo.barreiroweb.net\/index.php?rest_route=\/wp\/v2\/media\/13447"}],"wp:attachment":[{"href":"https:\/\/arquivo.barreiroweb.net\/index.php?rest_route=%2Fwp%2Fv2%2Fmedia&parent=13446"}],"wp:term":[{"taxonomy":"category","embeddable":true,"href":"https:\/\/arquivo.barreiroweb.net\/index.php?rest_route=%2Fwp%2Fv2%2Fcategories&post=13446"},{"taxonomy":"post_tag","embeddable":true,"href":"https:\/\/arquivo.barreiroweb.net\/index.php?rest_route=%2Fwp%2Fv2%2Ftags&post=13446"}],"curies":[{"name":"wp","href":"https:\/\/api.w.org\/{rel}","templated":true}]}}