{"id":13377,"date":"2015-05-26T23:55:17","date_gmt":"2015-05-26T22:55:17","guid":{"rendered":"http:\/\/barreiroweb.eu\/?p=13377"},"modified":"2015-05-26T23:55:17","modified_gmt":"2015-05-26T22:55:17","slug":"workshop-barreiro-railway-station-and-maintenance-buildings","status":"publish","type":"post","link":"https:\/\/arquivo.barreiroweb.net\/?p=13377","title":{"rendered":"WORKSHOP \u201cBarreiro Railway Station and Maintenance Buildings\u201d"},"content":{"rendered":"<p><strong>Preserva\u00e7\u00e3o e futuro do Patrim\u00f3nio Ferrovi\u00e1rio do Barreiro em reflex\u00e3o<\/strong><\/p>\n<p style=\"text-align: justify;\">No \u00e2mbito da candidatura aprovada \u201cUma Mem\u00f3ria e um Futuro para o Barreiro \u2013 Refor\u00e7o e promo\u00e7\u00e3o da identidade territorial\u201d, elaborada no \u00e2mbito do Programa Operacional Regional de Lisboa do Quadro de Refer\u00eancia Estrat\u00e9gico Nacional \u2013 QREN, est\u00e1 a decorrer at\u00e9 amanh\u00e3, 20 de maio, o Workshop \u201cBarreiro Railway Station and Maintenance Buildings\u201d, na Escola Superior de Tecnologia do Barreiro. O Munic\u00edpio do Barreiro a Entidade Regional de Turismo da Regi\u00e3o de Lisboa (ERT-RL), a REFER e a CP organizam este workshop internacional iniciado ontem com uma visita ao patrim\u00f3nio ferrovi\u00e1rio do Barreiro.<\/p>\n<p style=\"text-align: justify;\">\u201cAs reflex\u00f5es produzidas aqui v\u00e3o ajudar a construir uma vis\u00e3o global que queremos para o patrim\u00f3nio ferrovi\u00e1rio\u201d, referiu hoje, de manh\u00e3, Carlos Humberto de Carvalho, no in\u00edcio dos trabalhos. O Presidente da CMB est\u00e1 expectante neste workshop de onde poder\u00e3o sair \u201creflex\u00f5es e conhecimentos importantes para o trabalho do Munic\u00edpio\u201d.<\/p>\n<p style=\"text-align: justify;\"><a href=\"http:\/\/barreiroweb.eu\/wp-content\/uploads\/2015\/05\/foto2-2.jpg\" rel=\"lightbox[13377]\"><img loading=\"lazy\" decoding=\"async\" class=\"alignleft size-medium wp-image-13378\" src=\"http:\/\/barreiroweb.eu\/wp-content\/uploads\/2015\/05\/foto2-2-300x225.jpg\" alt=\"foto2 (2)\" width=\"300\" height=\"225\" srcset=\"https:\/\/arquivo.barreiroweb.net\/wp-content\/uploads\/2015\/05\/foto2-2-300x225.jpg 300w, https:\/\/arquivo.barreiroweb.net\/wp-content\/uploads\/2015\/05\/foto2-2-500x375.jpg 500w, https:\/\/arquivo.barreiroweb.net\/wp-content\/uploads\/2015\/05\/foto2-2.jpg 640w\" sizes=\"auto, (max-width: 300px) 100vw, 300px\" \/><\/a>As quest\u00f5es patrimoniais ligadas \u00e0 identidade do Barreiro s\u00e3o para Carlos Humberto de Carvalho importantes. \u201cAchamos que as quest\u00f5es do patrim\u00f3nio imaterial, associadas \u00e0 preserva\u00e7\u00e3o do patrim\u00f3nio edificado, poder\u00e3o constituir um fator de desenvolvimento econ\u00f3mico e tur\u00edstico do Concelho\u201d.<\/p>\n<p style=\"text-align: justify;\">David Edwards, Jonathan Rounce e Keith Thomas, consultores de <em>Petersham Group,<\/em> apresentaram a empresa criada em 1999, especializada em \u00e1reas de lazer, como por exemplo, parque tem\u00e1ticos e resorts costeiros.<\/p>\n<p style=\"text-align: justify;\">Ao longo dos anos, t\u00eam realizado v\u00e1rios projetos em v\u00e1rios pa\u00edses europeus e ainda no Vietname, Qu\u00e9nia e China.<\/p>\n<p style=\"text-align: justify;\">Na apresenta\u00e7\u00e3o, fizeram o paralelismo do Barreiro com a cidade industrial escocesa de Glasgow e a zona leste de Londres.<\/p>\n<p style=\"text-align: justify;\">Keith Thomas explicou que este workshop \u00e9 um desafio para a empresa. \u201cQueremos criar uma vis\u00e3o sustentada em termos econ\u00f3micos, no que se refere \u00e0 economia verde. Pretendemos definir um enquadramento, uma base de trabalho para o Plano Diretor. Ser\u00e3o dados v\u00e1rios passos no sentido de se alcan\u00e7ar uma reputa\u00e7\u00e3o positiva na \u00c1rea Metropolitana de Lisboa\u201d.<\/p>\n<p style=\"text-align: justify;\">Por seu lado, Jonathan Rounce ficou surpreendido com os edif\u00edcios que viu na visita ao patrim\u00f3nio. Na sua opini\u00e3o, \u201c\u00e9 um cen\u00e1rio fundamental para a concretiza\u00e7\u00e3o de eventos realizados a curto prazo\u201d.<\/p>\n<p style=\"text-align: justify;\">Participaram, ainda, nos trabalhos, no per\u00edodo de manh\u00e3, o vereador Rui Lopo, M\u00e1rcia Calafate adjunta do Presidente e respons\u00e1vel pelo Gabinete Municipal de Desenvolvimento Econ\u00f3mico e Estrat\u00e9gico da CMB, Lurdes Lopes, respons\u00e1vel pelos servi\u00e7os de cultura, patrim\u00f3nio e biblioteca, representantes da ERT-RL, REFER, CP, RISCO, Ba\u00eda do Tejo, Sales Group e t\u00e9cnicos da CMB, das \u00e1reas do planeamento, turismo e patrim\u00f3nio.<\/p>\n<p style=\"text-align: justify;\"><strong>VISITA AO PATRIM\u00d3NIO<\/strong><\/p>\n<p style=\"text-align: justify;\">Ontem, 18 de maio, a comitiva teve a oportunidade de conhecer<em> in loco<\/em> a Esta\u00e7\u00e3o Sul e Sueste, Avenida de Sapadores, Doca Seca da CP, as Oficinas da EMEF, a Rotunda das M\u00e1quinas, o Armaz\u00e9m Regional e o Bairro Pal\u00e1cio do Coimbra.<\/p>\n<p style=\"text-align: justify;\">Houve, ainda, oportunidade para se conhecer, de autocarro, a zona onde ser\u00e1 implantado o Terminal de Contentores do Barreiro e o Bairro de Santa B\u00e1rbara.<\/p>\n<p style=\"text-align: justify;\">O programa da visita terminou com uma apresenta\u00e7\u00e3o que abrangeu o enquadramento territorial do Concelho, a sua evolu\u00e7\u00e3o hist\u00f3rica e a descri\u00e7\u00e3o do patrim\u00f3nio ferrovi\u00e1rio do Barreiro. O presidente da ERT-RT, V\u00edtor Costa, o Presidente da CMB e o Vereador Rui Lopo iniciaram a sess\u00e3o no Espa\u00e7o L<\/p>\n<p style=\"text-align: justify;\">O Presidente da CMB informou que o Plano de Turismo do Barreiro est\u00e1 em desenvolvimento. Adiantou que entre este ano e o pr\u00f3ximo est\u00e1 prevista a recupera\u00e7\u00e3o do moinho de mar\u00e9 pequeno.<\/p>\n<p style=\"text-align: justify;\">Em rela\u00e7\u00e3o \u00e0 preserva\u00e7\u00e3o do patrim\u00f3nio, o Presidente tem consci\u00eancia que \u201c\u00e9 um caminho dif\u00edcil e temos de ter uma vis\u00e3o aberta sobre o que \u00e9 o nosso patrim\u00f3nio. N\u00e3o desistimos de ter essa vis\u00e3o e de construir as oportunidades, \u00e9 nesse sentido que estamos a trabalhar para que esta iniciativa seja um contributo para o futuro do Barreiro sem o dissociar da nossa Hist\u00f3ria\u201d.<\/p>\n<p style=\"text-align: justify;\">Por seu lado, na opini\u00e3o de V\u00edtor Costa, o Barreiro tem \u201cum patrim\u00f3nio extraordin\u00e1rio e isso \u00e9 uma vantagem, contudo coloca-se um problema, o que fazer com ele?\u201d<\/p>\n<p style=\"text-align: justify;\">Considera que esta iniciativa pode \u201cdisponibilizar pistas de trabalho para benef\u00edcio do turismo da Regi\u00e3o\u201d.<\/p>\n<p style=\"text-align: justify;\">Estiveram presentes na sess\u00e3o dezenas de pessoas, entre as quais as vereadoras Sofia Martins, Regina Janeiro e S\u00f3nia Lobo, autarcas do Concelho, representantes do Conselho de Administra\u00e7\u00e3o da REFER, da empresa <em>Petersham group<\/em>, do Movimento C\u00edvico para Salvaguarda do Patrim\u00f3nio Ferrovi\u00e1rio do Barreiro e da Associa\u00e7\u00e3o Barreiro Patrim\u00f3nio Mem\u00f3ria e Futuro, entre outros agentes locais.<\/p>\n<p>Fonte:CMB<\/p>\n","protected":false},"excerpt":{"rendered":"<p>Preserva\u00e7\u00e3o e futuro do Patrim\u00f3nio Ferrovi\u00e1rio do Barreiro em reflex\u00e3o No \u00e2mbito da candidatura aprovada \u201cUma Mem\u00f3ria e um Futuro para o Barreiro \u2013 Refor\u00e7o e promo\u00e7\u00e3o da identidade territorial\u201d, elaborada no \u00e2mbito do Programa Operacional Regional de Lisboa do Quadro de Refer\u00eancia Estrat\u00e9gico Nacional \u2013 QREN, est\u00e1 a decorrer at\u00e9 amanh\u00e3, 20 de maio, [&hellip;]<\/p>\n","protected":false},"author":1,"featured_media":13378,"comment_status":"open","ping_status":"open","sticky":false,"template":"","format":"standard","meta":{"footnotes":""},"categories":[11],"tags":[41,119,126],"class_list":["post-13377","post","type-post","status-publish","format-standard","has-post-thumbnail","hentry","category-patrimonio","tag-barreiro","tag-cultura-2","tag-patrimonio-2","last_archivepost"],"yoast_head":"<!-- This site is optimized with the Yoast SEO plugin v27.1.1 - https:\/\/yoast.com\/product\/yoast-seo-wordpress\/ -->\n<title>WORKSHOP \u201cBarreiro Railway Station and Maintenance Buildings\u201d - barreiroweb<\/title>\n<meta name=\"robots\" content=\"index, follow, max-snippet:-1, max-image-preview:large, max-video-preview:-1\" \/>\n<link rel=\"canonical\" href=\"https:\/\/arquivo.barreiroweb.net\/?p=13377\" \/>\n<meta property=\"og:locale\" content=\"pt_PT\" \/>\n<meta property=\"og:type\" content=\"article\" \/>\n<meta property=\"og:title\" content=\"WORKSHOP \u201cBarreiro Railway Station and Maintenance Buildings\u201d - barreiroweb\" \/>\n<meta property=\"og:description\" content=\"Preserva\u00e7\u00e3o e futuro do Patrim\u00f3nio Ferrovi\u00e1rio do Barreiro em reflex\u00e3o No \u00e2mbito da candidatura aprovada \u201cUma Mem\u00f3ria e um Futuro para o Barreiro \u2013 Refor\u00e7o e promo\u00e7\u00e3o da identidade territorial\u201d, elaborada no \u00e2mbito do Programa Operacional Regional de Lisboa do Quadro de Refer\u00eancia Estrat\u00e9gico Nacional \u2013 QREN, est\u00e1 a decorrer at\u00e9 amanh\u00e3, 20 de maio, [&hellip;]\" \/>\n<meta property=\"og:url\" content=\"https:\/\/arquivo.barreiroweb.net\/?p=13377\" \/>\n<meta property=\"og:site_name\" content=\"barreiroweb\" \/>\n<meta property=\"article:publisher\" content=\"https:\/\/www.facebook.com\/barreiroweb\" \/>\n<meta property=\"article:published_time\" content=\"2015-05-26T22:55:17+00:00\" \/>\n<meta property=\"og:image\" content=\"https:\/\/arquivo.barreiroweb.net\/wp-content\/uploads\/2015\/05\/foto2-2.jpg\" \/>\n\t<meta property=\"og:image:width\" content=\"640\" \/>\n\t<meta property=\"og:image:height\" content=\"480\" \/>\n\t<meta property=\"og:image:type\" content=\"image\/jpeg\" \/>\n<meta name=\"author\" content=\"barreiroweb\" \/>\n<meta name=\"twitter:card\" content=\"summary_large_image\" \/>\n<meta name=\"twitter:creator\" content=\"@barreiroweb\" \/>\n<meta name=\"twitter:site\" content=\"@barreiroweb\" \/>\n<meta name=\"twitter:label1\" content=\"Escrito por\" \/>\n\t<meta name=\"twitter:data1\" content=\"barreiroweb\" \/>\n\t<meta name=\"twitter:label2\" content=\"Tempo estimado de leitura\" \/>\n\t<meta name=\"twitter:data2\" content=\"4 minutos\" \/>\n<script type=\"application\/ld+json\" class=\"yoast-schema-graph\">{\"@context\":\"https:\/\/schema.org\",\"@graph\":[{\"@type\":\"Article\",\"@id\":\"https:\/\/arquivo.barreiroweb.net\/?p=13377#article\",\"isPartOf\":{\"@id\":\"https:\/\/arquivo.barreiroweb.net\/?p=13377\"},\"author\":{\"name\":\"barreiroweb\",\"@id\":\"https:\/\/arquivo.barreiroweb.net\/#\/schema\/person\/44b6d528aff975e3786c9f475f9df2dd\"},\"headline\":\"WORKSHOP \u201cBarreiro Railway Station and Maintenance Buildings\u201d\",\"datePublished\":\"2015-05-26T22:55:17+00:00\",\"mainEntityOfPage\":{\"@id\":\"https:\/\/arquivo.barreiroweb.net\/?p=13377\"},\"wordCount\":819,\"commentCount\":0,\"publisher\":{\"@id\":\"https:\/\/arquivo.barreiroweb.net\/#organization\"},\"image\":{\"@id\":\"https:\/\/arquivo.barreiroweb.net\/?p=13377#primaryimage\"},\"thumbnailUrl\":\"https:\/\/arquivo.barreiroweb.net\/wp-content\/uploads\/2015\/05\/foto2-2.jpg\",\"keywords\":[\"barreiro\",\"cultura\",\"patrimonio\"],\"articleSection\":[\"Patrim\u00f3nio\"],\"inLanguage\":\"pt-PT\",\"potentialAction\":[{\"@type\":\"CommentAction\",\"name\":\"Comment\",\"target\":[\"https:\/\/arquivo.barreiroweb.net\/?p=13377#respond\"]}]},{\"@type\":\"WebPage\",\"@id\":\"https:\/\/arquivo.barreiroweb.net\/?p=13377\",\"url\":\"https:\/\/arquivo.barreiroweb.net\/?p=13377\",\"name\":\"WORKSHOP \u201cBarreiro Railway Station and Maintenance Buildings\u201d - barreiroweb\",\"isPartOf\":{\"@id\":\"https:\/\/arquivo.barreiroweb.net\/#website\"},\"primaryImageOfPage\":{\"@id\":\"https:\/\/arquivo.barreiroweb.net\/?p=13377#primaryimage\"},\"image\":{\"@id\":\"https:\/\/arquivo.barreiroweb.net\/?p=13377#primaryimage\"},\"thumbnailUrl\":\"https:\/\/arquivo.barreiroweb.net\/wp-content\/uploads\/2015\/05\/foto2-2.jpg\",\"datePublished\":\"2015-05-26T22:55:17+00:00\",\"breadcrumb\":{\"@id\":\"https:\/\/arquivo.barreiroweb.net\/?p=13377#breadcrumb\"},\"inLanguage\":\"pt-PT\",\"potentialAction\":[{\"@type\":\"ReadAction\",\"target\":[\"https:\/\/arquivo.barreiroweb.net\/?p=13377\"]}]},{\"@type\":\"ImageObject\",\"inLanguage\":\"pt-PT\",\"@id\":\"https:\/\/arquivo.barreiroweb.net\/?p=13377#primaryimage\",\"url\":\"https:\/\/arquivo.barreiroweb.net\/wp-content\/uploads\/2015\/05\/foto2-2.jpg\",\"contentUrl\":\"https:\/\/arquivo.barreiroweb.net\/wp-content\/uploads\/2015\/05\/foto2-2.jpg\",\"width\":640,\"height\":480},{\"@type\":\"BreadcrumbList\",\"@id\":\"https:\/\/arquivo.barreiroweb.net\/?p=13377#breadcrumb\",\"itemListElement\":[{\"@type\":\"ListItem\",\"position\":1,\"name\":\"In\u00edcio\",\"item\":\"https:\/\/arquivo.barreiroweb.net\/\"},{\"@type\":\"ListItem\",\"position\":2,\"name\":\"WORKSHOP \u201cBarreiro Railway Station and Maintenance Buildings\u201d\"}]},{\"@type\":\"WebSite\",\"@id\":\"https:\/\/arquivo.barreiroweb.net\/#website\",\"url\":\"https:\/\/arquivo.barreiroweb.net\/\",\"name\":\"barreiroweb\",\"description\":\"Barreiroweb o barreiro na web\",\"publisher\":{\"@id\":\"https:\/\/arquivo.barreiroweb.net\/#organization\"},\"potentialAction\":[{\"@type\":\"SearchAction\",\"target\":{\"@type\":\"EntryPoint\",\"urlTemplate\":\"https:\/\/arquivo.barreiroweb.net\/?s={search_term_string}\"},\"query-input\":{\"@type\":\"PropertyValueSpecification\",\"valueRequired\":true,\"valueName\":\"search_term_string\"}}],\"inLanguage\":\"pt-PT\"},{\"@type\":\"Organization\",\"@id\":\"https:\/\/arquivo.barreiroweb.net\/#organization\",\"name\":\"barreiroweb\",\"url\":\"https:\/\/arquivo.barreiroweb.net\/\",\"logo\":{\"@type\":\"ImageObject\",\"inLanguage\":\"pt-PT\",\"@id\":\"https:\/\/arquivo.barreiroweb.net\/#\/schema\/logo\/image\/\",\"url\":\"https:\/\/barreiroweb.net\/wp-content\/uploads\/2022\/05\/BarreiroWeb555.jpg\",\"contentUrl\":\"https:\/\/barreiroweb.net\/wp-content\/uploads\/2022\/05\/BarreiroWeb555.jpg\",\"width\":421,\"height\":415,\"caption\":\"barreiroweb\"},\"image\":{\"@id\":\"https:\/\/arquivo.barreiroweb.net\/#\/schema\/logo\/image\/\"},\"sameAs\":[\"https:\/\/www.facebook.com\/barreiroweb\",\"https:\/\/x.com\/barreiroweb\"]},{\"@type\":\"Person\",\"@id\":\"https:\/\/arquivo.barreiroweb.net\/#\/schema\/person\/44b6d528aff975e3786c9f475f9df2dd\",\"name\":\"barreiroweb\",\"image\":{\"@type\":\"ImageObject\",\"inLanguage\":\"pt-PT\",\"@id\":\"https:\/\/arquivo.barreiroweb.net\/#\/schema\/person\/image\/\",\"url\":\"https:\/\/secure.gravatar.com\/avatar\/1f764b917967430404ff0b452044eb63a25d64a5363b25be2aa42273930f477d?s=96&d=mm&r=g\",\"contentUrl\":\"https:\/\/secure.gravatar.com\/avatar\/1f764b917967430404ff0b452044eb63a25d64a5363b25be2aa42273930f477d?s=96&d=mm&r=g\",\"caption\":\"barreiroweb\"},\"url\":\"https:\/\/arquivo.barreiroweb.net\/?author=1\"}]}<\/script>\n<!-- \/ Yoast SEO plugin. -->","yoast_head_json":{"title":"WORKSHOP \u201cBarreiro Railway Station and Maintenance Buildings\u201d - barreiroweb","robots":{"index":"index","follow":"follow","max-snippet":"max-snippet:-1","max-image-preview":"max-image-preview:large","max-video-preview":"max-video-preview:-1"},"canonical":"https:\/\/arquivo.barreiroweb.net\/?p=13377","og_locale":"pt_PT","og_type":"article","og_title":"WORKSHOP \u201cBarreiro Railway Station and Maintenance Buildings\u201d - barreiroweb","og_description":"Preserva\u00e7\u00e3o e futuro do Patrim\u00f3nio Ferrovi\u00e1rio do Barreiro em reflex\u00e3o No \u00e2mbito da candidatura aprovada \u201cUma Mem\u00f3ria e um Futuro para o Barreiro \u2013 Refor\u00e7o e promo\u00e7\u00e3o da identidade territorial\u201d, elaborada no \u00e2mbito do Programa Operacional Regional de Lisboa do Quadro de Refer\u00eancia Estrat\u00e9gico Nacional \u2013 QREN, est\u00e1 a decorrer at\u00e9 amanh\u00e3, 20 de maio, [&hellip;]","og_url":"https:\/\/arquivo.barreiroweb.net\/?p=13377","og_site_name":"barreiroweb","article_publisher":"https:\/\/www.facebook.com\/barreiroweb","article_published_time":"2015-05-26T22:55:17+00:00","og_image":[{"width":640,"height":480,"url":"https:\/\/arquivo.barreiroweb.net\/wp-content\/uploads\/2015\/05\/foto2-2.jpg","type":"image\/jpeg"}],"author":"barreiroweb","twitter_card":"summary_large_image","twitter_creator":"@barreiroweb","twitter_site":"@barreiroweb","twitter_misc":{"Escrito por":"barreiroweb","Tempo estimado de leitura":"4 minutos"},"schema":{"@context":"https:\/\/schema.org","@graph":[{"@type":"Article","@id":"https:\/\/arquivo.barreiroweb.net\/?p=13377#article","isPartOf":{"@id":"https:\/\/arquivo.barreiroweb.net\/?p=13377"},"author":{"name":"barreiroweb","@id":"https:\/\/arquivo.barreiroweb.net\/#\/schema\/person\/44b6d528aff975e3786c9f475f9df2dd"},"headline":"WORKSHOP \u201cBarreiro Railway Station and Maintenance Buildings\u201d","datePublished":"2015-05-26T22:55:17+00:00","mainEntityOfPage":{"@id":"https:\/\/arquivo.barreiroweb.net\/?p=13377"},"wordCount":819,"commentCount":0,"publisher":{"@id":"https:\/\/arquivo.barreiroweb.net\/#organization"},"image":{"@id":"https:\/\/arquivo.barreiroweb.net\/?p=13377#primaryimage"},"thumbnailUrl":"https:\/\/arquivo.barreiroweb.net\/wp-content\/uploads\/2015\/05\/foto2-2.jpg","keywords":["barreiro","cultura","patrimonio"],"articleSection":["Patrim\u00f3nio"],"inLanguage":"pt-PT","potentialAction":[{"@type":"CommentAction","name":"Comment","target":["https:\/\/arquivo.barreiroweb.net\/?p=13377#respond"]}]},{"@type":"WebPage","@id":"https:\/\/arquivo.barreiroweb.net\/?p=13377","url":"https:\/\/arquivo.barreiroweb.net\/?p=13377","name":"WORKSHOP \u201cBarreiro Railway Station and Maintenance Buildings\u201d - barreiroweb","isPartOf":{"@id":"https:\/\/arquivo.barreiroweb.net\/#website"},"primaryImageOfPage":{"@id":"https:\/\/arquivo.barreiroweb.net\/?p=13377#primaryimage"},"image":{"@id":"https:\/\/arquivo.barreiroweb.net\/?p=13377#primaryimage"},"thumbnailUrl":"https:\/\/arquivo.barreiroweb.net\/wp-content\/uploads\/2015\/05\/foto2-2.jpg","datePublished":"2015-05-26T22:55:17+00:00","breadcrumb":{"@id":"https:\/\/arquivo.barreiroweb.net\/?p=13377#breadcrumb"},"inLanguage":"pt-PT","potentialAction":[{"@type":"ReadAction","target":["https:\/\/arquivo.barreiroweb.net\/?p=13377"]}]},{"@type":"ImageObject","inLanguage":"pt-PT","@id":"https:\/\/arquivo.barreiroweb.net\/?p=13377#primaryimage","url":"https:\/\/arquivo.barreiroweb.net\/wp-content\/uploads\/2015\/05\/foto2-2.jpg","contentUrl":"https:\/\/arquivo.barreiroweb.net\/wp-content\/uploads\/2015\/05\/foto2-2.jpg","width":640,"height":480},{"@type":"BreadcrumbList","@id":"https:\/\/arquivo.barreiroweb.net\/?p=13377#breadcrumb","itemListElement":[{"@type":"ListItem","position":1,"name":"In\u00edcio","item":"https:\/\/arquivo.barreiroweb.net\/"},{"@type":"ListItem","position":2,"name":"WORKSHOP \u201cBarreiro Railway Station and Maintenance Buildings\u201d"}]},{"@type":"WebSite","@id":"https:\/\/arquivo.barreiroweb.net\/#website","url":"https:\/\/arquivo.barreiroweb.net\/","name":"barreiroweb","description":"Barreiroweb o barreiro na web","publisher":{"@id":"https:\/\/arquivo.barreiroweb.net\/#organization"},"potentialAction":[{"@type":"SearchAction","target":{"@type":"EntryPoint","urlTemplate":"https:\/\/arquivo.barreiroweb.net\/?s={search_term_string}"},"query-input":{"@type":"PropertyValueSpecification","valueRequired":true,"valueName":"search_term_string"}}],"inLanguage":"pt-PT"},{"@type":"Organization","@id":"https:\/\/arquivo.barreiroweb.net\/#organization","name":"barreiroweb","url":"https:\/\/arquivo.barreiroweb.net\/","logo":{"@type":"ImageObject","inLanguage":"pt-PT","@id":"https:\/\/arquivo.barreiroweb.net\/#\/schema\/logo\/image\/","url":"https:\/\/barreiroweb.net\/wp-content\/uploads\/2022\/05\/BarreiroWeb555.jpg","contentUrl":"https:\/\/barreiroweb.net\/wp-content\/uploads\/2022\/05\/BarreiroWeb555.jpg","width":421,"height":415,"caption":"barreiroweb"},"image":{"@id":"https:\/\/arquivo.barreiroweb.net\/#\/schema\/logo\/image\/"},"sameAs":["https:\/\/www.facebook.com\/barreiroweb","https:\/\/x.com\/barreiroweb"]},{"@type":"Person","@id":"https:\/\/arquivo.barreiroweb.net\/#\/schema\/person\/44b6d528aff975e3786c9f475f9df2dd","name":"barreiroweb","image":{"@type":"ImageObject","inLanguage":"pt-PT","@id":"https:\/\/arquivo.barreiroweb.net\/#\/schema\/person\/image\/","url":"https:\/\/secure.gravatar.com\/avatar\/1f764b917967430404ff0b452044eb63a25d64a5363b25be2aa42273930f477d?s=96&d=mm&r=g","contentUrl":"https:\/\/secure.gravatar.com\/avatar\/1f764b917967430404ff0b452044eb63a25d64a5363b25be2aa42273930f477d?s=96&d=mm&r=g","caption":"barreiroweb"},"url":"https:\/\/arquivo.barreiroweb.net\/?author=1"}]}},"_links":{"self":[{"href":"https:\/\/arquivo.barreiroweb.net\/index.php?rest_route=\/wp\/v2\/posts\/13377","targetHints":{"allow":["GET"]}}],"collection":[{"href":"https:\/\/arquivo.barreiroweb.net\/index.php?rest_route=\/wp\/v2\/posts"}],"about":[{"href":"https:\/\/arquivo.barreiroweb.net\/index.php?rest_route=\/wp\/v2\/types\/post"}],"author":[{"embeddable":true,"href":"https:\/\/arquivo.barreiroweb.net\/index.php?rest_route=\/wp\/v2\/users\/1"}],"replies":[{"embeddable":true,"href":"https:\/\/arquivo.barreiroweb.net\/index.php?rest_route=%2Fwp%2Fv2%2Fcomments&post=13377"}],"version-history":[{"count":1,"href":"https:\/\/arquivo.barreiroweb.net\/index.php?rest_route=\/wp\/v2\/posts\/13377\/revisions"}],"predecessor-version":[{"id":13379,"href":"https:\/\/arquivo.barreiroweb.net\/index.php?rest_route=\/wp\/v2\/posts\/13377\/revisions\/13379"}],"wp:featuredmedia":[{"embeddable":true,"href":"https:\/\/arquivo.barreiroweb.net\/index.php?rest_route=\/wp\/v2\/media\/13378"}],"wp:attachment":[{"href":"https:\/\/arquivo.barreiroweb.net\/index.php?rest_route=%2Fwp%2Fv2%2Fmedia&parent=13377"}],"wp:term":[{"taxonomy":"category","embeddable":true,"href":"https:\/\/arquivo.barreiroweb.net\/index.php?rest_route=%2Fwp%2Fv2%2Fcategories&post=13377"},{"taxonomy":"post_tag","embeddable":true,"href":"https:\/\/arquivo.barreiroweb.net\/index.php?rest_route=%2Fwp%2Fv2%2Ftags&post=13377"}],"curies":[{"name":"wp","href":"https:\/\/api.w.org\/{rel}","templated":true}]}}