{"id":13296,"date":"2015-05-07T22:39:02","date_gmt":"2015-05-07T21:39:02","guid":{"rendered":"http:\/\/barreiroweb.eu\/?p=13296"},"modified":"2015-05-07T22:39:02","modified_gmt":"2015-05-07T21:39:02","slug":"varino-o-boa-viagem-volta-ao-tejo","status":"publish","type":"post","link":"https:\/\/arquivo.barreiroweb.net\/?p=13296","title":{"rendered":"Varino \u201cO Boa Viagem\u201d volta ao Tejo"},"content":{"rendered":"<p style=\"text-align: justify;\"><strong><a href=\"http:\/\/barreiroweb.eu\/wp-content\/uploads\/2015\/05\/Passeios-no-varino.jpg\" rel=\"lightbox[13296]\"><img loading=\"lazy\" decoding=\"async\" class=\"alignleft size-medium wp-image-13297\" src=\"http:\/\/barreiroweb.eu\/wp-content\/uploads\/2015\/05\/Passeios-no-varino-300x200.jpg\" alt=\"Passeios no varino\" width=\"300\" height=\"200\" srcset=\"https:\/\/arquivo.barreiroweb.net\/wp-content\/uploads\/2015\/05\/Passeios-no-varino-300x200.jpg 300w, https:\/\/arquivo.barreiroweb.net\/wp-content\/uploads\/2015\/05\/Passeios-no-varino-500x334.jpg 500w, https:\/\/arquivo.barreiroweb.net\/wp-content\/uploads\/2015\/05\/Passeios-no-varino.jpg 640w\" sizes=\"auto, (max-width: 300px) 100vw, 300px\" \/><\/a>In\u00edcio da \u00e9poca de passeios fluviais<\/strong><\/p>\n<p style=\"text-align: justify;\">\u00c9 j\u00e1 no dia 9 de maio que se inicia a \u00e9poca fluvial do varino municipal \u201cO Boa Viagem\u201d. At\u00e9 outubro, \u201cO Boa Viagem\u201d promete experi\u00eancias memor\u00e1veis aos muitos visitantes que o procuram, quer individualmente, quer em grupo, em passeios de tr\u00eas horas ou de dia inteiro. Neste m\u00eas de maio, est\u00e3o previstos quatro passeios de tr\u00eas horas: dia 9, das 18:00h \u00e0s 21:00h, dia 16, das 13:00h, \u00e0s 16:00h, dia 27, das 9:30h \u00e0s 12:30h, e no dia 30, das 12:00h \u00e0s 15:00h.<\/p>\n<p style=\"text-align: justify;\">Os passeios fluviais realizam-se com o n\u00famero m\u00ednimo de 15 pessoas e m\u00e1ximo de 47. O embarque e desembarque s\u00e3o realizados no Cais da Moita. Os bilhetes para realiza\u00e7\u00e3o de passeios individuais podem ser adquiridos no Posto de Turismo da C\u00e2mara Municipal da Moita, na Rua Machado Santos n\u00ba 35, de segunda a sexta-feira, das 9:30h \u00e0s 12:30h e das 14:00h \u00e0s 18:00h.<\/p>\n<p style=\"text-align: justify;\">As reservas para a realiza\u00e7\u00e3o de passeios individuais dever\u00e3o ser efetuadas atrav\u00e9s do T: 210852340. Os bilhetes dever\u00e3o ser levantados at\u00e9 oito dias antes da realiza\u00e7\u00e3o do passeio, sob pena de serem cancelados. Nestes casos, os bilhetes n\u00e3o confirmados passar\u00e3o imediatamente para as pessoas que est\u00e3o em lista de espera.<\/p>\n<p style=\"text-align: justify;\">Participe e aprecie as carater\u00edsticas \u00fanicas dos barcos t\u00edpicos do Tejo e conhe\u00e7a o concelho da Moita de uma perspetiva diferente.<\/p>\n<p style=\"text-align: justify;\"><strong>Passeios Fluviais de Inscri\u00e7\u00e3o Individual<\/strong><\/p>\n<p style=\"text-align: justify;\"><strong>3 horas:<\/strong><\/p>\n<p style=\"text-align: justify;\">Crian\u00e7as at\u00e9 6 anos: gratuito<\/p>\n<p style=\"text-align: justify;\">Crian\u00e7as dos 6 aos 12 anos: 2,00 euros<\/p>\n<p style=\"text-align: justify;\">Adultos: 3,99 euros<\/p>\n<p style=\"text-align: justify;\"><strong>Dia inteiro \u2013 12 horas:<\/strong><\/p>\n<p style=\"text-align: justify;\">Crian\u00e7as at\u00e9 6 anos: gratuito<\/p>\n<p style=\"text-align: justify;\">Crian\u00e7as dos 6 aos 12 anos: 3,32 euros<\/p>\n<p style=\"text-align: justify;\">Adultos: 6,63 euro<\/p>\n<p style=\"text-align: justify;\">\n<p style=\"text-align: justify;\">Fonte: CMM<\/p>\n","protected":false},"excerpt":{"rendered":"<p>In\u00edcio da \u00e9poca de passeios fluviais \u00c9 j\u00e1 no dia 9 de maio que se inicia a \u00e9poca fluvial do varino municipal \u201cO Boa Viagem\u201d. At\u00e9 outubro, \u201cO Boa Viagem\u201d promete experi\u00eancias memor\u00e1veis aos muitos visitantes que o procuram, quer individualmente, quer em grupo, em passeios de tr\u00eas horas ou de dia inteiro. Neste m\u00eas [&hellip;]<\/p>\n","protected":false},"author":1,"featured_media":13297,"comment_status":"open","ping_status":"open","sticky":false,"template":"","format":"standard","meta":{"footnotes":""},"categories":[693],"tags":[37,581],"class_list":["post-13296","post","type-post","status-publish","format-standard","has-post-thumbnail","hentry","category-passeios","tag-moita","tag-passeios-fluviais","last_archivepost"],"yoast_head":"<!-- This site is optimized with the Yoast SEO plugin v27.1.1 - https:\/\/yoast.com\/product\/yoast-seo-wordpress\/ -->\n<title>Varino \u201cO Boa Viagem\u201d volta ao Tejo - barreiroweb<\/title>\n<meta name=\"robots\" content=\"index, follow, max-snippet:-1, max-image-preview:large, max-video-preview:-1\" \/>\n<link rel=\"canonical\" href=\"https:\/\/arquivo.barreiroweb.net\/?p=13296\" \/>\n<meta property=\"og:locale\" content=\"pt_PT\" \/>\n<meta property=\"og:type\" content=\"article\" \/>\n<meta property=\"og:title\" content=\"Varino \u201cO Boa Viagem\u201d volta ao Tejo - barreiroweb\" \/>\n<meta property=\"og:description\" content=\"In\u00edcio da \u00e9poca de passeios fluviais \u00c9 j\u00e1 no dia 9 de maio que se inicia a \u00e9poca fluvial do varino municipal \u201cO Boa Viagem\u201d. At\u00e9 outubro, \u201cO Boa Viagem\u201d promete experi\u00eancias memor\u00e1veis aos muitos visitantes que o procuram, quer individualmente, quer em grupo, em passeios de tr\u00eas horas ou de dia inteiro. Neste m\u00eas [&hellip;]\" \/>\n<meta property=\"og:url\" content=\"https:\/\/arquivo.barreiroweb.net\/?p=13296\" \/>\n<meta property=\"og:site_name\" content=\"barreiroweb\" \/>\n<meta property=\"article:publisher\" content=\"https:\/\/www.facebook.com\/barreiroweb\" \/>\n<meta property=\"article:published_time\" content=\"2015-05-07T21:39:02+00:00\" \/>\n<meta property=\"og:image\" content=\"https:\/\/arquivo.barreiroweb.net\/wp-content\/uploads\/2015\/05\/Passeios-no-varino.jpg\" \/>\n\t<meta property=\"og:image:width\" content=\"640\" \/>\n\t<meta property=\"og:image:height\" content=\"427\" \/>\n\t<meta property=\"og:image:type\" content=\"image\/jpeg\" \/>\n<meta name=\"author\" content=\"barreiroweb\" \/>\n<meta name=\"twitter:card\" content=\"summary_large_image\" \/>\n<meta name=\"twitter:creator\" content=\"@barreiroweb\" \/>\n<meta name=\"twitter:site\" content=\"@barreiroweb\" \/>\n<meta name=\"twitter:label1\" content=\"Escrito por\" \/>\n\t<meta name=\"twitter:data1\" content=\"barreiroweb\" \/>\n\t<meta name=\"twitter:label2\" content=\"Tempo estimado de leitura\" \/>\n\t<meta name=\"twitter:data2\" content=\"1 minuto\" \/>\n<script type=\"application\/ld+json\" class=\"yoast-schema-graph\">{\"@context\":\"https:\/\/schema.org\",\"@graph\":[{\"@type\":\"Article\",\"@id\":\"https:\/\/arquivo.barreiroweb.net\/?p=13296#article\",\"isPartOf\":{\"@id\":\"https:\/\/arquivo.barreiroweb.net\/?p=13296\"},\"author\":{\"name\":\"barreiroweb\",\"@id\":\"https:\/\/arquivo.barreiroweb.net\/#\/schema\/person\/44b6d528aff975e3786c9f475f9df2dd\"},\"headline\":\"Varino \u201cO Boa Viagem\u201d volta ao Tejo\",\"datePublished\":\"2015-05-07T21:39:02+00:00\",\"mainEntityOfPage\":{\"@id\":\"https:\/\/arquivo.barreiroweb.net\/?p=13296\"},\"wordCount\":283,\"commentCount\":0,\"publisher\":{\"@id\":\"https:\/\/arquivo.barreiroweb.net\/#organization\"},\"image\":{\"@id\":\"https:\/\/arquivo.barreiroweb.net\/?p=13296#primaryimage\"},\"thumbnailUrl\":\"https:\/\/arquivo.barreiroweb.net\/wp-content\/uploads\/2015\/05\/Passeios-no-varino.jpg\",\"keywords\":[\"moita\",\"passeios fluviais\"],\"articleSection\":[\"Passeios\"],\"inLanguage\":\"pt-PT\",\"potentialAction\":[{\"@type\":\"CommentAction\",\"name\":\"Comment\",\"target\":[\"https:\/\/arquivo.barreiroweb.net\/?p=13296#respond\"]}]},{\"@type\":\"WebPage\",\"@id\":\"https:\/\/arquivo.barreiroweb.net\/?p=13296\",\"url\":\"https:\/\/arquivo.barreiroweb.net\/?p=13296\",\"name\":\"Varino \u201cO Boa Viagem\u201d volta ao Tejo - barreiroweb\",\"isPartOf\":{\"@id\":\"https:\/\/arquivo.barreiroweb.net\/#website\"},\"primaryImageOfPage\":{\"@id\":\"https:\/\/arquivo.barreiroweb.net\/?p=13296#primaryimage\"},\"image\":{\"@id\":\"https:\/\/arquivo.barreiroweb.net\/?p=13296#primaryimage\"},\"thumbnailUrl\":\"https:\/\/arquivo.barreiroweb.net\/wp-content\/uploads\/2015\/05\/Passeios-no-varino.jpg\",\"datePublished\":\"2015-05-07T21:39:02+00:00\",\"breadcrumb\":{\"@id\":\"https:\/\/arquivo.barreiroweb.net\/?p=13296#breadcrumb\"},\"inLanguage\":\"pt-PT\",\"potentialAction\":[{\"@type\":\"ReadAction\",\"target\":[\"https:\/\/arquivo.barreiroweb.net\/?p=13296\"]}]},{\"@type\":\"ImageObject\",\"inLanguage\":\"pt-PT\",\"@id\":\"https:\/\/arquivo.barreiroweb.net\/?p=13296#primaryimage\",\"url\":\"https:\/\/arquivo.barreiroweb.net\/wp-content\/uploads\/2015\/05\/Passeios-no-varino.jpg\",\"contentUrl\":\"https:\/\/arquivo.barreiroweb.net\/wp-content\/uploads\/2015\/05\/Passeios-no-varino.jpg\",\"width\":640,\"height\":427},{\"@type\":\"BreadcrumbList\",\"@id\":\"https:\/\/arquivo.barreiroweb.net\/?p=13296#breadcrumb\",\"itemListElement\":[{\"@type\":\"ListItem\",\"position\":1,\"name\":\"In\u00edcio\",\"item\":\"https:\/\/arquivo.barreiroweb.net\/\"},{\"@type\":\"ListItem\",\"position\":2,\"name\":\"Varino \u201cO Boa Viagem\u201d volta ao Tejo\"}]},{\"@type\":\"WebSite\",\"@id\":\"https:\/\/arquivo.barreiroweb.net\/#website\",\"url\":\"https:\/\/arquivo.barreiroweb.net\/\",\"name\":\"barreiroweb\",\"description\":\"Barreiroweb o barreiro na web\",\"publisher\":{\"@id\":\"https:\/\/arquivo.barreiroweb.net\/#organization\"},\"potentialAction\":[{\"@type\":\"SearchAction\",\"target\":{\"@type\":\"EntryPoint\",\"urlTemplate\":\"https:\/\/arquivo.barreiroweb.net\/?s={search_term_string}\"},\"query-input\":{\"@type\":\"PropertyValueSpecification\",\"valueRequired\":true,\"valueName\":\"search_term_string\"}}],\"inLanguage\":\"pt-PT\"},{\"@type\":\"Organization\",\"@id\":\"https:\/\/arquivo.barreiroweb.net\/#organization\",\"name\":\"barreiroweb\",\"url\":\"https:\/\/arquivo.barreiroweb.net\/\",\"logo\":{\"@type\":\"ImageObject\",\"inLanguage\":\"pt-PT\",\"@id\":\"https:\/\/arquivo.barreiroweb.net\/#\/schema\/logo\/image\/\",\"url\":\"https:\/\/barreiroweb.net\/wp-content\/uploads\/2022\/05\/BarreiroWeb555.jpg\",\"contentUrl\":\"https:\/\/barreiroweb.net\/wp-content\/uploads\/2022\/05\/BarreiroWeb555.jpg\",\"width\":421,\"height\":415,\"caption\":\"barreiroweb\"},\"image\":{\"@id\":\"https:\/\/arquivo.barreiroweb.net\/#\/schema\/logo\/image\/\"},\"sameAs\":[\"https:\/\/www.facebook.com\/barreiroweb\",\"https:\/\/x.com\/barreiroweb\"]},{\"@type\":\"Person\",\"@id\":\"https:\/\/arquivo.barreiroweb.net\/#\/schema\/person\/44b6d528aff975e3786c9f475f9df2dd\",\"name\":\"barreiroweb\",\"image\":{\"@type\":\"ImageObject\",\"inLanguage\":\"pt-PT\",\"@id\":\"https:\/\/arquivo.barreiroweb.net\/#\/schema\/person\/image\/\",\"url\":\"https:\/\/secure.gravatar.com\/avatar\/1f764b917967430404ff0b452044eb63a25d64a5363b25be2aa42273930f477d?s=96&d=mm&r=g\",\"contentUrl\":\"https:\/\/secure.gravatar.com\/avatar\/1f764b917967430404ff0b452044eb63a25d64a5363b25be2aa42273930f477d?s=96&d=mm&r=g\",\"caption\":\"barreiroweb\"},\"url\":\"https:\/\/arquivo.barreiroweb.net\/?author=1\"}]}<\/script>\n<!-- \/ Yoast SEO plugin. -->","yoast_head_json":{"title":"Varino \u201cO Boa Viagem\u201d volta ao Tejo - barreiroweb","robots":{"index":"index","follow":"follow","max-snippet":"max-snippet:-1","max-image-preview":"max-image-preview:large","max-video-preview":"max-video-preview:-1"},"canonical":"https:\/\/arquivo.barreiroweb.net\/?p=13296","og_locale":"pt_PT","og_type":"article","og_title":"Varino \u201cO Boa Viagem\u201d volta ao Tejo - barreiroweb","og_description":"In\u00edcio da \u00e9poca de passeios fluviais \u00c9 j\u00e1 no dia 9 de maio que se inicia a \u00e9poca fluvial do varino municipal \u201cO Boa Viagem\u201d. At\u00e9 outubro, \u201cO Boa Viagem\u201d promete experi\u00eancias memor\u00e1veis aos muitos visitantes que o procuram, quer individualmente, quer em grupo, em passeios de tr\u00eas horas ou de dia inteiro. Neste m\u00eas [&hellip;]","og_url":"https:\/\/arquivo.barreiroweb.net\/?p=13296","og_site_name":"barreiroweb","article_publisher":"https:\/\/www.facebook.com\/barreiroweb","article_published_time":"2015-05-07T21:39:02+00:00","og_image":[{"width":640,"height":427,"url":"https:\/\/arquivo.barreiroweb.net\/wp-content\/uploads\/2015\/05\/Passeios-no-varino.jpg","type":"image\/jpeg"}],"author":"barreiroweb","twitter_card":"summary_large_image","twitter_creator":"@barreiroweb","twitter_site":"@barreiroweb","twitter_misc":{"Escrito por":"barreiroweb","Tempo estimado de leitura":"1 minuto"},"schema":{"@context":"https:\/\/schema.org","@graph":[{"@type":"Article","@id":"https:\/\/arquivo.barreiroweb.net\/?p=13296#article","isPartOf":{"@id":"https:\/\/arquivo.barreiroweb.net\/?p=13296"},"author":{"name":"barreiroweb","@id":"https:\/\/arquivo.barreiroweb.net\/#\/schema\/person\/44b6d528aff975e3786c9f475f9df2dd"},"headline":"Varino \u201cO Boa Viagem\u201d volta ao Tejo","datePublished":"2015-05-07T21:39:02+00:00","mainEntityOfPage":{"@id":"https:\/\/arquivo.barreiroweb.net\/?p=13296"},"wordCount":283,"commentCount":0,"publisher":{"@id":"https:\/\/arquivo.barreiroweb.net\/#organization"},"image":{"@id":"https:\/\/arquivo.barreiroweb.net\/?p=13296#primaryimage"},"thumbnailUrl":"https:\/\/arquivo.barreiroweb.net\/wp-content\/uploads\/2015\/05\/Passeios-no-varino.jpg","keywords":["moita","passeios fluviais"],"articleSection":["Passeios"],"inLanguage":"pt-PT","potentialAction":[{"@type":"CommentAction","name":"Comment","target":["https:\/\/arquivo.barreiroweb.net\/?p=13296#respond"]}]},{"@type":"WebPage","@id":"https:\/\/arquivo.barreiroweb.net\/?p=13296","url":"https:\/\/arquivo.barreiroweb.net\/?p=13296","name":"Varino \u201cO Boa Viagem\u201d volta ao Tejo - barreiroweb","isPartOf":{"@id":"https:\/\/arquivo.barreiroweb.net\/#website"},"primaryImageOfPage":{"@id":"https:\/\/arquivo.barreiroweb.net\/?p=13296#primaryimage"},"image":{"@id":"https:\/\/arquivo.barreiroweb.net\/?p=13296#primaryimage"},"thumbnailUrl":"https:\/\/arquivo.barreiroweb.net\/wp-content\/uploads\/2015\/05\/Passeios-no-varino.jpg","datePublished":"2015-05-07T21:39:02+00:00","breadcrumb":{"@id":"https:\/\/arquivo.barreiroweb.net\/?p=13296#breadcrumb"},"inLanguage":"pt-PT","potentialAction":[{"@type":"ReadAction","target":["https:\/\/arquivo.barreiroweb.net\/?p=13296"]}]},{"@type":"ImageObject","inLanguage":"pt-PT","@id":"https:\/\/arquivo.barreiroweb.net\/?p=13296#primaryimage","url":"https:\/\/arquivo.barreiroweb.net\/wp-content\/uploads\/2015\/05\/Passeios-no-varino.jpg","contentUrl":"https:\/\/arquivo.barreiroweb.net\/wp-content\/uploads\/2015\/05\/Passeios-no-varino.jpg","width":640,"height":427},{"@type":"BreadcrumbList","@id":"https:\/\/arquivo.barreiroweb.net\/?p=13296#breadcrumb","itemListElement":[{"@type":"ListItem","position":1,"name":"In\u00edcio","item":"https:\/\/arquivo.barreiroweb.net\/"},{"@type":"ListItem","position":2,"name":"Varino \u201cO Boa Viagem\u201d volta ao Tejo"}]},{"@type":"WebSite","@id":"https:\/\/arquivo.barreiroweb.net\/#website","url":"https:\/\/arquivo.barreiroweb.net\/","name":"barreiroweb","description":"Barreiroweb o barreiro na web","publisher":{"@id":"https:\/\/arquivo.barreiroweb.net\/#organization"},"potentialAction":[{"@type":"SearchAction","target":{"@type":"EntryPoint","urlTemplate":"https:\/\/arquivo.barreiroweb.net\/?s={search_term_string}"},"query-input":{"@type":"PropertyValueSpecification","valueRequired":true,"valueName":"search_term_string"}}],"inLanguage":"pt-PT"},{"@type":"Organization","@id":"https:\/\/arquivo.barreiroweb.net\/#organization","name":"barreiroweb","url":"https:\/\/arquivo.barreiroweb.net\/","logo":{"@type":"ImageObject","inLanguage":"pt-PT","@id":"https:\/\/arquivo.barreiroweb.net\/#\/schema\/logo\/image\/","url":"https:\/\/barreiroweb.net\/wp-content\/uploads\/2022\/05\/BarreiroWeb555.jpg","contentUrl":"https:\/\/barreiroweb.net\/wp-content\/uploads\/2022\/05\/BarreiroWeb555.jpg","width":421,"height":415,"caption":"barreiroweb"},"image":{"@id":"https:\/\/arquivo.barreiroweb.net\/#\/schema\/logo\/image\/"},"sameAs":["https:\/\/www.facebook.com\/barreiroweb","https:\/\/x.com\/barreiroweb"]},{"@type":"Person","@id":"https:\/\/arquivo.barreiroweb.net\/#\/schema\/person\/44b6d528aff975e3786c9f475f9df2dd","name":"barreiroweb","image":{"@type":"ImageObject","inLanguage":"pt-PT","@id":"https:\/\/arquivo.barreiroweb.net\/#\/schema\/person\/image\/","url":"https:\/\/secure.gravatar.com\/avatar\/1f764b917967430404ff0b452044eb63a25d64a5363b25be2aa42273930f477d?s=96&d=mm&r=g","contentUrl":"https:\/\/secure.gravatar.com\/avatar\/1f764b917967430404ff0b452044eb63a25d64a5363b25be2aa42273930f477d?s=96&d=mm&r=g","caption":"barreiroweb"},"url":"https:\/\/arquivo.barreiroweb.net\/?author=1"}]}},"_links":{"self":[{"href":"https:\/\/arquivo.barreiroweb.net\/index.php?rest_route=\/wp\/v2\/posts\/13296","targetHints":{"allow":["GET"]}}],"collection":[{"href":"https:\/\/arquivo.barreiroweb.net\/index.php?rest_route=\/wp\/v2\/posts"}],"about":[{"href":"https:\/\/arquivo.barreiroweb.net\/index.php?rest_route=\/wp\/v2\/types\/post"}],"author":[{"embeddable":true,"href":"https:\/\/arquivo.barreiroweb.net\/index.php?rest_route=\/wp\/v2\/users\/1"}],"replies":[{"embeddable":true,"href":"https:\/\/arquivo.barreiroweb.net\/index.php?rest_route=%2Fwp%2Fv2%2Fcomments&post=13296"}],"version-history":[{"count":1,"href":"https:\/\/arquivo.barreiroweb.net\/index.php?rest_route=\/wp\/v2\/posts\/13296\/revisions"}],"predecessor-version":[{"id":13298,"href":"https:\/\/arquivo.barreiroweb.net\/index.php?rest_route=\/wp\/v2\/posts\/13296\/revisions\/13298"}],"wp:featuredmedia":[{"embeddable":true,"href":"https:\/\/arquivo.barreiroweb.net\/index.php?rest_route=\/wp\/v2\/media\/13297"}],"wp:attachment":[{"href":"https:\/\/arquivo.barreiroweb.net\/index.php?rest_route=%2Fwp%2Fv2%2Fmedia&parent=13296"}],"wp:term":[{"taxonomy":"category","embeddable":true,"href":"https:\/\/arquivo.barreiroweb.net\/index.php?rest_route=%2Fwp%2Fv2%2Fcategories&post=13296"},{"taxonomy":"post_tag","embeddable":true,"href":"https:\/\/arquivo.barreiroweb.net\/index.php?rest_route=%2Fwp%2Fv2%2Ftags&post=13296"}],"curies":[{"name":"wp","href":"https:\/\/api.w.org\/{rel}","templated":true}]}}