{"id":13125,"date":"2015-04-11T21:44:11","date_gmt":"2015-04-11T20:44:11","guid":{"rendered":"http:\/\/barreiroweb.eu\/?p=13125"},"modified":"2015-04-11T21:44:11","modified_gmt":"2015-04-11T20:44:11","slug":"fungaguinhos-musica-de-jose-barata-moura-no-palco-do-forum-cultural","status":"publish","type":"post","link":"https:\/\/arquivo.barreiroweb.net\/?p=13125","title":{"rendered":"\u201cFungaguinhos\u201d \u2013 M\u00fasica de Jos\u00e9 Barata Moura no palco do F\u00f3rum Cultural"},"content":{"rendered":"<p><strong><a href=\"http:\/\/barreiroweb.eu\/wp-content\/uploads\/2015\/04\/Fungaguinhos.jpg\" rel=\"lightbox[13125]\"><img loading=\"lazy\" decoding=\"async\" class=\"alignleft size-medium wp-image-13126\" src=\"http:\/\/barreiroweb.eu\/wp-content\/uploads\/2015\/04\/Fungaguinhos-300x201.jpg\" alt=\"Fungaguinhos\" width=\"300\" height=\"201\" srcset=\"https:\/\/arquivo.barreiroweb.net\/wp-content\/uploads\/2015\/04\/Fungaguinhos-300x201.jpg 300w, https:\/\/arquivo.barreiroweb.net\/wp-content\/uploads\/2015\/04\/Fungaguinhos-500x335.jpg 500w, https:\/\/arquivo.barreiroweb.net\/wp-content\/uploads\/2015\/04\/Fungaguinhos.jpg 640w\" sizes=\"auto, (max-width: 300px) 100vw, 300px\" \/><\/a>Baixa da Banheira<\/strong><\/p>\n<p style=\"text-align: justify;\">A C\u00e2mara Municipal da Moita vai levar, no dia 18 de abril, pelas 16:00h ao F\u00f3rum Cultural Jos\u00e9 Manuel Figueiredo, na Baixa da Banheira, a m\u00fasica de Jos\u00e9 Barata Moura para a inf\u00e2ncia, com o espet\u00e1culo \u201cFungaguinhos\u201d.<\/p>\n<p style=\"text-align: justify;\"><strong>Sinopse:<\/strong><\/p>\n<p style=\"text-align: justify;\">Crescer com o Jos\u00e9 Barata Moura foi um privil\u00e9gio e ouvi-lo e partilh\u00e1-lo hoje faz tanto sentido como sempre fez: as hist\u00f3rias, as met\u00e1foras, a filosofia, o balan\u00e7o, as vozes das crian\u00e7as nem sempre disciplinadas no est\u00fadio. Numa hora, n\u00e3o conseguimos que entrem todos na lagarta e tanto pod\u00edamos fazer uma lista das que ficam de fora como das que vamos conseguir tocar. Mas a beleza das lagartas \u00e9 que nunca est\u00e3o terminadas e esta \u00e9 uma lagarta em movimento: cabem os que foram o primeiro p\u00fablico e que se v\u00e3o recordar das can\u00e7\u00f5es e cabem os atuais destinat\u00e1rios delas, que n\u00e3o v\u00e3o querer esquecer. Venham fazer esta lagarta!<\/p>\n<p style=\"text-align: justify;\">\u201cFungaguinhos\u201d \u00e9 um espet\u00e1culo dirigido \u00e0s fam\u00edlias, com crian\u00e7as a partir dos 4 anos e tem a dura\u00e7\u00e3o de cerca de 60 minutos.<\/p>\n<p style=\"text-align: justify;\">A entrada \u00e9 gratuita.<\/p>\n<p style=\"text-align: justify;\">fonte:CMM<\/p>\n","protected":false},"excerpt":{"rendered":"<p>Baixa da Banheira A C\u00e2mara Municipal da Moita vai levar, no dia 18 de abril, pelas 16:00h ao F\u00f3rum Cultural Jos\u00e9 Manuel Figueiredo, na Baixa da Banheira, a m\u00fasica de Jos\u00e9 Barata Moura para a inf\u00e2ncia, com o espet\u00e1culo \u201cFungaguinhos\u201d. Sinopse: Crescer com o Jos\u00e9 Barata Moura foi um privil\u00e9gio e ouvi-lo e partilh\u00e1-lo hoje [&hellip;]<\/p>\n","protected":false},"author":1,"featured_media":13126,"comment_status":"open","ping_status":"open","sticky":false,"template":"","format":"standard","meta":{"footnotes":""},"categories":[634],"tags":[649,37,155],"class_list":["post-13125","post","type-post","status-publish","format-standard","has-post-thumbnail","hentry","category-miudos","tag-miudos","tag-moita","tag-musica-2","last_archivepost"],"yoast_head":"<!-- This site is optimized with the Yoast SEO plugin v27.1.1 - https:\/\/yoast.com\/product\/yoast-seo-wordpress\/ -->\n<title>\u201cFungaguinhos\u201d \u2013 M\u00fasica de Jos\u00e9 Barata Moura no palco do F\u00f3rum Cultural - barreiroweb<\/title>\n<meta name=\"robots\" content=\"index, follow, max-snippet:-1, max-image-preview:large, max-video-preview:-1\" \/>\n<link rel=\"canonical\" href=\"https:\/\/arquivo.barreiroweb.net\/?p=13125\" \/>\n<meta property=\"og:locale\" content=\"pt_PT\" \/>\n<meta property=\"og:type\" content=\"article\" \/>\n<meta property=\"og:title\" content=\"\u201cFungaguinhos\u201d \u2013 M\u00fasica de Jos\u00e9 Barata Moura no palco do F\u00f3rum Cultural - barreiroweb\" \/>\n<meta property=\"og:description\" content=\"Baixa da Banheira A C\u00e2mara Municipal da Moita vai levar, no dia 18 de abril, pelas 16:00h ao F\u00f3rum Cultural Jos\u00e9 Manuel Figueiredo, na Baixa da Banheira, a m\u00fasica de Jos\u00e9 Barata Moura para a inf\u00e2ncia, com o espet\u00e1culo \u201cFungaguinhos\u201d. Sinopse: Crescer com o Jos\u00e9 Barata Moura foi um privil\u00e9gio e ouvi-lo e partilh\u00e1-lo hoje [&hellip;]\" \/>\n<meta property=\"og:url\" content=\"https:\/\/arquivo.barreiroweb.net\/?p=13125\" \/>\n<meta property=\"og:site_name\" content=\"barreiroweb\" \/>\n<meta property=\"article:publisher\" content=\"https:\/\/www.facebook.com\/barreiroweb\" \/>\n<meta property=\"article:published_time\" content=\"2015-04-11T20:44:11+00:00\" \/>\n<meta property=\"og:image\" content=\"https:\/\/arquivo.barreiroweb.net\/wp-content\/uploads\/2015\/04\/Fungaguinhos.jpg\" \/>\n\t<meta property=\"og:image:width\" content=\"640\" \/>\n\t<meta property=\"og:image:height\" content=\"429\" \/>\n\t<meta property=\"og:image:type\" content=\"image\/jpeg\" \/>\n<meta name=\"author\" content=\"barreiroweb\" \/>\n<meta name=\"twitter:card\" content=\"summary_large_image\" \/>\n<meta name=\"twitter:creator\" content=\"@barreiroweb\" \/>\n<meta name=\"twitter:site\" content=\"@barreiroweb\" \/>\n<meta name=\"twitter:label1\" content=\"Escrito por\" \/>\n\t<meta name=\"twitter:data1\" content=\"barreiroweb\" \/>\n\t<meta name=\"twitter:label2\" content=\"Tempo estimado de leitura\" \/>\n\t<meta name=\"twitter:data2\" content=\"1 minuto\" \/>\n<script type=\"application\/ld+json\" class=\"yoast-schema-graph\">{\"@context\":\"https:\/\/schema.org\",\"@graph\":[{\"@type\":\"Article\",\"@id\":\"https:\/\/arquivo.barreiroweb.net\/?p=13125#article\",\"isPartOf\":{\"@id\":\"https:\/\/arquivo.barreiroweb.net\/?p=13125\"},\"author\":{\"name\":\"barreiroweb\",\"@id\":\"https:\/\/arquivo.barreiroweb.net\/#\/schema\/person\/44b6d528aff975e3786c9f475f9df2dd\"},\"headline\":\"\u201cFungaguinhos\u201d \u2013 M\u00fasica de Jos\u00e9 Barata Moura no palco do F\u00f3rum Cultural\",\"datePublished\":\"2015-04-11T20:44:11+00:00\",\"mainEntityOfPage\":{\"@id\":\"https:\/\/arquivo.barreiroweb.net\/?p=13125\"},\"wordCount\":210,\"commentCount\":0,\"publisher\":{\"@id\":\"https:\/\/arquivo.barreiroweb.net\/#organization\"},\"image\":{\"@id\":\"https:\/\/arquivo.barreiroweb.net\/?p=13125#primaryimage\"},\"thumbnailUrl\":\"https:\/\/arquivo.barreiroweb.net\/wp-content\/uploads\/2015\/04\/Fungaguinhos.jpg\",\"keywords\":[\"miudos\",\"moita\",\"musica\"],\"articleSection\":[\"Miudos\"],\"inLanguage\":\"pt-PT\",\"potentialAction\":[{\"@type\":\"CommentAction\",\"name\":\"Comment\",\"target\":[\"https:\/\/arquivo.barreiroweb.net\/?p=13125#respond\"]}]},{\"@type\":\"WebPage\",\"@id\":\"https:\/\/arquivo.barreiroweb.net\/?p=13125\",\"url\":\"https:\/\/arquivo.barreiroweb.net\/?p=13125\",\"name\":\"\u201cFungaguinhos\u201d \u2013 M\u00fasica de Jos\u00e9 Barata Moura no palco do F\u00f3rum Cultural - barreiroweb\",\"isPartOf\":{\"@id\":\"https:\/\/arquivo.barreiroweb.net\/#website\"},\"primaryImageOfPage\":{\"@id\":\"https:\/\/arquivo.barreiroweb.net\/?p=13125#primaryimage\"},\"image\":{\"@id\":\"https:\/\/arquivo.barreiroweb.net\/?p=13125#primaryimage\"},\"thumbnailUrl\":\"https:\/\/arquivo.barreiroweb.net\/wp-content\/uploads\/2015\/04\/Fungaguinhos.jpg\",\"datePublished\":\"2015-04-11T20:44:11+00:00\",\"breadcrumb\":{\"@id\":\"https:\/\/arquivo.barreiroweb.net\/?p=13125#breadcrumb\"},\"inLanguage\":\"pt-PT\",\"potentialAction\":[{\"@type\":\"ReadAction\",\"target\":[\"https:\/\/arquivo.barreiroweb.net\/?p=13125\"]}]},{\"@type\":\"ImageObject\",\"inLanguage\":\"pt-PT\",\"@id\":\"https:\/\/arquivo.barreiroweb.net\/?p=13125#primaryimage\",\"url\":\"https:\/\/arquivo.barreiroweb.net\/wp-content\/uploads\/2015\/04\/Fungaguinhos.jpg\",\"contentUrl\":\"https:\/\/arquivo.barreiroweb.net\/wp-content\/uploads\/2015\/04\/Fungaguinhos.jpg\",\"width\":640,\"height\":429},{\"@type\":\"BreadcrumbList\",\"@id\":\"https:\/\/arquivo.barreiroweb.net\/?p=13125#breadcrumb\",\"itemListElement\":[{\"@type\":\"ListItem\",\"position\":1,\"name\":\"In\u00edcio\",\"item\":\"https:\/\/arquivo.barreiroweb.net\/\"},{\"@type\":\"ListItem\",\"position\":2,\"name\":\"\u201cFungaguinhos\u201d \u2013 M\u00fasica de Jos\u00e9 Barata Moura no palco do F\u00f3rum Cultural\"}]},{\"@type\":\"WebSite\",\"@id\":\"https:\/\/arquivo.barreiroweb.net\/#website\",\"url\":\"https:\/\/arquivo.barreiroweb.net\/\",\"name\":\"barreiroweb\",\"description\":\"Barreiroweb o barreiro na web\",\"publisher\":{\"@id\":\"https:\/\/arquivo.barreiroweb.net\/#organization\"},\"potentialAction\":[{\"@type\":\"SearchAction\",\"target\":{\"@type\":\"EntryPoint\",\"urlTemplate\":\"https:\/\/arquivo.barreiroweb.net\/?s={search_term_string}\"},\"query-input\":{\"@type\":\"PropertyValueSpecification\",\"valueRequired\":true,\"valueName\":\"search_term_string\"}}],\"inLanguage\":\"pt-PT\"},{\"@type\":\"Organization\",\"@id\":\"https:\/\/arquivo.barreiroweb.net\/#organization\",\"name\":\"barreiroweb\",\"url\":\"https:\/\/arquivo.barreiroweb.net\/\",\"logo\":{\"@type\":\"ImageObject\",\"inLanguage\":\"pt-PT\",\"@id\":\"https:\/\/arquivo.barreiroweb.net\/#\/schema\/logo\/image\/\",\"url\":\"https:\/\/barreiroweb.net\/wp-content\/uploads\/2022\/05\/BarreiroWeb555.jpg\",\"contentUrl\":\"https:\/\/barreiroweb.net\/wp-content\/uploads\/2022\/05\/BarreiroWeb555.jpg\",\"width\":421,\"height\":415,\"caption\":\"barreiroweb\"},\"image\":{\"@id\":\"https:\/\/arquivo.barreiroweb.net\/#\/schema\/logo\/image\/\"},\"sameAs\":[\"https:\/\/www.facebook.com\/barreiroweb\",\"https:\/\/x.com\/barreiroweb\"]},{\"@type\":\"Person\",\"@id\":\"https:\/\/arquivo.barreiroweb.net\/#\/schema\/person\/44b6d528aff975e3786c9f475f9df2dd\",\"name\":\"barreiroweb\",\"image\":{\"@type\":\"ImageObject\",\"inLanguage\":\"pt-PT\",\"@id\":\"https:\/\/arquivo.barreiroweb.net\/#\/schema\/person\/image\/\",\"url\":\"https:\/\/secure.gravatar.com\/avatar\/1f764b917967430404ff0b452044eb63a25d64a5363b25be2aa42273930f477d?s=96&d=mm&r=g\",\"contentUrl\":\"https:\/\/secure.gravatar.com\/avatar\/1f764b917967430404ff0b452044eb63a25d64a5363b25be2aa42273930f477d?s=96&d=mm&r=g\",\"caption\":\"barreiroweb\"},\"url\":\"https:\/\/arquivo.barreiroweb.net\/?author=1\"}]}<\/script>\n<!-- \/ Yoast SEO plugin. -->","yoast_head_json":{"title":"\u201cFungaguinhos\u201d \u2013 M\u00fasica de Jos\u00e9 Barata Moura no palco do F\u00f3rum Cultural - barreiroweb","robots":{"index":"index","follow":"follow","max-snippet":"max-snippet:-1","max-image-preview":"max-image-preview:large","max-video-preview":"max-video-preview:-1"},"canonical":"https:\/\/arquivo.barreiroweb.net\/?p=13125","og_locale":"pt_PT","og_type":"article","og_title":"\u201cFungaguinhos\u201d \u2013 M\u00fasica de Jos\u00e9 Barata Moura no palco do F\u00f3rum Cultural - barreiroweb","og_description":"Baixa da Banheira A C\u00e2mara Municipal da Moita vai levar, no dia 18 de abril, pelas 16:00h ao F\u00f3rum Cultural Jos\u00e9 Manuel Figueiredo, na Baixa da Banheira, a m\u00fasica de Jos\u00e9 Barata Moura para a inf\u00e2ncia, com o espet\u00e1culo \u201cFungaguinhos\u201d. Sinopse: Crescer com o Jos\u00e9 Barata Moura foi um privil\u00e9gio e ouvi-lo e partilh\u00e1-lo hoje [&hellip;]","og_url":"https:\/\/arquivo.barreiroweb.net\/?p=13125","og_site_name":"barreiroweb","article_publisher":"https:\/\/www.facebook.com\/barreiroweb","article_published_time":"2015-04-11T20:44:11+00:00","og_image":[{"width":640,"height":429,"url":"https:\/\/arquivo.barreiroweb.net\/wp-content\/uploads\/2015\/04\/Fungaguinhos.jpg","type":"image\/jpeg"}],"author":"barreiroweb","twitter_card":"summary_large_image","twitter_creator":"@barreiroweb","twitter_site":"@barreiroweb","twitter_misc":{"Escrito por":"barreiroweb","Tempo estimado de leitura":"1 minuto"},"schema":{"@context":"https:\/\/schema.org","@graph":[{"@type":"Article","@id":"https:\/\/arquivo.barreiroweb.net\/?p=13125#article","isPartOf":{"@id":"https:\/\/arquivo.barreiroweb.net\/?p=13125"},"author":{"name":"barreiroweb","@id":"https:\/\/arquivo.barreiroweb.net\/#\/schema\/person\/44b6d528aff975e3786c9f475f9df2dd"},"headline":"\u201cFungaguinhos\u201d \u2013 M\u00fasica de Jos\u00e9 Barata Moura no palco do F\u00f3rum Cultural","datePublished":"2015-04-11T20:44:11+00:00","mainEntityOfPage":{"@id":"https:\/\/arquivo.barreiroweb.net\/?p=13125"},"wordCount":210,"commentCount":0,"publisher":{"@id":"https:\/\/arquivo.barreiroweb.net\/#organization"},"image":{"@id":"https:\/\/arquivo.barreiroweb.net\/?p=13125#primaryimage"},"thumbnailUrl":"https:\/\/arquivo.barreiroweb.net\/wp-content\/uploads\/2015\/04\/Fungaguinhos.jpg","keywords":["miudos","moita","musica"],"articleSection":["Miudos"],"inLanguage":"pt-PT","potentialAction":[{"@type":"CommentAction","name":"Comment","target":["https:\/\/arquivo.barreiroweb.net\/?p=13125#respond"]}]},{"@type":"WebPage","@id":"https:\/\/arquivo.barreiroweb.net\/?p=13125","url":"https:\/\/arquivo.barreiroweb.net\/?p=13125","name":"\u201cFungaguinhos\u201d \u2013 M\u00fasica de Jos\u00e9 Barata Moura no palco do F\u00f3rum Cultural - barreiroweb","isPartOf":{"@id":"https:\/\/arquivo.barreiroweb.net\/#website"},"primaryImageOfPage":{"@id":"https:\/\/arquivo.barreiroweb.net\/?p=13125#primaryimage"},"image":{"@id":"https:\/\/arquivo.barreiroweb.net\/?p=13125#primaryimage"},"thumbnailUrl":"https:\/\/arquivo.barreiroweb.net\/wp-content\/uploads\/2015\/04\/Fungaguinhos.jpg","datePublished":"2015-04-11T20:44:11+00:00","breadcrumb":{"@id":"https:\/\/arquivo.barreiroweb.net\/?p=13125#breadcrumb"},"inLanguage":"pt-PT","potentialAction":[{"@type":"ReadAction","target":["https:\/\/arquivo.barreiroweb.net\/?p=13125"]}]},{"@type":"ImageObject","inLanguage":"pt-PT","@id":"https:\/\/arquivo.barreiroweb.net\/?p=13125#primaryimage","url":"https:\/\/arquivo.barreiroweb.net\/wp-content\/uploads\/2015\/04\/Fungaguinhos.jpg","contentUrl":"https:\/\/arquivo.barreiroweb.net\/wp-content\/uploads\/2015\/04\/Fungaguinhos.jpg","width":640,"height":429},{"@type":"BreadcrumbList","@id":"https:\/\/arquivo.barreiroweb.net\/?p=13125#breadcrumb","itemListElement":[{"@type":"ListItem","position":1,"name":"In\u00edcio","item":"https:\/\/arquivo.barreiroweb.net\/"},{"@type":"ListItem","position":2,"name":"\u201cFungaguinhos\u201d \u2013 M\u00fasica de Jos\u00e9 Barata Moura no palco do F\u00f3rum Cultural"}]},{"@type":"WebSite","@id":"https:\/\/arquivo.barreiroweb.net\/#website","url":"https:\/\/arquivo.barreiroweb.net\/","name":"barreiroweb","description":"Barreiroweb o barreiro na web","publisher":{"@id":"https:\/\/arquivo.barreiroweb.net\/#organization"},"potentialAction":[{"@type":"SearchAction","target":{"@type":"EntryPoint","urlTemplate":"https:\/\/arquivo.barreiroweb.net\/?s={search_term_string}"},"query-input":{"@type":"PropertyValueSpecification","valueRequired":true,"valueName":"search_term_string"}}],"inLanguage":"pt-PT"},{"@type":"Organization","@id":"https:\/\/arquivo.barreiroweb.net\/#organization","name":"barreiroweb","url":"https:\/\/arquivo.barreiroweb.net\/","logo":{"@type":"ImageObject","inLanguage":"pt-PT","@id":"https:\/\/arquivo.barreiroweb.net\/#\/schema\/logo\/image\/","url":"https:\/\/barreiroweb.net\/wp-content\/uploads\/2022\/05\/BarreiroWeb555.jpg","contentUrl":"https:\/\/barreiroweb.net\/wp-content\/uploads\/2022\/05\/BarreiroWeb555.jpg","width":421,"height":415,"caption":"barreiroweb"},"image":{"@id":"https:\/\/arquivo.barreiroweb.net\/#\/schema\/logo\/image\/"},"sameAs":["https:\/\/www.facebook.com\/barreiroweb","https:\/\/x.com\/barreiroweb"]},{"@type":"Person","@id":"https:\/\/arquivo.barreiroweb.net\/#\/schema\/person\/44b6d528aff975e3786c9f475f9df2dd","name":"barreiroweb","image":{"@type":"ImageObject","inLanguage":"pt-PT","@id":"https:\/\/arquivo.barreiroweb.net\/#\/schema\/person\/image\/","url":"https:\/\/secure.gravatar.com\/avatar\/1f764b917967430404ff0b452044eb63a25d64a5363b25be2aa42273930f477d?s=96&d=mm&r=g","contentUrl":"https:\/\/secure.gravatar.com\/avatar\/1f764b917967430404ff0b452044eb63a25d64a5363b25be2aa42273930f477d?s=96&d=mm&r=g","caption":"barreiroweb"},"url":"https:\/\/arquivo.barreiroweb.net\/?author=1"}]}},"_links":{"self":[{"href":"https:\/\/arquivo.barreiroweb.net\/index.php?rest_route=\/wp\/v2\/posts\/13125","targetHints":{"allow":["GET"]}}],"collection":[{"href":"https:\/\/arquivo.barreiroweb.net\/index.php?rest_route=\/wp\/v2\/posts"}],"about":[{"href":"https:\/\/arquivo.barreiroweb.net\/index.php?rest_route=\/wp\/v2\/types\/post"}],"author":[{"embeddable":true,"href":"https:\/\/arquivo.barreiroweb.net\/index.php?rest_route=\/wp\/v2\/users\/1"}],"replies":[{"embeddable":true,"href":"https:\/\/arquivo.barreiroweb.net\/index.php?rest_route=%2Fwp%2Fv2%2Fcomments&post=13125"}],"version-history":[{"count":1,"href":"https:\/\/arquivo.barreiroweb.net\/index.php?rest_route=\/wp\/v2\/posts\/13125\/revisions"}],"predecessor-version":[{"id":13127,"href":"https:\/\/arquivo.barreiroweb.net\/index.php?rest_route=\/wp\/v2\/posts\/13125\/revisions\/13127"}],"wp:featuredmedia":[{"embeddable":true,"href":"https:\/\/arquivo.barreiroweb.net\/index.php?rest_route=\/wp\/v2\/media\/13126"}],"wp:attachment":[{"href":"https:\/\/arquivo.barreiroweb.net\/index.php?rest_route=%2Fwp%2Fv2%2Fmedia&parent=13125"}],"wp:term":[{"taxonomy":"category","embeddable":true,"href":"https:\/\/arquivo.barreiroweb.net\/index.php?rest_route=%2Fwp%2Fv2%2Fcategories&post=13125"},{"taxonomy":"post_tag","embeddable":true,"href":"https:\/\/arquivo.barreiroweb.net\/index.php?rest_route=%2Fwp%2Fv2%2Ftags&post=13125"}],"curies":[{"name":"wp","href":"https:\/\/api.w.org\/{rel}","templated":true}]}}