{"id":13122,"date":"2015-04-11T21:41:57","date_gmt":"2015-04-11T20:41:57","guid":{"rendered":"http:\/\/barreiroweb.eu\/?p=13122"},"modified":"2015-04-11T21:41:57","modified_gmt":"2015-04-11T20:41:57","slug":"apresentacao-do-livro-alforge-de-herancas-na-baixa-da-banheira","status":"publish","type":"post","link":"https:\/\/arquivo.barreiroweb.net\/?p=13122","title":{"rendered":"Apresenta\u00e7\u00e3o do livro \u201cAlforge de Heran\u00e7as\u201d na Baixa da Banheira"},"content":{"rendered":"<p><strong><a href=\"http:\/\/barreiroweb.eu\/wp-content\/uploads\/2015\/04\/Livro-Alforges-de-heran\u00c3\u00a7as-psd.jpg\" rel=\"lightbox[13122]\"><img loading=\"lazy\" decoding=\"async\" class=\"alignleft size-medium wp-image-13123\" src=\"http:\/\/barreiroweb.eu\/wp-content\/uploads\/2015\/04\/Livro-Alforges-de-heran\u00c3\u00a7as-psd-209x300.jpg\" alt=\"Livro  Alforges de heran\u00c3\u00a7as-psd\" width=\"209\" height=\"300\" srcset=\"https:\/\/arquivo.barreiroweb.net\/wp-content\/uploads\/2015\/04\/Livro-Alforges-de-heran\u00c3\u00a7as-psd-209x300.jpg 209w, https:\/\/arquivo.barreiroweb.net\/wp-content\/uploads\/2015\/04\/Livro-Alforges-de-heran\u00c3\u00a7as-psd-348x500.jpg 348w, https:\/\/arquivo.barreiroweb.net\/wp-content\/uploads\/2015\/04\/Livro-Alforges-de-heran\u00c3\u00a7as-psd.jpg 446w\" sizes=\"auto, (max-width: 209px) 100vw, 209px\" \/><\/a>Com cante alentejano e declama\u00e7\u00e3o de poesia<\/strong><\/p>\n<p style=\"text-align: justify;\">No dia 17 de abril, pelas 21:30h, vai ser apresentado, no Caf\u00e9-Concerto do F\u00f3rum Cultural Jos\u00e9 Manuel Figueiredo, na Baixa da Banheira, o livro \u201cAlforge de Heran\u00e7as\u201d, de Fernando Fitas, com ilustra\u00e7\u00f5es de Ant\u00f3nio Jeromito e pref\u00e1cio de Jos\u00e9 Carmo Francisco.<\/p>\n<p style=\"text-align: justify;\">Esta iniciativa, que se insere nas comemora\u00e7\u00f5es do 10\u00ba anivers\u00e1rio da Biblioteca Municipal da Baixa da Banheira, vai contar com a participa\u00e7\u00e3o do Grupo Coral \u201cO Sobreiro\u201d, do ator Jos\u00e9 Vale e tamb\u00e9m do escritor E. S. Tagino.<\/p>\n<p style=\"text-align: justify;\">O livro \u201cAlforge de Heran\u00e7as\u201d tem como pano de fundo as expetativas e sonhos de uma gera\u00e7\u00e3o que acreditou ser poss\u00edvel erguer um futuro que sup\u00fanhamos ro\u00e7ar a bainha dos dedos, \u00e0 espera que o agarr\u00e1ssemos, mas que trai\u00e7oeiramente deix\u00e1mos que se fosse afastando do nosso horizonte, por inaptid\u00e3o ou ingenuidade. Organizado em duas partes, o livro evoca, na primeira parte, a \u201cconstru\u00e7\u00e3o da casa\u201d, como met\u00e1fora da constru\u00e7\u00e3o de um pa\u00eds, um pouco \u00e0 imagem do imagin\u00e1rio tra\u00e7ado por Virg\u00edlio, em Eneida. A segunda parte remete-nos para a imag\u00e9tica de um tempo em que os sil\u00eancios e os gestos fraternos se transformaram em gritos de revolta dos sonhos sufocados ou, se quisermos, num reposit\u00f3rio de afetos, mem\u00f3rias, emo\u00e7\u00f5es, nostalgias e raivas, assentes na analogia pai-pa\u00eds, pa\u00eds-pai.<\/p>\n<p style=\"text-align: justify;\">A entrada \u00e9 gratuita.<\/p>\n<p><strong>\u00a0fonte:CMM<\/strong><\/p>\n","protected":false},"excerpt":{"rendered":"<p>Com cante alentejano e declama\u00e7\u00e3o de poesia No dia 17 de abril, pelas 21:30h, vai ser apresentado, no Caf\u00e9-Concerto do F\u00f3rum Cultural Jos\u00e9 Manuel Figueiredo, na Baixa da Banheira, o livro \u201cAlforge de Heran\u00e7as\u201d, de Fernando Fitas, com ilustra\u00e7\u00f5es de Ant\u00f3nio Jeromito e pref\u00e1cio de Jos\u00e9 Carmo Francisco. Esta iniciativa, que se insere nas comemora\u00e7\u00f5es [&hellip;]<\/p>\n","protected":false},"author":1,"featured_media":13123,"comment_status":"open","ping_status":"open","sticky":false,"template":"","format":"standard","meta":{"footnotes":""},"categories":[159],"tags":[161,37],"class_list":["post-13122","post","type-post","status-publish","format-standard","has-post-thumbnail","hentry","category-livros","tag-livros-2","tag-moita","last_archivepost"],"yoast_head":"<!-- This site is optimized with the Yoast SEO plugin v27.1.1 - https:\/\/yoast.com\/product\/yoast-seo-wordpress\/ -->\n<title>Apresenta\u00e7\u00e3o do livro \u201cAlforge de Heran\u00e7as\u201d na Baixa da Banheira - barreiroweb<\/title>\n<meta name=\"robots\" content=\"index, follow, max-snippet:-1, max-image-preview:large, max-video-preview:-1\" \/>\n<link rel=\"canonical\" href=\"https:\/\/arquivo.barreiroweb.net\/?p=13122\" \/>\n<meta property=\"og:locale\" content=\"pt_PT\" \/>\n<meta property=\"og:type\" content=\"article\" \/>\n<meta property=\"og:title\" content=\"Apresenta\u00e7\u00e3o do livro \u201cAlforge de Heran\u00e7as\u201d na Baixa da Banheira - barreiroweb\" \/>\n<meta property=\"og:description\" content=\"Com cante alentejano e declama\u00e7\u00e3o de poesia No dia 17 de abril, pelas 21:30h, vai ser apresentado, no Caf\u00e9-Concerto do F\u00f3rum Cultural Jos\u00e9 Manuel Figueiredo, na Baixa da Banheira, o livro \u201cAlforge de Heran\u00e7as\u201d, de Fernando Fitas, com ilustra\u00e7\u00f5es de Ant\u00f3nio Jeromito e pref\u00e1cio de Jos\u00e9 Carmo Francisco. Esta iniciativa, que se insere nas comemora\u00e7\u00f5es [&hellip;]\" \/>\n<meta property=\"og:url\" content=\"https:\/\/arquivo.barreiroweb.net\/?p=13122\" \/>\n<meta property=\"og:site_name\" content=\"barreiroweb\" \/>\n<meta property=\"article:publisher\" content=\"https:\/\/www.facebook.com\/barreiroweb\" \/>\n<meta property=\"article:published_time\" content=\"2015-04-11T20:41:57+00:00\" \/>\n<meta property=\"og:image\" content=\"https:\/\/arquivo.barreiroweb.net\/wp-content\/uploads\/2015\/04\/Livro-Alforges-de-heran\u00c3\u00a7as-psd.jpg\" \/>\n\t<meta property=\"og:image:width\" content=\"446\" \/>\n\t<meta property=\"og:image:height\" content=\"640\" \/>\n\t<meta property=\"og:image:type\" content=\"image\/jpeg\" \/>\n<meta name=\"author\" content=\"barreiroweb\" \/>\n<meta name=\"twitter:card\" content=\"summary_large_image\" \/>\n<meta name=\"twitter:creator\" content=\"@barreiroweb\" \/>\n<meta name=\"twitter:site\" content=\"@barreiroweb\" \/>\n<meta name=\"twitter:label1\" content=\"Escrito por\" \/>\n\t<meta name=\"twitter:data1\" content=\"barreiroweb\" \/>\n\t<meta name=\"twitter:label2\" content=\"Tempo estimado de leitura\" \/>\n\t<meta name=\"twitter:data2\" content=\"1 minuto\" \/>\n<script type=\"application\/ld+json\" class=\"yoast-schema-graph\">{\"@context\":\"https:\/\/schema.org\",\"@graph\":[{\"@type\":\"Article\",\"@id\":\"https:\/\/arquivo.barreiroweb.net\/?p=13122#article\",\"isPartOf\":{\"@id\":\"https:\/\/arquivo.barreiroweb.net\/?p=13122\"},\"author\":{\"name\":\"barreiroweb\",\"@id\":\"https:\/\/arquivo.barreiroweb.net\/#\/schema\/person\/44b6d528aff975e3786c9f475f9df2dd\"},\"headline\":\"Apresenta\u00e7\u00e3o do livro \u201cAlforge de Heran\u00e7as\u201d na Baixa da Banheira\",\"datePublished\":\"2015-04-11T20:41:57+00:00\",\"mainEntityOfPage\":{\"@id\":\"https:\/\/arquivo.barreiroweb.net\/?p=13122\"},\"wordCount\":260,\"commentCount\":0,\"publisher\":{\"@id\":\"https:\/\/arquivo.barreiroweb.net\/#organization\"},\"image\":{\"@id\":\"https:\/\/arquivo.barreiroweb.net\/?p=13122#primaryimage\"},\"thumbnailUrl\":\"https:\/\/arquivo.barreiroweb.net\/wp-content\/uploads\/2015\/04\/Livro-Alforges-de-heran\u00c3\u00a7as-psd.jpg\",\"keywords\":[\"livros\",\"moita\"],\"articleSection\":[\"Livros\"],\"inLanguage\":\"pt-PT\",\"potentialAction\":[{\"@type\":\"CommentAction\",\"name\":\"Comment\",\"target\":[\"https:\/\/arquivo.barreiroweb.net\/?p=13122#respond\"]}]},{\"@type\":\"WebPage\",\"@id\":\"https:\/\/arquivo.barreiroweb.net\/?p=13122\",\"url\":\"https:\/\/arquivo.barreiroweb.net\/?p=13122\",\"name\":\"Apresenta\u00e7\u00e3o do livro \u201cAlforge de Heran\u00e7as\u201d na Baixa da Banheira - barreiroweb\",\"isPartOf\":{\"@id\":\"https:\/\/arquivo.barreiroweb.net\/#website\"},\"primaryImageOfPage\":{\"@id\":\"https:\/\/arquivo.barreiroweb.net\/?p=13122#primaryimage\"},\"image\":{\"@id\":\"https:\/\/arquivo.barreiroweb.net\/?p=13122#primaryimage\"},\"thumbnailUrl\":\"https:\/\/arquivo.barreiroweb.net\/wp-content\/uploads\/2015\/04\/Livro-Alforges-de-heran\u00c3\u00a7as-psd.jpg\",\"datePublished\":\"2015-04-11T20:41:57+00:00\",\"breadcrumb\":{\"@id\":\"https:\/\/arquivo.barreiroweb.net\/?p=13122#breadcrumb\"},\"inLanguage\":\"pt-PT\",\"potentialAction\":[{\"@type\":\"ReadAction\",\"target\":[\"https:\/\/arquivo.barreiroweb.net\/?p=13122\"]}]},{\"@type\":\"ImageObject\",\"inLanguage\":\"pt-PT\",\"@id\":\"https:\/\/arquivo.barreiroweb.net\/?p=13122#primaryimage\",\"url\":\"https:\/\/arquivo.barreiroweb.net\/wp-content\/uploads\/2015\/04\/Livro-Alforges-de-heran\u00c3\u00a7as-psd.jpg\",\"contentUrl\":\"https:\/\/arquivo.barreiroweb.net\/wp-content\/uploads\/2015\/04\/Livro-Alforges-de-heran\u00c3\u00a7as-psd.jpg\",\"width\":446,\"height\":640},{\"@type\":\"BreadcrumbList\",\"@id\":\"https:\/\/arquivo.barreiroweb.net\/?p=13122#breadcrumb\",\"itemListElement\":[{\"@type\":\"ListItem\",\"position\":1,\"name\":\"In\u00edcio\",\"item\":\"https:\/\/arquivo.barreiroweb.net\/\"},{\"@type\":\"ListItem\",\"position\":2,\"name\":\"Apresenta\u00e7\u00e3o do livro \u201cAlforge de Heran\u00e7as\u201d na Baixa da Banheira\"}]},{\"@type\":\"WebSite\",\"@id\":\"https:\/\/arquivo.barreiroweb.net\/#website\",\"url\":\"https:\/\/arquivo.barreiroweb.net\/\",\"name\":\"barreiroweb\",\"description\":\"Barreiroweb o barreiro na web\",\"publisher\":{\"@id\":\"https:\/\/arquivo.barreiroweb.net\/#organization\"},\"potentialAction\":[{\"@type\":\"SearchAction\",\"target\":{\"@type\":\"EntryPoint\",\"urlTemplate\":\"https:\/\/arquivo.barreiroweb.net\/?s={search_term_string}\"},\"query-input\":{\"@type\":\"PropertyValueSpecification\",\"valueRequired\":true,\"valueName\":\"search_term_string\"}}],\"inLanguage\":\"pt-PT\"},{\"@type\":\"Organization\",\"@id\":\"https:\/\/arquivo.barreiroweb.net\/#organization\",\"name\":\"barreiroweb\",\"url\":\"https:\/\/arquivo.barreiroweb.net\/\",\"logo\":{\"@type\":\"ImageObject\",\"inLanguage\":\"pt-PT\",\"@id\":\"https:\/\/arquivo.barreiroweb.net\/#\/schema\/logo\/image\/\",\"url\":\"https:\/\/barreiroweb.net\/wp-content\/uploads\/2022\/05\/BarreiroWeb555.jpg\",\"contentUrl\":\"https:\/\/barreiroweb.net\/wp-content\/uploads\/2022\/05\/BarreiroWeb555.jpg\",\"width\":421,\"height\":415,\"caption\":\"barreiroweb\"},\"image\":{\"@id\":\"https:\/\/arquivo.barreiroweb.net\/#\/schema\/logo\/image\/\"},\"sameAs\":[\"https:\/\/www.facebook.com\/barreiroweb\",\"https:\/\/x.com\/barreiroweb\"]},{\"@type\":\"Person\",\"@id\":\"https:\/\/arquivo.barreiroweb.net\/#\/schema\/person\/44b6d528aff975e3786c9f475f9df2dd\",\"name\":\"barreiroweb\",\"image\":{\"@type\":\"ImageObject\",\"inLanguage\":\"pt-PT\",\"@id\":\"https:\/\/arquivo.barreiroweb.net\/#\/schema\/person\/image\/\",\"url\":\"https:\/\/secure.gravatar.com\/avatar\/1f764b917967430404ff0b452044eb63a25d64a5363b25be2aa42273930f477d?s=96&d=mm&r=g\",\"contentUrl\":\"https:\/\/secure.gravatar.com\/avatar\/1f764b917967430404ff0b452044eb63a25d64a5363b25be2aa42273930f477d?s=96&d=mm&r=g\",\"caption\":\"barreiroweb\"},\"url\":\"https:\/\/arquivo.barreiroweb.net\/?author=1\"}]}<\/script>\n<!-- \/ Yoast SEO plugin. -->","yoast_head_json":{"title":"Apresenta\u00e7\u00e3o do livro \u201cAlforge de Heran\u00e7as\u201d na Baixa da Banheira - barreiroweb","robots":{"index":"index","follow":"follow","max-snippet":"max-snippet:-1","max-image-preview":"max-image-preview:large","max-video-preview":"max-video-preview:-1"},"canonical":"https:\/\/arquivo.barreiroweb.net\/?p=13122","og_locale":"pt_PT","og_type":"article","og_title":"Apresenta\u00e7\u00e3o do livro \u201cAlforge de Heran\u00e7as\u201d na Baixa da Banheira - barreiroweb","og_description":"Com cante alentejano e declama\u00e7\u00e3o de poesia No dia 17 de abril, pelas 21:30h, vai ser apresentado, no Caf\u00e9-Concerto do F\u00f3rum Cultural Jos\u00e9 Manuel Figueiredo, na Baixa da Banheira, o livro \u201cAlforge de Heran\u00e7as\u201d, de Fernando Fitas, com ilustra\u00e7\u00f5es de Ant\u00f3nio Jeromito e pref\u00e1cio de Jos\u00e9 Carmo Francisco. Esta iniciativa, que se insere nas comemora\u00e7\u00f5es [&hellip;]","og_url":"https:\/\/arquivo.barreiroweb.net\/?p=13122","og_site_name":"barreiroweb","article_publisher":"https:\/\/www.facebook.com\/barreiroweb","article_published_time":"2015-04-11T20:41:57+00:00","og_image":[{"width":446,"height":640,"url":"https:\/\/arquivo.barreiroweb.net\/wp-content\/uploads\/2015\/04\/Livro-Alforges-de-heran\u00c3\u00a7as-psd.jpg","type":"image\/jpeg"}],"author":"barreiroweb","twitter_card":"summary_large_image","twitter_creator":"@barreiroweb","twitter_site":"@barreiroweb","twitter_misc":{"Escrito por":"barreiroweb","Tempo estimado de leitura":"1 minuto"},"schema":{"@context":"https:\/\/schema.org","@graph":[{"@type":"Article","@id":"https:\/\/arquivo.barreiroweb.net\/?p=13122#article","isPartOf":{"@id":"https:\/\/arquivo.barreiroweb.net\/?p=13122"},"author":{"name":"barreiroweb","@id":"https:\/\/arquivo.barreiroweb.net\/#\/schema\/person\/44b6d528aff975e3786c9f475f9df2dd"},"headline":"Apresenta\u00e7\u00e3o do livro \u201cAlforge de Heran\u00e7as\u201d na Baixa da Banheira","datePublished":"2015-04-11T20:41:57+00:00","mainEntityOfPage":{"@id":"https:\/\/arquivo.barreiroweb.net\/?p=13122"},"wordCount":260,"commentCount":0,"publisher":{"@id":"https:\/\/arquivo.barreiroweb.net\/#organization"},"image":{"@id":"https:\/\/arquivo.barreiroweb.net\/?p=13122#primaryimage"},"thumbnailUrl":"https:\/\/arquivo.barreiroweb.net\/wp-content\/uploads\/2015\/04\/Livro-Alforges-de-heran\u00c3\u00a7as-psd.jpg","keywords":["livros","moita"],"articleSection":["Livros"],"inLanguage":"pt-PT","potentialAction":[{"@type":"CommentAction","name":"Comment","target":["https:\/\/arquivo.barreiroweb.net\/?p=13122#respond"]}]},{"@type":"WebPage","@id":"https:\/\/arquivo.barreiroweb.net\/?p=13122","url":"https:\/\/arquivo.barreiroweb.net\/?p=13122","name":"Apresenta\u00e7\u00e3o do livro \u201cAlforge de Heran\u00e7as\u201d na Baixa da Banheira - barreiroweb","isPartOf":{"@id":"https:\/\/arquivo.barreiroweb.net\/#website"},"primaryImageOfPage":{"@id":"https:\/\/arquivo.barreiroweb.net\/?p=13122#primaryimage"},"image":{"@id":"https:\/\/arquivo.barreiroweb.net\/?p=13122#primaryimage"},"thumbnailUrl":"https:\/\/arquivo.barreiroweb.net\/wp-content\/uploads\/2015\/04\/Livro-Alforges-de-heran\u00c3\u00a7as-psd.jpg","datePublished":"2015-04-11T20:41:57+00:00","breadcrumb":{"@id":"https:\/\/arquivo.barreiroweb.net\/?p=13122#breadcrumb"},"inLanguage":"pt-PT","potentialAction":[{"@type":"ReadAction","target":["https:\/\/arquivo.barreiroweb.net\/?p=13122"]}]},{"@type":"ImageObject","inLanguage":"pt-PT","@id":"https:\/\/arquivo.barreiroweb.net\/?p=13122#primaryimage","url":"https:\/\/arquivo.barreiroweb.net\/wp-content\/uploads\/2015\/04\/Livro-Alforges-de-heran\u00c3\u00a7as-psd.jpg","contentUrl":"https:\/\/arquivo.barreiroweb.net\/wp-content\/uploads\/2015\/04\/Livro-Alforges-de-heran\u00c3\u00a7as-psd.jpg","width":446,"height":640},{"@type":"BreadcrumbList","@id":"https:\/\/arquivo.barreiroweb.net\/?p=13122#breadcrumb","itemListElement":[{"@type":"ListItem","position":1,"name":"In\u00edcio","item":"https:\/\/arquivo.barreiroweb.net\/"},{"@type":"ListItem","position":2,"name":"Apresenta\u00e7\u00e3o do livro \u201cAlforge de Heran\u00e7as\u201d na Baixa da Banheira"}]},{"@type":"WebSite","@id":"https:\/\/arquivo.barreiroweb.net\/#website","url":"https:\/\/arquivo.barreiroweb.net\/","name":"barreiroweb","description":"Barreiroweb o barreiro na web","publisher":{"@id":"https:\/\/arquivo.barreiroweb.net\/#organization"},"potentialAction":[{"@type":"SearchAction","target":{"@type":"EntryPoint","urlTemplate":"https:\/\/arquivo.barreiroweb.net\/?s={search_term_string}"},"query-input":{"@type":"PropertyValueSpecification","valueRequired":true,"valueName":"search_term_string"}}],"inLanguage":"pt-PT"},{"@type":"Organization","@id":"https:\/\/arquivo.barreiroweb.net\/#organization","name":"barreiroweb","url":"https:\/\/arquivo.barreiroweb.net\/","logo":{"@type":"ImageObject","inLanguage":"pt-PT","@id":"https:\/\/arquivo.barreiroweb.net\/#\/schema\/logo\/image\/","url":"https:\/\/barreiroweb.net\/wp-content\/uploads\/2022\/05\/BarreiroWeb555.jpg","contentUrl":"https:\/\/barreiroweb.net\/wp-content\/uploads\/2022\/05\/BarreiroWeb555.jpg","width":421,"height":415,"caption":"barreiroweb"},"image":{"@id":"https:\/\/arquivo.barreiroweb.net\/#\/schema\/logo\/image\/"},"sameAs":["https:\/\/www.facebook.com\/barreiroweb","https:\/\/x.com\/barreiroweb"]},{"@type":"Person","@id":"https:\/\/arquivo.barreiroweb.net\/#\/schema\/person\/44b6d528aff975e3786c9f475f9df2dd","name":"barreiroweb","image":{"@type":"ImageObject","inLanguage":"pt-PT","@id":"https:\/\/arquivo.barreiroweb.net\/#\/schema\/person\/image\/","url":"https:\/\/secure.gravatar.com\/avatar\/1f764b917967430404ff0b452044eb63a25d64a5363b25be2aa42273930f477d?s=96&d=mm&r=g","contentUrl":"https:\/\/secure.gravatar.com\/avatar\/1f764b917967430404ff0b452044eb63a25d64a5363b25be2aa42273930f477d?s=96&d=mm&r=g","caption":"barreiroweb"},"url":"https:\/\/arquivo.barreiroweb.net\/?author=1"}]}},"_links":{"self":[{"href":"https:\/\/arquivo.barreiroweb.net\/index.php?rest_route=\/wp\/v2\/posts\/13122","targetHints":{"allow":["GET"]}}],"collection":[{"href":"https:\/\/arquivo.barreiroweb.net\/index.php?rest_route=\/wp\/v2\/posts"}],"about":[{"href":"https:\/\/arquivo.barreiroweb.net\/index.php?rest_route=\/wp\/v2\/types\/post"}],"author":[{"embeddable":true,"href":"https:\/\/arquivo.barreiroweb.net\/index.php?rest_route=\/wp\/v2\/users\/1"}],"replies":[{"embeddable":true,"href":"https:\/\/arquivo.barreiroweb.net\/index.php?rest_route=%2Fwp%2Fv2%2Fcomments&post=13122"}],"version-history":[{"count":1,"href":"https:\/\/arquivo.barreiroweb.net\/index.php?rest_route=\/wp\/v2\/posts\/13122\/revisions"}],"predecessor-version":[{"id":13124,"href":"https:\/\/arquivo.barreiroweb.net\/index.php?rest_route=\/wp\/v2\/posts\/13122\/revisions\/13124"}],"wp:featuredmedia":[{"embeddable":true,"href":"https:\/\/arquivo.barreiroweb.net\/index.php?rest_route=\/wp\/v2\/media\/13123"}],"wp:attachment":[{"href":"https:\/\/arquivo.barreiroweb.net\/index.php?rest_route=%2Fwp%2Fv2%2Fmedia&parent=13122"}],"wp:term":[{"taxonomy":"category","embeddable":true,"href":"https:\/\/arquivo.barreiroweb.net\/index.php?rest_route=%2Fwp%2Fv2%2Fcategories&post=13122"},{"taxonomy":"post_tag","embeddable":true,"href":"https:\/\/arquivo.barreiroweb.net\/index.php?rest_route=%2Fwp%2Fv2%2Ftags&post=13122"}],"curies":[{"name":"wp","href":"https:\/\/api.w.org\/{rel}","templated":true}]}}