{"id":13025,"date":"2015-03-26T23:11:08","date_gmt":"2015-03-26T23:11:08","guid":{"rendered":"http:\/\/barreiroweb.eu\/?p=13025"},"modified":"2015-03-26T23:11:08","modified_gmt":"2015-03-26T23:11:08","slug":"a-familia-martins-projector-companhia-de-teatro-do-barreiro","status":"publish","type":"post","link":"https:\/\/arquivo.barreiroweb.net\/?p=13025","title":{"rendered":"A Fam\u00edlia Martins| Proj\u00e9ctor Companhia de Teatro do Barreiro"},"content":{"rendered":"<p><strong><a href=\"http:\/\/barreiroweb.eu\/wp-content\/uploads\/2015\/03\/FamiliaMartins_CS-2.jpg\" rel=\"lightbox[13025]\"><img loading=\"lazy\" decoding=\"async\" class=\"alignleft size-medium wp-image-13027\" src=\"http:\/\/barreiroweb.eu\/wp-content\/uploads\/2015\/03\/FamiliaMartins_CS-2-300x245.jpg\" alt=\"FamiliaMartins_CS (2)\" width=\"300\" height=\"245\" srcset=\"https:\/\/arquivo.barreiroweb.net\/wp-content\/uploads\/2015\/03\/FamiliaMartins_CS-2-300x245.jpg 300w, https:\/\/arquivo.barreiroweb.net\/wp-content\/uploads\/2015\/03\/FamiliaMartins_CS-2-500x409.jpg 500w, https:\/\/arquivo.barreiroweb.net\/wp-content\/uploads\/2015\/03\/FamiliaMartins_CS-2.jpg 587w\" sizes=\"auto, (max-width: 300px) 100vw, 300px\" \/><\/a>28 mar\u00e7o | s\u00e1bado | 21h30<\/strong><\/p>\n<p>SIRB \u201cOs Penicheiros\u201d<\/p>\n<p><strong>A Fam\u00edlia Martins<\/strong>| Proj\u00e9ctor Companhia de Teatro do Barreiro<\/p>\n<p>Encena\u00e7\u00e3o:\u00a0Luciano Barata<\/p>\n<p>Faixa Et\u00e1ria M\/04 | 45 min<\/p>\n","protected":false},"excerpt":{"rendered":"<p>28 mar\u00e7o | s\u00e1bado | 21h30 SIRB \u201cOs Penicheiros\u201d A Fam\u00edlia Martins| Proj\u00e9ctor Companhia de Teatro do Barreiro Encena\u00e7\u00e3o:\u00a0Luciano Barata Faixa Et\u00e1ria M\/04 | 45 min<\/p>\n","protected":false},"author":1,"featured_media":13027,"comment_status":"open","ping_status":"open","sticky":false,"template":"","format":"standard","meta":{"footnotes":""},"categories":[10],"tags":[41,124,745],"class_list":["post-13025","post","type-post","status-publish","format-standard","has-post-thumbnail","hentry","category-teatro","tag-barreiro","tag-projector","tag-teatro","last_archivepost"],"yoast_head":"<!-- This site is optimized with the Yoast SEO plugin v27.1.1 - https:\/\/yoast.com\/product\/yoast-seo-wordpress\/ -->\n<title>A Fam\u00edlia Martins| Proj\u00e9ctor Companhia de Teatro do Barreiro - barreiroweb<\/title>\n<meta name=\"robots\" content=\"index, follow, max-snippet:-1, max-image-preview:large, max-video-preview:-1\" \/>\n<link rel=\"canonical\" href=\"https:\/\/arquivo.barreiroweb.net\/?p=13025\" \/>\n<meta property=\"og:locale\" content=\"pt_PT\" \/>\n<meta property=\"og:type\" content=\"article\" \/>\n<meta property=\"og:title\" content=\"A Fam\u00edlia Martins| Proj\u00e9ctor Companhia de Teatro do Barreiro - barreiroweb\" \/>\n<meta property=\"og:description\" content=\"28 mar\u00e7o | s\u00e1bado | 21h30 SIRB \u201cOs Penicheiros\u201d A Fam\u00edlia Martins| Proj\u00e9ctor Companhia de Teatro do Barreiro Encena\u00e7\u00e3o:\u00a0Luciano Barata Faixa Et\u00e1ria M\/04 | 45 min\" \/>\n<meta property=\"og:url\" content=\"https:\/\/arquivo.barreiroweb.net\/?p=13025\" \/>\n<meta property=\"og:site_name\" content=\"barreiroweb\" \/>\n<meta property=\"article:publisher\" content=\"https:\/\/www.facebook.com\/barreiroweb\" \/>\n<meta property=\"article:published_time\" content=\"2015-03-26T23:11:08+00:00\" \/>\n<meta property=\"og:image\" content=\"https:\/\/arquivo.barreiroweb.net\/wp-content\/uploads\/2015\/03\/FamiliaMartins_CS-2.jpg\" \/>\n\t<meta property=\"og:image:width\" content=\"587\" \/>\n\t<meta property=\"og:image:height\" content=\"480\" \/>\n\t<meta property=\"og:image:type\" content=\"image\/jpeg\" \/>\n<meta name=\"author\" content=\"barreiroweb\" \/>\n<meta name=\"twitter:card\" content=\"summary_large_image\" \/>\n<meta name=\"twitter:creator\" content=\"@barreiroweb\" \/>\n<meta name=\"twitter:site\" content=\"@barreiroweb\" \/>\n<meta name=\"twitter:label1\" content=\"Escrito por\" \/>\n\t<meta name=\"twitter:data1\" content=\"barreiroweb\" \/>\n<script type=\"application\/ld+json\" class=\"yoast-schema-graph\">{\"@context\":\"https:\/\/schema.org\",\"@graph\":[{\"@type\":\"Article\",\"@id\":\"https:\/\/arquivo.barreiroweb.net\/?p=13025#article\",\"isPartOf\":{\"@id\":\"https:\/\/arquivo.barreiroweb.net\/?p=13025\"},\"author\":{\"name\":\"barreiroweb\",\"@id\":\"https:\/\/arquivo.barreiroweb.net\/#\/schema\/person\/44b6d528aff975e3786c9f475f9df2dd\"},\"headline\":\"A Fam\u00edlia Martins| Proj\u00e9ctor Companhia de Teatro do Barreiro\",\"datePublished\":\"2015-03-26T23:11:08+00:00\",\"mainEntityOfPage\":{\"@id\":\"https:\/\/arquivo.barreiroweb.net\/?p=13025\"},\"wordCount\":39,\"commentCount\":0,\"publisher\":{\"@id\":\"https:\/\/arquivo.barreiroweb.net\/#organization\"},\"image\":{\"@id\":\"https:\/\/arquivo.barreiroweb.net\/?p=13025#primaryimage\"},\"thumbnailUrl\":\"https:\/\/arquivo.barreiroweb.net\/wp-content\/uploads\/2015\/03\/FamiliaMartins_CS-2.jpg\",\"keywords\":[\"barreiro\",\"projector\",\"teatro\"],\"articleSection\":[\"Teatro\"],\"inLanguage\":\"pt-PT\",\"potentialAction\":[{\"@type\":\"CommentAction\",\"name\":\"Comment\",\"target\":[\"https:\/\/arquivo.barreiroweb.net\/?p=13025#respond\"]}]},{\"@type\":\"WebPage\",\"@id\":\"https:\/\/arquivo.barreiroweb.net\/?p=13025\",\"url\":\"https:\/\/arquivo.barreiroweb.net\/?p=13025\",\"name\":\"A Fam\u00edlia Martins| Proj\u00e9ctor Companhia de Teatro do Barreiro - barreiroweb\",\"isPartOf\":{\"@id\":\"https:\/\/arquivo.barreiroweb.net\/#website\"},\"primaryImageOfPage\":{\"@id\":\"https:\/\/arquivo.barreiroweb.net\/?p=13025#primaryimage\"},\"image\":{\"@id\":\"https:\/\/arquivo.barreiroweb.net\/?p=13025#primaryimage\"},\"thumbnailUrl\":\"https:\/\/arquivo.barreiroweb.net\/wp-content\/uploads\/2015\/03\/FamiliaMartins_CS-2.jpg\",\"datePublished\":\"2015-03-26T23:11:08+00:00\",\"breadcrumb\":{\"@id\":\"https:\/\/arquivo.barreiroweb.net\/?p=13025#breadcrumb\"},\"inLanguage\":\"pt-PT\",\"potentialAction\":[{\"@type\":\"ReadAction\",\"target\":[\"https:\/\/arquivo.barreiroweb.net\/?p=13025\"]}]},{\"@type\":\"ImageObject\",\"inLanguage\":\"pt-PT\",\"@id\":\"https:\/\/arquivo.barreiroweb.net\/?p=13025#primaryimage\",\"url\":\"https:\/\/arquivo.barreiroweb.net\/wp-content\/uploads\/2015\/03\/FamiliaMartins_CS-2.jpg\",\"contentUrl\":\"https:\/\/arquivo.barreiroweb.net\/wp-content\/uploads\/2015\/03\/FamiliaMartins_CS-2.jpg\",\"width\":587,\"height\":480},{\"@type\":\"BreadcrumbList\",\"@id\":\"https:\/\/arquivo.barreiroweb.net\/?p=13025#breadcrumb\",\"itemListElement\":[{\"@type\":\"ListItem\",\"position\":1,\"name\":\"In\u00edcio\",\"item\":\"https:\/\/arquivo.barreiroweb.net\/\"},{\"@type\":\"ListItem\",\"position\":2,\"name\":\"A Fam\u00edlia Martins| Proj\u00e9ctor Companhia de Teatro do Barreiro\"}]},{\"@type\":\"WebSite\",\"@id\":\"https:\/\/arquivo.barreiroweb.net\/#website\",\"url\":\"https:\/\/arquivo.barreiroweb.net\/\",\"name\":\"barreiroweb\",\"description\":\"Barreiroweb o barreiro na web\",\"publisher\":{\"@id\":\"https:\/\/arquivo.barreiroweb.net\/#organization\"},\"potentialAction\":[{\"@type\":\"SearchAction\",\"target\":{\"@type\":\"EntryPoint\",\"urlTemplate\":\"https:\/\/arquivo.barreiroweb.net\/?s={search_term_string}\"},\"query-input\":{\"@type\":\"PropertyValueSpecification\",\"valueRequired\":true,\"valueName\":\"search_term_string\"}}],\"inLanguage\":\"pt-PT\"},{\"@type\":\"Organization\",\"@id\":\"https:\/\/arquivo.barreiroweb.net\/#organization\",\"name\":\"barreiroweb\",\"url\":\"https:\/\/arquivo.barreiroweb.net\/\",\"logo\":{\"@type\":\"ImageObject\",\"inLanguage\":\"pt-PT\",\"@id\":\"https:\/\/arquivo.barreiroweb.net\/#\/schema\/logo\/image\/\",\"url\":\"https:\/\/barreiroweb.net\/wp-content\/uploads\/2022\/05\/BarreiroWeb555.jpg\",\"contentUrl\":\"https:\/\/barreiroweb.net\/wp-content\/uploads\/2022\/05\/BarreiroWeb555.jpg\",\"width\":421,\"height\":415,\"caption\":\"barreiroweb\"},\"image\":{\"@id\":\"https:\/\/arquivo.barreiroweb.net\/#\/schema\/logo\/image\/\"},\"sameAs\":[\"https:\/\/www.facebook.com\/barreiroweb\",\"https:\/\/x.com\/barreiroweb\"]},{\"@type\":\"Person\",\"@id\":\"https:\/\/arquivo.barreiroweb.net\/#\/schema\/person\/44b6d528aff975e3786c9f475f9df2dd\",\"name\":\"barreiroweb\",\"image\":{\"@type\":\"ImageObject\",\"inLanguage\":\"pt-PT\",\"@id\":\"https:\/\/arquivo.barreiroweb.net\/#\/schema\/person\/image\/\",\"url\":\"https:\/\/secure.gravatar.com\/avatar\/1f764b917967430404ff0b452044eb63a25d64a5363b25be2aa42273930f477d?s=96&d=mm&r=g\",\"contentUrl\":\"https:\/\/secure.gravatar.com\/avatar\/1f764b917967430404ff0b452044eb63a25d64a5363b25be2aa42273930f477d?s=96&d=mm&r=g\",\"caption\":\"barreiroweb\"},\"url\":\"https:\/\/arquivo.barreiroweb.net\/?author=1\"}]}<\/script>\n<!-- \/ Yoast SEO plugin. -->","yoast_head_json":{"title":"A Fam\u00edlia Martins| Proj\u00e9ctor Companhia de Teatro do Barreiro - barreiroweb","robots":{"index":"index","follow":"follow","max-snippet":"max-snippet:-1","max-image-preview":"max-image-preview:large","max-video-preview":"max-video-preview:-1"},"canonical":"https:\/\/arquivo.barreiroweb.net\/?p=13025","og_locale":"pt_PT","og_type":"article","og_title":"A Fam\u00edlia Martins| Proj\u00e9ctor Companhia de Teatro do Barreiro - barreiroweb","og_description":"28 mar\u00e7o | s\u00e1bado | 21h30 SIRB \u201cOs Penicheiros\u201d A Fam\u00edlia Martins| Proj\u00e9ctor Companhia de Teatro do Barreiro Encena\u00e7\u00e3o:\u00a0Luciano Barata Faixa Et\u00e1ria M\/04 | 45 min","og_url":"https:\/\/arquivo.barreiroweb.net\/?p=13025","og_site_name":"barreiroweb","article_publisher":"https:\/\/www.facebook.com\/barreiroweb","article_published_time":"2015-03-26T23:11:08+00:00","og_image":[{"width":587,"height":480,"url":"https:\/\/arquivo.barreiroweb.net\/wp-content\/uploads\/2015\/03\/FamiliaMartins_CS-2.jpg","type":"image\/jpeg"}],"author":"barreiroweb","twitter_card":"summary_large_image","twitter_creator":"@barreiroweb","twitter_site":"@barreiroweb","twitter_misc":{"Escrito por":"barreiroweb"},"schema":{"@context":"https:\/\/schema.org","@graph":[{"@type":"Article","@id":"https:\/\/arquivo.barreiroweb.net\/?p=13025#article","isPartOf":{"@id":"https:\/\/arquivo.barreiroweb.net\/?p=13025"},"author":{"name":"barreiroweb","@id":"https:\/\/arquivo.barreiroweb.net\/#\/schema\/person\/44b6d528aff975e3786c9f475f9df2dd"},"headline":"A Fam\u00edlia Martins| Proj\u00e9ctor Companhia de Teatro do Barreiro","datePublished":"2015-03-26T23:11:08+00:00","mainEntityOfPage":{"@id":"https:\/\/arquivo.barreiroweb.net\/?p=13025"},"wordCount":39,"commentCount":0,"publisher":{"@id":"https:\/\/arquivo.barreiroweb.net\/#organization"},"image":{"@id":"https:\/\/arquivo.barreiroweb.net\/?p=13025#primaryimage"},"thumbnailUrl":"https:\/\/arquivo.barreiroweb.net\/wp-content\/uploads\/2015\/03\/FamiliaMartins_CS-2.jpg","keywords":["barreiro","projector","teatro"],"articleSection":["Teatro"],"inLanguage":"pt-PT","potentialAction":[{"@type":"CommentAction","name":"Comment","target":["https:\/\/arquivo.barreiroweb.net\/?p=13025#respond"]}]},{"@type":"WebPage","@id":"https:\/\/arquivo.barreiroweb.net\/?p=13025","url":"https:\/\/arquivo.barreiroweb.net\/?p=13025","name":"A Fam\u00edlia Martins| Proj\u00e9ctor Companhia de Teatro do Barreiro - barreiroweb","isPartOf":{"@id":"https:\/\/arquivo.barreiroweb.net\/#website"},"primaryImageOfPage":{"@id":"https:\/\/arquivo.barreiroweb.net\/?p=13025#primaryimage"},"image":{"@id":"https:\/\/arquivo.barreiroweb.net\/?p=13025#primaryimage"},"thumbnailUrl":"https:\/\/arquivo.barreiroweb.net\/wp-content\/uploads\/2015\/03\/FamiliaMartins_CS-2.jpg","datePublished":"2015-03-26T23:11:08+00:00","breadcrumb":{"@id":"https:\/\/arquivo.barreiroweb.net\/?p=13025#breadcrumb"},"inLanguage":"pt-PT","potentialAction":[{"@type":"ReadAction","target":["https:\/\/arquivo.barreiroweb.net\/?p=13025"]}]},{"@type":"ImageObject","inLanguage":"pt-PT","@id":"https:\/\/arquivo.barreiroweb.net\/?p=13025#primaryimage","url":"https:\/\/arquivo.barreiroweb.net\/wp-content\/uploads\/2015\/03\/FamiliaMartins_CS-2.jpg","contentUrl":"https:\/\/arquivo.barreiroweb.net\/wp-content\/uploads\/2015\/03\/FamiliaMartins_CS-2.jpg","width":587,"height":480},{"@type":"BreadcrumbList","@id":"https:\/\/arquivo.barreiroweb.net\/?p=13025#breadcrumb","itemListElement":[{"@type":"ListItem","position":1,"name":"In\u00edcio","item":"https:\/\/arquivo.barreiroweb.net\/"},{"@type":"ListItem","position":2,"name":"A Fam\u00edlia Martins| Proj\u00e9ctor Companhia de Teatro do Barreiro"}]},{"@type":"WebSite","@id":"https:\/\/arquivo.barreiroweb.net\/#website","url":"https:\/\/arquivo.barreiroweb.net\/","name":"barreiroweb","description":"Barreiroweb o barreiro na web","publisher":{"@id":"https:\/\/arquivo.barreiroweb.net\/#organization"},"potentialAction":[{"@type":"SearchAction","target":{"@type":"EntryPoint","urlTemplate":"https:\/\/arquivo.barreiroweb.net\/?s={search_term_string}"},"query-input":{"@type":"PropertyValueSpecification","valueRequired":true,"valueName":"search_term_string"}}],"inLanguage":"pt-PT"},{"@type":"Organization","@id":"https:\/\/arquivo.barreiroweb.net\/#organization","name":"barreiroweb","url":"https:\/\/arquivo.barreiroweb.net\/","logo":{"@type":"ImageObject","inLanguage":"pt-PT","@id":"https:\/\/arquivo.barreiroweb.net\/#\/schema\/logo\/image\/","url":"https:\/\/barreiroweb.net\/wp-content\/uploads\/2022\/05\/BarreiroWeb555.jpg","contentUrl":"https:\/\/barreiroweb.net\/wp-content\/uploads\/2022\/05\/BarreiroWeb555.jpg","width":421,"height":415,"caption":"barreiroweb"},"image":{"@id":"https:\/\/arquivo.barreiroweb.net\/#\/schema\/logo\/image\/"},"sameAs":["https:\/\/www.facebook.com\/barreiroweb","https:\/\/x.com\/barreiroweb"]},{"@type":"Person","@id":"https:\/\/arquivo.barreiroweb.net\/#\/schema\/person\/44b6d528aff975e3786c9f475f9df2dd","name":"barreiroweb","image":{"@type":"ImageObject","inLanguage":"pt-PT","@id":"https:\/\/arquivo.barreiroweb.net\/#\/schema\/person\/image\/","url":"https:\/\/secure.gravatar.com\/avatar\/1f764b917967430404ff0b452044eb63a25d64a5363b25be2aa42273930f477d?s=96&d=mm&r=g","contentUrl":"https:\/\/secure.gravatar.com\/avatar\/1f764b917967430404ff0b452044eb63a25d64a5363b25be2aa42273930f477d?s=96&d=mm&r=g","caption":"barreiroweb"},"url":"https:\/\/arquivo.barreiroweb.net\/?author=1"}]}},"_links":{"self":[{"href":"https:\/\/arquivo.barreiroweb.net\/index.php?rest_route=\/wp\/v2\/posts\/13025","targetHints":{"allow":["GET"]}}],"collection":[{"href":"https:\/\/arquivo.barreiroweb.net\/index.php?rest_route=\/wp\/v2\/posts"}],"about":[{"href":"https:\/\/arquivo.barreiroweb.net\/index.php?rest_route=\/wp\/v2\/types\/post"}],"author":[{"embeddable":true,"href":"https:\/\/arquivo.barreiroweb.net\/index.php?rest_route=\/wp\/v2\/users\/1"}],"replies":[{"embeddable":true,"href":"https:\/\/arquivo.barreiroweb.net\/index.php?rest_route=%2Fwp%2Fv2%2Fcomments&post=13025"}],"version-history":[{"count":1,"href":"https:\/\/arquivo.barreiroweb.net\/index.php?rest_route=\/wp\/v2\/posts\/13025\/revisions"}],"predecessor-version":[{"id":13028,"href":"https:\/\/arquivo.barreiroweb.net\/index.php?rest_route=\/wp\/v2\/posts\/13025\/revisions\/13028"}],"wp:featuredmedia":[{"embeddable":true,"href":"https:\/\/arquivo.barreiroweb.net\/index.php?rest_route=\/wp\/v2\/media\/13027"}],"wp:attachment":[{"href":"https:\/\/arquivo.barreiroweb.net\/index.php?rest_route=%2Fwp%2Fv2%2Fmedia&parent=13025"}],"wp:term":[{"taxonomy":"category","embeddable":true,"href":"https:\/\/arquivo.barreiroweb.net\/index.php?rest_route=%2Fwp%2Fv2%2Fcategories&post=13025"},{"taxonomy":"post_tag","embeddable":true,"href":"https:\/\/arquivo.barreiroweb.net\/index.php?rest_route=%2Fwp%2Fv2%2Ftags&post=13025"}],"curies":[{"name":"wp","href":"https:\/\/api.w.org\/{rel}","templated":true}]}}