{"id":12869,"date":"2015-02-23T23:36:17","date_gmt":"2015-02-23T23:36:17","guid":{"rendered":"http:\/\/barreiroweb.eu\/?p=12869"},"modified":"2015-02-23T23:36:17","modified_gmt":"2015-02-23T23:36:17","slug":"reserva-o-sabado-charcos-com-vida","status":"publish","type":"post","link":"https:\/\/arquivo.barreiroweb.net\/?p=12869","title":{"rendered":"\u2018RESERVA O S\u00c1BADO\u2019\u00a0Charcos com Vida"},"content":{"rendered":"<p style=\"text-align: justify;\"><strong><a href=\"http:\/\/barreiroweb.eu\/wp-content\/uploads\/2015\/02\/Charcos-com-Vida.jpg\" rel=\"lightbox[12869]\"><img loading=\"lazy\" decoding=\"async\" class=\"alignleft size-medium wp-image-12870\" src=\"http:\/\/barreiroweb.eu\/wp-content\/uploads\/2015\/02\/Charcos-com-Vida-300x237.jpg\" alt=\"Charcos com Vida\" width=\"300\" height=\"237\" srcset=\"https:\/\/arquivo.barreiroweb.net\/wp-content\/uploads\/2015\/02\/Charcos-com-Vida-300x237.jpg 300w, https:\/\/arquivo.barreiroweb.net\/wp-content\/uploads\/2015\/02\/Charcos-com-Vida-500x395.jpg 500w, https:\/\/arquivo.barreiroweb.net\/wp-content\/uploads\/2015\/02\/Charcos-com-Vida.jpg 608w\" sizes=\"auto, (max-width: 300px) 100vw, 300px\" \/><\/a>7 mar\u00e7o | 10h00 \u2013 13h00<\/strong><\/p>\n<p style=\"text-align: justify;\">No primeiro s\u00e1bado de mar\u00e7o, dia 7, a iniciativa \u2018Reserva o S\u00e1bado\u2019 prop\u00f5e aos participantes uma observa\u00e7\u00e3o mais atenta sobre a vida nos charcos, esses espa\u00e7os aparentemente mon\u00f3tonos mas que podem revelar-se cheios de vida e interesse. Aceite o desafio e inscreva-se nesta atividade que decorre das 10h00 \u00e0s 13h00, no espa\u00e7o da Reserva Natural Local.<\/p>\n<p style=\"text-align: justify;\">No \u00e2mbito desta a\u00e7\u00e3o, os t\u00e9cnicos do Centro de Educa\u00e7\u00e3o Ambiental da C\u00e2mara Municipal do Barreiro, ir\u00e3o fazer uma breve introdu\u00e7\u00e3o \u00e0 biodiversidade que pode ser encontrada nos charcos, \u00e0 exist\u00eancia destas \u00e1reas na Mata da Machada e \u00e0 sua import\u00e2ncia, bem como \u00e0s amea\u00e7as a que estas \u00e1reas podem estar sujeitas. Seguidamente, ser\u00e1 feita uma visita aos pontos de \u00e1gua existentes para que tenha lugar a observa\u00e7\u00e3o e identifica\u00e7\u00e3o da fauna e flora t\u00edpica destes locais.<\/p>\n<p style=\"text-align: justify;\">\u2018Charcos com Vida\u2019 \u00e9 uma a\u00e7\u00e3o gratuita mas limitada a 20 participantes, pelo que deve inscrever-se atrav\u00e9s do <strong>N\u00famero Verde do CEA 800 912 070.<\/strong><\/p>\n<p style=\"text-align: justify;\">Refira-se que a Reserva Natural Local \u00e9 espa\u00e7o de contacto privilegiado com a natureza e que a iniciativa \u2018Reserva ao S\u00e1bado\u2019 aposta no refor\u00e7o da import\u00e2ncia da conserva\u00e7\u00e3o da natureza e da biodiversidade do Concelho, junto da popula\u00e7\u00e3o.<\/p>\n<p>Fonte:CMB<strong>\u00a0<\/strong><\/p>\n","protected":false},"excerpt":{"rendered":"<p>7 mar\u00e7o | 10h00 \u2013 13h00 No primeiro s\u00e1bado de mar\u00e7o, dia 7, a iniciativa \u2018Reserva o S\u00e1bado\u2019 prop\u00f5e aos participantes uma observa\u00e7\u00e3o mais atenta sobre a vida nos charcos, esses espa\u00e7os aparentemente mon\u00f3tonos mas que podem revelar-se cheios de vida e interesse. Aceite o desafio e inscreva-se nesta atividade que decorre das 10h00 \u00e0s [&hellip;]<\/p>\n","protected":false},"author":1,"featured_media":12870,"comment_status":"open","ping_status":"open","sticky":false,"template":"","format":"standard","meta":{"footnotes":""},"categories":[9],"tags":[41,300],"class_list":["post-12869","post","type-post","status-publish","format-standard","has-post-thumbnail","hentry","category-terra","tag-barreiro","tag-reserva-o-sabado","last_archivepost"],"yoast_head":"<!-- This site is optimized with the Yoast SEO plugin v27.1.1 - https:\/\/yoast.com\/product\/yoast-seo-wordpress\/ -->\n<title>\u2018RESERVA O S\u00c1BADO\u2019\u00a0Charcos com Vida - barreiroweb<\/title>\n<meta name=\"robots\" content=\"index, follow, max-snippet:-1, max-image-preview:large, max-video-preview:-1\" \/>\n<link rel=\"canonical\" href=\"https:\/\/arquivo.barreiroweb.net\/?p=12869\" \/>\n<meta property=\"og:locale\" content=\"pt_PT\" \/>\n<meta property=\"og:type\" content=\"article\" \/>\n<meta property=\"og:title\" content=\"\u2018RESERVA O S\u00c1BADO\u2019\u00a0Charcos com Vida - barreiroweb\" \/>\n<meta property=\"og:description\" content=\"7 mar\u00e7o | 10h00 \u2013 13h00 No primeiro s\u00e1bado de mar\u00e7o, dia 7, a iniciativa \u2018Reserva o S\u00e1bado\u2019 prop\u00f5e aos participantes uma observa\u00e7\u00e3o mais atenta sobre a vida nos charcos, esses espa\u00e7os aparentemente mon\u00f3tonos mas que podem revelar-se cheios de vida e interesse. Aceite o desafio e inscreva-se nesta atividade que decorre das 10h00 \u00e0s [&hellip;]\" \/>\n<meta property=\"og:url\" content=\"https:\/\/arquivo.barreiroweb.net\/?p=12869\" \/>\n<meta property=\"og:site_name\" content=\"barreiroweb\" \/>\n<meta property=\"article:publisher\" content=\"https:\/\/www.facebook.com\/barreiroweb\" \/>\n<meta property=\"article:published_time\" content=\"2015-02-23T23:36:17+00:00\" \/>\n<meta property=\"og:image\" content=\"https:\/\/arquivo.barreiroweb.net\/wp-content\/uploads\/2015\/02\/Charcos-com-Vida.jpg\" \/>\n\t<meta property=\"og:image:width\" content=\"608\" \/>\n\t<meta property=\"og:image:height\" content=\"480\" \/>\n\t<meta property=\"og:image:type\" content=\"image\/jpeg\" \/>\n<meta name=\"author\" content=\"barreiroweb\" \/>\n<meta name=\"twitter:card\" content=\"summary_large_image\" \/>\n<meta name=\"twitter:creator\" content=\"@barreiroweb\" \/>\n<meta name=\"twitter:site\" content=\"@barreiroweb\" \/>\n<meta name=\"twitter:label1\" content=\"Escrito por\" \/>\n\t<meta name=\"twitter:data1\" content=\"barreiroweb\" \/>\n\t<meta name=\"twitter:label2\" content=\"Tempo estimado de leitura\" \/>\n\t<meta name=\"twitter:data2\" content=\"1 minuto\" \/>\n<script type=\"application\/ld+json\" class=\"yoast-schema-graph\">{\"@context\":\"https:\/\/schema.org\",\"@graph\":[{\"@type\":\"Article\",\"@id\":\"https:\/\/arquivo.barreiroweb.net\/?p=12869#article\",\"isPartOf\":{\"@id\":\"https:\/\/arquivo.barreiroweb.net\/?p=12869\"},\"author\":{\"name\":\"barreiroweb\",\"@id\":\"https:\/\/arquivo.barreiroweb.net\/#\/schema\/person\/44b6d528aff975e3786c9f475f9df2dd\"},\"headline\":\"\u2018RESERVA O S\u00c1BADO\u2019\u00a0Charcos com Vida\",\"datePublished\":\"2015-02-23T23:36:17+00:00\",\"mainEntityOfPage\":{\"@id\":\"https:\/\/arquivo.barreiroweb.net\/?p=12869\"},\"wordCount\":228,\"commentCount\":0,\"publisher\":{\"@id\":\"https:\/\/arquivo.barreiroweb.net\/#organization\"},\"image\":{\"@id\":\"https:\/\/arquivo.barreiroweb.net\/?p=12869#primaryimage\"},\"thumbnailUrl\":\"https:\/\/arquivo.barreiroweb.net\/wp-content\/uploads\/2015\/02\/Charcos-com-Vida.jpg\",\"keywords\":[\"barreiro\",\"Reserva o S\u00e1bado\u2019\"],\"articleSection\":[\"Terra\"],\"inLanguage\":\"pt-PT\",\"potentialAction\":[{\"@type\":\"CommentAction\",\"name\":\"Comment\",\"target\":[\"https:\/\/arquivo.barreiroweb.net\/?p=12869#respond\"]}]},{\"@type\":\"WebPage\",\"@id\":\"https:\/\/arquivo.barreiroweb.net\/?p=12869\",\"url\":\"https:\/\/arquivo.barreiroweb.net\/?p=12869\",\"name\":\"\u2018RESERVA O S\u00c1BADO\u2019\u00a0Charcos com Vida - barreiroweb\",\"isPartOf\":{\"@id\":\"https:\/\/arquivo.barreiroweb.net\/#website\"},\"primaryImageOfPage\":{\"@id\":\"https:\/\/arquivo.barreiroweb.net\/?p=12869#primaryimage\"},\"image\":{\"@id\":\"https:\/\/arquivo.barreiroweb.net\/?p=12869#primaryimage\"},\"thumbnailUrl\":\"https:\/\/arquivo.barreiroweb.net\/wp-content\/uploads\/2015\/02\/Charcos-com-Vida.jpg\",\"datePublished\":\"2015-02-23T23:36:17+00:00\",\"breadcrumb\":{\"@id\":\"https:\/\/arquivo.barreiroweb.net\/?p=12869#breadcrumb\"},\"inLanguage\":\"pt-PT\",\"potentialAction\":[{\"@type\":\"ReadAction\",\"target\":[\"https:\/\/arquivo.barreiroweb.net\/?p=12869\"]}]},{\"@type\":\"ImageObject\",\"inLanguage\":\"pt-PT\",\"@id\":\"https:\/\/arquivo.barreiroweb.net\/?p=12869#primaryimage\",\"url\":\"https:\/\/arquivo.barreiroweb.net\/wp-content\/uploads\/2015\/02\/Charcos-com-Vida.jpg\",\"contentUrl\":\"https:\/\/arquivo.barreiroweb.net\/wp-content\/uploads\/2015\/02\/Charcos-com-Vida.jpg\",\"width\":608,\"height\":480},{\"@type\":\"BreadcrumbList\",\"@id\":\"https:\/\/arquivo.barreiroweb.net\/?p=12869#breadcrumb\",\"itemListElement\":[{\"@type\":\"ListItem\",\"position\":1,\"name\":\"In\u00edcio\",\"item\":\"https:\/\/arquivo.barreiroweb.net\/\"},{\"@type\":\"ListItem\",\"position\":2,\"name\":\"\u2018RESERVA O S\u00c1BADO\u2019\u00a0Charcos com Vida\"}]},{\"@type\":\"WebSite\",\"@id\":\"https:\/\/arquivo.barreiroweb.net\/#website\",\"url\":\"https:\/\/arquivo.barreiroweb.net\/\",\"name\":\"barreiroweb\",\"description\":\"Barreiroweb o barreiro na web\",\"publisher\":{\"@id\":\"https:\/\/arquivo.barreiroweb.net\/#organization\"},\"potentialAction\":[{\"@type\":\"SearchAction\",\"target\":{\"@type\":\"EntryPoint\",\"urlTemplate\":\"https:\/\/arquivo.barreiroweb.net\/?s={search_term_string}\"},\"query-input\":{\"@type\":\"PropertyValueSpecification\",\"valueRequired\":true,\"valueName\":\"search_term_string\"}}],\"inLanguage\":\"pt-PT\"},{\"@type\":\"Organization\",\"@id\":\"https:\/\/arquivo.barreiroweb.net\/#organization\",\"name\":\"barreiroweb\",\"url\":\"https:\/\/arquivo.barreiroweb.net\/\",\"logo\":{\"@type\":\"ImageObject\",\"inLanguage\":\"pt-PT\",\"@id\":\"https:\/\/arquivo.barreiroweb.net\/#\/schema\/logo\/image\/\",\"url\":\"https:\/\/barreiroweb.net\/wp-content\/uploads\/2022\/05\/BarreiroWeb555.jpg\",\"contentUrl\":\"https:\/\/barreiroweb.net\/wp-content\/uploads\/2022\/05\/BarreiroWeb555.jpg\",\"width\":421,\"height\":415,\"caption\":\"barreiroweb\"},\"image\":{\"@id\":\"https:\/\/arquivo.barreiroweb.net\/#\/schema\/logo\/image\/\"},\"sameAs\":[\"https:\/\/www.facebook.com\/barreiroweb\",\"https:\/\/x.com\/barreiroweb\"]},{\"@type\":\"Person\",\"@id\":\"https:\/\/arquivo.barreiroweb.net\/#\/schema\/person\/44b6d528aff975e3786c9f475f9df2dd\",\"name\":\"barreiroweb\",\"image\":{\"@type\":\"ImageObject\",\"inLanguage\":\"pt-PT\",\"@id\":\"https:\/\/arquivo.barreiroweb.net\/#\/schema\/person\/image\/\",\"url\":\"https:\/\/secure.gravatar.com\/avatar\/1f764b917967430404ff0b452044eb63a25d64a5363b25be2aa42273930f477d?s=96&d=mm&r=g\",\"contentUrl\":\"https:\/\/secure.gravatar.com\/avatar\/1f764b917967430404ff0b452044eb63a25d64a5363b25be2aa42273930f477d?s=96&d=mm&r=g\",\"caption\":\"barreiroweb\"},\"url\":\"https:\/\/arquivo.barreiroweb.net\/?author=1\"}]}<\/script>\n<!-- \/ Yoast SEO plugin. -->","yoast_head_json":{"title":"\u2018RESERVA O S\u00c1BADO\u2019\u00a0Charcos com Vida - barreiroweb","robots":{"index":"index","follow":"follow","max-snippet":"max-snippet:-1","max-image-preview":"max-image-preview:large","max-video-preview":"max-video-preview:-1"},"canonical":"https:\/\/arquivo.barreiroweb.net\/?p=12869","og_locale":"pt_PT","og_type":"article","og_title":"\u2018RESERVA O S\u00c1BADO\u2019\u00a0Charcos com Vida - barreiroweb","og_description":"7 mar\u00e7o | 10h00 \u2013 13h00 No primeiro s\u00e1bado de mar\u00e7o, dia 7, a iniciativa \u2018Reserva o S\u00e1bado\u2019 prop\u00f5e aos participantes uma observa\u00e7\u00e3o mais atenta sobre a vida nos charcos, esses espa\u00e7os aparentemente mon\u00f3tonos mas que podem revelar-se cheios de vida e interesse. Aceite o desafio e inscreva-se nesta atividade que decorre das 10h00 \u00e0s [&hellip;]","og_url":"https:\/\/arquivo.barreiroweb.net\/?p=12869","og_site_name":"barreiroweb","article_publisher":"https:\/\/www.facebook.com\/barreiroweb","article_published_time":"2015-02-23T23:36:17+00:00","og_image":[{"width":608,"height":480,"url":"https:\/\/arquivo.barreiroweb.net\/wp-content\/uploads\/2015\/02\/Charcos-com-Vida.jpg","type":"image\/jpeg"}],"author":"barreiroweb","twitter_card":"summary_large_image","twitter_creator":"@barreiroweb","twitter_site":"@barreiroweb","twitter_misc":{"Escrito por":"barreiroweb","Tempo estimado de leitura":"1 minuto"},"schema":{"@context":"https:\/\/schema.org","@graph":[{"@type":"Article","@id":"https:\/\/arquivo.barreiroweb.net\/?p=12869#article","isPartOf":{"@id":"https:\/\/arquivo.barreiroweb.net\/?p=12869"},"author":{"name":"barreiroweb","@id":"https:\/\/arquivo.barreiroweb.net\/#\/schema\/person\/44b6d528aff975e3786c9f475f9df2dd"},"headline":"\u2018RESERVA O S\u00c1BADO\u2019\u00a0Charcos com Vida","datePublished":"2015-02-23T23:36:17+00:00","mainEntityOfPage":{"@id":"https:\/\/arquivo.barreiroweb.net\/?p=12869"},"wordCount":228,"commentCount":0,"publisher":{"@id":"https:\/\/arquivo.barreiroweb.net\/#organization"},"image":{"@id":"https:\/\/arquivo.barreiroweb.net\/?p=12869#primaryimage"},"thumbnailUrl":"https:\/\/arquivo.barreiroweb.net\/wp-content\/uploads\/2015\/02\/Charcos-com-Vida.jpg","keywords":["barreiro","Reserva o S\u00e1bado\u2019"],"articleSection":["Terra"],"inLanguage":"pt-PT","potentialAction":[{"@type":"CommentAction","name":"Comment","target":["https:\/\/arquivo.barreiroweb.net\/?p=12869#respond"]}]},{"@type":"WebPage","@id":"https:\/\/arquivo.barreiroweb.net\/?p=12869","url":"https:\/\/arquivo.barreiroweb.net\/?p=12869","name":"\u2018RESERVA O S\u00c1BADO\u2019\u00a0Charcos com Vida - barreiroweb","isPartOf":{"@id":"https:\/\/arquivo.barreiroweb.net\/#website"},"primaryImageOfPage":{"@id":"https:\/\/arquivo.barreiroweb.net\/?p=12869#primaryimage"},"image":{"@id":"https:\/\/arquivo.barreiroweb.net\/?p=12869#primaryimage"},"thumbnailUrl":"https:\/\/arquivo.barreiroweb.net\/wp-content\/uploads\/2015\/02\/Charcos-com-Vida.jpg","datePublished":"2015-02-23T23:36:17+00:00","breadcrumb":{"@id":"https:\/\/arquivo.barreiroweb.net\/?p=12869#breadcrumb"},"inLanguage":"pt-PT","potentialAction":[{"@type":"ReadAction","target":["https:\/\/arquivo.barreiroweb.net\/?p=12869"]}]},{"@type":"ImageObject","inLanguage":"pt-PT","@id":"https:\/\/arquivo.barreiroweb.net\/?p=12869#primaryimage","url":"https:\/\/arquivo.barreiroweb.net\/wp-content\/uploads\/2015\/02\/Charcos-com-Vida.jpg","contentUrl":"https:\/\/arquivo.barreiroweb.net\/wp-content\/uploads\/2015\/02\/Charcos-com-Vida.jpg","width":608,"height":480},{"@type":"BreadcrumbList","@id":"https:\/\/arquivo.barreiroweb.net\/?p=12869#breadcrumb","itemListElement":[{"@type":"ListItem","position":1,"name":"In\u00edcio","item":"https:\/\/arquivo.barreiroweb.net\/"},{"@type":"ListItem","position":2,"name":"\u2018RESERVA O S\u00c1BADO\u2019\u00a0Charcos com Vida"}]},{"@type":"WebSite","@id":"https:\/\/arquivo.barreiroweb.net\/#website","url":"https:\/\/arquivo.barreiroweb.net\/","name":"barreiroweb","description":"Barreiroweb o barreiro na web","publisher":{"@id":"https:\/\/arquivo.barreiroweb.net\/#organization"},"potentialAction":[{"@type":"SearchAction","target":{"@type":"EntryPoint","urlTemplate":"https:\/\/arquivo.barreiroweb.net\/?s={search_term_string}"},"query-input":{"@type":"PropertyValueSpecification","valueRequired":true,"valueName":"search_term_string"}}],"inLanguage":"pt-PT"},{"@type":"Organization","@id":"https:\/\/arquivo.barreiroweb.net\/#organization","name":"barreiroweb","url":"https:\/\/arquivo.barreiroweb.net\/","logo":{"@type":"ImageObject","inLanguage":"pt-PT","@id":"https:\/\/arquivo.barreiroweb.net\/#\/schema\/logo\/image\/","url":"https:\/\/barreiroweb.net\/wp-content\/uploads\/2022\/05\/BarreiroWeb555.jpg","contentUrl":"https:\/\/barreiroweb.net\/wp-content\/uploads\/2022\/05\/BarreiroWeb555.jpg","width":421,"height":415,"caption":"barreiroweb"},"image":{"@id":"https:\/\/arquivo.barreiroweb.net\/#\/schema\/logo\/image\/"},"sameAs":["https:\/\/www.facebook.com\/barreiroweb","https:\/\/x.com\/barreiroweb"]},{"@type":"Person","@id":"https:\/\/arquivo.barreiroweb.net\/#\/schema\/person\/44b6d528aff975e3786c9f475f9df2dd","name":"barreiroweb","image":{"@type":"ImageObject","inLanguage":"pt-PT","@id":"https:\/\/arquivo.barreiroweb.net\/#\/schema\/person\/image\/","url":"https:\/\/secure.gravatar.com\/avatar\/1f764b917967430404ff0b452044eb63a25d64a5363b25be2aa42273930f477d?s=96&d=mm&r=g","contentUrl":"https:\/\/secure.gravatar.com\/avatar\/1f764b917967430404ff0b452044eb63a25d64a5363b25be2aa42273930f477d?s=96&d=mm&r=g","caption":"barreiroweb"},"url":"https:\/\/arquivo.barreiroweb.net\/?author=1"}]}},"_links":{"self":[{"href":"https:\/\/arquivo.barreiroweb.net\/index.php?rest_route=\/wp\/v2\/posts\/12869","targetHints":{"allow":["GET"]}}],"collection":[{"href":"https:\/\/arquivo.barreiroweb.net\/index.php?rest_route=\/wp\/v2\/posts"}],"about":[{"href":"https:\/\/arquivo.barreiroweb.net\/index.php?rest_route=\/wp\/v2\/types\/post"}],"author":[{"embeddable":true,"href":"https:\/\/arquivo.barreiroweb.net\/index.php?rest_route=\/wp\/v2\/users\/1"}],"replies":[{"embeddable":true,"href":"https:\/\/arquivo.barreiroweb.net\/index.php?rest_route=%2Fwp%2Fv2%2Fcomments&post=12869"}],"version-history":[{"count":1,"href":"https:\/\/arquivo.barreiroweb.net\/index.php?rest_route=\/wp\/v2\/posts\/12869\/revisions"}],"predecessor-version":[{"id":12871,"href":"https:\/\/arquivo.barreiroweb.net\/index.php?rest_route=\/wp\/v2\/posts\/12869\/revisions\/12871"}],"wp:featuredmedia":[{"embeddable":true,"href":"https:\/\/arquivo.barreiroweb.net\/index.php?rest_route=\/wp\/v2\/media\/12870"}],"wp:attachment":[{"href":"https:\/\/arquivo.barreiroweb.net\/index.php?rest_route=%2Fwp%2Fv2%2Fmedia&parent=12869"}],"wp:term":[{"taxonomy":"category","embeddable":true,"href":"https:\/\/arquivo.barreiroweb.net\/index.php?rest_route=%2Fwp%2Fv2%2Fcategories&post=12869"},{"taxonomy":"post_tag","embeddable":true,"href":"https:\/\/arquivo.barreiroweb.net\/index.php?rest_route=%2Fwp%2Fv2%2Ftags&post=12869"}],"curies":[{"name":"wp","href":"https:\/\/api.w.org\/{rel}","templated":true}]}}