{"id":12809,"date":"2015-02-04T15:12:58","date_gmt":"2015-02-04T15:12:58","guid":{"rendered":"http:\/\/barreiroweb.eu\/?p=12809"},"modified":"2015-02-04T15:12:58","modified_gmt":"2015-02-04T15:12:58","slug":"teatro-de-comedia-estamos-todos-28-fevereiro-amac","status":"publish","type":"post","link":"https:\/\/arquivo.barreiroweb.net\/?p=12809","title":{"rendered":"Teatro de com\u00e9dia \u201cEstamos Todos?\u201d 28 fevereiro, AMAC"},"content":{"rendered":"<p style=\"text-align: justify;\"><strong><a href=\"http:\/\/barreiroweb.eu\/wp-content\/uploads\/2015\/02\/Img_A5_Blog-FB_Barreiro_Estamos_Todos.jpg\" rel=\"lightbox[12809]\"><img loading=\"lazy\" decoding=\"async\" class=\"alignleft size-medium wp-image-12810\" src=\"http:\/\/barreiroweb.eu\/wp-content\/uploads\/2015\/02\/Img_A5_Blog-FB_Barreiro_Estamos_Todos-211x300.jpg\" alt=\"Img_A5_Blog+FB_Barreiro_Estamos_Todos\" width=\"211\" height=\"300\" srcset=\"https:\/\/arquivo.barreiroweb.net\/wp-content\/uploads\/2015\/02\/Img_A5_Blog-FB_Barreiro_Estamos_Todos-211x300.jpg 211w, https:\/\/arquivo.barreiroweb.net\/wp-content\/uploads\/2015\/02\/Img_A5_Blog-FB_Barreiro_Estamos_Todos-352x500.jpg 352w, https:\/\/arquivo.barreiroweb.net\/wp-content\/uploads\/2015\/02\/Img_A5_Blog-FB_Barreiro_Estamos_Todos.jpg 451w\" sizes=\"auto, (max-width: 211px) 100vw, 211px\" \/><\/a>O Audit\u00f3rio Municipal Augusto Cabrita (AMAC), no Barreiro, recebe, no dia 28 de fevereiro, s\u00e1bado, a partir das 21h30, o teatro de com\u00e9dia \u201cEstamos Todos?\u201d, com Jos\u00e9 Pedro Gomes. Os bilhetes est\u00e3o \u00e0 venda no Posto de Turismo (212068287) e no AMAC (212068230).<\/strong><\/p>\n<p style=\"text-align: justify;\"><em>Depois do enorme sucesso de &#8220;O \u00daltimo a Rir&#8221;, em 2001, a autora, Lu\u00edsa Costa Gomes, o encenador, Adriano Luz, o cen\u00f3grafo Ant\u00f3nio Jorge Gon\u00e7alves, e o ator Jos\u00e9 Pedro Gomes, voltam a juntar-se em\u00a0&#8220;Estamos Todos?&#8221; No dia do seu pr\u00f3prio casamento, o noivo, o gestor da boda, o padre, o futuro cunhado, a ex-mulher e, at\u00e9, um inspetor da pol\u00edcia, envolvem-se numa sucess\u00e3o de perip\u00e9cias que parece n\u00e3o ter fim.&#8221;Estamos todos?&#8221;: uma com\u00e9dia escrita para um ator que se desdobra em m\u00faltiplas personagens, cada uma mais hilariante que a outra.<\/em><\/p>\n<p>Faixa Et\u00e1ria M\/12<\/p>\n<p>Ingresso \u2013 12,50\u20ac plateia | 10,00 frisa<\/p>\n<p><strong>Fonte: CMB\u00a0<\/strong><\/p>\n","protected":false},"excerpt":{"rendered":"<p>O Audit\u00f3rio Municipal Augusto Cabrita (AMAC), no Barreiro, recebe, no dia 28 de fevereiro, s\u00e1bado, a partir das 21h30, o teatro de com\u00e9dia \u201cEstamos Todos?\u201d, com Jos\u00e9 Pedro Gomes. Os bilhetes est\u00e3o \u00e0 venda no Posto de Turismo (212068287) e no AMAC (212068230). Depois do enorme sucesso de &#8220;O \u00daltimo a Rir&#8221;, em 2001, a [&hellip;]<\/p>\n","protected":false},"author":1,"featured_media":12810,"comment_status":"open","ping_status":"open","sticky":false,"template":"","format":"standard","meta":{"footnotes":""},"categories":[10],"tags":[41,745],"class_list":["post-12809","post","type-post","status-publish","format-standard","has-post-thumbnail","hentry","category-teatro","tag-barreiro","tag-teatro","last_archivepost"],"yoast_head":"<!-- This site is optimized with the Yoast SEO plugin v27.1.1 - https:\/\/yoast.com\/product\/yoast-seo-wordpress\/ -->\n<title>Teatro de com\u00e9dia \u201cEstamos Todos?\u201d 28 fevereiro, AMAC - barreiroweb<\/title>\n<meta name=\"robots\" content=\"index, follow, max-snippet:-1, max-image-preview:large, max-video-preview:-1\" \/>\n<link rel=\"canonical\" href=\"https:\/\/arquivo.barreiroweb.net\/?p=12809\" \/>\n<meta property=\"og:locale\" content=\"pt_PT\" \/>\n<meta property=\"og:type\" content=\"article\" \/>\n<meta property=\"og:title\" content=\"Teatro de com\u00e9dia \u201cEstamos Todos?\u201d 28 fevereiro, AMAC - barreiroweb\" \/>\n<meta property=\"og:description\" content=\"O Audit\u00f3rio Municipal Augusto Cabrita (AMAC), no Barreiro, recebe, no dia 28 de fevereiro, s\u00e1bado, a partir das 21h30, o teatro de com\u00e9dia \u201cEstamos Todos?\u201d, com Jos\u00e9 Pedro Gomes. Os bilhetes est\u00e3o \u00e0 venda no Posto de Turismo (212068287) e no AMAC (212068230). Depois do enorme sucesso de &#8220;O \u00daltimo a Rir&#8221;, em 2001, a [&hellip;]\" \/>\n<meta property=\"og:url\" content=\"https:\/\/arquivo.barreiroweb.net\/?p=12809\" \/>\n<meta property=\"og:site_name\" content=\"barreiroweb\" \/>\n<meta property=\"article:publisher\" content=\"https:\/\/www.facebook.com\/barreiroweb\" \/>\n<meta property=\"article:published_time\" content=\"2015-02-04T15:12:58+00:00\" \/>\n<meta property=\"og:image\" content=\"https:\/\/arquivo.barreiroweb.net\/wp-content\/uploads\/2015\/02\/Img_A5_Blog-FB_Barreiro_Estamos_Todos.jpg\" \/>\n\t<meta property=\"og:image:width\" content=\"451\" \/>\n\t<meta property=\"og:image:height\" content=\"640\" \/>\n\t<meta property=\"og:image:type\" content=\"image\/jpeg\" \/>\n<meta name=\"author\" content=\"barreiroweb\" \/>\n<meta name=\"twitter:card\" content=\"summary_large_image\" \/>\n<meta name=\"twitter:creator\" content=\"@barreiroweb\" \/>\n<meta name=\"twitter:site\" content=\"@barreiroweb\" \/>\n<meta name=\"twitter:label1\" content=\"Escrito por\" \/>\n\t<meta name=\"twitter:data1\" content=\"barreiroweb\" \/>\n\t<meta name=\"twitter:label2\" content=\"Tempo estimado de leitura\" \/>\n\t<meta name=\"twitter:data2\" content=\"1 minuto\" \/>\n<script type=\"application\/ld+json\" class=\"yoast-schema-graph\">{\"@context\":\"https:\/\/schema.org\",\"@graph\":[{\"@type\":\"Article\",\"@id\":\"https:\/\/arquivo.barreiroweb.net\/?p=12809#article\",\"isPartOf\":{\"@id\":\"https:\/\/arquivo.barreiroweb.net\/?p=12809\"},\"author\":{\"name\":\"barreiroweb\",\"@id\":\"https:\/\/arquivo.barreiroweb.net\/#\/schema\/person\/44b6d528aff975e3786c9f475f9df2dd\"},\"headline\":\"Teatro de com\u00e9dia \u201cEstamos Todos?\u201d 28 fevereiro, AMAC\",\"datePublished\":\"2015-02-04T15:12:58+00:00\",\"mainEntityOfPage\":{\"@id\":\"https:\/\/arquivo.barreiroweb.net\/?p=12809\"},\"wordCount\":163,\"commentCount\":0,\"publisher\":{\"@id\":\"https:\/\/arquivo.barreiroweb.net\/#organization\"},\"image\":{\"@id\":\"https:\/\/arquivo.barreiroweb.net\/?p=12809#primaryimage\"},\"thumbnailUrl\":\"https:\/\/arquivo.barreiroweb.net\/wp-content\/uploads\/2015\/02\/Img_A5_Blog-FB_Barreiro_Estamos_Todos.jpg\",\"keywords\":[\"barreiro\",\"teatro\"],\"articleSection\":[\"Teatro\"],\"inLanguage\":\"pt-PT\",\"potentialAction\":[{\"@type\":\"CommentAction\",\"name\":\"Comment\",\"target\":[\"https:\/\/arquivo.barreiroweb.net\/?p=12809#respond\"]}]},{\"@type\":\"WebPage\",\"@id\":\"https:\/\/arquivo.barreiroweb.net\/?p=12809\",\"url\":\"https:\/\/arquivo.barreiroweb.net\/?p=12809\",\"name\":\"Teatro de com\u00e9dia \u201cEstamos Todos?\u201d 28 fevereiro, AMAC - barreiroweb\",\"isPartOf\":{\"@id\":\"https:\/\/arquivo.barreiroweb.net\/#website\"},\"primaryImageOfPage\":{\"@id\":\"https:\/\/arquivo.barreiroweb.net\/?p=12809#primaryimage\"},\"image\":{\"@id\":\"https:\/\/arquivo.barreiroweb.net\/?p=12809#primaryimage\"},\"thumbnailUrl\":\"https:\/\/arquivo.barreiroweb.net\/wp-content\/uploads\/2015\/02\/Img_A5_Blog-FB_Barreiro_Estamos_Todos.jpg\",\"datePublished\":\"2015-02-04T15:12:58+00:00\",\"breadcrumb\":{\"@id\":\"https:\/\/arquivo.barreiroweb.net\/?p=12809#breadcrumb\"},\"inLanguage\":\"pt-PT\",\"potentialAction\":[{\"@type\":\"ReadAction\",\"target\":[\"https:\/\/arquivo.barreiroweb.net\/?p=12809\"]}]},{\"@type\":\"ImageObject\",\"inLanguage\":\"pt-PT\",\"@id\":\"https:\/\/arquivo.barreiroweb.net\/?p=12809#primaryimage\",\"url\":\"https:\/\/arquivo.barreiroweb.net\/wp-content\/uploads\/2015\/02\/Img_A5_Blog-FB_Barreiro_Estamos_Todos.jpg\",\"contentUrl\":\"https:\/\/arquivo.barreiroweb.net\/wp-content\/uploads\/2015\/02\/Img_A5_Blog-FB_Barreiro_Estamos_Todos.jpg\",\"width\":451,\"height\":640},{\"@type\":\"BreadcrumbList\",\"@id\":\"https:\/\/arquivo.barreiroweb.net\/?p=12809#breadcrumb\",\"itemListElement\":[{\"@type\":\"ListItem\",\"position\":1,\"name\":\"In\u00edcio\",\"item\":\"https:\/\/arquivo.barreiroweb.net\/\"},{\"@type\":\"ListItem\",\"position\":2,\"name\":\"Teatro de com\u00e9dia \u201cEstamos Todos?\u201d 28 fevereiro, AMAC\"}]},{\"@type\":\"WebSite\",\"@id\":\"https:\/\/arquivo.barreiroweb.net\/#website\",\"url\":\"https:\/\/arquivo.barreiroweb.net\/\",\"name\":\"barreiroweb\",\"description\":\"Barreiroweb o barreiro na web\",\"publisher\":{\"@id\":\"https:\/\/arquivo.barreiroweb.net\/#organization\"},\"potentialAction\":[{\"@type\":\"SearchAction\",\"target\":{\"@type\":\"EntryPoint\",\"urlTemplate\":\"https:\/\/arquivo.barreiroweb.net\/?s={search_term_string}\"},\"query-input\":{\"@type\":\"PropertyValueSpecification\",\"valueRequired\":true,\"valueName\":\"search_term_string\"}}],\"inLanguage\":\"pt-PT\"},{\"@type\":\"Organization\",\"@id\":\"https:\/\/arquivo.barreiroweb.net\/#organization\",\"name\":\"barreiroweb\",\"url\":\"https:\/\/arquivo.barreiroweb.net\/\",\"logo\":{\"@type\":\"ImageObject\",\"inLanguage\":\"pt-PT\",\"@id\":\"https:\/\/arquivo.barreiroweb.net\/#\/schema\/logo\/image\/\",\"url\":\"https:\/\/barreiroweb.net\/wp-content\/uploads\/2022\/05\/BarreiroWeb555.jpg\",\"contentUrl\":\"https:\/\/barreiroweb.net\/wp-content\/uploads\/2022\/05\/BarreiroWeb555.jpg\",\"width\":421,\"height\":415,\"caption\":\"barreiroweb\"},\"image\":{\"@id\":\"https:\/\/arquivo.barreiroweb.net\/#\/schema\/logo\/image\/\"},\"sameAs\":[\"https:\/\/www.facebook.com\/barreiroweb\",\"https:\/\/x.com\/barreiroweb\"]},{\"@type\":\"Person\",\"@id\":\"https:\/\/arquivo.barreiroweb.net\/#\/schema\/person\/44b6d528aff975e3786c9f475f9df2dd\",\"name\":\"barreiroweb\",\"image\":{\"@type\":\"ImageObject\",\"inLanguage\":\"pt-PT\",\"@id\":\"https:\/\/arquivo.barreiroweb.net\/#\/schema\/person\/image\/\",\"url\":\"https:\/\/secure.gravatar.com\/avatar\/1f764b917967430404ff0b452044eb63a25d64a5363b25be2aa42273930f477d?s=96&d=mm&r=g\",\"contentUrl\":\"https:\/\/secure.gravatar.com\/avatar\/1f764b917967430404ff0b452044eb63a25d64a5363b25be2aa42273930f477d?s=96&d=mm&r=g\",\"caption\":\"barreiroweb\"},\"url\":\"https:\/\/arquivo.barreiroweb.net\/?author=1\"}]}<\/script>\n<!-- \/ Yoast SEO plugin. -->","yoast_head_json":{"title":"Teatro de com\u00e9dia \u201cEstamos Todos?\u201d 28 fevereiro, AMAC - barreiroweb","robots":{"index":"index","follow":"follow","max-snippet":"max-snippet:-1","max-image-preview":"max-image-preview:large","max-video-preview":"max-video-preview:-1"},"canonical":"https:\/\/arquivo.barreiroweb.net\/?p=12809","og_locale":"pt_PT","og_type":"article","og_title":"Teatro de com\u00e9dia \u201cEstamos Todos?\u201d 28 fevereiro, AMAC - barreiroweb","og_description":"O Audit\u00f3rio Municipal Augusto Cabrita (AMAC), no Barreiro, recebe, no dia 28 de fevereiro, s\u00e1bado, a partir das 21h30, o teatro de com\u00e9dia \u201cEstamos Todos?\u201d, com Jos\u00e9 Pedro Gomes. Os bilhetes est\u00e3o \u00e0 venda no Posto de Turismo (212068287) e no AMAC (212068230). Depois do enorme sucesso de &#8220;O \u00daltimo a Rir&#8221;, em 2001, a [&hellip;]","og_url":"https:\/\/arquivo.barreiroweb.net\/?p=12809","og_site_name":"barreiroweb","article_publisher":"https:\/\/www.facebook.com\/barreiroweb","article_published_time":"2015-02-04T15:12:58+00:00","og_image":[{"width":451,"height":640,"url":"https:\/\/arquivo.barreiroweb.net\/wp-content\/uploads\/2015\/02\/Img_A5_Blog-FB_Barreiro_Estamos_Todos.jpg","type":"image\/jpeg"}],"author":"barreiroweb","twitter_card":"summary_large_image","twitter_creator":"@barreiroweb","twitter_site":"@barreiroweb","twitter_misc":{"Escrito por":"barreiroweb","Tempo estimado de leitura":"1 minuto"},"schema":{"@context":"https:\/\/schema.org","@graph":[{"@type":"Article","@id":"https:\/\/arquivo.barreiroweb.net\/?p=12809#article","isPartOf":{"@id":"https:\/\/arquivo.barreiroweb.net\/?p=12809"},"author":{"name":"barreiroweb","@id":"https:\/\/arquivo.barreiroweb.net\/#\/schema\/person\/44b6d528aff975e3786c9f475f9df2dd"},"headline":"Teatro de com\u00e9dia \u201cEstamos Todos?\u201d 28 fevereiro, AMAC","datePublished":"2015-02-04T15:12:58+00:00","mainEntityOfPage":{"@id":"https:\/\/arquivo.barreiroweb.net\/?p=12809"},"wordCount":163,"commentCount":0,"publisher":{"@id":"https:\/\/arquivo.barreiroweb.net\/#organization"},"image":{"@id":"https:\/\/arquivo.barreiroweb.net\/?p=12809#primaryimage"},"thumbnailUrl":"https:\/\/arquivo.barreiroweb.net\/wp-content\/uploads\/2015\/02\/Img_A5_Blog-FB_Barreiro_Estamos_Todos.jpg","keywords":["barreiro","teatro"],"articleSection":["Teatro"],"inLanguage":"pt-PT","potentialAction":[{"@type":"CommentAction","name":"Comment","target":["https:\/\/arquivo.barreiroweb.net\/?p=12809#respond"]}]},{"@type":"WebPage","@id":"https:\/\/arquivo.barreiroweb.net\/?p=12809","url":"https:\/\/arquivo.barreiroweb.net\/?p=12809","name":"Teatro de com\u00e9dia \u201cEstamos Todos?\u201d 28 fevereiro, AMAC - barreiroweb","isPartOf":{"@id":"https:\/\/arquivo.barreiroweb.net\/#website"},"primaryImageOfPage":{"@id":"https:\/\/arquivo.barreiroweb.net\/?p=12809#primaryimage"},"image":{"@id":"https:\/\/arquivo.barreiroweb.net\/?p=12809#primaryimage"},"thumbnailUrl":"https:\/\/arquivo.barreiroweb.net\/wp-content\/uploads\/2015\/02\/Img_A5_Blog-FB_Barreiro_Estamos_Todos.jpg","datePublished":"2015-02-04T15:12:58+00:00","breadcrumb":{"@id":"https:\/\/arquivo.barreiroweb.net\/?p=12809#breadcrumb"},"inLanguage":"pt-PT","potentialAction":[{"@type":"ReadAction","target":["https:\/\/arquivo.barreiroweb.net\/?p=12809"]}]},{"@type":"ImageObject","inLanguage":"pt-PT","@id":"https:\/\/arquivo.barreiroweb.net\/?p=12809#primaryimage","url":"https:\/\/arquivo.barreiroweb.net\/wp-content\/uploads\/2015\/02\/Img_A5_Blog-FB_Barreiro_Estamos_Todos.jpg","contentUrl":"https:\/\/arquivo.barreiroweb.net\/wp-content\/uploads\/2015\/02\/Img_A5_Blog-FB_Barreiro_Estamos_Todos.jpg","width":451,"height":640},{"@type":"BreadcrumbList","@id":"https:\/\/arquivo.barreiroweb.net\/?p=12809#breadcrumb","itemListElement":[{"@type":"ListItem","position":1,"name":"In\u00edcio","item":"https:\/\/arquivo.barreiroweb.net\/"},{"@type":"ListItem","position":2,"name":"Teatro de com\u00e9dia \u201cEstamos Todos?\u201d 28 fevereiro, AMAC"}]},{"@type":"WebSite","@id":"https:\/\/arquivo.barreiroweb.net\/#website","url":"https:\/\/arquivo.barreiroweb.net\/","name":"barreiroweb","description":"Barreiroweb o barreiro na web","publisher":{"@id":"https:\/\/arquivo.barreiroweb.net\/#organization"},"potentialAction":[{"@type":"SearchAction","target":{"@type":"EntryPoint","urlTemplate":"https:\/\/arquivo.barreiroweb.net\/?s={search_term_string}"},"query-input":{"@type":"PropertyValueSpecification","valueRequired":true,"valueName":"search_term_string"}}],"inLanguage":"pt-PT"},{"@type":"Organization","@id":"https:\/\/arquivo.barreiroweb.net\/#organization","name":"barreiroweb","url":"https:\/\/arquivo.barreiroweb.net\/","logo":{"@type":"ImageObject","inLanguage":"pt-PT","@id":"https:\/\/arquivo.barreiroweb.net\/#\/schema\/logo\/image\/","url":"https:\/\/barreiroweb.net\/wp-content\/uploads\/2022\/05\/BarreiroWeb555.jpg","contentUrl":"https:\/\/barreiroweb.net\/wp-content\/uploads\/2022\/05\/BarreiroWeb555.jpg","width":421,"height":415,"caption":"barreiroweb"},"image":{"@id":"https:\/\/arquivo.barreiroweb.net\/#\/schema\/logo\/image\/"},"sameAs":["https:\/\/www.facebook.com\/barreiroweb","https:\/\/x.com\/barreiroweb"]},{"@type":"Person","@id":"https:\/\/arquivo.barreiroweb.net\/#\/schema\/person\/44b6d528aff975e3786c9f475f9df2dd","name":"barreiroweb","image":{"@type":"ImageObject","inLanguage":"pt-PT","@id":"https:\/\/arquivo.barreiroweb.net\/#\/schema\/person\/image\/","url":"https:\/\/secure.gravatar.com\/avatar\/1f764b917967430404ff0b452044eb63a25d64a5363b25be2aa42273930f477d?s=96&d=mm&r=g","contentUrl":"https:\/\/secure.gravatar.com\/avatar\/1f764b917967430404ff0b452044eb63a25d64a5363b25be2aa42273930f477d?s=96&d=mm&r=g","caption":"barreiroweb"},"url":"https:\/\/arquivo.barreiroweb.net\/?author=1"}]}},"_links":{"self":[{"href":"https:\/\/arquivo.barreiroweb.net\/index.php?rest_route=\/wp\/v2\/posts\/12809","targetHints":{"allow":["GET"]}}],"collection":[{"href":"https:\/\/arquivo.barreiroweb.net\/index.php?rest_route=\/wp\/v2\/posts"}],"about":[{"href":"https:\/\/arquivo.barreiroweb.net\/index.php?rest_route=\/wp\/v2\/types\/post"}],"author":[{"embeddable":true,"href":"https:\/\/arquivo.barreiroweb.net\/index.php?rest_route=\/wp\/v2\/users\/1"}],"replies":[{"embeddable":true,"href":"https:\/\/arquivo.barreiroweb.net\/index.php?rest_route=%2Fwp%2Fv2%2Fcomments&post=12809"}],"version-history":[{"count":1,"href":"https:\/\/arquivo.barreiroweb.net\/index.php?rest_route=\/wp\/v2\/posts\/12809\/revisions"}],"predecessor-version":[{"id":12811,"href":"https:\/\/arquivo.barreiroweb.net\/index.php?rest_route=\/wp\/v2\/posts\/12809\/revisions\/12811"}],"wp:featuredmedia":[{"embeddable":true,"href":"https:\/\/arquivo.barreiroweb.net\/index.php?rest_route=\/wp\/v2\/media\/12810"}],"wp:attachment":[{"href":"https:\/\/arquivo.barreiroweb.net\/index.php?rest_route=%2Fwp%2Fv2%2Fmedia&parent=12809"}],"wp:term":[{"taxonomy":"category","embeddable":true,"href":"https:\/\/arquivo.barreiroweb.net\/index.php?rest_route=%2Fwp%2Fv2%2Fcategories&post=12809"},{"taxonomy":"post_tag","embeddable":true,"href":"https:\/\/arquivo.barreiroweb.net\/index.php?rest_route=%2Fwp%2Fv2%2Ftags&post=12809"}],"curies":[{"name":"wp","href":"https:\/\/api.w.org\/{rel}","templated":true}]}}