{"id":12778,"date":"2015-01-29T23:49:41","date_gmt":"2015-01-29T23:49:41","guid":{"rendered":"http:\/\/barreiroweb.eu\/?p=12778"},"modified":"2015-01-29T23:49:41","modified_gmt":"2015-01-29T23:49:41","slug":"desfile-de-carnaval-das-escolas-2015","status":"publish","type":"post","link":"https:\/\/arquivo.barreiroweb.net\/?p=12778","title":{"rendered":"DESFILE DE CARNAVAL DAS ESCOLAS 2015"},"content":{"rendered":"<p style=\"text-align: justify;\"><a href=\"http:\/\/barreiroweb.eu\/wp-content\/uploads\/2015\/01\/cartaz-carnaval-escolas.jpg\" rel=\"lightbox[12778]\"><img loading=\"lazy\" decoding=\"async\" class=\"alignleft size-medium wp-image-12779\" src=\"http:\/\/barreiroweb.eu\/wp-content\/uploads\/2015\/01\/cartaz-carnaval-escolas-212x300.jpg\" alt=\"cartaz carnaval escolas\" width=\"212\" height=\"300\" srcset=\"https:\/\/arquivo.barreiroweb.net\/wp-content\/uploads\/2015\/01\/cartaz-carnaval-escolas-212x300.jpg 212w, https:\/\/arquivo.barreiroweb.net\/wp-content\/uploads\/2015\/01\/cartaz-carnaval-escolas-353x500.jpg 353w, https:\/\/arquivo.barreiroweb.net\/wp-content\/uploads\/2015\/01\/cartaz-carnaval-escolas.jpg 452w\" sizes=\"auto, (max-width: 212px) 100vw, 212px\" \/><\/a>13 DE FEVEREIRO, Avenida Escola de Fuzileiros Navais<\/p>\n<p style=\"text-align: justify;\">Cerca de 3000 mil alunos das escolas do 1\u00ba ciclo e jardim-de-inf\u00e2ncia do Concelho do Barreiro v\u00e3o participar no Desfile de Carnaval da Comunidade Educativa, no dia 13 de fevereiro, a partir das 10h30, na Avenida Escola de Fuzileiros Navais. Este ano, optou-se pela organiza\u00e7\u00e3o de um \u00fanico grande desfile, subordinado ao tema Identidades \u2013 Encontro de Culturas.<\/p>\n<p style=\"text-align: justify;\">O desfile tem in\u00edcio junto \u00e0 Rua Afonso de Albuquerque, terminando na Rotunda do Fuzileiro.<\/p>\n<p style=\"text-align: justify;\">De modo a possibilitar o desfile dos alunos e a posterior limpeza do espa\u00e7o p\u00fablico, a partir das 9h00 at\u00e9, previsivelmente, \u00e0s 14h00, ir\u00e1 proceder-se \u00e0 INTERDI\u00c7\u00c3O DE TR\u00c2NSITO E DO ESTACIONAMENTO na Avenida Escola de Fuzileiros Navais e no Largo em frente \u00e0 Escola Secund\u00e1ria de Santo Andr\u00e9 (ESSA).<\/p>\n<p style=\"text-align: justify;\">Ser\u00e3o sinalizados os percursos alternativos de modo a causar a menor perturba\u00e7\u00e3o para a circula\u00e7\u00e3o rodovi\u00e1ria.<\/p>\n<p style=\"text-align: justify;\">TRANSPORTES COLECTIVOS DO BARREIRO<\/p>\n<p style=\"text-align: justify;\">A realiza\u00e7\u00e3o deste evento ir\u00e1 obrigar a um ajustamento dos circuitos dos Transportes Colectivos do Barreiro, nomeadamente:<\/p>\n<p style=\"text-align: justify;\">Carreiras 1, 2 e 6 &#8211; Circulam por Av. Escola de Fuzileiros Navais, Rua Calouste Gulbenkian, Av. do Parque da Cidade, Rua D. Afonso de Albuquerque, Av. Escola de Fuzileiros Navais onde retomam o seu percurso;<\/p>\n<p style=\"text-align: justify;\">Carreiras 3 e 17 &#8211; Circulam por Av. Escola de Fuzileiros Navais, Rua Calouste Gulbenkian, Av. do Parque da Cidade, Rua D. Afonso de Albuquerque, Av. Escola de Fuzileiros Navais, Rua Capit\u00e3es de Abril onde retomam o seu percurso;<\/p>\n<p style=\"text-align: justify;\">Carreira 16 &#8211; Circula por Av. Movimento das For\u00e7as Armadas, Av. do Parque da Cidade, Rua D. Afonso de Albuquerque, Av. Escola de Fuzileiros Navais onde retoma o seu percurso.<\/p>\n<p style=\"text-align: justify;\">Realizam todas as paragens.<\/p>\n<p style=\"text-align: justify;\">Fonte: CMB<\/p>\n","protected":false},"excerpt":{"rendered":"<p>13 DE FEVEREIRO, Avenida Escola de Fuzileiros Navais Cerca de 3000 mil alunos das escolas do 1\u00ba ciclo e jardim-de-inf\u00e2ncia do Concelho do Barreiro v\u00e3o participar no Desfile de Carnaval da Comunidade Educativa, no dia 13 de fevereiro, a partir das 10h30, na Avenida Escola de Fuzileiros Navais. Este ano, optou-se pela organiza\u00e7\u00e3o de um [&hellip;]<\/p>\n","protected":false},"author":1,"featured_media":12779,"comment_status":"open","ping_status":"open","sticky":false,"template":"","format":"standard","meta":{"footnotes":""},"categories":[3,1],"tags":[41,655],"class_list":["post-12778","post","type-post","status-publish","format-standard","has-post-thumbnail","hentry","category-eventos","category-expo","tag-barreiro","tag-canaval","last_archivepost"],"yoast_head":"<!-- This site is optimized with the Yoast SEO plugin v27.1.1 - https:\/\/yoast.com\/product\/yoast-seo-wordpress\/ -->\n<title>DESFILE DE CARNAVAL DAS ESCOLAS 2015 - barreiroweb<\/title>\n<meta name=\"robots\" content=\"index, follow, max-snippet:-1, max-image-preview:large, max-video-preview:-1\" \/>\n<link rel=\"canonical\" href=\"https:\/\/arquivo.barreiroweb.net\/?p=12778\" \/>\n<meta property=\"og:locale\" content=\"pt_PT\" \/>\n<meta property=\"og:type\" content=\"article\" \/>\n<meta property=\"og:title\" content=\"DESFILE DE CARNAVAL DAS ESCOLAS 2015 - barreiroweb\" \/>\n<meta property=\"og:description\" content=\"13 DE FEVEREIRO, Avenida Escola de Fuzileiros Navais Cerca de 3000 mil alunos das escolas do 1\u00ba ciclo e jardim-de-inf\u00e2ncia do Concelho do Barreiro v\u00e3o participar no Desfile de Carnaval da Comunidade Educativa, no dia 13 de fevereiro, a partir das 10h30, na Avenida Escola de Fuzileiros Navais. Este ano, optou-se pela organiza\u00e7\u00e3o de um [&hellip;]\" \/>\n<meta property=\"og:url\" content=\"https:\/\/arquivo.barreiroweb.net\/?p=12778\" \/>\n<meta property=\"og:site_name\" content=\"barreiroweb\" \/>\n<meta property=\"article:publisher\" content=\"https:\/\/www.facebook.com\/barreiroweb\" \/>\n<meta property=\"article:published_time\" content=\"2015-01-29T23:49:41+00:00\" \/>\n<meta property=\"og:image\" content=\"https:\/\/arquivo.barreiroweb.net\/wp-content\/uploads\/2015\/01\/cartaz-carnaval-escolas.jpg\" \/>\n\t<meta property=\"og:image:width\" content=\"452\" \/>\n\t<meta property=\"og:image:height\" content=\"640\" \/>\n\t<meta property=\"og:image:type\" content=\"image\/jpeg\" \/>\n<meta name=\"author\" content=\"barreiroweb\" \/>\n<meta name=\"twitter:card\" content=\"summary_large_image\" \/>\n<meta name=\"twitter:creator\" content=\"@barreiroweb\" \/>\n<meta name=\"twitter:site\" content=\"@barreiroweb\" \/>\n<meta name=\"twitter:label1\" content=\"Escrito por\" \/>\n\t<meta name=\"twitter:data1\" content=\"barreiroweb\" \/>\n\t<meta name=\"twitter:label2\" content=\"Tempo estimado de leitura\" \/>\n\t<meta name=\"twitter:data2\" content=\"1 minuto\" \/>\n<script type=\"application\/ld+json\" class=\"yoast-schema-graph\">{\"@context\":\"https:\/\/schema.org\",\"@graph\":[{\"@type\":\"Article\",\"@id\":\"https:\/\/arquivo.barreiroweb.net\/?p=12778#article\",\"isPartOf\":{\"@id\":\"https:\/\/arquivo.barreiroweb.net\/?p=12778\"},\"author\":{\"name\":\"barreiroweb\",\"@id\":\"https:\/\/arquivo.barreiroweb.net\/#\/schema\/person\/44b6d528aff975e3786c9f475f9df2dd\"},\"headline\":\"DESFILE DE CARNAVAL DAS ESCOLAS 2015\",\"datePublished\":\"2015-01-29T23:49:41+00:00\",\"mainEntityOfPage\":{\"@id\":\"https:\/\/arquivo.barreiroweb.net\/?p=12778\"},\"wordCount\":286,\"commentCount\":0,\"publisher\":{\"@id\":\"https:\/\/arquivo.barreiroweb.net\/#organization\"},\"image\":{\"@id\":\"https:\/\/arquivo.barreiroweb.net\/?p=12778#primaryimage\"},\"thumbnailUrl\":\"https:\/\/arquivo.barreiroweb.net\/wp-content\/uploads\/2015\/01\/cartaz-carnaval-escolas.jpg\",\"keywords\":[\"barreiro\",\"canaval\"],\"articleSection\":[\"Eventos\",\"Festas e Feiras\"],\"inLanguage\":\"pt-PT\",\"potentialAction\":[{\"@type\":\"CommentAction\",\"name\":\"Comment\",\"target\":[\"https:\/\/arquivo.barreiroweb.net\/?p=12778#respond\"]}]},{\"@type\":\"WebPage\",\"@id\":\"https:\/\/arquivo.barreiroweb.net\/?p=12778\",\"url\":\"https:\/\/arquivo.barreiroweb.net\/?p=12778\",\"name\":\"DESFILE DE CARNAVAL DAS ESCOLAS 2015 - barreiroweb\",\"isPartOf\":{\"@id\":\"https:\/\/arquivo.barreiroweb.net\/#website\"},\"primaryImageOfPage\":{\"@id\":\"https:\/\/arquivo.barreiroweb.net\/?p=12778#primaryimage\"},\"image\":{\"@id\":\"https:\/\/arquivo.barreiroweb.net\/?p=12778#primaryimage\"},\"thumbnailUrl\":\"https:\/\/arquivo.barreiroweb.net\/wp-content\/uploads\/2015\/01\/cartaz-carnaval-escolas.jpg\",\"datePublished\":\"2015-01-29T23:49:41+00:00\",\"breadcrumb\":{\"@id\":\"https:\/\/arquivo.barreiroweb.net\/?p=12778#breadcrumb\"},\"inLanguage\":\"pt-PT\",\"potentialAction\":[{\"@type\":\"ReadAction\",\"target\":[\"https:\/\/arquivo.barreiroweb.net\/?p=12778\"]}]},{\"@type\":\"ImageObject\",\"inLanguage\":\"pt-PT\",\"@id\":\"https:\/\/arquivo.barreiroweb.net\/?p=12778#primaryimage\",\"url\":\"https:\/\/arquivo.barreiroweb.net\/wp-content\/uploads\/2015\/01\/cartaz-carnaval-escolas.jpg\",\"contentUrl\":\"https:\/\/arquivo.barreiroweb.net\/wp-content\/uploads\/2015\/01\/cartaz-carnaval-escolas.jpg\",\"width\":452,\"height\":640},{\"@type\":\"BreadcrumbList\",\"@id\":\"https:\/\/arquivo.barreiroweb.net\/?p=12778#breadcrumb\",\"itemListElement\":[{\"@type\":\"ListItem\",\"position\":1,\"name\":\"In\u00edcio\",\"item\":\"https:\/\/arquivo.barreiroweb.net\/\"},{\"@type\":\"ListItem\",\"position\":2,\"name\":\"DESFILE DE CARNAVAL DAS ESCOLAS 2015\"}]},{\"@type\":\"WebSite\",\"@id\":\"https:\/\/arquivo.barreiroweb.net\/#website\",\"url\":\"https:\/\/arquivo.barreiroweb.net\/\",\"name\":\"barreiroweb\",\"description\":\"Barreiroweb o barreiro na web\",\"publisher\":{\"@id\":\"https:\/\/arquivo.barreiroweb.net\/#organization\"},\"potentialAction\":[{\"@type\":\"SearchAction\",\"target\":{\"@type\":\"EntryPoint\",\"urlTemplate\":\"https:\/\/arquivo.barreiroweb.net\/?s={search_term_string}\"},\"query-input\":{\"@type\":\"PropertyValueSpecification\",\"valueRequired\":true,\"valueName\":\"search_term_string\"}}],\"inLanguage\":\"pt-PT\"},{\"@type\":\"Organization\",\"@id\":\"https:\/\/arquivo.barreiroweb.net\/#organization\",\"name\":\"barreiroweb\",\"url\":\"https:\/\/arquivo.barreiroweb.net\/\",\"logo\":{\"@type\":\"ImageObject\",\"inLanguage\":\"pt-PT\",\"@id\":\"https:\/\/arquivo.barreiroweb.net\/#\/schema\/logo\/image\/\",\"url\":\"https:\/\/barreiroweb.net\/wp-content\/uploads\/2022\/05\/BarreiroWeb555.jpg\",\"contentUrl\":\"https:\/\/barreiroweb.net\/wp-content\/uploads\/2022\/05\/BarreiroWeb555.jpg\",\"width\":421,\"height\":415,\"caption\":\"barreiroweb\"},\"image\":{\"@id\":\"https:\/\/arquivo.barreiroweb.net\/#\/schema\/logo\/image\/\"},\"sameAs\":[\"https:\/\/www.facebook.com\/barreiroweb\",\"https:\/\/x.com\/barreiroweb\"]},{\"@type\":\"Person\",\"@id\":\"https:\/\/arquivo.barreiroweb.net\/#\/schema\/person\/44b6d528aff975e3786c9f475f9df2dd\",\"name\":\"barreiroweb\",\"image\":{\"@type\":\"ImageObject\",\"inLanguage\":\"pt-PT\",\"@id\":\"https:\/\/arquivo.barreiroweb.net\/#\/schema\/person\/image\/\",\"url\":\"https:\/\/secure.gravatar.com\/avatar\/1f764b917967430404ff0b452044eb63a25d64a5363b25be2aa42273930f477d?s=96&d=mm&r=g\",\"contentUrl\":\"https:\/\/secure.gravatar.com\/avatar\/1f764b917967430404ff0b452044eb63a25d64a5363b25be2aa42273930f477d?s=96&d=mm&r=g\",\"caption\":\"barreiroweb\"},\"url\":\"https:\/\/arquivo.barreiroweb.net\/?author=1\"}]}<\/script>\n<!-- \/ Yoast SEO plugin. -->","yoast_head_json":{"title":"DESFILE DE CARNAVAL DAS ESCOLAS 2015 - barreiroweb","robots":{"index":"index","follow":"follow","max-snippet":"max-snippet:-1","max-image-preview":"max-image-preview:large","max-video-preview":"max-video-preview:-1"},"canonical":"https:\/\/arquivo.barreiroweb.net\/?p=12778","og_locale":"pt_PT","og_type":"article","og_title":"DESFILE DE CARNAVAL DAS ESCOLAS 2015 - barreiroweb","og_description":"13 DE FEVEREIRO, Avenida Escola de Fuzileiros Navais Cerca de 3000 mil alunos das escolas do 1\u00ba ciclo e jardim-de-inf\u00e2ncia do Concelho do Barreiro v\u00e3o participar no Desfile de Carnaval da Comunidade Educativa, no dia 13 de fevereiro, a partir das 10h30, na Avenida Escola de Fuzileiros Navais. Este ano, optou-se pela organiza\u00e7\u00e3o de um [&hellip;]","og_url":"https:\/\/arquivo.barreiroweb.net\/?p=12778","og_site_name":"barreiroweb","article_publisher":"https:\/\/www.facebook.com\/barreiroweb","article_published_time":"2015-01-29T23:49:41+00:00","og_image":[{"width":452,"height":640,"url":"https:\/\/arquivo.barreiroweb.net\/wp-content\/uploads\/2015\/01\/cartaz-carnaval-escolas.jpg","type":"image\/jpeg"}],"author":"barreiroweb","twitter_card":"summary_large_image","twitter_creator":"@barreiroweb","twitter_site":"@barreiroweb","twitter_misc":{"Escrito por":"barreiroweb","Tempo estimado de leitura":"1 minuto"},"schema":{"@context":"https:\/\/schema.org","@graph":[{"@type":"Article","@id":"https:\/\/arquivo.barreiroweb.net\/?p=12778#article","isPartOf":{"@id":"https:\/\/arquivo.barreiroweb.net\/?p=12778"},"author":{"name":"barreiroweb","@id":"https:\/\/arquivo.barreiroweb.net\/#\/schema\/person\/44b6d528aff975e3786c9f475f9df2dd"},"headline":"DESFILE DE CARNAVAL DAS ESCOLAS 2015","datePublished":"2015-01-29T23:49:41+00:00","mainEntityOfPage":{"@id":"https:\/\/arquivo.barreiroweb.net\/?p=12778"},"wordCount":286,"commentCount":0,"publisher":{"@id":"https:\/\/arquivo.barreiroweb.net\/#organization"},"image":{"@id":"https:\/\/arquivo.barreiroweb.net\/?p=12778#primaryimage"},"thumbnailUrl":"https:\/\/arquivo.barreiroweb.net\/wp-content\/uploads\/2015\/01\/cartaz-carnaval-escolas.jpg","keywords":["barreiro","canaval"],"articleSection":["Eventos","Festas e Feiras"],"inLanguage":"pt-PT","potentialAction":[{"@type":"CommentAction","name":"Comment","target":["https:\/\/arquivo.barreiroweb.net\/?p=12778#respond"]}]},{"@type":"WebPage","@id":"https:\/\/arquivo.barreiroweb.net\/?p=12778","url":"https:\/\/arquivo.barreiroweb.net\/?p=12778","name":"DESFILE DE CARNAVAL DAS ESCOLAS 2015 - barreiroweb","isPartOf":{"@id":"https:\/\/arquivo.barreiroweb.net\/#website"},"primaryImageOfPage":{"@id":"https:\/\/arquivo.barreiroweb.net\/?p=12778#primaryimage"},"image":{"@id":"https:\/\/arquivo.barreiroweb.net\/?p=12778#primaryimage"},"thumbnailUrl":"https:\/\/arquivo.barreiroweb.net\/wp-content\/uploads\/2015\/01\/cartaz-carnaval-escolas.jpg","datePublished":"2015-01-29T23:49:41+00:00","breadcrumb":{"@id":"https:\/\/arquivo.barreiroweb.net\/?p=12778#breadcrumb"},"inLanguage":"pt-PT","potentialAction":[{"@type":"ReadAction","target":["https:\/\/arquivo.barreiroweb.net\/?p=12778"]}]},{"@type":"ImageObject","inLanguage":"pt-PT","@id":"https:\/\/arquivo.barreiroweb.net\/?p=12778#primaryimage","url":"https:\/\/arquivo.barreiroweb.net\/wp-content\/uploads\/2015\/01\/cartaz-carnaval-escolas.jpg","contentUrl":"https:\/\/arquivo.barreiroweb.net\/wp-content\/uploads\/2015\/01\/cartaz-carnaval-escolas.jpg","width":452,"height":640},{"@type":"BreadcrumbList","@id":"https:\/\/arquivo.barreiroweb.net\/?p=12778#breadcrumb","itemListElement":[{"@type":"ListItem","position":1,"name":"In\u00edcio","item":"https:\/\/arquivo.barreiroweb.net\/"},{"@type":"ListItem","position":2,"name":"DESFILE DE CARNAVAL DAS ESCOLAS 2015"}]},{"@type":"WebSite","@id":"https:\/\/arquivo.barreiroweb.net\/#website","url":"https:\/\/arquivo.barreiroweb.net\/","name":"barreiroweb","description":"Barreiroweb o barreiro na web","publisher":{"@id":"https:\/\/arquivo.barreiroweb.net\/#organization"},"potentialAction":[{"@type":"SearchAction","target":{"@type":"EntryPoint","urlTemplate":"https:\/\/arquivo.barreiroweb.net\/?s={search_term_string}"},"query-input":{"@type":"PropertyValueSpecification","valueRequired":true,"valueName":"search_term_string"}}],"inLanguage":"pt-PT"},{"@type":"Organization","@id":"https:\/\/arquivo.barreiroweb.net\/#organization","name":"barreiroweb","url":"https:\/\/arquivo.barreiroweb.net\/","logo":{"@type":"ImageObject","inLanguage":"pt-PT","@id":"https:\/\/arquivo.barreiroweb.net\/#\/schema\/logo\/image\/","url":"https:\/\/barreiroweb.net\/wp-content\/uploads\/2022\/05\/BarreiroWeb555.jpg","contentUrl":"https:\/\/barreiroweb.net\/wp-content\/uploads\/2022\/05\/BarreiroWeb555.jpg","width":421,"height":415,"caption":"barreiroweb"},"image":{"@id":"https:\/\/arquivo.barreiroweb.net\/#\/schema\/logo\/image\/"},"sameAs":["https:\/\/www.facebook.com\/barreiroweb","https:\/\/x.com\/barreiroweb"]},{"@type":"Person","@id":"https:\/\/arquivo.barreiroweb.net\/#\/schema\/person\/44b6d528aff975e3786c9f475f9df2dd","name":"barreiroweb","image":{"@type":"ImageObject","inLanguage":"pt-PT","@id":"https:\/\/arquivo.barreiroweb.net\/#\/schema\/person\/image\/","url":"https:\/\/secure.gravatar.com\/avatar\/1f764b917967430404ff0b452044eb63a25d64a5363b25be2aa42273930f477d?s=96&d=mm&r=g","contentUrl":"https:\/\/secure.gravatar.com\/avatar\/1f764b917967430404ff0b452044eb63a25d64a5363b25be2aa42273930f477d?s=96&d=mm&r=g","caption":"barreiroweb"},"url":"https:\/\/arquivo.barreiroweb.net\/?author=1"}]}},"_links":{"self":[{"href":"https:\/\/arquivo.barreiroweb.net\/index.php?rest_route=\/wp\/v2\/posts\/12778","targetHints":{"allow":["GET"]}}],"collection":[{"href":"https:\/\/arquivo.barreiroweb.net\/index.php?rest_route=\/wp\/v2\/posts"}],"about":[{"href":"https:\/\/arquivo.barreiroweb.net\/index.php?rest_route=\/wp\/v2\/types\/post"}],"author":[{"embeddable":true,"href":"https:\/\/arquivo.barreiroweb.net\/index.php?rest_route=\/wp\/v2\/users\/1"}],"replies":[{"embeddable":true,"href":"https:\/\/arquivo.barreiroweb.net\/index.php?rest_route=%2Fwp%2Fv2%2Fcomments&post=12778"}],"version-history":[{"count":1,"href":"https:\/\/arquivo.barreiroweb.net\/index.php?rest_route=\/wp\/v2\/posts\/12778\/revisions"}],"predecessor-version":[{"id":12780,"href":"https:\/\/arquivo.barreiroweb.net\/index.php?rest_route=\/wp\/v2\/posts\/12778\/revisions\/12780"}],"wp:featuredmedia":[{"embeddable":true,"href":"https:\/\/arquivo.barreiroweb.net\/index.php?rest_route=\/wp\/v2\/media\/12779"}],"wp:attachment":[{"href":"https:\/\/arquivo.barreiroweb.net\/index.php?rest_route=%2Fwp%2Fv2%2Fmedia&parent=12778"}],"wp:term":[{"taxonomy":"category","embeddable":true,"href":"https:\/\/arquivo.barreiroweb.net\/index.php?rest_route=%2Fwp%2Fv2%2Fcategories&post=12778"},{"taxonomy":"post_tag","embeddable":true,"href":"https:\/\/arquivo.barreiroweb.net\/index.php?rest_route=%2Fwp%2Fv2%2Ftags&post=12778"}],"curies":[{"name":"wp","href":"https:\/\/api.w.org\/{rel}","templated":true}]}}