{"id":12743,"date":"2015-01-21T14:29:10","date_gmt":"2015-01-21T14:29:10","guid":{"rendered":"http:\/\/barreiroweb.eu\/?p=12743"},"modified":"2015-01-21T14:29:10","modified_gmt":"2015-01-21T14:29:10","slug":"amac-agenda-fevereiro-2015","status":"publish","type":"post","link":"https:\/\/arquivo.barreiroweb.net\/?p=12743","title":{"rendered":"AMAC\u00a0AGENDA FEVEREIRO 2015"},"content":{"rendered":"<p style=\"text-align: justify;\"><strong><a href=\"http:\/\/barreiroweb.eu\/wp-content\/uploads\/2015\/01\/flyer-FEV-2.jpg\" rel=\"lightbox[12743]\"><img loading=\"lazy\" decoding=\"async\" class=\"alignleft size-medium wp-image-12744\" src=\"http:\/\/barreiroweb.eu\/wp-content\/uploads\/2015\/01\/flyer-FEV-2-211x300.jpg\" alt=\"flyer FEV (2)\" width=\"211\" height=\"300\" srcset=\"https:\/\/arquivo.barreiroweb.net\/wp-content\/uploads\/2015\/01\/flyer-FEV-2-211x300.jpg 211w, https:\/\/arquivo.barreiroweb.net\/wp-content\/uploads\/2015\/01\/flyer-FEV-2-352x500.jpg 352w, https:\/\/arquivo.barreiroweb.net\/wp-content\/uploads\/2015\/01\/flyer-FEV-2.jpg 451w\" sizes=\"auto, (max-width: 211px) 100vw, 211px\" \/><\/a>O Audit\u00f3rio Municipal Augusto Cabrita (AMAC) recebe, em fevereiro, diversas iniciativas culturais dirigidas a diversos p\u00fablicos. No programa, destaque para o concerto com D.A.M.A, a 13 de fevereiro, e o teatro de com\u00e9dia \u201cEstamos Todos?\u201d, no dia 28<\/strong><\/p>\n<p style=\"text-align: justify;\"><strong><span style=\"text-decoration: underline;\">Programa<\/span><\/strong><\/p>\n<p style=\"text-align: justify;\"><strong>1 fevereiro | domingo | Das 14h00 \u00e0s 18h00 | Mercado Infantil | AMAC &#8211; Foyer<\/strong><\/p>\n<p style=\"text-align: justify;\"><em>Vai ter lugar no Audit\u00f3rio Municipal Augusto Cabrita (AMAC) a 1\u00aa edi\u00e7\u00e3o do Mercado Infantil, uma feira de trocas de artigos como brinquedos, jogos, livros, cd\u00b4s, cal\u00e7ado entre outros. Para participarem dever\u00e3o, os encarregados de educa\u00e7\u00e3o, fazer a inscri\u00e7\u00e3o, atrav\u00e9s do contacto telef\u00f3nico da bilheteira do AMAC, e trazer um len\u00e7ol ou toalha para a banca.<\/em><\/p>\n<p style=\"text-align: justify;\">P\u00fablico-Alvo <strong>&#8211; <\/strong>Familiar<\/p>\n<p style=\"text-align: justify;\"><strong>1 fevereiro | domingo | Das 16h00 \u00e0s 17h00 | M\u00e1gico Z\u00dcRCK | AMAC &#8211; Foyer<\/strong><\/p>\n<p style=\"text-align: justify;\"><em>Integrado no Mercado Infantil, o espet\u00e1culo promete trazer muitas surpresas e gargalhadas. Sejam \u201cbem &#8211; vindos ao mundo da magia, um mundo onde as leis da natureza parecem viradas do avesso e onde o imposs\u00edvel se torna poss\u00edvel!\u201d. Vem conhecer o espet\u00e1culo de magia infantil na companhia do grande <strong>MAGIC Z\u00dcRCK. <\/strong><\/em><\/p>\n<p style=\"text-align: justify;\">P\u00fablico-Alvo &#8211; Familiar<\/p>\n<p style=\"text-align: justify;\">Entrada gratuita<\/p>\n<p style=\"text-align: justify;\"><strong>7 fevereiro | s\u00e1bado | 10h00 |\u00a0 Dc -Dance Coolture | Oficina de Dan\u00e7a |\u00a0 AMAC \u2013 Palco<\/strong><\/p>\n<p style=\"text-align: justify;\"><em>Dc-Dance Coolture \u00e9 um grupo de dan\u00e7a Hip Hop sediado na URCD Coina. A categoria infantil sagrou-se, em 2014, campe\u00e3 Distrital, Nacional e Vice Campe\u00e3 Ib\u00e9rica. <\/em><\/p>\n<p style=\"text-align: justify;\">Faixa Et\u00e1ria &#8211; Dos 5 aos 10 anos<\/p>\n<p style=\"text-align: justify;\">Dura\u00e7\u00e3o\u00a0 \u2013 1h s\/ intervalo<\/p>\n<p style=\"text-align: justify;\">Ingresso\u00a0&#8211; 5,00\u20ac<\/p>\n<p style=\"text-align: justify;\">Formador: S\u00e9rgio Alegria<\/p>\n<p style=\"text-align: justify;\">Observa\u00e7\u00f5es\u00a0 \u2013 Roupa confort\u00e1vel<\/p>\n<p style=\"text-align: justify;\"><strong>7 fevereiro | s\u00e1bado | 11h00 | As Cores de Bach | Oficina de Dan\u00e7a |\u00a0 AMAC \u2013 Sala de Ensaios<\/strong><\/p>\n<p style=\"text-align: justify;\"><em>Esta oficina de dan\u00e7a criativa assenta num conceito musical, em que, atrav\u00e9s de Bach, ao movimento constru\u00eddo e improvisado, aliamos as cores. Cada nota surge aliada a uma cor e movimento.<\/em><\/p>\n<p style=\"text-align: justify;\">P\u00fablico-alvo \u2013 Dos 3 aos 8 anos<\/p>\n<p style=\"text-align: justify;\">Dura\u00e7\u00e3o \u2013 1h s\/ intervalo<\/p>\n<p style=\"text-align: justify;\">Ingresso &#8211; 5,00\u20ac<\/p>\n<p style=\"text-align: justify;\">Formadora: Ana Tib\u00farcio<\/p>\n<p style=\"text-align: justify;\">Observa\u00e7\u00f5es \u2013 Crian\u00e7a sem acompanhante. Roupa confort\u00e1vel.<\/p>\n<p style=\"text-align: justify;\"><strong>7 fevereiro | s\u00e1bado | 15h00 | Ritmos Latinos | Oficina de Dan\u00e7a |\u00a0\u00a0 AMAC &#8211; Palco<\/strong><\/p>\n<p style=\"text-align: justify;\"><em>Na oficina de dan\u00e7a \u201cRitmos Latinos\u201d os participantes v\u00e3o poder experimentar, sob orienta\u00e7\u00e3o de dan\u00e7arinos do Russkii Klub e da Companhia de Dan\u00e7a Marina Popova, dan\u00e7as latino-americanas do programa de competi\u00e7\u00e3o, como o Cha Cha Cha, o Samba, o Passo Doble e a Salsa. Esta \u00faltima, n\u00e3o sendo de competi\u00e7\u00e3o, inclui-se por ser tamb\u00e9m proveniente da Am\u00e9rica Latina. A atividade destina-se a pais e filhos que ir\u00e3o dan\u00e7ar em pares (1 adulto com uma crian\u00e7a). Outros graus de parentesco s\u00e3o perfeitamente aceit\u00e1veis.<\/em><\/p>\n<p style=\"text-align: justify;\"><em>Ao longo da atividade ser\u00e1 dada forma\u00e7\u00e3o te\u00f3rica e pr\u00e1tica, atrav\u00e9s de coreografias simples. Estas pequenas coreografias ser\u00e3o mais tarde interpretadas por todos num \u201cmini espet\u00e1culo\u201d em palco, em que os participantes ser\u00e3o o \u00fanico p\u00fablico presente.<\/em><\/p>\n<p style=\"text-align: justify;\">Faixa Et\u00e1ria &#8211; Dos 6 aos 10 anos<\/p>\n<p style=\"text-align: justify;\">Dura\u00e7\u00e3o &#8211; 2 horas<\/p>\n<p style=\"text-align: justify;\">Ingresso &#8211; 5,00\u20ac bilhete duplo<\/p>\n<p style=\"text-align: justify;\">Formadora: Marina Popova<\/p>\n<p style=\"text-align: justify;\">Observa\u00e7\u00e3o \u2013 Roupa escura e sapatos confort\u00e1veis. \u00c9 aconselh\u00e1vel o uso de sapatos apropriados para dan\u00e7a, ou sapatilhas de gin\u00e1stica (mas qualquer cal\u00e7ado para a pr\u00e1tica desportiva \u00e9 suficiente).<\/p>\n<p style=\"text-align: justify;\"><strong>13 fevereiro | s\u00e1bado |\u00a0 21h30 | D.A.M.A | M\u00fasica | AMAC<\/strong><\/p>\n<p style=\"text-align: justify;\"><em>Francisco M. Pereira (Kasha), Miguel Coimbra e Miguel Cristovinho s\u00e3o o n\u00facleo central dos D.A.M.A., banda oriunda de Lisboa que se destaca pelas suas can\u00e7\u00f5es contagiantes, empatia com o p\u00fablico e energia das atua\u00e7\u00f5es ao vivo. Francisco e Miguel Coimbra conhecem-se desde os seis anos, tendo frequentado o mesmo col\u00e9gio (na mesma turma) desde sempre. J\u00e1 nos tempos do ensino b\u00e1sico faziam composi\u00e7\u00f5es nas aulas de L\u00edngua Portuguesa, que resultava numa saud\u00e1vel competi\u00e7\u00e3o entre ambos.<\/em><\/p>\n<p style=\"text-align: justify;\"><em>D.A.M.A., sigla para a express\u00e3o \u201cDeixa-me Aclarar-te a Mente, Amigo\u201d, come\u00e7ou por ser um projeto de pop\/rap, tendo Francisco e Miguel vindo, progressivamente, a libertar-se de quaisquer restri\u00e7\u00f5es musicais, procurando sempre escrever m\u00fasicas com que as pessoas se identifiquem mas que, acima de tudo, transmitam uma mensagem positiva.<\/em><\/p>\n<p style=\"text-align: justify;\">Faixa Et\u00e1ria &#8211; M\/6<\/p>\n<p style=\"text-align: justify;\">Dura\u00e7\u00e3o aproximada \u2013 60m<\/p>\n<p style=\"text-align: justify;\">Ingresso \u2013 \u20ac 10,00<\/p>\n<p style=\"text-align: justify;\"><strong>14 fevereiro | s\u00e1bado | 16h00 | Fungaguinhos | M\u00fasica | AMAC<\/strong><\/p>\n<p style=\"text-align: justify;\"><em>Crescer com o Jos\u00e9 Barata Moura foi um privil\u00e9gio. E ouvi-lo e partilh\u00e1-lo hoje faz tanto sentido como sempre fez: as hist\u00f3rias, as met\u00e1foras, a filosofia, o balan\u00e7o, as vozes das crian\u00e7as nem sempre disciplinadas no est\u00fadio. <\/em><\/p>\n<p style=\"text-align: justify;\"><em>Joana Manuel: Voz; Maria do Mar: Violino; Ricardo A. Freitas: Baixo e arranjos; Jorge Lopes Trigo: Percuss\u00e3o<\/em><\/p>\n<p style=\"text-align: justify;\">P\u00fablico-Alvo \u2013 Familiar<\/p>\n<p style=\"text-align: justify;\">Dura\u00e7\u00e3o &#8211; 1h<\/p>\n<p style=\"text-align: justify;\">Ingresso \u2013 3,00\u20ac<\/p>\n<p style=\"text-align: justify;\"><strong>15 fevereiro | domingo | 11h00 | Ateli\u00ea Pequenos Ilustradores &#8211;<\/strong><strong> Visita guiada animada \/ percurso com atividade [Danuta] | AMAC<\/strong><\/p>\n<p style=\"text-align: justify;\">Faixa Et\u00e1ria &#8211; Dos 7 aos 10 anos<\/p>\n<p style=\"text-align: justify;\">Dura\u00e7\u00e3o \u2013 1h<\/p>\n<p style=\"text-align: justify;\">Ingresso &#8211; 2,00\u20ac<\/p>\n<p style=\"text-align: justify;\"><strong>15 de fevereiro | 16h00 | Barreiro (En)Cante | AMAC<\/strong><\/p>\n<p style=\"text-align: justify;\">Espet\u00e1culo de Homenagem ao Cante Alentejano<\/p>\n<p style=\"text-align: justify;\">Exibi\u00e7\u00e3o do Filme \u201cAlentejo, Alentejo\u201d, de S\u00e9rgio Tr\u00e9faut e atua\u00e7\u00e3o dos Grupos Corais Alentejanos \u201cOs Amigos do Barreiro\u201d e \u201cUnidos do Lavradio\u201d<\/p>\n<p style=\"text-align: justify;\">Entrada livre mediante levantamento pr\u00e9vio de ingresso<\/p>\n<p style=\"text-align: justify;\">Maiores de 12 anos<\/p>\n<p style=\"text-align: justify;\">Dura\u00e7\u00e3o \u2013 100m<\/p>\n<p style=\"text-align: justify;\"><strong>21 fevereiro | s\u00e1bado | 11h00 | Concerto Palmo e Meio| AMAC<\/strong><\/p>\n<p style=\"text-align: justify;\"><strong>M\u00fasica com a Banda Sinf\u00f3nica da PSP<\/strong><\/p>\n<p style=\"text-align: justify;\"><em>Somos poucos pol\u00edcias, estaremos fardados e vamos armados com saxofone, bateria, piano, violoncelo e outros instrumentos para despertar os sorrisos das fam\u00edlias. Seremos poucos mas valemos por muitos porque a m\u00fasica faz parte da nossa vida e durante cerca de 1 hora prometemos que a descoberta dos sons e dos instrumentos nos transportar\u00e1 para um mundo fant\u00e1stico onde todos os beb\u00e9s e crian\u00e7as s\u00e3o genuinamente felizes. <\/em><\/p>\n<p style=\"text-align: justify;\">P\u00fablico-Alvo \u2013 Familiar<\/p>\n<p style=\"text-align: justify;\">Dura\u00e7\u00e3o \u2013 1h<\/p>\n<p style=\"text-align: justify;\">Entrada gratuita, mediante reserva de bilhete<\/p>\n<p style=\"text-align: justify;\"><strong>22 fevereiro| domingo | 11h30 e \u00e0s 12h30 | L\u00e1 Fora\u2026| Teatro | Crista Alfaiate e Carla Galv\u00e3o| AMAC<\/strong><\/p>\n<p style=\"text-align: justify;\"><em>Duas mulheres guardam uma luz no s\u00f3t\u00e3o.<\/em><\/p>\n<p style=\"text-align: justify;\"><em>Podemos ver essa luz de fora e saber que Elas est\u00e3o l\u00e1 dentro, a olhar c\u00e1 para fora.<\/em><\/p>\n<p style=\"text-align: justify;\"><em>\u201cL\u00c1 FORA\u201d nasce da vontade de subir a esse lugar, de encontrar a mem\u00f3ria coletiva onde pais e filhos partilham um ambiente criativo. A performance L\u00c1 FORA&#8230; inspira-se na obra do americano Shel Silverstein, poeta, compositor, m\u00fasico, cartoonista e autor de livros de crian\u00e7as. Aproveitando o esp\u00edrito l\u00fadico e sonoro do autor, que incita o leitor a imaginar o imposs\u00edvel, demonstrando assim a import\u00e2ncia de ver o mundo de outros \u00e2ngulos e o potencial que cada um tem de criar, junt\u00e1mos sons, imagens e a\u00e7\u00f5es ligadas a este universo.<\/em><\/p>\n<p style=\"text-align: justify;\"><em>\u201cL\u00c1 FORA&#8230;\u201d \u00e9 um s\u00edtio onde aprendemos e descobrimos tudo pela primeira vez, \u00e0s vezes trope\u00e7amos e ca\u00edmos e encontramos a divers\u00e3o de nos levantarmos, e cair e levantar outra vez.\u00a0<\/em><\/p>\n<p style=\"text-align: justify;\">Faixa Et\u00e1ria &#8211; At\u00e9 aos 3 anos<\/p>\n<p style=\"text-align: justify;\">Dura\u00e7\u00e3o- 30m aproximadamente<\/p>\n<p style=\"text-align: justify;\">Ingresso -5,00\u20ac bilhete duplo (um adulto e uma crian\u00e7a) | 2\u00aa crian\u00e7a &#8211; 2,00\u20ac<\/p>\n<p style=\"text-align: justify;\"><strong>22 fevereiro | domingo | 16h00 | Filminhos infantis \u00e0 Solta pelo Pa\u00eds [Zero em Comportamento] | AMAC<\/strong><\/p>\n<p style=\"text-align: justify;\">Faixa Et\u00e1ria M\/4<\/p>\n<p style=\"text-align: justify;\">Dura\u00e7\u00e3o \u2013 50m<\/p>\n<p style=\"text-align: justify;\">Ingresso &#8211; 3,00\u20ac<\/p>\n<p style=\"text-align: justify;\"><strong>24 fevereiro | ter\u00e7a-feira | 18h00 | Prepara\u00e7\u00e3o para a Parentalidade | Workshop | AMAC<\/strong><\/p>\n<p style=\"text-align: justify;\"><em>O AMAC, em parceria com o Clube Mam\u00e3s &amp; Beb\u00e9s, apresenta um workshop para os futuros pais que pretendam saber mais informa\u00e7\u00f5es sobre os cuidados ao beb\u00e9. A forma\u00e7\u00e3o pretende tamb\u00e9m esclarecer os futuros pais em rela\u00e7\u00e3o \u00e0 Criopreserva\u00e7\u00e3o de c\u00e9lulas estaminais. Este workshop pretende informar, orientar e alertar todos os futuros pais relativamente \u00e0 gravidez e primeiros meses do beb\u00e9.<\/em><\/p>\n<p style=\"text-align: justify;\">P\u00fablico-alvo \u2013 Gr\u00e1vidas e seus acompanhantes<\/p>\n<p style=\"text-align: justify;\">Dura\u00e7\u00e3o \u2013 1h30 s\/ intervalo<\/p>\n<p style=\"text-align: justify;\">Ingresso gratuito mediante inscri\u00e7\u00f5es &#8211; <a href=\"mailto:geral@mamasebebes.pt\">geral@mamasebebes.pt<\/a>| 935 726 691<\/p>\n<p style=\"text-align: justify;\"><strong>28 fevereiro | s\u00e1bado | 21h30 | Estamos Todos? [Jos\u00e9 Pedro Gomes] | 21h30 | Teatro &#8211; com\u00e9dia\u00a0 | AMAC<\/strong><\/p>\n<p style=\"text-align: justify;\"><em>Depois do enorme sucesso de &#8220;O \u00daltimo a Rir&#8221;, em 2001, a autora, Lu\u00edsa Costa Gomes, o encenador, Adriano Luz, o cen\u00f3grafo Ant\u00f3nio Jorge Gon\u00e7alves, e o ator Jos\u00e9 Pedro Gomes, voltam a juntar-se em\u00a0&#8220;Estamos Todos?&#8221; No dia do seu pr\u00f3prio casamento, o noivo, o gestor da boda, o padre, o futuro cunhado, a ex-mulher e, at\u00e9, um inspetor da pol\u00edcia, envolvem-se numa sucess\u00e3o de perip\u00e9cias que parece n\u00e3o ter fim.&#8221;Estamos todos?&#8221;: uma com\u00e9dia escrita para um ator que se desdobra em m\u00faltiplas personagens, cada uma mais hilariante que a outra.<br \/>\n<\/em>Faixa Et\u00e1ria M\/12<\/p>\n<p style=\"text-align: justify;\">Dura\u00e7\u00e3o \u2013 1h30<\/p>\n<p style=\"text-align: justify;\">Ingresso \u2013 12,50\u20ac plateia | 10,00 frisa<\/p>\n<p style=\"text-align: justify;\"><strong>EXPOSI\u00c7\u00d5ES<\/strong><\/p>\n<p style=\"text-align: justify;\"><strong>Exposi\u00e7\u00e3o de Ilustra\u00e7\u00e3o<\/strong> <strong>de Danuta Wojciechowska<\/strong><\/p>\n<p style=\"text-align: justify;\">At\u00e9 28 fevereiro | <strong>Entre cores e palavras <\/strong>| AMAC<\/p>\n<p style=\"text-align: justify;\"><strong>Fonte: CMB\u00a0<\/strong><\/p>\n","protected":false},"excerpt":{"rendered":"<p>O Audit\u00f3rio Municipal Augusto Cabrita (AMAC) recebe, em fevereiro, diversas iniciativas culturais dirigidas a diversos p\u00fablicos. No programa, destaque para o concerto com D.A.M.A, a 13 de fevereiro, e o teatro de com\u00e9dia \u201cEstamos Todos?\u201d, no dia 28 Programa 1 fevereiro | domingo | Das 14h00 \u00e0s 18h00 | Mercado Infantil | AMAC &#8211; Foyer [&hellip;]<\/p>\n","protected":false},"author":1,"featured_media":12744,"comment_status":"open","ping_status":"open","sticky":false,"template":"","format":"standard","meta":{"footnotes":""},"categories":[641],"tags":[41,119,212,155],"class_list":["post-12743","post","type-post","status-publish","format-standard","has-post-thumbnail","hentry","category-agenda","tag-barreiro","tag-cultura-2","tag-exposicao","tag-musica-2","last_archivepost"],"yoast_head":"<!-- This site is optimized with the Yoast SEO plugin v27.1.1 - https:\/\/yoast.com\/product\/yoast-seo-wordpress\/ -->\n<title>AMAC\u00a0AGENDA FEVEREIRO 2015 - barreiroweb<\/title>\n<meta name=\"robots\" content=\"index, follow, max-snippet:-1, max-image-preview:large, max-video-preview:-1\" \/>\n<link rel=\"canonical\" href=\"https:\/\/arquivo.barreiroweb.net\/?p=12743\" \/>\n<meta property=\"og:locale\" content=\"pt_PT\" \/>\n<meta property=\"og:type\" content=\"article\" \/>\n<meta property=\"og:title\" content=\"AMAC\u00a0AGENDA FEVEREIRO 2015 - barreiroweb\" \/>\n<meta property=\"og:description\" content=\"O Audit\u00f3rio Municipal Augusto Cabrita (AMAC) recebe, em fevereiro, diversas iniciativas culturais dirigidas a diversos p\u00fablicos. No programa, destaque para o concerto com D.A.M.A, a 13 de fevereiro, e o teatro de com\u00e9dia \u201cEstamos Todos?\u201d, no dia 28 Programa 1 fevereiro | domingo | Das 14h00 \u00e0s 18h00 | Mercado Infantil | AMAC &#8211; Foyer [&hellip;]\" \/>\n<meta property=\"og:url\" content=\"https:\/\/arquivo.barreiroweb.net\/?p=12743\" \/>\n<meta property=\"og:site_name\" content=\"barreiroweb\" \/>\n<meta property=\"article:publisher\" content=\"https:\/\/www.facebook.com\/barreiroweb\" \/>\n<meta property=\"article:published_time\" content=\"2015-01-21T14:29:10+00:00\" \/>\n<meta property=\"og:image\" content=\"https:\/\/arquivo.barreiroweb.net\/wp-content\/uploads\/2015\/01\/flyer-FEV-2.jpg\" \/>\n\t<meta property=\"og:image:width\" content=\"451\" \/>\n\t<meta property=\"og:image:height\" content=\"640\" \/>\n\t<meta property=\"og:image:type\" content=\"image\/jpeg\" \/>\n<meta name=\"author\" content=\"barreiroweb\" \/>\n<meta name=\"twitter:card\" content=\"summary_large_image\" \/>\n<meta name=\"twitter:creator\" content=\"@barreiroweb\" \/>\n<meta name=\"twitter:site\" content=\"@barreiroweb\" \/>\n<meta name=\"twitter:label1\" content=\"Escrito por\" \/>\n\t<meta name=\"twitter:data1\" content=\"barreiroweb\" \/>\n\t<meta name=\"twitter:label2\" content=\"Tempo estimado de leitura\" \/>\n\t<meta name=\"twitter:data2\" content=\"7 minutos\" \/>\n<script type=\"application\/ld+json\" class=\"yoast-schema-graph\">{\"@context\":\"https:\/\/schema.org\",\"@graph\":[{\"@type\":\"Article\",\"@id\":\"https:\/\/arquivo.barreiroweb.net\/?p=12743#article\",\"isPartOf\":{\"@id\":\"https:\/\/arquivo.barreiroweb.net\/?p=12743\"},\"author\":{\"name\":\"barreiroweb\",\"@id\":\"https:\/\/arquivo.barreiroweb.net\/#\/schema\/person\/44b6d528aff975e3786c9f475f9df2dd\"},\"headline\":\"AMAC\u00a0AGENDA FEVEREIRO 2015\",\"datePublished\":\"2015-01-21T14:29:10+00:00\",\"mainEntityOfPage\":{\"@id\":\"https:\/\/arquivo.barreiroweb.net\/?p=12743\"},\"wordCount\":1439,\"commentCount\":0,\"publisher\":{\"@id\":\"https:\/\/arquivo.barreiroweb.net\/#organization\"},\"image\":{\"@id\":\"https:\/\/arquivo.barreiroweb.net\/?p=12743#primaryimage\"},\"thumbnailUrl\":\"https:\/\/arquivo.barreiroweb.net\/wp-content\/uploads\/2015\/01\/flyer-FEV-2.jpg\",\"keywords\":[\"barreiro\",\"cultura\",\"exposi\u00e7\u00e3o\",\"musica\"],\"articleSection\":[\"Agenda\"],\"inLanguage\":\"pt-PT\",\"potentialAction\":[{\"@type\":\"CommentAction\",\"name\":\"Comment\",\"target\":[\"https:\/\/arquivo.barreiroweb.net\/?p=12743#respond\"]}]},{\"@type\":\"WebPage\",\"@id\":\"https:\/\/arquivo.barreiroweb.net\/?p=12743\",\"url\":\"https:\/\/arquivo.barreiroweb.net\/?p=12743\",\"name\":\"AMAC\u00a0AGENDA FEVEREIRO 2015 - barreiroweb\",\"isPartOf\":{\"@id\":\"https:\/\/arquivo.barreiroweb.net\/#website\"},\"primaryImageOfPage\":{\"@id\":\"https:\/\/arquivo.barreiroweb.net\/?p=12743#primaryimage\"},\"image\":{\"@id\":\"https:\/\/arquivo.barreiroweb.net\/?p=12743#primaryimage\"},\"thumbnailUrl\":\"https:\/\/arquivo.barreiroweb.net\/wp-content\/uploads\/2015\/01\/flyer-FEV-2.jpg\",\"datePublished\":\"2015-01-21T14:29:10+00:00\",\"breadcrumb\":{\"@id\":\"https:\/\/arquivo.barreiroweb.net\/?p=12743#breadcrumb\"},\"inLanguage\":\"pt-PT\",\"potentialAction\":[{\"@type\":\"ReadAction\",\"target\":[\"https:\/\/arquivo.barreiroweb.net\/?p=12743\"]}]},{\"@type\":\"ImageObject\",\"inLanguage\":\"pt-PT\",\"@id\":\"https:\/\/arquivo.barreiroweb.net\/?p=12743#primaryimage\",\"url\":\"https:\/\/arquivo.barreiroweb.net\/wp-content\/uploads\/2015\/01\/flyer-FEV-2.jpg\",\"contentUrl\":\"https:\/\/arquivo.barreiroweb.net\/wp-content\/uploads\/2015\/01\/flyer-FEV-2.jpg\",\"width\":451,\"height\":640},{\"@type\":\"BreadcrumbList\",\"@id\":\"https:\/\/arquivo.barreiroweb.net\/?p=12743#breadcrumb\",\"itemListElement\":[{\"@type\":\"ListItem\",\"position\":1,\"name\":\"In\u00edcio\",\"item\":\"https:\/\/arquivo.barreiroweb.net\/\"},{\"@type\":\"ListItem\",\"position\":2,\"name\":\"AMAC\u00a0AGENDA FEVEREIRO 2015\"}]},{\"@type\":\"WebSite\",\"@id\":\"https:\/\/arquivo.barreiroweb.net\/#website\",\"url\":\"https:\/\/arquivo.barreiroweb.net\/\",\"name\":\"barreiroweb\",\"description\":\"Barreiroweb o barreiro na web\",\"publisher\":{\"@id\":\"https:\/\/arquivo.barreiroweb.net\/#organization\"},\"potentialAction\":[{\"@type\":\"SearchAction\",\"target\":{\"@type\":\"EntryPoint\",\"urlTemplate\":\"https:\/\/arquivo.barreiroweb.net\/?s={search_term_string}\"},\"query-input\":{\"@type\":\"PropertyValueSpecification\",\"valueRequired\":true,\"valueName\":\"search_term_string\"}}],\"inLanguage\":\"pt-PT\"},{\"@type\":\"Organization\",\"@id\":\"https:\/\/arquivo.barreiroweb.net\/#organization\",\"name\":\"barreiroweb\",\"url\":\"https:\/\/arquivo.barreiroweb.net\/\",\"logo\":{\"@type\":\"ImageObject\",\"inLanguage\":\"pt-PT\",\"@id\":\"https:\/\/arquivo.barreiroweb.net\/#\/schema\/logo\/image\/\",\"url\":\"https:\/\/barreiroweb.net\/wp-content\/uploads\/2022\/05\/BarreiroWeb555.jpg\",\"contentUrl\":\"https:\/\/barreiroweb.net\/wp-content\/uploads\/2022\/05\/BarreiroWeb555.jpg\",\"width\":421,\"height\":415,\"caption\":\"barreiroweb\"},\"image\":{\"@id\":\"https:\/\/arquivo.barreiroweb.net\/#\/schema\/logo\/image\/\"},\"sameAs\":[\"https:\/\/www.facebook.com\/barreiroweb\",\"https:\/\/x.com\/barreiroweb\"]},{\"@type\":\"Person\",\"@id\":\"https:\/\/arquivo.barreiroweb.net\/#\/schema\/person\/44b6d528aff975e3786c9f475f9df2dd\",\"name\":\"barreiroweb\",\"image\":{\"@type\":\"ImageObject\",\"inLanguage\":\"pt-PT\",\"@id\":\"https:\/\/arquivo.barreiroweb.net\/#\/schema\/person\/image\/\",\"url\":\"https:\/\/secure.gravatar.com\/avatar\/1f764b917967430404ff0b452044eb63a25d64a5363b25be2aa42273930f477d?s=96&d=mm&r=g\",\"contentUrl\":\"https:\/\/secure.gravatar.com\/avatar\/1f764b917967430404ff0b452044eb63a25d64a5363b25be2aa42273930f477d?s=96&d=mm&r=g\",\"caption\":\"barreiroweb\"},\"url\":\"https:\/\/arquivo.barreiroweb.net\/?author=1\"}]}<\/script>\n<!-- \/ Yoast SEO plugin. -->","yoast_head_json":{"title":"AMAC\u00a0AGENDA FEVEREIRO 2015 - barreiroweb","robots":{"index":"index","follow":"follow","max-snippet":"max-snippet:-1","max-image-preview":"max-image-preview:large","max-video-preview":"max-video-preview:-1"},"canonical":"https:\/\/arquivo.barreiroweb.net\/?p=12743","og_locale":"pt_PT","og_type":"article","og_title":"AMAC\u00a0AGENDA FEVEREIRO 2015 - barreiroweb","og_description":"O Audit\u00f3rio Municipal Augusto Cabrita (AMAC) recebe, em fevereiro, diversas iniciativas culturais dirigidas a diversos p\u00fablicos. No programa, destaque para o concerto com D.A.M.A, a 13 de fevereiro, e o teatro de com\u00e9dia \u201cEstamos Todos?\u201d, no dia 28 Programa 1 fevereiro | domingo | Das 14h00 \u00e0s 18h00 | Mercado Infantil | AMAC &#8211; Foyer [&hellip;]","og_url":"https:\/\/arquivo.barreiroweb.net\/?p=12743","og_site_name":"barreiroweb","article_publisher":"https:\/\/www.facebook.com\/barreiroweb","article_published_time":"2015-01-21T14:29:10+00:00","og_image":[{"width":451,"height":640,"url":"https:\/\/arquivo.barreiroweb.net\/wp-content\/uploads\/2015\/01\/flyer-FEV-2.jpg","type":"image\/jpeg"}],"author":"barreiroweb","twitter_card":"summary_large_image","twitter_creator":"@barreiroweb","twitter_site":"@barreiroweb","twitter_misc":{"Escrito por":"barreiroweb","Tempo estimado de leitura":"7 minutos"},"schema":{"@context":"https:\/\/schema.org","@graph":[{"@type":"Article","@id":"https:\/\/arquivo.barreiroweb.net\/?p=12743#article","isPartOf":{"@id":"https:\/\/arquivo.barreiroweb.net\/?p=12743"},"author":{"name":"barreiroweb","@id":"https:\/\/arquivo.barreiroweb.net\/#\/schema\/person\/44b6d528aff975e3786c9f475f9df2dd"},"headline":"AMAC\u00a0AGENDA FEVEREIRO 2015","datePublished":"2015-01-21T14:29:10+00:00","mainEntityOfPage":{"@id":"https:\/\/arquivo.barreiroweb.net\/?p=12743"},"wordCount":1439,"commentCount":0,"publisher":{"@id":"https:\/\/arquivo.barreiroweb.net\/#organization"},"image":{"@id":"https:\/\/arquivo.barreiroweb.net\/?p=12743#primaryimage"},"thumbnailUrl":"https:\/\/arquivo.barreiroweb.net\/wp-content\/uploads\/2015\/01\/flyer-FEV-2.jpg","keywords":["barreiro","cultura","exposi\u00e7\u00e3o","musica"],"articleSection":["Agenda"],"inLanguage":"pt-PT","potentialAction":[{"@type":"CommentAction","name":"Comment","target":["https:\/\/arquivo.barreiroweb.net\/?p=12743#respond"]}]},{"@type":"WebPage","@id":"https:\/\/arquivo.barreiroweb.net\/?p=12743","url":"https:\/\/arquivo.barreiroweb.net\/?p=12743","name":"AMAC\u00a0AGENDA FEVEREIRO 2015 - barreiroweb","isPartOf":{"@id":"https:\/\/arquivo.barreiroweb.net\/#website"},"primaryImageOfPage":{"@id":"https:\/\/arquivo.barreiroweb.net\/?p=12743#primaryimage"},"image":{"@id":"https:\/\/arquivo.barreiroweb.net\/?p=12743#primaryimage"},"thumbnailUrl":"https:\/\/arquivo.barreiroweb.net\/wp-content\/uploads\/2015\/01\/flyer-FEV-2.jpg","datePublished":"2015-01-21T14:29:10+00:00","breadcrumb":{"@id":"https:\/\/arquivo.barreiroweb.net\/?p=12743#breadcrumb"},"inLanguage":"pt-PT","potentialAction":[{"@type":"ReadAction","target":["https:\/\/arquivo.barreiroweb.net\/?p=12743"]}]},{"@type":"ImageObject","inLanguage":"pt-PT","@id":"https:\/\/arquivo.barreiroweb.net\/?p=12743#primaryimage","url":"https:\/\/arquivo.barreiroweb.net\/wp-content\/uploads\/2015\/01\/flyer-FEV-2.jpg","contentUrl":"https:\/\/arquivo.barreiroweb.net\/wp-content\/uploads\/2015\/01\/flyer-FEV-2.jpg","width":451,"height":640},{"@type":"BreadcrumbList","@id":"https:\/\/arquivo.barreiroweb.net\/?p=12743#breadcrumb","itemListElement":[{"@type":"ListItem","position":1,"name":"In\u00edcio","item":"https:\/\/arquivo.barreiroweb.net\/"},{"@type":"ListItem","position":2,"name":"AMAC\u00a0AGENDA FEVEREIRO 2015"}]},{"@type":"WebSite","@id":"https:\/\/arquivo.barreiroweb.net\/#website","url":"https:\/\/arquivo.barreiroweb.net\/","name":"barreiroweb","description":"Barreiroweb o barreiro na web","publisher":{"@id":"https:\/\/arquivo.barreiroweb.net\/#organization"},"potentialAction":[{"@type":"SearchAction","target":{"@type":"EntryPoint","urlTemplate":"https:\/\/arquivo.barreiroweb.net\/?s={search_term_string}"},"query-input":{"@type":"PropertyValueSpecification","valueRequired":true,"valueName":"search_term_string"}}],"inLanguage":"pt-PT"},{"@type":"Organization","@id":"https:\/\/arquivo.barreiroweb.net\/#organization","name":"barreiroweb","url":"https:\/\/arquivo.barreiroweb.net\/","logo":{"@type":"ImageObject","inLanguage":"pt-PT","@id":"https:\/\/arquivo.barreiroweb.net\/#\/schema\/logo\/image\/","url":"https:\/\/barreiroweb.net\/wp-content\/uploads\/2022\/05\/BarreiroWeb555.jpg","contentUrl":"https:\/\/barreiroweb.net\/wp-content\/uploads\/2022\/05\/BarreiroWeb555.jpg","width":421,"height":415,"caption":"barreiroweb"},"image":{"@id":"https:\/\/arquivo.barreiroweb.net\/#\/schema\/logo\/image\/"},"sameAs":["https:\/\/www.facebook.com\/barreiroweb","https:\/\/x.com\/barreiroweb"]},{"@type":"Person","@id":"https:\/\/arquivo.barreiroweb.net\/#\/schema\/person\/44b6d528aff975e3786c9f475f9df2dd","name":"barreiroweb","image":{"@type":"ImageObject","inLanguage":"pt-PT","@id":"https:\/\/arquivo.barreiroweb.net\/#\/schema\/person\/image\/","url":"https:\/\/secure.gravatar.com\/avatar\/1f764b917967430404ff0b452044eb63a25d64a5363b25be2aa42273930f477d?s=96&d=mm&r=g","contentUrl":"https:\/\/secure.gravatar.com\/avatar\/1f764b917967430404ff0b452044eb63a25d64a5363b25be2aa42273930f477d?s=96&d=mm&r=g","caption":"barreiroweb"},"url":"https:\/\/arquivo.barreiroweb.net\/?author=1"}]}},"_links":{"self":[{"href":"https:\/\/arquivo.barreiroweb.net\/index.php?rest_route=\/wp\/v2\/posts\/12743","targetHints":{"allow":["GET"]}}],"collection":[{"href":"https:\/\/arquivo.barreiroweb.net\/index.php?rest_route=\/wp\/v2\/posts"}],"about":[{"href":"https:\/\/arquivo.barreiroweb.net\/index.php?rest_route=\/wp\/v2\/types\/post"}],"author":[{"embeddable":true,"href":"https:\/\/arquivo.barreiroweb.net\/index.php?rest_route=\/wp\/v2\/users\/1"}],"replies":[{"embeddable":true,"href":"https:\/\/arquivo.barreiroweb.net\/index.php?rest_route=%2Fwp%2Fv2%2Fcomments&post=12743"}],"version-history":[{"count":1,"href":"https:\/\/arquivo.barreiroweb.net\/index.php?rest_route=\/wp\/v2\/posts\/12743\/revisions"}],"predecessor-version":[{"id":12745,"href":"https:\/\/arquivo.barreiroweb.net\/index.php?rest_route=\/wp\/v2\/posts\/12743\/revisions\/12745"}],"wp:featuredmedia":[{"embeddable":true,"href":"https:\/\/arquivo.barreiroweb.net\/index.php?rest_route=\/wp\/v2\/media\/12744"}],"wp:attachment":[{"href":"https:\/\/arquivo.barreiroweb.net\/index.php?rest_route=%2Fwp%2Fv2%2Fmedia&parent=12743"}],"wp:term":[{"taxonomy":"category","embeddable":true,"href":"https:\/\/arquivo.barreiroweb.net\/index.php?rest_route=%2Fwp%2Fv2%2Fcategories&post=12743"},{"taxonomy":"post_tag","embeddable":true,"href":"https:\/\/arquivo.barreiroweb.net\/index.php?rest_route=%2Fwp%2Fv2%2Ftags&post=12743"}],"curies":[{"name":"wp","href":"https:\/\/api.w.org\/{rel}","templated":true}]}}