{"id":12439,"date":"2014-12-04T22:52:20","date_gmt":"2014-12-04T22:52:20","guid":{"rendered":"http:\/\/barreiroweb.eu\/?p=12439"},"modified":"2014-12-04T22:52:20","modified_gmt":"2014-12-04T22:52:20","slug":"conferencia-de-encerramento-comemoracoes-dos-50-anos-dos-jogos-juvenis-do-barreiro","status":"publish","type":"post","link":"https:\/\/arquivo.barreiroweb.net\/?p=12439","title":{"rendered":"Confer\u00eancia de encerramento: Comemora\u00e7\u00f5es dos 50 Anos dos Jogos Juvenis do Barreiro"},"content":{"rendered":"<p><strong><a href=\"http:\/\/barreiroweb.eu\/wp-content\/uploads\/2014\/06\/Jogos-Juvenis-do-Barreiro-Imagem-Generica.jpg\" rel=\"lightbox[12439]\"><img loading=\"lazy\" decoding=\"async\" class=\"alignleft size-thumbnail wp-image-11629\" src=\"http:\/\/barreiroweb.eu\/wp-content\/uploads\/2014\/06\/Jogos-Juvenis-do-Barreiro-Imagem-Generica-150x150.jpg\" alt=\"Jogos Juvenis do Barreiro Imagem Generica\" width=\"150\" height=\"150\" srcset=\"https:\/\/arquivo.barreiroweb.net\/wp-content\/uploads\/2014\/06\/Jogos-Juvenis-do-Barreiro-Imagem-Generica-150x150.jpg 150w, https:\/\/arquivo.barreiroweb.net\/wp-content\/uploads\/2014\/06\/Jogos-Juvenis-do-Barreiro-Imagem-Generica-50x50.jpg 50w, https:\/\/arquivo.barreiroweb.net\/wp-content\/uploads\/2014\/06\/Jogos-Juvenis-do-Barreiro-Imagem-Generica-70x70.jpg 70w, https:\/\/arquivo.barreiroweb.net\/wp-content\/uploads\/2014\/06\/Jogos-Juvenis-do-Barreiro-Imagem-Generica-55x55.jpg 55w\" sizes=\"auto, (max-width: 150px) 100vw, 150px\" \/><\/a>5 de dezembro, pelas 18h00, no Audit\u00f3rio da Biblioteca Municipal<\/strong><\/p>\n<p style=\"text-align: justify;\">A Confer\u00eancia de Encerramento: Comemora\u00e7\u00f5es dos 50 Anos dos Jogos Juvenis do Barreiro (JJB) realiza-se pelas 18h00 de sexta-feira, 5 de dezembro, no Audit\u00f3rio da Biblioteca Municipal do Barreiro. Carlos Humberto de Carvalho, Presidente da C\u00e2mara Municipal do Barreiro (CMB), Pedro Can\u00e1rio, da Cooperativa Cultural Popular Barreirense, e Pedro Valegas, neto de Augusto Valegas, que, recorde-se, foi, recentemente, distinguido pela CMB com a Medalha de Honra do Munic\u00edpio, a t\u00edtulo p\u00f3stumo, s\u00e3o os convidados desta sess\u00e3o, com entrada gratuita, que fecha o ano evocativo deste evento emblem\u00e1tico.<\/p>\n<p>A Comiss\u00e3o Coordenadora das Comemora\u00e7\u00f5es dos 50 Anos dos JJB, recorde-se, \u00e9 constitu\u00edda pela Associa\u00e7\u00e3o de Colectividades do Barreiro, Associa\u00e7\u00e3o dos Profissionais de Educa\u00e7\u00e3o F\u00edsica dos Concelhos do Barreiro, Moita, Montijo e Alcochete (APEF) \u2013 Foztejo, C\u00e2mara Municipal do Barreiro, Cooperativa Cultural Popular Barreirense e Juntas de Freguesia.<\/p>\n<p>Facebook: <a href=\"https:\/\/www.facebook.com\/50anosdejjb\">https:\/\/www.facebook.com\/50anosdejjb<\/a>.<\/p>\n<p><strong>Fonte; CMB\u00a0<\/strong><\/p>\n","protected":false},"excerpt":{"rendered":"<p>5 de dezembro, pelas 18h00, no Audit\u00f3rio da Biblioteca Municipal A Confer\u00eancia de Encerramento: Comemora\u00e7\u00f5es dos 50 Anos dos Jogos Juvenis do Barreiro (JJB) realiza-se pelas 18h00 de sexta-feira, 5 de dezembro, no Audit\u00f3rio da Biblioteca Municipal do Barreiro. Carlos Humberto de Carvalho, Presidente da C\u00e2mara Municipal do Barreiro (CMB), Pedro Can\u00e1rio, da Cooperativa Cultural [&hellip;]<\/p>\n","protected":false},"author":1,"featured_media":11629,"comment_status":"open","ping_status":"open","sticky":false,"template":"","format":"standard","meta":{"footnotes":""},"categories":[32,3],"tags":[41],"class_list":["post-12439","post","type-post","status-publish","format-standard","has-post-thumbnail","hentry","category-destaque","category-eventos","tag-barreiro","last_archivepost"],"yoast_head":"<!-- This site is optimized with the Yoast SEO plugin v27.1.1 - https:\/\/yoast.com\/product\/yoast-seo-wordpress\/ -->\n<title>Confer\u00eancia de encerramento: Comemora\u00e7\u00f5es dos 50 Anos dos Jogos Juvenis do Barreiro - barreiroweb<\/title>\n<meta name=\"robots\" content=\"index, follow, max-snippet:-1, max-image-preview:large, max-video-preview:-1\" \/>\n<link rel=\"canonical\" href=\"https:\/\/arquivo.barreiroweb.net\/?p=12439\" \/>\n<meta property=\"og:locale\" content=\"pt_PT\" \/>\n<meta property=\"og:type\" content=\"article\" \/>\n<meta property=\"og:title\" content=\"Confer\u00eancia de encerramento: Comemora\u00e7\u00f5es dos 50 Anos dos Jogos Juvenis do Barreiro - barreiroweb\" \/>\n<meta property=\"og:description\" content=\"5 de dezembro, pelas 18h00, no Audit\u00f3rio da Biblioteca Municipal A Confer\u00eancia de Encerramento: Comemora\u00e7\u00f5es dos 50 Anos dos Jogos Juvenis do Barreiro (JJB) realiza-se pelas 18h00 de sexta-feira, 5 de dezembro, no Audit\u00f3rio da Biblioteca Municipal do Barreiro. Carlos Humberto de Carvalho, Presidente da C\u00e2mara Municipal do Barreiro (CMB), Pedro Can\u00e1rio, da Cooperativa Cultural [&hellip;]\" \/>\n<meta property=\"og:url\" content=\"https:\/\/arquivo.barreiroweb.net\/?p=12439\" \/>\n<meta property=\"og:site_name\" content=\"barreiroweb\" \/>\n<meta property=\"article:publisher\" content=\"https:\/\/www.facebook.com\/barreiroweb\" \/>\n<meta property=\"article:published_time\" content=\"2014-12-04T22:52:20+00:00\" \/>\n<meta property=\"og:image\" content=\"https:\/\/arquivo.barreiroweb.net\/wp-content\/uploads\/2014\/06\/Jogos-Juvenis-do-Barreiro-Imagem-Generica.jpg\" \/>\n\t<meta property=\"og:image:width\" content=\"235\" \/>\n\t<meta property=\"og:image:height\" content=\"303\" \/>\n\t<meta property=\"og:image:type\" content=\"image\/jpeg\" \/>\n<meta name=\"author\" content=\"barreiroweb\" \/>\n<meta name=\"twitter:card\" content=\"summary_large_image\" \/>\n<meta name=\"twitter:creator\" content=\"@barreiroweb\" \/>\n<meta name=\"twitter:site\" content=\"@barreiroweb\" \/>\n<meta name=\"twitter:label1\" content=\"Escrito por\" \/>\n\t<meta name=\"twitter:data1\" content=\"barreiroweb\" \/>\n\t<meta name=\"twitter:label2\" content=\"Tempo estimado de leitura\" \/>\n\t<meta name=\"twitter:data2\" content=\"1 minuto\" \/>\n<script type=\"application\/ld+json\" class=\"yoast-schema-graph\">{\"@context\":\"https:\/\/schema.org\",\"@graph\":[{\"@type\":\"Article\",\"@id\":\"https:\/\/arquivo.barreiroweb.net\/?p=12439#article\",\"isPartOf\":{\"@id\":\"https:\/\/arquivo.barreiroweb.net\/?p=12439\"},\"author\":{\"name\":\"barreiroweb\",\"@id\":\"https:\/\/arquivo.barreiroweb.net\/#\/schema\/person\/44b6d528aff975e3786c9f475f9df2dd\"},\"headline\":\"Confer\u00eancia de encerramento: Comemora\u00e7\u00f5es dos 50 Anos dos Jogos Juvenis do Barreiro\",\"datePublished\":\"2014-12-04T22:52:20+00:00\",\"mainEntityOfPage\":{\"@id\":\"https:\/\/arquivo.barreiroweb.net\/?p=12439\"},\"wordCount\":180,\"commentCount\":0,\"publisher\":{\"@id\":\"https:\/\/arquivo.barreiroweb.net\/#organization\"},\"image\":{\"@id\":\"https:\/\/arquivo.barreiroweb.net\/?p=12439#primaryimage\"},\"thumbnailUrl\":\"https:\/\/arquivo.barreiroweb.net\/wp-content\/uploads\/2014\/06\/Jogos-Juvenis-do-Barreiro-Imagem-Generica.jpg\",\"keywords\":[\"barreiro\"],\"articleSection\":[\"Destaque\",\"Eventos\"],\"inLanguage\":\"pt-PT\",\"potentialAction\":[{\"@type\":\"CommentAction\",\"name\":\"Comment\",\"target\":[\"https:\/\/arquivo.barreiroweb.net\/?p=12439#respond\"]}]},{\"@type\":\"WebPage\",\"@id\":\"https:\/\/arquivo.barreiroweb.net\/?p=12439\",\"url\":\"https:\/\/arquivo.barreiroweb.net\/?p=12439\",\"name\":\"Confer\u00eancia de encerramento: Comemora\u00e7\u00f5es dos 50 Anos dos Jogos Juvenis do Barreiro - barreiroweb\",\"isPartOf\":{\"@id\":\"https:\/\/arquivo.barreiroweb.net\/#website\"},\"primaryImageOfPage\":{\"@id\":\"https:\/\/arquivo.barreiroweb.net\/?p=12439#primaryimage\"},\"image\":{\"@id\":\"https:\/\/arquivo.barreiroweb.net\/?p=12439#primaryimage\"},\"thumbnailUrl\":\"https:\/\/arquivo.barreiroweb.net\/wp-content\/uploads\/2014\/06\/Jogos-Juvenis-do-Barreiro-Imagem-Generica.jpg\",\"datePublished\":\"2014-12-04T22:52:20+00:00\",\"breadcrumb\":{\"@id\":\"https:\/\/arquivo.barreiroweb.net\/?p=12439#breadcrumb\"},\"inLanguage\":\"pt-PT\",\"potentialAction\":[{\"@type\":\"ReadAction\",\"target\":[\"https:\/\/arquivo.barreiroweb.net\/?p=12439\"]}]},{\"@type\":\"ImageObject\",\"inLanguage\":\"pt-PT\",\"@id\":\"https:\/\/arquivo.barreiroweb.net\/?p=12439#primaryimage\",\"url\":\"https:\/\/arquivo.barreiroweb.net\/wp-content\/uploads\/2014\/06\/Jogos-Juvenis-do-Barreiro-Imagem-Generica.jpg\",\"contentUrl\":\"https:\/\/arquivo.barreiroweb.net\/wp-content\/uploads\/2014\/06\/Jogos-Juvenis-do-Barreiro-Imagem-Generica.jpg\",\"width\":235,\"height\":303},{\"@type\":\"BreadcrumbList\",\"@id\":\"https:\/\/arquivo.barreiroweb.net\/?p=12439#breadcrumb\",\"itemListElement\":[{\"@type\":\"ListItem\",\"position\":1,\"name\":\"In\u00edcio\",\"item\":\"https:\/\/arquivo.barreiroweb.net\/\"},{\"@type\":\"ListItem\",\"position\":2,\"name\":\"Confer\u00eancia de encerramento: Comemora\u00e7\u00f5es dos 50 Anos dos Jogos Juvenis do Barreiro\"}]},{\"@type\":\"WebSite\",\"@id\":\"https:\/\/arquivo.barreiroweb.net\/#website\",\"url\":\"https:\/\/arquivo.barreiroweb.net\/\",\"name\":\"barreiroweb\",\"description\":\"Barreiroweb o barreiro na web\",\"publisher\":{\"@id\":\"https:\/\/arquivo.barreiroweb.net\/#organization\"},\"potentialAction\":[{\"@type\":\"SearchAction\",\"target\":{\"@type\":\"EntryPoint\",\"urlTemplate\":\"https:\/\/arquivo.barreiroweb.net\/?s={search_term_string}\"},\"query-input\":{\"@type\":\"PropertyValueSpecification\",\"valueRequired\":true,\"valueName\":\"search_term_string\"}}],\"inLanguage\":\"pt-PT\"},{\"@type\":\"Organization\",\"@id\":\"https:\/\/arquivo.barreiroweb.net\/#organization\",\"name\":\"barreiroweb\",\"url\":\"https:\/\/arquivo.barreiroweb.net\/\",\"logo\":{\"@type\":\"ImageObject\",\"inLanguage\":\"pt-PT\",\"@id\":\"https:\/\/arquivo.barreiroweb.net\/#\/schema\/logo\/image\/\",\"url\":\"https:\/\/barreiroweb.net\/wp-content\/uploads\/2022\/05\/BarreiroWeb555.jpg\",\"contentUrl\":\"https:\/\/barreiroweb.net\/wp-content\/uploads\/2022\/05\/BarreiroWeb555.jpg\",\"width\":421,\"height\":415,\"caption\":\"barreiroweb\"},\"image\":{\"@id\":\"https:\/\/arquivo.barreiroweb.net\/#\/schema\/logo\/image\/\"},\"sameAs\":[\"https:\/\/www.facebook.com\/barreiroweb\",\"https:\/\/x.com\/barreiroweb\"]},{\"@type\":\"Person\",\"@id\":\"https:\/\/arquivo.barreiroweb.net\/#\/schema\/person\/44b6d528aff975e3786c9f475f9df2dd\",\"name\":\"barreiroweb\",\"image\":{\"@type\":\"ImageObject\",\"inLanguage\":\"pt-PT\",\"@id\":\"https:\/\/arquivo.barreiroweb.net\/#\/schema\/person\/image\/\",\"url\":\"https:\/\/secure.gravatar.com\/avatar\/1f764b917967430404ff0b452044eb63a25d64a5363b25be2aa42273930f477d?s=96&d=mm&r=g\",\"contentUrl\":\"https:\/\/secure.gravatar.com\/avatar\/1f764b917967430404ff0b452044eb63a25d64a5363b25be2aa42273930f477d?s=96&d=mm&r=g\",\"caption\":\"barreiroweb\"},\"url\":\"https:\/\/arquivo.barreiroweb.net\/?author=1\"}]}<\/script>\n<!-- \/ Yoast SEO plugin. -->","yoast_head_json":{"title":"Confer\u00eancia de encerramento: Comemora\u00e7\u00f5es dos 50 Anos dos Jogos Juvenis do Barreiro - barreiroweb","robots":{"index":"index","follow":"follow","max-snippet":"max-snippet:-1","max-image-preview":"max-image-preview:large","max-video-preview":"max-video-preview:-1"},"canonical":"https:\/\/arquivo.barreiroweb.net\/?p=12439","og_locale":"pt_PT","og_type":"article","og_title":"Confer\u00eancia de encerramento: Comemora\u00e7\u00f5es dos 50 Anos dos Jogos Juvenis do Barreiro - barreiroweb","og_description":"5 de dezembro, pelas 18h00, no Audit\u00f3rio da Biblioteca Municipal A Confer\u00eancia de Encerramento: Comemora\u00e7\u00f5es dos 50 Anos dos Jogos Juvenis do Barreiro (JJB) realiza-se pelas 18h00 de sexta-feira, 5 de dezembro, no Audit\u00f3rio da Biblioteca Municipal do Barreiro. Carlos Humberto de Carvalho, Presidente da C\u00e2mara Municipal do Barreiro (CMB), Pedro Can\u00e1rio, da Cooperativa Cultural [&hellip;]","og_url":"https:\/\/arquivo.barreiroweb.net\/?p=12439","og_site_name":"barreiroweb","article_publisher":"https:\/\/www.facebook.com\/barreiroweb","article_published_time":"2014-12-04T22:52:20+00:00","og_image":[{"width":235,"height":303,"url":"https:\/\/arquivo.barreiroweb.net\/wp-content\/uploads\/2014\/06\/Jogos-Juvenis-do-Barreiro-Imagem-Generica.jpg","type":"image\/jpeg"}],"author":"barreiroweb","twitter_card":"summary_large_image","twitter_creator":"@barreiroweb","twitter_site":"@barreiroweb","twitter_misc":{"Escrito por":"barreiroweb","Tempo estimado de leitura":"1 minuto"},"schema":{"@context":"https:\/\/schema.org","@graph":[{"@type":"Article","@id":"https:\/\/arquivo.barreiroweb.net\/?p=12439#article","isPartOf":{"@id":"https:\/\/arquivo.barreiroweb.net\/?p=12439"},"author":{"name":"barreiroweb","@id":"https:\/\/arquivo.barreiroweb.net\/#\/schema\/person\/44b6d528aff975e3786c9f475f9df2dd"},"headline":"Confer\u00eancia de encerramento: Comemora\u00e7\u00f5es dos 50 Anos dos Jogos Juvenis do Barreiro","datePublished":"2014-12-04T22:52:20+00:00","mainEntityOfPage":{"@id":"https:\/\/arquivo.barreiroweb.net\/?p=12439"},"wordCount":180,"commentCount":0,"publisher":{"@id":"https:\/\/arquivo.barreiroweb.net\/#organization"},"image":{"@id":"https:\/\/arquivo.barreiroweb.net\/?p=12439#primaryimage"},"thumbnailUrl":"https:\/\/arquivo.barreiroweb.net\/wp-content\/uploads\/2014\/06\/Jogos-Juvenis-do-Barreiro-Imagem-Generica.jpg","keywords":["barreiro"],"articleSection":["Destaque","Eventos"],"inLanguage":"pt-PT","potentialAction":[{"@type":"CommentAction","name":"Comment","target":["https:\/\/arquivo.barreiroweb.net\/?p=12439#respond"]}]},{"@type":"WebPage","@id":"https:\/\/arquivo.barreiroweb.net\/?p=12439","url":"https:\/\/arquivo.barreiroweb.net\/?p=12439","name":"Confer\u00eancia de encerramento: Comemora\u00e7\u00f5es dos 50 Anos dos Jogos Juvenis do Barreiro - barreiroweb","isPartOf":{"@id":"https:\/\/arquivo.barreiroweb.net\/#website"},"primaryImageOfPage":{"@id":"https:\/\/arquivo.barreiroweb.net\/?p=12439#primaryimage"},"image":{"@id":"https:\/\/arquivo.barreiroweb.net\/?p=12439#primaryimage"},"thumbnailUrl":"https:\/\/arquivo.barreiroweb.net\/wp-content\/uploads\/2014\/06\/Jogos-Juvenis-do-Barreiro-Imagem-Generica.jpg","datePublished":"2014-12-04T22:52:20+00:00","breadcrumb":{"@id":"https:\/\/arquivo.barreiroweb.net\/?p=12439#breadcrumb"},"inLanguage":"pt-PT","potentialAction":[{"@type":"ReadAction","target":["https:\/\/arquivo.barreiroweb.net\/?p=12439"]}]},{"@type":"ImageObject","inLanguage":"pt-PT","@id":"https:\/\/arquivo.barreiroweb.net\/?p=12439#primaryimage","url":"https:\/\/arquivo.barreiroweb.net\/wp-content\/uploads\/2014\/06\/Jogos-Juvenis-do-Barreiro-Imagem-Generica.jpg","contentUrl":"https:\/\/arquivo.barreiroweb.net\/wp-content\/uploads\/2014\/06\/Jogos-Juvenis-do-Barreiro-Imagem-Generica.jpg","width":235,"height":303},{"@type":"BreadcrumbList","@id":"https:\/\/arquivo.barreiroweb.net\/?p=12439#breadcrumb","itemListElement":[{"@type":"ListItem","position":1,"name":"In\u00edcio","item":"https:\/\/arquivo.barreiroweb.net\/"},{"@type":"ListItem","position":2,"name":"Confer\u00eancia de encerramento: Comemora\u00e7\u00f5es dos 50 Anos dos Jogos Juvenis do Barreiro"}]},{"@type":"WebSite","@id":"https:\/\/arquivo.barreiroweb.net\/#website","url":"https:\/\/arquivo.barreiroweb.net\/","name":"barreiroweb","description":"Barreiroweb o barreiro na web","publisher":{"@id":"https:\/\/arquivo.barreiroweb.net\/#organization"},"potentialAction":[{"@type":"SearchAction","target":{"@type":"EntryPoint","urlTemplate":"https:\/\/arquivo.barreiroweb.net\/?s={search_term_string}"},"query-input":{"@type":"PropertyValueSpecification","valueRequired":true,"valueName":"search_term_string"}}],"inLanguage":"pt-PT"},{"@type":"Organization","@id":"https:\/\/arquivo.barreiroweb.net\/#organization","name":"barreiroweb","url":"https:\/\/arquivo.barreiroweb.net\/","logo":{"@type":"ImageObject","inLanguage":"pt-PT","@id":"https:\/\/arquivo.barreiroweb.net\/#\/schema\/logo\/image\/","url":"https:\/\/barreiroweb.net\/wp-content\/uploads\/2022\/05\/BarreiroWeb555.jpg","contentUrl":"https:\/\/barreiroweb.net\/wp-content\/uploads\/2022\/05\/BarreiroWeb555.jpg","width":421,"height":415,"caption":"barreiroweb"},"image":{"@id":"https:\/\/arquivo.barreiroweb.net\/#\/schema\/logo\/image\/"},"sameAs":["https:\/\/www.facebook.com\/barreiroweb","https:\/\/x.com\/barreiroweb"]},{"@type":"Person","@id":"https:\/\/arquivo.barreiroweb.net\/#\/schema\/person\/44b6d528aff975e3786c9f475f9df2dd","name":"barreiroweb","image":{"@type":"ImageObject","inLanguage":"pt-PT","@id":"https:\/\/arquivo.barreiroweb.net\/#\/schema\/person\/image\/","url":"https:\/\/secure.gravatar.com\/avatar\/1f764b917967430404ff0b452044eb63a25d64a5363b25be2aa42273930f477d?s=96&d=mm&r=g","contentUrl":"https:\/\/secure.gravatar.com\/avatar\/1f764b917967430404ff0b452044eb63a25d64a5363b25be2aa42273930f477d?s=96&d=mm&r=g","caption":"barreiroweb"},"url":"https:\/\/arquivo.barreiroweb.net\/?author=1"}]}},"_links":{"self":[{"href":"https:\/\/arquivo.barreiroweb.net\/index.php?rest_route=\/wp\/v2\/posts\/12439","targetHints":{"allow":["GET"]}}],"collection":[{"href":"https:\/\/arquivo.barreiroweb.net\/index.php?rest_route=\/wp\/v2\/posts"}],"about":[{"href":"https:\/\/arquivo.barreiroweb.net\/index.php?rest_route=\/wp\/v2\/types\/post"}],"author":[{"embeddable":true,"href":"https:\/\/arquivo.barreiroweb.net\/index.php?rest_route=\/wp\/v2\/users\/1"}],"replies":[{"embeddable":true,"href":"https:\/\/arquivo.barreiroweb.net\/index.php?rest_route=%2Fwp%2Fv2%2Fcomments&post=12439"}],"version-history":[{"count":1,"href":"https:\/\/arquivo.barreiroweb.net\/index.php?rest_route=\/wp\/v2\/posts\/12439\/revisions"}],"predecessor-version":[{"id":12440,"href":"https:\/\/arquivo.barreiroweb.net\/index.php?rest_route=\/wp\/v2\/posts\/12439\/revisions\/12440"}],"wp:featuredmedia":[{"embeddable":true,"href":"https:\/\/arquivo.barreiroweb.net\/index.php?rest_route=\/wp\/v2\/media\/11629"}],"wp:attachment":[{"href":"https:\/\/arquivo.barreiroweb.net\/index.php?rest_route=%2Fwp%2Fv2%2Fmedia&parent=12439"}],"wp:term":[{"taxonomy":"category","embeddable":true,"href":"https:\/\/arquivo.barreiroweb.net\/index.php?rest_route=%2Fwp%2Fv2%2Fcategories&post=12439"},{"taxonomy":"post_tag","embeddable":true,"href":"https:\/\/arquivo.barreiroweb.net\/index.php?rest_route=%2Fwp%2Fv2%2Ftags&post=12439"}],"curies":[{"name":"wp","href":"https:\/\/api.w.org\/{rel}","templated":true}]}}