{"id":12248,"date":"2014-10-20T23:52:51","date_gmt":"2014-10-20T22:52:51","guid":{"rendered":"http:\/\/barreiroweb.eu\/?p=12248"},"modified":"2014-10-20T23:52:51","modified_gmt":"2014-10-20T22:52:51","slug":"o-barreiro-recebe-em-novembro-o-mes-da-fotografia","status":"publish","type":"post","link":"https:\/\/arquivo.barreiroweb.net\/?p=12248","title":{"rendered":"O Barreiro recebe, em novembro, o \u201cM\u00eas da Fotografia\u201d"},"content":{"rendered":"<p><a href=\"http:\/\/barreiroweb.eu\/wp-content\/uploads\/2014\/10\/cartaz-MF-Barreiro-2014.jpg\" rel=\"lightbox[12248]\"><img loading=\"lazy\" decoding=\"async\" class=\"alignleft size-thumbnail wp-image-12167\" src=\"http:\/\/barreiroweb.eu\/wp-content\/uploads\/2014\/10\/cartaz-MF-Barreiro-2014-150x150.jpg\" alt=\"cartaz MF Barreiro 2014\" width=\"150\" height=\"150\" srcset=\"https:\/\/arquivo.barreiroweb.net\/wp-content\/uploads\/2014\/10\/cartaz-MF-Barreiro-2014-150x150.jpg 150w, https:\/\/arquivo.barreiroweb.net\/wp-content\/uploads\/2014\/10\/cartaz-MF-Barreiro-2014-50x50.jpg 50w, https:\/\/arquivo.barreiroweb.net\/wp-content\/uploads\/2014\/10\/cartaz-MF-Barreiro-2014-70x70.jpg 70w, https:\/\/arquivo.barreiroweb.net\/wp-content\/uploads\/2014\/10\/cartaz-MF-Barreiro-2014-55x55.jpg 55w\" sizes=\"auto, (max-width: 150px) 100vw, 150px\" \/><\/a>O Barreiro recebe, em novembro, o \u201cM\u00eas da Fotografia\u201d, um projeto que visa possibilitar a cria\u00e7\u00e3o e fideliza\u00e7\u00e3o de novos p\u00fablicos, atrav\u00e9s do incentivo ao gosto por esta arte. O \u201cM\u00eas da Fotografia\u201d, cuja sess\u00e3o de abertura decorreu no dia 18 de outubro, no Audit\u00f3rio Municipal Augusto Cabrita, vai receber nomes de refer\u00eancia da fotografia em Portugal e promover um contato mais direto da popula\u00e7\u00e3o com estes artistas e com esta arte.<\/p>\n<p>A Sess\u00e3o de Abertura decorreu em simult\u00e2neo com a inaugura\u00e7\u00e3o da Exposi\u00e7\u00e3o de Fotografia \u201cSul e Sueste\u201d, de Rita Carmo. A artista salientou, na iniciativa, que, por v\u00e1rias vezes, fotografou m\u00fasicos do Barreiro. Considera que o Concelho \u201ctem um patrim\u00f3nio industrial muito bonito e muito fotog\u00e9nico e foi isso que sempre me apaixonou no Barreiro\u201d.<\/p>\n<p>Este patrim\u00f3nio foi, tamb\u00e9m, valorizado na interven\u00e7\u00e3o do Presidente da C\u00e2mara Municipal do Barreiro. Carlos Humberto de Carvalho considera que, com o desenvolvimento deste ciclo, \u201cpodemos mostrar que o Barreiro \u00e9 bonito, \u00e9 fotog\u00e9nico, tem qualidade e vale a pena visitar e descobrir coisas que muitos n\u00e3o conhecem\u201d. O Autarca falou, entre outros assuntos, \u201cdas margens ribeirinhas extraordin\u00e1rias, do patrim\u00f3nio industrial riqu\u00edssimo\u201d.<\/p>\n<p>O M\u00eas da Fotografia \u00a0\u00e9 organizado pela C\u00e2mara Municipal do Barreiro, em parceria com o Clube de Fot\u00f3grafos do Barreiro. Este evento contar\u00e1 com uma s\u00e9rie de atividades diversificadas e descentralizadas, nomeadamente exposi\u00e7\u00f5es, encontros, forma\u00e7\u00f5es, passeios fotogr\u00e1ficos, concurso, maratona e raid fotogr\u00e1fico, ciclos de cinema, etc.<\/p>\n<p>Para al\u00e9m do Clube de Fot\u00f3grafos do Barreiro, o M\u00eas da Fotografia conta tamb\u00e9m com o apoio de outras entidades, tais como: APAF \u2013 Associa\u00e7\u00e3o Portuguesa de Fotografia, Ar.co \u2013 Centro de Arte e Comunica\u00e7\u00e3o Visual, Ateli\u00ea de Lisboa, Cineclube do Barreiro, Esta\u00e7\u00e3o-Imagem, <em>Sovena<\/em>, Grupo Soflusa\/Transtejo, Forum Barreiro, Fotonature, Imag\u00e9rie \u2013 Casa de Imagens, Instanta, Fabrica Bra\u00e7o de Prata, <em>MYSTUDIO<\/em>, <em>Epson, JFR Design Solutions<\/em>, Escola Superior de Tecnologia do Barreiro, entre outras.<\/p>\n<p>Mais informa\u00e7\u00f5es: 212147404 ou <a href=\"mailto:cultura@cm-barreiro.pt\">cultura@cm-barreiro.pt<\/a><\/p>\n<p><strong>PROGRAMA M\u00eas da Fotografia<\/strong><\/p>\n<p><strong>RAID FOTOGR\u00c1FICO<\/strong><\/p>\n<p>3 a 5 novembro<\/p>\n<p>Os participantes t\u00eam de criar um pequeno projeto composto por seis imagens, tiradas atrav\u00e9s de telem\u00f3vel, com o tema \u201cTu, em 6 imagens\u201d. O prop\u00f3sito deste raid \u00e9 a cria\u00e7\u00e3o de uma exposi\u00e7\u00e3o, com as imagens criadas pelos participantes.<\/p>\n<p>Faixa et\u00e1ria: P\u00fablico jovem at\u00e9 aos 35 anos<\/p>\n<p>Data limite para entrega de fotografias: 5 novembro<\/p>\n<p>Inscri\u00e7\u00f5es at\u00e9 28 outubro, atrav\u00e9s do e-mail: <a href=\"mailto:cmb.juventude@gmail.com\">cmb.juventude@gmail.com<\/a><\/p>\n<p>15 novembro | 11h00<\/p>\n<p>Inaugura\u00e7\u00e3o da exposi\u00e7\u00e3o no Espa\u00e7o J, com a interven\u00e7\u00e3o do fot\u00f3grafo M\u00e1rio Pires, sobre Mobile Photography<\/p>\n<p><strong>CONCURSO DE FOTOGRAFIA<\/strong><\/p>\n<p>Concurso de car\u00e1ter nacional e de tema livre, destinado a fot\u00f3grafos amadores e profissionais.<\/p>\n<p>A apresenta\u00e7\u00e3o dos resultados e a entrega dos pr\u00e9mios decorrer\u00e3o durante o m\u00eas da Fotografia, no <em>Forum Barreiro<\/em>, principal patrocinador deste evento.<\/p>\n<p>&nbsp;<\/p>\n<p><strong>CICLO DE CONFER\u00caNCIAS<\/strong><\/p>\n<p>AUDIT\u00d3RIO MUNICIPAL AUGUSTO CABRITA<\/p>\n<p>9 novembro | 14h30 \u00e0s 16h30 e 17h00 \u00e0s 19h00<\/p>\n<p><strong>1\u00ba Per\u00edodo | FOTOGRAFIA DE ESPET\u00c1CULO<\/strong><\/p>\n<p>M\u00e1rio Pires \u2013 Portfolio Project e fot\u00f3grafo oficial do Festival MMSines e organizador do Photoweekend de \u00d3bidos | Margarida Dias \u2013 Foi fot\u00f3grafa oficial do Teatro Maria Matos<\/p>\n<p>Rita Carmo \u2013 Fot\u00f3grafa<\/p>\n<p><strong>2\u00ba Per\u00edodo | FOTOGRAFIA E CINEMA<\/strong><\/p>\n<p>Sara Rocio \u2013 Fot\u00f3grafa com forma\u00e7\u00e3o em cinema | Rui Po\u00e7as \u2013 Diretor de fotografia e diretor da Pickpocket Gallery, em Lisboa | Rita Benis \u2013 Representante do Projeto Falso Movimento \/ Faculdade de Letras<\/p>\n<p>&nbsp;<\/p>\n<p>AUDIT\u00d3RIO MUNICIPAL AUGUSTO CABRITA<\/p>\n<p>23 novembro |15h00 \u00e0s 17h00<\/p>\n<p><strong>APRESENTA\u00c7\u00c3O DO SITE OLHARES.COM | \u00c2ngelo Valente <\/strong><\/p>\n<p>\u00c9 hoje a maior comunidade online de fotografia em l\u00edngua portuguesa do mundo com mais de 300.000 utilizadores registados.<\/p>\n<p>Desde 2010, tem uma Academia de ensino de fotografia com cursos presenciais e online.<\/p>\n<p>&nbsp;<\/p>\n<p>AUDIT\u00d3RIO MUNICIPAL AUGUSTO CABRITA<\/p>\n<p>30 novembro | 14h30 \u00e0s 16h30 e 17h00 \u00e0s 19h00<\/p>\n<p><strong>1\u00ba Per\u00edodo | FOTOGRAFIA INDUSTRIAL<\/strong><\/p>\n<p>Ant\u00f3nio Lopes \u2013 Fot\u00f3grafo e Presidente da APAF \u2013 Associa\u00e7\u00e3o Portuguesa de Arte Fotogr\u00e1fica\u00a0 Rosa Reis \u2013 Fot\u00f3grafa Industrial<\/p>\n<p><strong>2\u00ba Per\u00edodo | FOTOGRAFIA DE PAISAGEM, NATUREZA E ASTROFOTOGRAFIA<\/strong><\/p>\n<p>Nuno Cabrita \u2013 Fotografia de Natureza | Lu\u00eds Afonso (Fotonature) \u2013 Fotografia de Paisagem Miguel Claro (Fotonature) \u2013 Astrofotografia<\/p>\n<p>&nbsp;<\/p>\n<p><strong>EXPOSI\u00c7\u00d5ES<\/strong><\/p>\n<p>&nbsp;<\/p>\n<p>AUDIT\u00d3RIO MUNICIPAL AUGUSTO CABRITA<\/p>\n<p>18 outubro a 30 novembro | Piso 1 | Pequeno Audit\u00f3rio<\/p>\n<p><strong>SUL E SUESTE | Rita Carmo<\/strong><\/p>\n<p>Conjunto de 10 fotografias captadas no Barreiro.<\/p>\n<p>Dos muitos artistas portugueses que Rita Carmo fotografou, os\u00a0 que encontramos nesta exposi\u00e7\u00e3o s\u00e3o uma escolha ecl\u00e9tica e representativa de boa m\u00fasica portuguesa.<\/p>\n<p>&nbsp;<\/p>\n<p>AUDIT\u00d3RIO MUNICIPAL AUGUSTO CABRITA<\/p>\n<p>1 novembro a 7 dezembro | Piso 1 | Galeria Branca<\/p>\n<p><strong>ROSTOS<\/strong><\/p>\n<p><strong>ESTALEIROS NAVAIS DE VIANA DO CASTELO <\/strong><\/p>\n<p><strong>Eg\u00eddio Santos<\/strong><\/p>\n<p>A exposi\u00e7\u00e3o \u00e9 composta por dois conjuntos de imagens:<\/p>\n<p>Fotografias do dia-a-dia do trabalho dos Estaleiros Navais de Viana do Castelo, tiradas em 1991. Em dezembro de 2013, na sequ\u00eancia do an\u00fancio do Governo do encerramento dos Estaleiros e despedimento de todos os trabalhadores, Eg\u00eddio Santos deslocou-se a Viana para fotografar as duas manifesta\u00e7\u00f5es de rep\u00fadio por esta decis\u00e3o e de apoio aos trabalhadores.<\/p>\n<p>&nbsp;<\/p>\n<p>AUDIT\u00d3RIO MUNICIPAL AUGUSTO CABRITA<\/p>\n<p>1 novembro a 7 dezembro | Piso 1 | Galeria Amarela<\/p>\n<p><strong>FOTONATURE. VERDADEIRAS EXPERI\u00caNCIAS FOTOGR\u00c1FICAS\u00a0 <\/strong><\/p>\n<p><strong>Miguel Claro, Nuno Lu\u00eds e Lu\u00eds Afonso<\/strong><\/p>\n<p>Na fotonature damos corpo aos anseios fotogr\u00e1ficos de quem nos procura, num tempo em que, cada vez mais, fotografia e ato de fotografar fazem parte integrante da vida de cada um.<\/p>\n<p>Estar\u00e3o patentes nesta exposi\u00e7\u00e3o uma s\u00e9rie de imagens de cada um dos membros da equipa fotonature, com olhares e abordagens diferentes, mas que se complementam na perfei\u00e7\u00e3o para criar um projeto abrangente e o mais equilibrado poss\u00edvel.<\/p>\n<p>&nbsp;<\/p>\n<p>AUDIT\u00d3RIO MUNICIPAL AUGUSTO CABRITA<\/p>\n<p>At\u00e9 23 novembro | Piso 0 | Galeria Vermelha<\/p>\n<p><strong>WHAT REMAINS (A INVEN\u00c7\u00c3O DA MEM\u00d3RIA) <\/strong><\/p>\n<p><strong>Susana Paiva<\/strong><\/p>\n<p>&#8220;What remains&#8221; foi criado com recurso a t\u00e9cnicas e materiais anal\u00f3gicos e digitais e processado por software de transcodifica\u00e7\u00e3o da imagem em som.<\/p>\n<p>&nbsp;<\/p>\n<p>AUDIT\u00d3RIO MUNICIPAL AUGUSTO CABRITA<\/p>\n<p>29 novembro a 18 janeiro 2015 | Piso 0<\/p>\n<p>Galeria Vermelha<\/p>\n<p><strong>NO FACE \/ SEM ROSTO | Sara Rocio<\/strong><\/p>\n<p>Este trabalho vai refletir sobre o retrato, o rosto, mas de uma forma pl\u00e1stica, como se o plano do realismo normalmente atribu\u00eddo \u00e0 fotografia fosse destru\u00eddo pelo processo. O que interessa n\u00e3o \u00e9 o que se v\u00ea mas o que nunca se v\u00ea.<\/p>\n<p>A CMB e artista Sara Rocio convidam a popula\u00e7\u00e3o a participar neste projeto que se prop\u00f5e a criar retratos de jovens residentes no Barreiro, com idades compreendidas entre os 18 e os 22 anos. Se tudo correr bem, daqui por 20 anos, este projeto ser\u00e1 repetido, nunca da mesma maneira, nem na forma nem no resultado, mas com as mesmas pessoas.<\/p>\n<p>Sess\u00f5es fotogr\u00e1ficas:<\/p>\n<p>Local: AMAC<\/p>\n<p>Hor\u00e1rio: 24 e 31 de outubro de 2014 | das 14h00 \u00e0s 16h00<\/p>\n<p>Inscri\u00e7\u00f5es (limitadas) \/ informa\u00e7\u00f5es: 21 214 74 04 ou <a href=\"mailto:cultura@cm-barreiro.pt\">cultura@cm-barreiro.pt<\/a><\/p>\n<p>&nbsp;<\/p>\n<p>ESCOLA SUPERIOR DE TECNOLOGIA DO\u00a0 BARREIRO<\/p>\n<p>31 outubro a 21 novembro<\/p>\n<p><strong>DE ALBURRICA A BARRA-A-BARRA\u00a0 <\/strong><\/p>\n<p><strong>Clube de Fot\u00f3grafos do Barreiro<\/strong><\/p>\n<p>O desafio foi lan\u00e7ado pela Uni\u00e3o de Freguesias do Barreiro e Lavradio ao Clube de Fot\u00f3grafos do Barreiro, no in\u00edcio de mar\u00e7o de 2014. O resultado foi uma exposi\u00e7\u00e3o composta por cinquenta fotografias de cinquenta fot\u00f3grafos do Clube, mostrando a vis\u00e3o de cada um sobre o tema.<\/p>\n<p>&nbsp;<\/p>\n<p>ESPA\u00c7O MEM\u00d3RIA<\/p>\n<p>2 novembro a 31 dezembro<\/p>\n<p><strong>A FOR\u00c7A DOS LUGARES | Rosa Reis<\/strong><\/p>\n<p>A inaugura\u00e7\u00e3o contar\u00e1 com um concerto alusivo ao tema\u00a0 da ind\u00fastria, dinamizado pela Associa\u00e7\u00e3o Out.ra. O car\u00e1ter escultural e valor est\u00e9tico de espa\u00e7os industriais pensados e elaborados para um lugar espec\u00edfico, s\u00e3o um est\u00edmulo para o projeto fotogr\u00e1fico.<\/p>\n<p>&nbsp;<\/p>\n<p>BIBLIOTECA MUNICIPAL DO BARREIRO<\/p>\n<p>8 novembro a 14 dezembro<\/p>\n<p><strong>NA MARGEM DO QUOTIDIANO | Jo\u00e3o Figueiredo<\/strong><\/p>\n<p>Este projeto n\u00e3o \u00e9 um projeto. \u00c9 uma atitude. Uma atitude que nasce da necessidade de encontrar alguma ordem num impulso constante em fotografar, servindo-se da identifica\u00e7\u00e3o do autor com o ambiente fotografado.<\/p>\n<p>&nbsp;<\/p>\n<p>FORUM BARREIRO<\/p>\n<p>7 a 30 novembro<\/p>\n<p><strong>EXPOSI\u00c7\u00c3O COM AS 30 FOTOGRAFIAS SELECIONADAS PELO J\u00daRI DO CONCURSO DE FOTOGRAFIA<\/strong><\/p>\n<p>&nbsp;<\/p>\n<p>ESPA\u00c7O J<\/p>\n<p>15 novembro a 28 dezembro<\/p>\n<p><strong>EXPOSI\u00c7\u00c3O COM OS RESULTADOS DO RAID FOTOGR\u00c1FICO<\/strong><\/p>\n<p><strong>PALESTRA COM M\u00c1RIO PIRES SOBRE MOBILE PHOTOGRAPHY<\/strong><\/p>\n<p>&nbsp;<\/p>\n<p>PA\u00c7OS DO CONCELHO<\/p>\n<p>1 a 30 novembro<\/p>\n<p><strong>ESP\u00d3LIO ART\u00cdSTICO DA C\u00c2MARA MUNICIPAL DO BARREIRO<\/strong><\/p>\n<p>&nbsp;<\/p>\n<p>POSTO DE TURISMO<\/p>\n<p>1 a 30 novembro<\/p>\n<p><strong>EXPOSI\u00c7\u00c3O DE FOTOGRAFIA DOS ALUNOS DA UNIVERSIDADE DE TERCEIRA IDADE DO BARREIRO <\/strong><\/p>\n<p>Coordena\u00e7\u00e3o: Prof. Luis Estiveira<\/p>\n<p>&nbsp;<\/p>\n<p><strong>TCB (Transportes Coletivos do Barreiro) | EXPOSI\u00c7\u00c3O EM MOVIMENTO <\/strong><\/p>\n<p>1 a 30 novembro<\/p>\n<p>Autocarros com fotografias do Barreiro, captadas pelo Clube de Fot\u00f3grafos do Barreiro<\/p>\n<p>&nbsp;<\/p>\n<p><strong>FORMA\u00c7\u00c3O<\/strong><\/p>\n<p>&nbsp;<\/p>\n<p>AUDIT\u00d3RIO DA JUNTA DE FREGUESIA DA VERDERENA<\/p>\n<p>1 novembro | 10h00 \u00e0s 13h00<\/p>\n<p><strong>WORKSHOP DE INICIA\u00c7\u00c3O \u00c0 FOTOGRAFIA<\/strong><\/p>\n<p>Tem como objetivo dotar os participantes dos conhecimentos b\u00e1sicos que permitam tirar mais partido do equipamento que possuem. Ser\u00e3o abordados temas como escalas fotogr\u00e1ficas, funcionamento do balan\u00e7o de brancos, entre outros.<\/p>\n<p>Forma\u00e7\u00e3o: Nuno Cabrita &#8211; Clube de Fot\u00f3grafos do Barreiro<\/p>\n<p>N\u00famero de participantes: 6 a 20 | Faixa et\u00e1ria: a partir dos 14 anos<\/p>\n<p>Gratuito, mediante inscri\u00e7\u00e3o pr\u00e9via<\/p>\n<p>Inscri\u00e7\u00f5es: 21 099 08 37 ou <a href=\"mailto:postodeturismo@cm-barreiro.pt\">postodeturismo@cm-barreiro.pt<\/a><\/p>\n<p>&nbsp;<\/p>\n<p>AUDIT\u00d3RIO DA BIBLIOTECA MUNICIPAL DO BARREIRO<\/p>\n<p>8 e 9 novembro | 10h00 \u00e0s 15h00<\/p>\n<p><strong>LATAS NA CIDADE | EVENTO EXPOSI\u00c7\u00c3O POPUP <\/strong><\/p>\n<p><strong>E WORKSHOP | Especial M\u00eas da Fotografia<\/strong><\/p>\n<p>Convidamos os barreirenses a usar as nossas latas que, afinal, s\u00e3o c\u00e2maras fotogr\u00e1ficas. Assistir\u00e3o ainda ao processo m\u00e1gico de revela\u00e7\u00e3o da sua imagem. Cada fotografia obtida ser\u00e1 exposta numa mostra popup, que crescer\u00e1 \u00e0 medida que mais e mais pessoas aceitam o desafio.<\/p>\n<p>As latas v\u00eam com as instru\u00e7\u00f5es necess\u00e1rias e a sua utiliza\u00e7\u00e3o \u00e9 gratuita.<\/p>\n<p>Informa\u00e7\u00f5es: imagerieonline.com | latasnacidade.com | facebook.com\/ latasnacidade<\/p>\n<p>Projeto do ateli\u00ea de fotografia Imagerie \u2013 Casa de Imagens<\/p>\n<p>&nbsp;<\/p>\n<p>AUDIT\u00d3RIO DA BIBLIOTECA MUNICIPAL DO BARREIRO<\/p>\n<p>8 novembro | 10h00 \u00e0s 13h00<\/p>\n<p><strong>WORKSHOP DE FOTOGRAFIA PINHOLE<\/strong><\/p>\n<p>Ser\u00e3o constru\u00eddas e utilizadas c\u00e2maras fotogr\u00e1ficas artesanais a partir de caixas ou latas que j\u00e1 n\u00e3o usa.<\/p>\n<p>N\u00famero de participantes: 4 a 8<\/p>\n<p>Faixa et\u00e1ria: a partir dos 12 anos | Inscri\u00e7\u00e3o: 10\u20ac<\/p>\n<p>Inscri\u00e7\u00f5es: <a href=\"mailto:geral@imagerieonline.com\">geral@imagerieonline.com<\/a> ou 91 619 94 08<\/p>\n<p>&nbsp;<\/p>\n<p>AUDIT\u00d3RIO MUNICIPAL AUGUSTO CABRITA<\/p>\n<p>22 novembro |\u00a0 10h00 \u00e0s 13h00 e 14h00 \u00e0s 17h00<\/p>\n<p>Pequeno Audit\u00f3rio<\/p>\n<p><strong>WORKSHOP DA IMAGEM E DA ESCRITA<\/strong><\/p>\n<p>Cria\u00e7\u00e3o de hist\u00f3rias com texto e imagem. Um workshop que conjuga fotografia e escrita criativa.<\/p>\n<p>Forma\u00e7\u00e3o: M\u00e1rio Pires (fot\u00f3grafo) e Cristina Nobre Soares (escritora)<\/p>\n<p>N\u00famero de participantes: 6 a 12 | Inscri\u00e7\u00e3o: 10\u20ac<\/p>\n<p>Inscri\u00e7\u00f5es: 21 099 08 37 ou <a href=\"mailto:postodeturismo@cm-barreiro.pt\">postodeturismo@cm-barreiro.pt<\/a><\/p>\n<p>AUDIT\u00d3RIO MUNICIPAL AUGUSTO CABRITA<\/p>\n<p>23 novembro | 11h00 \u00e0s 12h30 | Pequeno Audit\u00f3rio<\/p>\n<p><strong>WORKSHOP DE FOTOGRAFIA DE RUA COM DANIEL CAMACHO<\/strong><\/p>\n<p>Neste workshop pode aprender-se a fotografar e tamb\u00e9m a interagir com os cen\u00e1rios, com as ruas e com as pessoas. Ser\u00e3o explorados conceitos t\u00e9cnicos e de composi\u00e7\u00e3o.<\/p>\n<p>N\u00famero de participantes: 5 a 25 | Inscri\u00e7\u00e3o: 5\u20ac<\/p>\n<p>Inscri\u00e7\u00f5es: 21 099 08 37 ou <a href=\"mailto:postodeturismo@cm-barreiro.pt\">postodeturismo@cm-barreiro.pt<\/a><\/p>\n<p>&nbsp;<\/p>\n<p>AUDIT\u00d3RIO MUNICIPAL AUGUSTO CABRITA<\/p>\n<p>29 novembro | 9h00 \u00e0s 12h30 | Pequeno Audit\u00f3rio<\/p>\n<p><strong>FORMA\u00c7\u00c3O LIGHTROOM<\/strong><\/p>\n<p>O objetivo desta forma\u00e7\u00e3o \u00e9 fornecer os conhecimentos sobre algumas t\u00e9cnicas base, nomeadamente ao n\u00edvel da Edi\u00e7\u00e3o, desde a captura at\u00e9 imagem final, explicando passo-a-passo com exemplos de fotografias reais, as potencialidades do Adobe Photoshop Lightroom.<\/p>\n<p>Forma\u00e7\u00e3o: Andr\u00e9 Antunes \u2013 Clube de Fot\u00f3grafos do Barreiro<\/p>\n<p>N\u00famero de participantes: 6 a 12<\/p>\n<p>Faixa et\u00e1ria: a partir dos 16 anos<\/p>\n<p>Gratuita, mediante inscri\u00e7\u00e3o pr\u00e9via<\/p>\n<p>Inscri\u00e7\u00f5es: 21 099 08 37 ou <a href=\"mailto:postodeturismo@cm-barreiro.pt\">postodeturismo@cm-barreiro.pt<\/a><\/p>\n<p>&nbsp;<\/p>\n<p>15 novembro | 14h00 \u00e0s 18h00<\/p>\n<p><strong>MARATONA FOTOGR\u00c1FICA<\/strong><\/p>\n<p>Esta iniciativa conta com a colabora\u00e7\u00e3o do OLHARES.COM<\/p>\n<p>O principal objetivo \u00e9 promover o \u201cM\u00eas da Fotografia\u201d e tamb\u00e9m a cidade do Barreiro assim como o conv\u00edvio entre entusiastas da fotografia.<\/p>\n<p>Informa\u00e7\u00f5es\/inscri\u00e7\u00f5es: <a href=\"mailto:clubedefotografosdobarreiro@gmail.com\">clubedefotografosdobarreiro@gmail.com<\/a><\/p>\n<p>&nbsp;<\/p>\n<p>MATA DA MACHADA<\/p>\n<p>16 novembro | 10h00 \u00e0s 13h00<\/p>\n<p><strong>PASSEIOS FOTOGR\u00c1FICOS EM FAM\u00cdLIA<\/strong><\/p>\n<p>Atividade orientada por Nuno Cabrita &#8211; Clube de Fot\u00f3grafos do Barreiro<\/p>\n<p>P\u00fablico-alvo: Fam\u00edlias a partir de 2 elementos | Limite m\u00e1ximo de 30 participantes<\/p>\n<p>Gratuita, mediante inscri\u00e7\u00e3o pr\u00e9via<\/p>\n<p>Inscri\u00e7\u00f5es: 21 099 08 37 ou <a href=\"mailto:postodeturismo@cm-barreiro.pt\">postodeturismo@cm-barreiro.pt<\/a><\/p>\n<p>&nbsp;<\/p>\n<p>ESTA\u00c7\u00c3O RODO-FERRO- FLUVIAL DO BARREIRO<\/p>\n<p>5 novembro | 8h00 \u00e0s 09h30; 11 novembro | 14h00 \u00e0s 15h30; 19 novembro | 8h00 \u00e0s 9h30; 27 novembro | 14h00 \u00e0s 15h30<\/p>\n<p><strong>RETRATOS<\/strong><\/p>\n<p>Atrav\u00e9s da cria\u00e7\u00e3o de um cen\u00e1rio, os utentes da esta\u00e7\u00e3o fluvial s\u00e3o retratados de forma criativa e divertida pelos membros do Clube de Fot\u00f3grafos do Barreiro.<\/p>\n<p>&nbsp;<\/p>\n<p><strong>VISITAS GUIADAS<\/strong><\/p>\n<p>Organiza\u00e7\u00e3o de visitas guiadas, de car\u00e1ter gratuito, \u00e0s exposi\u00e7\u00f5es patentes do M\u00eas da Fotografia.<\/p>\n<p>Mediante marca\u00e7\u00e3o atrav\u00e9s do telefone: 21 214 74 04<\/p>\n<p>&nbsp;<\/p>\n<p>CINECLUBE DO BARREIRO<\/p>\n<p><strong>CICLO DE FOTOGRAFIA E CINEMA<\/strong> | Parceria com o Cineclube do Barreiro<\/p>\n<p>Entrada livre<\/p>\n<p>13 novembro | 21h00<\/p>\n<p><strong>DANA\u00c7\u00c3O | B\u00e9la Tarr<\/strong> | Hungria, 1987 | 115 min.<\/p>\n<p>&nbsp;<\/p>\n<p>20 novembro | 21h00<\/p>\n<p><strong>ESTRADA DE PALHA | Rodrigo Areias<\/strong> | Portugal, 2012 | 90 min.<\/p>\n<p>&nbsp;<\/p>\n<p>27 novembro |\u00a0 21h00<\/p>\n<p><strong>YOJIMBO | Akira Kurosawa<\/strong> | Jap\u00e3o, 1961 | 110 min.<\/p>\n<p>&nbsp;<\/p>\n<p><strong>SERVI\u00c7O EDUCATIVO<\/strong><\/p>\n<p><strong>ESCOLAS DO CONCELHO<\/strong><\/p>\n<p>Organiza\u00e7\u00e3o de pequenas palestras\/forma\u00e7\u00f5es sobre fotografia.<\/p>\n<p>Forma\u00e7\u00e3o: Clube de Fot\u00f3grafos do Barreiro<\/p>\n<p>&nbsp;<\/p>\n<p>AUDIT\u00d3RIO DA ESCOLA SEC. DE STO ANDR\u00c9 E SEC. AUGUSTO CABRITA<\/p>\n<p>12 novembro<\/p>\n<p><strong>BIODIVERSIDADE EM BRANCO PURO<\/strong><\/p>\n<p>Conferencista: Nuno Cabrita<\/p>\n<p>P\u00fablico-Alvo: alunos de 11\u00ba e 12\u00ba anos e professores<\/p>\n<p>&nbsp;<\/p>\n<p>AUDIT\u00d3RIO MUNICIPAL AUGUSTO CABRITA<\/p>\n<p><strong>FEIRA DO LIVRO DE FOTOGRAFIA\u00a0 <\/strong><\/p>\n<p>Parceria com a Livraria BERTRAND do Barreiro<\/p>\n<p>1, 9, 23 e 30 novembro | 14h00 \u00e0s 20h00 | Piso 0 | Galeria Vermelha<\/p>\n<p>&nbsp;<\/p>\n<p><strong>Fonte:CMB<\/strong><\/p>\n","protected":false},"excerpt":{"rendered":"<p>O Barreiro recebe, em novembro, o \u201cM\u00eas da Fotografia\u201d, um projeto que visa possibilitar a cria\u00e7\u00e3o e fideliza\u00e7\u00e3o de novos p\u00fablicos, atrav\u00e9s do incentivo ao gosto por esta arte. O \u201cM\u00eas da Fotografia\u201d, cuja sess\u00e3o de abertura decorreu no dia 18 de outubro, no Audit\u00f3rio Municipal Augusto Cabrita, vai receber nomes de refer\u00eancia da fotografia [&hellip;]<\/p>\n","protected":false},"author":1,"featured_media":12167,"comment_status":"open","ping_status":"open","sticky":false,"template":"","format":"standard","meta":{"footnotes":""},"categories":[32,5],"tags":[41,213],"class_list":["post-12248","post","type-post","status-publish","format-standard","has-post-thumbnail","hentry","category-destaque","category-fotografia","tag-barreiro","tag-fotografia-2","last_archivepost"],"yoast_head":"<!-- This site is optimized with the Yoast SEO plugin v27.1.1 - https:\/\/yoast.com\/product\/yoast-seo-wordpress\/ -->\n<title>O Barreiro recebe, em novembro, o \u201cM\u00eas da Fotografia\u201d - barreiroweb<\/title>\n<meta name=\"robots\" content=\"index, follow, max-snippet:-1, max-image-preview:large, max-video-preview:-1\" \/>\n<link rel=\"canonical\" href=\"https:\/\/arquivo.barreiroweb.net\/?p=12248\" \/>\n<meta property=\"og:locale\" content=\"pt_PT\" \/>\n<meta property=\"og:type\" content=\"article\" \/>\n<meta property=\"og:title\" content=\"O Barreiro recebe, em novembro, o \u201cM\u00eas da Fotografia\u201d - barreiroweb\" \/>\n<meta property=\"og:description\" content=\"O Barreiro recebe, em novembro, o \u201cM\u00eas da Fotografia\u201d, um projeto que visa possibilitar a cria\u00e7\u00e3o e fideliza\u00e7\u00e3o de novos p\u00fablicos, atrav\u00e9s do incentivo ao gosto por esta arte. O \u201cM\u00eas da Fotografia\u201d, cuja sess\u00e3o de abertura decorreu no dia 18 de outubro, no Audit\u00f3rio Municipal Augusto Cabrita, vai receber nomes de refer\u00eancia da fotografia [&hellip;]\" \/>\n<meta property=\"og:url\" content=\"https:\/\/arquivo.barreiroweb.net\/?p=12248\" \/>\n<meta property=\"og:site_name\" content=\"barreiroweb\" \/>\n<meta property=\"article:publisher\" content=\"https:\/\/www.facebook.com\/barreiroweb\" \/>\n<meta property=\"article:published_time\" content=\"2014-10-20T22:52:51+00:00\" \/>\n<meta property=\"og:image\" content=\"https:\/\/arquivo.barreiroweb.net\/wp-content\/uploads\/2014\/10\/cartaz-MF-Barreiro-2014.jpg\" \/>\n\t<meta property=\"og:image:width\" content=\"222\" \/>\n\t<meta property=\"og:image:height\" content=\"314\" \/>\n\t<meta property=\"og:image:type\" content=\"image\/jpeg\" \/>\n<meta name=\"author\" content=\"barreiroweb\" \/>\n<meta name=\"twitter:card\" content=\"summary_large_image\" \/>\n<meta name=\"twitter:creator\" content=\"@barreiroweb\" \/>\n<meta name=\"twitter:site\" content=\"@barreiroweb\" \/>\n<meta name=\"twitter:label1\" content=\"Escrito por\" \/>\n\t<meta name=\"twitter:data1\" content=\"barreiroweb\" \/>\n\t<meta name=\"twitter:label2\" content=\"Tempo estimado de leitura\" \/>\n\t<meta name=\"twitter:data2\" content=\"11 minutos\" \/>\n<script type=\"application\/ld+json\" class=\"yoast-schema-graph\">{\"@context\":\"https:\/\/schema.org\",\"@graph\":[{\"@type\":\"Article\",\"@id\":\"https:\/\/arquivo.barreiroweb.net\/?p=12248#article\",\"isPartOf\":{\"@id\":\"https:\/\/arquivo.barreiroweb.net\/?p=12248\"},\"author\":{\"name\":\"barreiroweb\",\"@id\":\"https:\/\/arquivo.barreiroweb.net\/#\/schema\/person\/44b6d528aff975e3786c9f475f9df2dd\"},\"headline\":\"O Barreiro recebe, em novembro, o \u201cM\u00eas da Fotografia\u201d\",\"datePublished\":\"2014-10-20T22:52:51+00:00\",\"mainEntityOfPage\":{\"@id\":\"https:\/\/arquivo.barreiroweb.net\/?p=12248\"},\"wordCount\":2241,\"commentCount\":0,\"publisher\":{\"@id\":\"https:\/\/arquivo.barreiroweb.net\/#organization\"},\"image\":{\"@id\":\"https:\/\/arquivo.barreiroweb.net\/?p=12248#primaryimage\"},\"thumbnailUrl\":\"https:\/\/arquivo.barreiroweb.net\/wp-content\/uploads\/2014\/10\/cartaz-MF-Barreiro-2014.jpg\",\"keywords\":[\"barreiro\",\"fotografia\"],\"articleSection\":[\"Destaque\",\"Fotografia\"],\"inLanguage\":\"pt-PT\",\"potentialAction\":[{\"@type\":\"CommentAction\",\"name\":\"Comment\",\"target\":[\"https:\/\/arquivo.barreiroweb.net\/?p=12248#respond\"]}]},{\"@type\":\"WebPage\",\"@id\":\"https:\/\/arquivo.barreiroweb.net\/?p=12248\",\"url\":\"https:\/\/arquivo.barreiroweb.net\/?p=12248\",\"name\":\"O Barreiro recebe, em novembro, o \u201cM\u00eas da Fotografia\u201d - barreiroweb\",\"isPartOf\":{\"@id\":\"https:\/\/arquivo.barreiroweb.net\/#website\"},\"primaryImageOfPage\":{\"@id\":\"https:\/\/arquivo.barreiroweb.net\/?p=12248#primaryimage\"},\"image\":{\"@id\":\"https:\/\/arquivo.barreiroweb.net\/?p=12248#primaryimage\"},\"thumbnailUrl\":\"https:\/\/arquivo.barreiroweb.net\/wp-content\/uploads\/2014\/10\/cartaz-MF-Barreiro-2014.jpg\",\"datePublished\":\"2014-10-20T22:52:51+00:00\",\"breadcrumb\":{\"@id\":\"https:\/\/arquivo.barreiroweb.net\/?p=12248#breadcrumb\"},\"inLanguage\":\"pt-PT\",\"potentialAction\":[{\"@type\":\"ReadAction\",\"target\":[\"https:\/\/arquivo.barreiroweb.net\/?p=12248\"]}]},{\"@type\":\"ImageObject\",\"inLanguage\":\"pt-PT\",\"@id\":\"https:\/\/arquivo.barreiroweb.net\/?p=12248#primaryimage\",\"url\":\"https:\/\/arquivo.barreiroweb.net\/wp-content\/uploads\/2014\/10\/cartaz-MF-Barreiro-2014.jpg\",\"contentUrl\":\"https:\/\/arquivo.barreiroweb.net\/wp-content\/uploads\/2014\/10\/cartaz-MF-Barreiro-2014.jpg\",\"width\":222,\"height\":314},{\"@type\":\"BreadcrumbList\",\"@id\":\"https:\/\/arquivo.barreiroweb.net\/?p=12248#breadcrumb\",\"itemListElement\":[{\"@type\":\"ListItem\",\"position\":1,\"name\":\"In\u00edcio\",\"item\":\"https:\/\/arquivo.barreiroweb.net\/\"},{\"@type\":\"ListItem\",\"position\":2,\"name\":\"O Barreiro recebe, em novembro, o \u201cM\u00eas da Fotografia\u201d\"}]},{\"@type\":\"WebSite\",\"@id\":\"https:\/\/arquivo.barreiroweb.net\/#website\",\"url\":\"https:\/\/arquivo.barreiroweb.net\/\",\"name\":\"barreiroweb\",\"description\":\"Barreiroweb o barreiro na web\",\"publisher\":{\"@id\":\"https:\/\/arquivo.barreiroweb.net\/#organization\"},\"potentialAction\":[{\"@type\":\"SearchAction\",\"target\":{\"@type\":\"EntryPoint\",\"urlTemplate\":\"https:\/\/arquivo.barreiroweb.net\/?s={search_term_string}\"},\"query-input\":{\"@type\":\"PropertyValueSpecification\",\"valueRequired\":true,\"valueName\":\"search_term_string\"}}],\"inLanguage\":\"pt-PT\"},{\"@type\":\"Organization\",\"@id\":\"https:\/\/arquivo.barreiroweb.net\/#organization\",\"name\":\"barreiroweb\",\"url\":\"https:\/\/arquivo.barreiroweb.net\/\",\"logo\":{\"@type\":\"ImageObject\",\"inLanguage\":\"pt-PT\",\"@id\":\"https:\/\/arquivo.barreiroweb.net\/#\/schema\/logo\/image\/\",\"url\":\"https:\/\/barreiroweb.net\/wp-content\/uploads\/2022\/05\/BarreiroWeb555.jpg\",\"contentUrl\":\"https:\/\/barreiroweb.net\/wp-content\/uploads\/2022\/05\/BarreiroWeb555.jpg\",\"width\":421,\"height\":415,\"caption\":\"barreiroweb\"},\"image\":{\"@id\":\"https:\/\/arquivo.barreiroweb.net\/#\/schema\/logo\/image\/\"},\"sameAs\":[\"https:\/\/www.facebook.com\/barreiroweb\",\"https:\/\/x.com\/barreiroweb\"]},{\"@type\":\"Person\",\"@id\":\"https:\/\/arquivo.barreiroweb.net\/#\/schema\/person\/44b6d528aff975e3786c9f475f9df2dd\",\"name\":\"barreiroweb\",\"image\":{\"@type\":\"ImageObject\",\"inLanguage\":\"pt-PT\",\"@id\":\"https:\/\/arquivo.barreiroweb.net\/#\/schema\/person\/image\/\",\"url\":\"https:\/\/secure.gravatar.com\/avatar\/1f764b917967430404ff0b452044eb63a25d64a5363b25be2aa42273930f477d?s=96&d=mm&r=g\",\"contentUrl\":\"https:\/\/secure.gravatar.com\/avatar\/1f764b917967430404ff0b452044eb63a25d64a5363b25be2aa42273930f477d?s=96&d=mm&r=g\",\"caption\":\"barreiroweb\"},\"url\":\"https:\/\/arquivo.barreiroweb.net\/?author=1\"}]}<\/script>\n<!-- \/ Yoast SEO plugin. -->","yoast_head_json":{"title":"O Barreiro recebe, em novembro, o \u201cM\u00eas da Fotografia\u201d - barreiroweb","robots":{"index":"index","follow":"follow","max-snippet":"max-snippet:-1","max-image-preview":"max-image-preview:large","max-video-preview":"max-video-preview:-1"},"canonical":"https:\/\/arquivo.barreiroweb.net\/?p=12248","og_locale":"pt_PT","og_type":"article","og_title":"O Barreiro recebe, em novembro, o \u201cM\u00eas da Fotografia\u201d - barreiroweb","og_description":"O Barreiro recebe, em novembro, o \u201cM\u00eas da Fotografia\u201d, um projeto que visa possibilitar a cria\u00e7\u00e3o e fideliza\u00e7\u00e3o de novos p\u00fablicos, atrav\u00e9s do incentivo ao gosto por esta arte. O \u201cM\u00eas da Fotografia\u201d, cuja sess\u00e3o de abertura decorreu no dia 18 de outubro, no Audit\u00f3rio Municipal Augusto Cabrita, vai receber nomes de refer\u00eancia da fotografia [&hellip;]","og_url":"https:\/\/arquivo.barreiroweb.net\/?p=12248","og_site_name":"barreiroweb","article_publisher":"https:\/\/www.facebook.com\/barreiroweb","article_published_time":"2014-10-20T22:52:51+00:00","og_image":[{"width":222,"height":314,"url":"https:\/\/arquivo.barreiroweb.net\/wp-content\/uploads\/2014\/10\/cartaz-MF-Barreiro-2014.jpg","type":"image\/jpeg"}],"author":"barreiroweb","twitter_card":"summary_large_image","twitter_creator":"@barreiroweb","twitter_site":"@barreiroweb","twitter_misc":{"Escrito por":"barreiroweb","Tempo estimado de leitura":"11 minutos"},"schema":{"@context":"https:\/\/schema.org","@graph":[{"@type":"Article","@id":"https:\/\/arquivo.barreiroweb.net\/?p=12248#article","isPartOf":{"@id":"https:\/\/arquivo.barreiroweb.net\/?p=12248"},"author":{"name":"barreiroweb","@id":"https:\/\/arquivo.barreiroweb.net\/#\/schema\/person\/44b6d528aff975e3786c9f475f9df2dd"},"headline":"O Barreiro recebe, em novembro, o \u201cM\u00eas da Fotografia\u201d","datePublished":"2014-10-20T22:52:51+00:00","mainEntityOfPage":{"@id":"https:\/\/arquivo.barreiroweb.net\/?p=12248"},"wordCount":2241,"commentCount":0,"publisher":{"@id":"https:\/\/arquivo.barreiroweb.net\/#organization"},"image":{"@id":"https:\/\/arquivo.barreiroweb.net\/?p=12248#primaryimage"},"thumbnailUrl":"https:\/\/arquivo.barreiroweb.net\/wp-content\/uploads\/2014\/10\/cartaz-MF-Barreiro-2014.jpg","keywords":["barreiro","fotografia"],"articleSection":["Destaque","Fotografia"],"inLanguage":"pt-PT","potentialAction":[{"@type":"CommentAction","name":"Comment","target":["https:\/\/arquivo.barreiroweb.net\/?p=12248#respond"]}]},{"@type":"WebPage","@id":"https:\/\/arquivo.barreiroweb.net\/?p=12248","url":"https:\/\/arquivo.barreiroweb.net\/?p=12248","name":"O Barreiro recebe, em novembro, o \u201cM\u00eas da Fotografia\u201d - barreiroweb","isPartOf":{"@id":"https:\/\/arquivo.barreiroweb.net\/#website"},"primaryImageOfPage":{"@id":"https:\/\/arquivo.barreiroweb.net\/?p=12248#primaryimage"},"image":{"@id":"https:\/\/arquivo.barreiroweb.net\/?p=12248#primaryimage"},"thumbnailUrl":"https:\/\/arquivo.barreiroweb.net\/wp-content\/uploads\/2014\/10\/cartaz-MF-Barreiro-2014.jpg","datePublished":"2014-10-20T22:52:51+00:00","breadcrumb":{"@id":"https:\/\/arquivo.barreiroweb.net\/?p=12248#breadcrumb"},"inLanguage":"pt-PT","potentialAction":[{"@type":"ReadAction","target":["https:\/\/arquivo.barreiroweb.net\/?p=12248"]}]},{"@type":"ImageObject","inLanguage":"pt-PT","@id":"https:\/\/arquivo.barreiroweb.net\/?p=12248#primaryimage","url":"https:\/\/arquivo.barreiroweb.net\/wp-content\/uploads\/2014\/10\/cartaz-MF-Barreiro-2014.jpg","contentUrl":"https:\/\/arquivo.barreiroweb.net\/wp-content\/uploads\/2014\/10\/cartaz-MF-Barreiro-2014.jpg","width":222,"height":314},{"@type":"BreadcrumbList","@id":"https:\/\/arquivo.barreiroweb.net\/?p=12248#breadcrumb","itemListElement":[{"@type":"ListItem","position":1,"name":"In\u00edcio","item":"https:\/\/arquivo.barreiroweb.net\/"},{"@type":"ListItem","position":2,"name":"O Barreiro recebe, em novembro, o \u201cM\u00eas da Fotografia\u201d"}]},{"@type":"WebSite","@id":"https:\/\/arquivo.barreiroweb.net\/#website","url":"https:\/\/arquivo.barreiroweb.net\/","name":"barreiroweb","description":"Barreiroweb o barreiro na web","publisher":{"@id":"https:\/\/arquivo.barreiroweb.net\/#organization"},"potentialAction":[{"@type":"SearchAction","target":{"@type":"EntryPoint","urlTemplate":"https:\/\/arquivo.barreiroweb.net\/?s={search_term_string}"},"query-input":{"@type":"PropertyValueSpecification","valueRequired":true,"valueName":"search_term_string"}}],"inLanguage":"pt-PT"},{"@type":"Organization","@id":"https:\/\/arquivo.barreiroweb.net\/#organization","name":"barreiroweb","url":"https:\/\/arquivo.barreiroweb.net\/","logo":{"@type":"ImageObject","inLanguage":"pt-PT","@id":"https:\/\/arquivo.barreiroweb.net\/#\/schema\/logo\/image\/","url":"https:\/\/barreiroweb.net\/wp-content\/uploads\/2022\/05\/BarreiroWeb555.jpg","contentUrl":"https:\/\/barreiroweb.net\/wp-content\/uploads\/2022\/05\/BarreiroWeb555.jpg","width":421,"height":415,"caption":"barreiroweb"},"image":{"@id":"https:\/\/arquivo.barreiroweb.net\/#\/schema\/logo\/image\/"},"sameAs":["https:\/\/www.facebook.com\/barreiroweb","https:\/\/x.com\/barreiroweb"]},{"@type":"Person","@id":"https:\/\/arquivo.barreiroweb.net\/#\/schema\/person\/44b6d528aff975e3786c9f475f9df2dd","name":"barreiroweb","image":{"@type":"ImageObject","inLanguage":"pt-PT","@id":"https:\/\/arquivo.barreiroweb.net\/#\/schema\/person\/image\/","url":"https:\/\/secure.gravatar.com\/avatar\/1f764b917967430404ff0b452044eb63a25d64a5363b25be2aa42273930f477d?s=96&d=mm&r=g","contentUrl":"https:\/\/secure.gravatar.com\/avatar\/1f764b917967430404ff0b452044eb63a25d64a5363b25be2aa42273930f477d?s=96&d=mm&r=g","caption":"barreiroweb"},"url":"https:\/\/arquivo.barreiroweb.net\/?author=1"}]}},"_links":{"self":[{"href":"https:\/\/arquivo.barreiroweb.net\/index.php?rest_route=\/wp\/v2\/posts\/12248","targetHints":{"allow":["GET"]}}],"collection":[{"href":"https:\/\/arquivo.barreiroweb.net\/index.php?rest_route=\/wp\/v2\/posts"}],"about":[{"href":"https:\/\/arquivo.barreiroweb.net\/index.php?rest_route=\/wp\/v2\/types\/post"}],"author":[{"embeddable":true,"href":"https:\/\/arquivo.barreiroweb.net\/index.php?rest_route=\/wp\/v2\/users\/1"}],"replies":[{"embeddable":true,"href":"https:\/\/arquivo.barreiroweb.net\/index.php?rest_route=%2Fwp%2Fv2%2Fcomments&post=12248"}],"version-history":[{"count":1,"href":"https:\/\/arquivo.barreiroweb.net\/index.php?rest_route=\/wp\/v2\/posts\/12248\/revisions"}],"predecessor-version":[{"id":12249,"href":"https:\/\/arquivo.barreiroweb.net\/index.php?rest_route=\/wp\/v2\/posts\/12248\/revisions\/12249"}],"wp:featuredmedia":[{"embeddable":true,"href":"https:\/\/arquivo.barreiroweb.net\/index.php?rest_route=\/wp\/v2\/media\/12167"}],"wp:attachment":[{"href":"https:\/\/arquivo.barreiroweb.net\/index.php?rest_route=%2Fwp%2Fv2%2Fmedia&parent=12248"}],"wp:term":[{"taxonomy":"category","embeddable":true,"href":"https:\/\/arquivo.barreiroweb.net\/index.php?rest_route=%2Fwp%2Fv2%2Fcategories&post=12248"},{"taxonomy":"post_tag","embeddable":true,"href":"https:\/\/arquivo.barreiroweb.net\/index.php?rest_route=%2Fwp%2Fv2%2Ftags&post=12248"}],"curies":[{"name":"wp","href":"https:\/\/api.w.org\/{rel}","templated":true}]}}