{"id":12166,"date":"2014-10-08T21:21:16","date_gmt":"2014-10-08T20:21:16","guid":{"rendered":"http:\/\/barreiroweb.eu\/?p=12166"},"modified":"2014-10-08T21:21:16","modified_gmt":"2014-10-08T20:21:16","slug":"sessao-de-abertura-do-mes-da-fotografia","status":"publish","type":"post","link":"https:\/\/arquivo.barreiroweb.net\/?p=12166","title":{"rendered":"Sess\u00e3o de abertura do M\u00eas da Fotografia"},"content":{"rendered":"<p style=\"text-align: justify;\"><strong><a href=\"http:\/\/barreiroweb.eu\/wp-content\/uploads\/2014\/10\/cartaz-MF-Barreiro-2014.jpg\" rel=\"lightbox[12166]\"><img loading=\"lazy\" decoding=\"async\" class=\"alignleft size-thumbnail wp-image-12167\" src=\"http:\/\/barreiroweb.eu\/wp-content\/uploads\/2014\/10\/cartaz-MF-Barreiro-2014-150x150.jpg\" alt=\"cartaz MF Barreiro 2014\" width=\"150\" height=\"150\" srcset=\"https:\/\/arquivo.barreiroweb.net\/wp-content\/uploads\/2014\/10\/cartaz-MF-Barreiro-2014-150x150.jpg 150w, https:\/\/arquivo.barreiroweb.net\/wp-content\/uploads\/2014\/10\/cartaz-MF-Barreiro-2014-50x50.jpg 50w, https:\/\/arquivo.barreiroweb.net\/wp-content\/uploads\/2014\/10\/cartaz-MF-Barreiro-2014-70x70.jpg 70w, https:\/\/arquivo.barreiroweb.net\/wp-content\/uploads\/2014\/10\/cartaz-MF-Barreiro-2014-55x55.jpg 55w\" sizes=\"auto, (max-width: 150px) 100vw, 150px\" \/><\/a>18 outubro | 17h00 | AMAC<\/strong><\/p>\n<p style=\"text-align: justify;\">O Audit\u00f3rio Municipal Augusto Cabrita recebe, no dia 18 de outubro, s\u00e1bado, a partir das 17h00, a Sess\u00e3o de Abertura do M\u00eas da Fotografia com a inaugura\u00e7\u00e3o da Exposi\u00e7\u00e3o de Fotografia \u201cSul e Sueste\u201d, de Rita Carmo. A iniciativa, que ter\u00e1 lugar no Pequeno Audit\u00f3rio (Piso 1) tem entrada livre e conta com um apontamento musical apresentado pelo Combo da Escola de Jazz do Barreiro.<\/p>\n<p style=\"text-align: justify;\">Para al\u00e9m de estar t\u00e3o intimamente ligado ao fot\u00f3grafo portugu\u00eas Augusto Cabrita, o Barreiro \u00e9 uma terra de muitos fot\u00f3grafos, amadores e profissionais, que anseiam ver a sua atividade mais dinamizada e destacada. Prova disso \u00e9 a enorme ades\u00e3o por parte do p\u00fablico \u00e0s diversas iniciativas que t\u00eam vindo a ser organizadas pela Autarquia ao logo dos \u00faltimos anos, destacando-se tamb\u00e9m a recente cria\u00e7\u00e3o do Clube de Fot\u00f3grafos do Barreiro, que conta com um n\u00famero bastante elevado de elementos.<\/p>\n<p style=\"text-align: justify;\">Assim sendo, para al\u00e9m do trabalho que o Munic\u00edpio tem vindo a dinamizar, essencialmente atrav\u00e9s da organiza\u00e7\u00e3o de exposi\u00e7\u00f5es e workshops, \u00e9 agora desenvolvido um projeto que possibilita a cria\u00e7\u00e3o e fideliza\u00e7\u00e3o de novos p\u00fablicos, atrav\u00e9s do incentivo ao gosto por esta arte, refor\u00e7ando simultaneamente a rela\u00e7\u00e3o existente com o p\u00fablico atual. O M\u00eas da Fotografia, que decorrer\u00e1 em novembro, vai receber nomes de refer\u00eancia da fotografia em Portugal e promover um contato mais direto da popula\u00e7\u00e3o com estes artistas e com esta arte.<\/p>\n<p style=\"text-align: justify;\">O M\u00eas da Fotografia \u00a0\u00e9 organizado pela C\u00e2mara Municipal do Barreiro, em parceria com o Clube de Fot\u00f3grafos do Barreiro. Este evento contar\u00e1 com uma s\u00e9rie de atividades diversificadas e descentralizadas, nomeadamente exposi\u00e7\u00f5es, encontros, forma\u00e7\u00f5es, passeios fotogr\u00e1ficos, concurso, maratona e raid fotogr\u00e1fico, ciclos de cinema, etc.<\/p>\n<p style=\"text-align: justify;\">Para al\u00e9m do Clube de Fot\u00f3grafos do Barreiro, o M\u00eas da Fotografia conta tamb\u00e9m com o apoio de outras entidades, tais como: APAF \u2013 Associa\u00e7\u00e3o Portuguesa de Fotografia, Ar.co \u2013 Centro de Arte e Comunica\u00e7\u00e3o Visual, Ateli\u00ea de Lisboa, Cineclube do Barreiro, Esta\u00e7\u00e3o-Imagem, Sovena, Grupo Soflusa\/Transtejo, Forum Barreiro, Fotonature, Imag\u00e9rie \u2013 Casa de Imagens, Instanta, Fabrica Bra\u00e7o de Prata, MYSTUDIO, Epson, JFR Design Solutions, Escola Superior de Tecnologia do Barreiro, entre outras.<\/p>\n<p style=\"text-align: justify;\"><strong>Mais informa\u00e7\u00f5es<\/strong>: 212147404 ou <a href=\"mailto:cultura@cm-barreiro.pt\">cultura@cm-barreiro.pt<\/a><\/p>\n<p style=\"text-align: justify;\"><strong>Fonte: CMB\u00a0<\/strong><\/p>\n","protected":false},"excerpt":{"rendered":"<p>18 outubro | 17h00 | AMAC O Audit\u00f3rio Municipal Augusto Cabrita recebe, no dia 18 de outubro, s\u00e1bado, a partir das 17h00, a Sess\u00e3o de Abertura do M\u00eas da Fotografia com a inaugura\u00e7\u00e3o da Exposi\u00e7\u00e3o de Fotografia \u201cSul e Sueste\u201d, de Rita Carmo. A iniciativa, que ter\u00e1 lugar no Pequeno Audit\u00f3rio (Piso 1) tem entrada [&hellip;]<\/p>\n","protected":false},"author":1,"featured_media":12167,"comment_status":"open","ping_status":"open","sticky":false,"template":"","format":"standard","meta":{"footnotes":""},"categories":[32,5],"tags":[41,213],"class_list":["post-12166","post","type-post","status-publish","format-standard","has-post-thumbnail","hentry","category-destaque","category-fotografia","tag-barreiro","tag-fotografia-2","last_archivepost"],"yoast_head":"<!-- This site is optimized with the Yoast SEO plugin v27.1.1 - https:\/\/yoast.com\/product\/yoast-seo-wordpress\/ -->\n<title>Sess\u00e3o de abertura do M\u00eas da Fotografia - barreiroweb<\/title>\n<meta name=\"robots\" content=\"index, follow, max-snippet:-1, max-image-preview:large, max-video-preview:-1\" \/>\n<link rel=\"canonical\" href=\"https:\/\/arquivo.barreiroweb.net\/?p=12166\" \/>\n<meta property=\"og:locale\" content=\"pt_PT\" \/>\n<meta property=\"og:type\" content=\"article\" \/>\n<meta property=\"og:title\" content=\"Sess\u00e3o de abertura do M\u00eas da Fotografia - barreiroweb\" \/>\n<meta property=\"og:description\" content=\"18 outubro | 17h00 | AMAC O Audit\u00f3rio Municipal Augusto Cabrita recebe, no dia 18 de outubro, s\u00e1bado, a partir das 17h00, a Sess\u00e3o de Abertura do M\u00eas da Fotografia com a inaugura\u00e7\u00e3o da Exposi\u00e7\u00e3o de Fotografia \u201cSul e Sueste\u201d, de Rita Carmo. A iniciativa, que ter\u00e1 lugar no Pequeno Audit\u00f3rio (Piso 1) tem entrada [&hellip;]\" \/>\n<meta property=\"og:url\" content=\"https:\/\/arquivo.barreiroweb.net\/?p=12166\" \/>\n<meta property=\"og:site_name\" content=\"barreiroweb\" \/>\n<meta property=\"article:publisher\" content=\"https:\/\/www.facebook.com\/barreiroweb\" \/>\n<meta property=\"article:published_time\" content=\"2014-10-08T20:21:16+00:00\" \/>\n<meta property=\"og:image\" content=\"https:\/\/arquivo.barreiroweb.net\/wp-content\/uploads\/2014\/10\/cartaz-MF-Barreiro-2014.jpg\" \/>\n\t<meta property=\"og:image:width\" content=\"222\" \/>\n\t<meta property=\"og:image:height\" content=\"314\" \/>\n\t<meta property=\"og:image:type\" content=\"image\/jpeg\" \/>\n<meta name=\"author\" content=\"barreiroweb\" \/>\n<meta name=\"twitter:card\" content=\"summary_large_image\" \/>\n<meta name=\"twitter:creator\" content=\"@barreiroweb\" \/>\n<meta name=\"twitter:site\" content=\"@barreiroweb\" \/>\n<meta name=\"twitter:label1\" content=\"Escrito por\" \/>\n\t<meta name=\"twitter:data1\" content=\"barreiroweb\" \/>\n\t<meta name=\"twitter:label2\" content=\"Tempo estimado de leitura\" \/>\n\t<meta name=\"twitter:data2\" content=\"2 minutos\" \/>\n<script type=\"application\/ld+json\" class=\"yoast-schema-graph\">{\"@context\":\"https:\/\/schema.org\",\"@graph\":[{\"@type\":\"Article\",\"@id\":\"https:\/\/arquivo.barreiroweb.net\/?p=12166#article\",\"isPartOf\":{\"@id\":\"https:\/\/arquivo.barreiroweb.net\/?p=12166\"},\"author\":{\"name\":\"barreiroweb\",\"@id\":\"https:\/\/arquivo.barreiroweb.net\/#\/schema\/person\/44b6d528aff975e3786c9f475f9df2dd\"},\"headline\":\"Sess\u00e3o de abertura do M\u00eas da Fotografia\",\"datePublished\":\"2014-10-08T20:21:16+00:00\",\"mainEntityOfPage\":{\"@id\":\"https:\/\/arquivo.barreiroweb.net\/?p=12166\"},\"wordCount\":411,\"commentCount\":0,\"publisher\":{\"@id\":\"https:\/\/arquivo.barreiroweb.net\/#organization\"},\"image\":{\"@id\":\"https:\/\/arquivo.barreiroweb.net\/?p=12166#primaryimage\"},\"thumbnailUrl\":\"https:\/\/arquivo.barreiroweb.net\/wp-content\/uploads\/2014\/10\/cartaz-MF-Barreiro-2014.jpg\",\"keywords\":[\"barreiro\",\"fotografia\"],\"articleSection\":[\"Destaque\",\"Fotografia\"],\"inLanguage\":\"pt-PT\",\"potentialAction\":[{\"@type\":\"CommentAction\",\"name\":\"Comment\",\"target\":[\"https:\/\/arquivo.barreiroweb.net\/?p=12166#respond\"]}]},{\"@type\":\"WebPage\",\"@id\":\"https:\/\/arquivo.barreiroweb.net\/?p=12166\",\"url\":\"https:\/\/arquivo.barreiroweb.net\/?p=12166\",\"name\":\"Sess\u00e3o de abertura do M\u00eas da Fotografia - barreiroweb\",\"isPartOf\":{\"@id\":\"https:\/\/arquivo.barreiroweb.net\/#website\"},\"primaryImageOfPage\":{\"@id\":\"https:\/\/arquivo.barreiroweb.net\/?p=12166#primaryimage\"},\"image\":{\"@id\":\"https:\/\/arquivo.barreiroweb.net\/?p=12166#primaryimage\"},\"thumbnailUrl\":\"https:\/\/arquivo.barreiroweb.net\/wp-content\/uploads\/2014\/10\/cartaz-MF-Barreiro-2014.jpg\",\"datePublished\":\"2014-10-08T20:21:16+00:00\",\"breadcrumb\":{\"@id\":\"https:\/\/arquivo.barreiroweb.net\/?p=12166#breadcrumb\"},\"inLanguage\":\"pt-PT\",\"potentialAction\":[{\"@type\":\"ReadAction\",\"target\":[\"https:\/\/arquivo.barreiroweb.net\/?p=12166\"]}]},{\"@type\":\"ImageObject\",\"inLanguage\":\"pt-PT\",\"@id\":\"https:\/\/arquivo.barreiroweb.net\/?p=12166#primaryimage\",\"url\":\"https:\/\/arquivo.barreiroweb.net\/wp-content\/uploads\/2014\/10\/cartaz-MF-Barreiro-2014.jpg\",\"contentUrl\":\"https:\/\/arquivo.barreiroweb.net\/wp-content\/uploads\/2014\/10\/cartaz-MF-Barreiro-2014.jpg\",\"width\":222,\"height\":314},{\"@type\":\"BreadcrumbList\",\"@id\":\"https:\/\/arquivo.barreiroweb.net\/?p=12166#breadcrumb\",\"itemListElement\":[{\"@type\":\"ListItem\",\"position\":1,\"name\":\"In\u00edcio\",\"item\":\"https:\/\/arquivo.barreiroweb.net\/\"},{\"@type\":\"ListItem\",\"position\":2,\"name\":\"Sess\u00e3o de abertura do M\u00eas da Fotografia\"}]},{\"@type\":\"WebSite\",\"@id\":\"https:\/\/arquivo.barreiroweb.net\/#website\",\"url\":\"https:\/\/arquivo.barreiroweb.net\/\",\"name\":\"barreiroweb\",\"description\":\"Barreiroweb o barreiro na web\",\"publisher\":{\"@id\":\"https:\/\/arquivo.barreiroweb.net\/#organization\"},\"potentialAction\":[{\"@type\":\"SearchAction\",\"target\":{\"@type\":\"EntryPoint\",\"urlTemplate\":\"https:\/\/arquivo.barreiroweb.net\/?s={search_term_string}\"},\"query-input\":{\"@type\":\"PropertyValueSpecification\",\"valueRequired\":true,\"valueName\":\"search_term_string\"}}],\"inLanguage\":\"pt-PT\"},{\"@type\":\"Organization\",\"@id\":\"https:\/\/arquivo.barreiroweb.net\/#organization\",\"name\":\"barreiroweb\",\"url\":\"https:\/\/arquivo.barreiroweb.net\/\",\"logo\":{\"@type\":\"ImageObject\",\"inLanguage\":\"pt-PT\",\"@id\":\"https:\/\/arquivo.barreiroweb.net\/#\/schema\/logo\/image\/\",\"url\":\"https:\/\/barreiroweb.net\/wp-content\/uploads\/2022\/05\/BarreiroWeb555.jpg\",\"contentUrl\":\"https:\/\/barreiroweb.net\/wp-content\/uploads\/2022\/05\/BarreiroWeb555.jpg\",\"width\":421,\"height\":415,\"caption\":\"barreiroweb\"},\"image\":{\"@id\":\"https:\/\/arquivo.barreiroweb.net\/#\/schema\/logo\/image\/\"},\"sameAs\":[\"https:\/\/www.facebook.com\/barreiroweb\",\"https:\/\/x.com\/barreiroweb\"]},{\"@type\":\"Person\",\"@id\":\"https:\/\/arquivo.barreiroweb.net\/#\/schema\/person\/44b6d528aff975e3786c9f475f9df2dd\",\"name\":\"barreiroweb\",\"image\":{\"@type\":\"ImageObject\",\"inLanguage\":\"pt-PT\",\"@id\":\"https:\/\/arquivo.barreiroweb.net\/#\/schema\/person\/image\/\",\"url\":\"https:\/\/secure.gravatar.com\/avatar\/1f764b917967430404ff0b452044eb63a25d64a5363b25be2aa42273930f477d?s=96&d=mm&r=g\",\"contentUrl\":\"https:\/\/secure.gravatar.com\/avatar\/1f764b917967430404ff0b452044eb63a25d64a5363b25be2aa42273930f477d?s=96&d=mm&r=g\",\"caption\":\"barreiroweb\"},\"url\":\"https:\/\/arquivo.barreiroweb.net\/?author=1\"}]}<\/script>\n<!-- \/ Yoast SEO plugin. -->","yoast_head_json":{"title":"Sess\u00e3o de abertura do M\u00eas da Fotografia - barreiroweb","robots":{"index":"index","follow":"follow","max-snippet":"max-snippet:-1","max-image-preview":"max-image-preview:large","max-video-preview":"max-video-preview:-1"},"canonical":"https:\/\/arquivo.barreiroweb.net\/?p=12166","og_locale":"pt_PT","og_type":"article","og_title":"Sess\u00e3o de abertura do M\u00eas da Fotografia - barreiroweb","og_description":"18 outubro | 17h00 | AMAC O Audit\u00f3rio Municipal Augusto Cabrita recebe, no dia 18 de outubro, s\u00e1bado, a partir das 17h00, a Sess\u00e3o de Abertura do M\u00eas da Fotografia com a inaugura\u00e7\u00e3o da Exposi\u00e7\u00e3o de Fotografia \u201cSul e Sueste\u201d, de Rita Carmo. A iniciativa, que ter\u00e1 lugar no Pequeno Audit\u00f3rio (Piso 1) tem entrada [&hellip;]","og_url":"https:\/\/arquivo.barreiroweb.net\/?p=12166","og_site_name":"barreiroweb","article_publisher":"https:\/\/www.facebook.com\/barreiroweb","article_published_time":"2014-10-08T20:21:16+00:00","og_image":[{"width":222,"height":314,"url":"https:\/\/arquivo.barreiroweb.net\/wp-content\/uploads\/2014\/10\/cartaz-MF-Barreiro-2014.jpg","type":"image\/jpeg"}],"author":"barreiroweb","twitter_card":"summary_large_image","twitter_creator":"@barreiroweb","twitter_site":"@barreiroweb","twitter_misc":{"Escrito por":"barreiroweb","Tempo estimado de leitura":"2 minutos"},"schema":{"@context":"https:\/\/schema.org","@graph":[{"@type":"Article","@id":"https:\/\/arquivo.barreiroweb.net\/?p=12166#article","isPartOf":{"@id":"https:\/\/arquivo.barreiroweb.net\/?p=12166"},"author":{"name":"barreiroweb","@id":"https:\/\/arquivo.barreiroweb.net\/#\/schema\/person\/44b6d528aff975e3786c9f475f9df2dd"},"headline":"Sess\u00e3o de abertura do M\u00eas da Fotografia","datePublished":"2014-10-08T20:21:16+00:00","mainEntityOfPage":{"@id":"https:\/\/arquivo.barreiroweb.net\/?p=12166"},"wordCount":411,"commentCount":0,"publisher":{"@id":"https:\/\/arquivo.barreiroweb.net\/#organization"},"image":{"@id":"https:\/\/arquivo.barreiroweb.net\/?p=12166#primaryimage"},"thumbnailUrl":"https:\/\/arquivo.barreiroweb.net\/wp-content\/uploads\/2014\/10\/cartaz-MF-Barreiro-2014.jpg","keywords":["barreiro","fotografia"],"articleSection":["Destaque","Fotografia"],"inLanguage":"pt-PT","potentialAction":[{"@type":"CommentAction","name":"Comment","target":["https:\/\/arquivo.barreiroweb.net\/?p=12166#respond"]}]},{"@type":"WebPage","@id":"https:\/\/arquivo.barreiroweb.net\/?p=12166","url":"https:\/\/arquivo.barreiroweb.net\/?p=12166","name":"Sess\u00e3o de abertura do M\u00eas da Fotografia - barreiroweb","isPartOf":{"@id":"https:\/\/arquivo.barreiroweb.net\/#website"},"primaryImageOfPage":{"@id":"https:\/\/arquivo.barreiroweb.net\/?p=12166#primaryimage"},"image":{"@id":"https:\/\/arquivo.barreiroweb.net\/?p=12166#primaryimage"},"thumbnailUrl":"https:\/\/arquivo.barreiroweb.net\/wp-content\/uploads\/2014\/10\/cartaz-MF-Barreiro-2014.jpg","datePublished":"2014-10-08T20:21:16+00:00","breadcrumb":{"@id":"https:\/\/arquivo.barreiroweb.net\/?p=12166#breadcrumb"},"inLanguage":"pt-PT","potentialAction":[{"@type":"ReadAction","target":["https:\/\/arquivo.barreiroweb.net\/?p=12166"]}]},{"@type":"ImageObject","inLanguage":"pt-PT","@id":"https:\/\/arquivo.barreiroweb.net\/?p=12166#primaryimage","url":"https:\/\/arquivo.barreiroweb.net\/wp-content\/uploads\/2014\/10\/cartaz-MF-Barreiro-2014.jpg","contentUrl":"https:\/\/arquivo.barreiroweb.net\/wp-content\/uploads\/2014\/10\/cartaz-MF-Barreiro-2014.jpg","width":222,"height":314},{"@type":"BreadcrumbList","@id":"https:\/\/arquivo.barreiroweb.net\/?p=12166#breadcrumb","itemListElement":[{"@type":"ListItem","position":1,"name":"In\u00edcio","item":"https:\/\/arquivo.barreiroweb.net\/"},{"@type":"ListItem","position":2,"name":"Sess\u00e3o de abertura do M\u00eas da Fotografia"}]},{"@type":"WebSite","@id":"https:\/\/arquivo.barreiroweb.net\/#website","url":"https:\/\/arquivo.barreiroweb.net\/","name":"barreiroweb","description":"Barreiroweb o barreiro na web","publisher":{"@id":"https:\/\/arquivo.barreiroweb.net\/#organization"},"potentialAction":[{"@type":"SearchAction","target":{"@type":"EntryPoint","urlTemplate":"https:\/\/arquivo.barreiroweb.net\/?s={search_term_string}"},"query-input":{"@type":"PropertyValueSpecification","valueRequired":true,"valueName":"search_term_string"}}],"inLanguage":"pt-PT"},{"@type":"Organization","@id":"https:\/\/arquivo.barreiroweb.net\/#organization","name":"barreiroweb","url":"https:\/\/arquivo.barreiroweb.net\/","logo":{"@type":"ImageObject","inLanguage":"pt-PT","@id":"https:\/\/arquivo.barreiroweb.net\/#\/schema\/logo\/image\/","url":"https:\/\/barreiroweb.net\/wp-content\/uploads\/2022\/05\/BarreiroWeb555.jpg","contentUrl":"https:\/\/barreiroweb.net\/wp-content\/uploads\/2022\/05\/BarreiroWeb555.jpg","width":421,"height":415,"caption":"barreiroweb"},"image":{"@id":"https:\/\/arquivo.barreiroweb.net\/#\/schema\/logo\/image\/"},"sameAs":["https:\/\/www.facebook.com\/barreiroweb","https:\/\/x.com\/barreiroweb"]},{"@type":"Person","@id":"https:\/\/arquivo.barreiroweb.net\/#\/schema\/person\/44b6d528aff975e3786c9f475f9df2dd","name":"barreiroweb","image":{"@type":"ImageObject","inLanguage":"pt-PT","@id":"https:\/\/arquivo.barreiroweb.net\/#\/schema\/person\/image\/","url":"https:\/\/secure.gravatar.com\/avatar\/1f764b917967430404ff0b452044eb63a25d64a5363b25be2aa42273930f477d?s=96&d=mm&r=g","contentUrl":"https:\/\/secure.gravatar.com\/avatar\/1f764b917967430404ff0b452044eb63a25d64a5363b25be2aa42273930f477d?s=96&d=mm&r=g","caption":"barreiroweb"},"url":"https:\/\/arquivo.barreiroweb.net\/?author=1"}]}},"_links":{"self":[{"href":"https:\/\/arquivo.barreiroweb.net\/index.php?rest_route=\/wp\/v2\/posts\/12166","targetHints":{"allow":["GET"]}}],"collection":[{"href":"https:\/\/arquivo.barreiroweb.net\/index.php?rest_route=\/wp\/v2\/posts"}],"about":[{"href":"https:\/\/arquivo.barreiroweb.net\/index.php?rest_route=\/wp\/v2\/types\/post"}],"author":[{"embeddable":true,"href":"https:\/\/arquivo.barreiroweb.net\/index.php?rest_route=\/wp\/v2\/users\/1"}],"replies":[{"embeddable":true,"href":"https:\/\/arquivo.barreiroweb.net\/index.php?rest_route=%2Fwp%2Fv2%2Fcomments&post=12166"}],"version-history":[{"count":1,"href":"https:\/\/arquivo.barreiroweb.net\/index.php?rest_route=\/wp\/v2\/posts\/12166\/revisions"}],"predecessor-version":[{"id":12168,"href":"https:\/\/arquivo.barreiroweb.net\/index.php?rest_route=\/wp\/v2\/posts\/12166\/revisions\/12168"}],"wp:featuredmedia":[{"embeddable":true,"href":"https:\/\/arquivo.barreiroweb.net\/index.php?rest_route=\/wp\/v2\/media\/12167"}],"wp:attachment":[{"href":"https:\/\/arquivo.barreiroweb.net\/index.php?rest_route=%2Fwp%2Fv2%2Fmedia&parent=12166"}],"wp:term":[{"taxonomy":"category","embeddable":true,"href":"https:\/\/arquivo.barreiroweb.net\/index.php?rest_route=%2Fwp%2Fv2%2Fcategories&post=12166"},{"taxonomy":"post_tag","embeddable":true,"href":"https:\/\/arquivo.barreiroweb.net\/index.php?rest_route=%2Fwp%2Fv2%2Ftags&post=12166"}],"curies":[{"name":"wp","href":"https:\/\/api.w.org\/{rel}","templated":true}]}}