{"id":12163,"date":"2014-10-08T21:18:39","date_gmt":"2014-10-08T20:18:39","guid":{"rendered":"http:\/\/barreiroweb.eu\/?p=12163"},"modified":"2014-10-08T21:18:39","modified_gmt":"2014-10-08T20:18:39","slug":"cicloturismobtt-3o-passeio-informal-do-barreiro-2014-domingo-12-de-outubro-9h00-30-quilometros","status":"publish","type":"post","link":"https:\/\/arquivo.barreiroweb.net\/?p=12163","title":{"rendered":"Cicloturismo\/BTT: 3\u00ba Passeio Informal do Barreiro 2014, domingo, 12 de outubro, 9h00, 30 quil\u00f3metros"},"content":{"rendered":"<p style=\"text-align: justify;\"><strong><a href=\"http:\/\/barreiroweb.eu\/wp-content\/uploads\/2014\/10\/Festas-do-Barreiro2014-17AGO-627-.jpg\" rel=\"lightbox[12163]\"><img loading=\"lazy\" decoding=\"async\" class=\"alignleft size-thumbnail wp-image-12164\" src=\"http:\/\/barreiroweb.eu\/wp-content\/uploads\/2014\/10\/Festas-do-Barreiro2014-17AGO-627--150x150.jpg\" alt=\"Festas do Barreiro2014-17AGO-627+\" width=\"150\" height=\"150\" srcset=\"https:\/\/arquivo.barreiroweb.net\/wp-content\/uploads\/2014\/10\/Festas-do-Barreiro2014-17AGO-627--150x150.jpg 150w, https:\/\/arquivo.barreiroweb.net\/wp-content\/uploads\/2014\/10\/Festas-do-Barreiro2014-17AGO-627--50x50.jpg 50w, https:\/\/arquivo.barreiroweb.net\/wp-content\/uploads\/2014\/10\/Festas-do-Barreiro2014-17AGO-627--70x70.jpg 70w, https:\/\/arquivo.barreiroweb.net\/wp-content\/uploads\/2014\/10\/Festas-do-Barreiro2014-17AGO-627--55x55.jpg 55w\" sizes=\"auto, (max-width: 150px) 100vw, 150px\" \/><\/a>Inscri\u00e7\u00f5es gratuitas mas obrigat\u00f3rias<\/strong><\/p>\n<p style=\"text-align: justify;\">\u00a0Realiza-se, no dia 12 de outubro, pelas 9h00, mais um Passeio Informal do Barreiro (PIB) em cicloturismo\/BTT, o terceiro do ano. As Inscri\u00e7\u00f5es para este Passeio (limitado a 80 participantes), com percurso acess\u00edvel, de cerca de 30 quil\u00f3metros, s\u00e3o gratuitas mas obrigat\u00f3rias, encerrando a 10 de outubro de 2014.<\/p>\n<p style=\"text-align: justify;\">A concentra\u00e7\u00e3o, a partir das 8h30, est\u00e1 agendada para a Sede Associa\u00e7\u00e3o de Cicloturismo Fidalbyke (junto \u00e0 Junta de Freguesia do Lavradio).<\/p>\n<p style=\"text-align: justify;\">\u00abGostas de Cultura, Patrim\u00f3nio, Turismo, natureza e principalmente de andar de bicicleta com a fam\u00edlia e amigos? Ent\u00e3o este passeio \u00e9 para ti&#8230;&#8230;. junta-te a n\u00f3s e vem participar no 3\u00ba PIB\u00bb.<\/p>\n<p style=\"text-align: justify;\">\u00abTer\u00e1 um percurso acess\u00edvel a todos com cerca de 30Km, com velocidade reduzida conforme o andamento do participante menos bem preparado\u00bb.<\/p>\n<p style=\"text-align: justify;\">\u00abCom os PIB pretende-se p\u00f4r mais pessoas de todas as idades a praticar desporto e divulgar a bicicleta como meio de transporte e de lazer.\u00bb<\/p>\n<p style=\"text-align: justify;\">Fonte: <a href=\"http:\/\/www.fidalbyke.pt\/3--pib-2014.php\">http:\/\/www.fidalbyke.pt\/3&#8211;pib-2014.php<\/a><\/p>\n<p style=\"text-align: justify;\">Inscri\u00e7\u00f5es: <a href=\"http:\/\/www.fidalbyke.pt\/inscricoes..html\">http:\/\/www.fidalbyke.pt\/inscricoes..html<\/a><\/p>\n<p style=\"text-align: justify;\">Pr\u00f3ximos passeios<\/p>\n<p style=\"text-align: justify;\">Novembro<\/p>\n<p style=\"text-align: justify;\">Passeio BTT &#8220;10\u00ba Anivers\u00e1rio e Gala do FidalByke&#8221; \u2013 08 e 09-11-14<\/p>\n<p style=\"text-align: justify;\">Dezembro<\/p>\n<p style=\"text-align: justify;\">10\u00ba Passeio Noturno BTT &#8220;S\u00e3o Silvestre&#8221; \u2013 20-12-14<\/p>\n<p style=\"text-align: justify;\">(<a href=\"http:\/\/www.fidalbyke.pt\/plano-de-actividades.html\">http:\/\/www.fidalbyke.pt\/plano-de-actividades.html<\/a>)<\/p>\n<p style=\"text-align: justify;\">A Organiza\u00e7\u00e3o destes passeios resulta de uma parceria Associa\u00e7\u00e3o de Cicloturismo Fidalbyke e C\u00e2mara Municipal do Barreiro.<\/p>\n<p style=\"text-align: justify;\">\u00a0Fonte: CMB<\/p>\n","protected":false},"excerpt":{"rendered":"<p>Inscri\u00e7\u00f5es gratuitas mas obrigat\u00f3rias \u00a0Realiza-se, no dia 12 de outubro, pelas 9h00, mais um Passeio Informal do Barreiro (PIB) em cicloturismo\/BTT, o terceiro do ano. As Inscri\u00e7\u00f5es para este Passeio (limitado a 80 participantes), com percurso acess\u00edvel, de cerca de 30 quil\u00f3metros, s\u00e3o gratuitas mas obrigat\u00f3rias, encerrando a 10 de outubro de 2014. A concentra\u00e7\u00e3o, [&hellip;]<\/p>\n","protected":false},"author":1,"featured_media":12164,"comment_status":"open","ping_status":"open","sticky":false,"template":"","format":"standard","meta":{"footnotes":""},"categories":[12,32],"tags":[41,110],"class_list":["post-12163","post","type-post","status-publish","format-standard","has-post-thumbnail","hentry","category-desporto","category-destaque","tag-barreiro","tag-desporto-2","last_archivepost"],"yoast_head":"<!-- This site is optimized with the Yoast SEO plugin v27.1.1 - https:\/\/yoast.com\/product\/yoast-seo-wordpress\/ -->\n<title>Cicloturismo\/BTT: 3\u00ba Passeio Informal do Barreiro 2014, domingo, 12 de outubro, 9h00, 30 quil\u00f3metros - barreiroweb<\/title>\n<meta name=\"robots\" content=\"index, follow, max-snippet:-1, max-image-preview:large, max-video-preview:-1\" \/>\n<link rel=\"canonical\" href=\"https:\/\/arquivo.barreiroweb.net\/?p=12163\" \/>\n<meta property=\"og:locale\" content=\"pt_PT\" \/>\n<meta property=\"og:type\" content=\"article\" \/>\n<meta property=\"og:title\" content=\"Cicloturismo\/BTT: 3\u00ba Passeio Informal do Barreiro 2014, domingo, 12 de outubro, 9h00, 30 quil\u00f3metros - barreiroweb\" \/>\n<meta property=\"og:description\" content=\"Inscri\u00e7\u00f5es gratuitas mas obrigat\u00f3rias \u00a0Realiza-se, no dia 12 de outubro, pelas 9h00, mais um Passeio Informal do Barreiro (PIB) em cicloturismo\/BTT, o terceiro do ano. As Inscri\u00e7\u00f5es para este Passeio (limitado a 80 participantes), com percurso acess\u00edvel, de cerca de 30 quil\u00f3metros, s\u00e3o gratuitas mas obrigat\u00f3rias, encerrando a 10 de outubro de 2014. A concentra\u00e7\u00e3o, [&hellip;]\" \/>\n<meta property=\"og:url\" content=\"https:\/\/arquivo.barreiroweb.net\/?p=12163\" \/>\n<meta property=\"og:site_name\" content=\"barreiroweb\" \/>\n<meta property=\"article:publisher\" content=\"https:\/\/www.facebook.com\/barreiroweb\" \/>\n<meta property=\"article:published_time\" content=\"2014-10-08T20:18:39+00:00\" \/>\n<meta property=\"og:image\" content=\"https:\/\/arquivo.barreiroweb.net\/wp-content\/uploads\/2014\/10\/Festas-do-Barreiro2014-17AGO-627-.jpg\" \/>\n\t<meta property=\"og:image:width\" content=\"314\" \/>\n\t<meta property=\"og:image:height\" content=\"209\" \/>\n\t<meta property=\"og:image:type\" content=\"image\/jpeg\" \/>\n<meta name=\"author\" content=\"barreiroweb\" \/>\n<meta name=\"twitter:card\" content=\"summary_large_image\" \/>\n<meta name=\"twitter:creator\" content=\"@barreiroweb\" \/>\n<meta name=\"twitter:site\" content=\"@barreiroweb\" \/>\n<meta name=\"twitter:label1\" content=\"Escrito por\" \/>\n\t<meta name=\"twitter:data1\" content=\"barreiroweb\" \/>\n\t<meta name=\"twitter:label2\" content=\"Tempo estimado de leitura\" \/>\n\t<meta name=\"twitter:data2\" content=\"1 minuto\" \/>\n<script type=\"application\/ld+json\" class=\"yoast-schema-graph\">{\"@context\":\"https:\/\/schema.org\",\"@graph\":[{\"@type\":\"Article\",\"@id\":\"https:\/\/arquivo.barreiroweb.net\/?p=12163#article\",\"isPartOf\":{\"@id\":\"https:\/\/arquivo.barreiroweb.net\/?p=12163\"},\"author\":{\"name\":\"barreiroweb\",\"@id\":\"https:\/\/arquivo.barreiroweb.net\/#\/schema\/person\/44b6d528aff975e3786c9f475f9df2dd\"},\"headline\":\"Cicloturismo\/BTT: 3\u00ba Passeio Informal do Barreiro 2014, domingo, 12 de outubro, 9h00, 30 quil\u00f3metros\",\"datePublished\":\"2014-10-08T20:18:39+00:00\",\"mainEntityOfPage\":{\"@id\":\"https:\/\/arquivo.barreiroweb.net\/?p=12163\"},\"wordCount\":240,\"commentCount\":0,\"publisher\":{\"@id\":\"https:\/\/arquivo.barreiroweb.net\/#organization\"},\"image\":{\"@id\":\"https:\/\/arquivo.barreiroweb.net\/?p=12163#primaryimage\"},\"thumbnailUrl\":\"https:\/\/arquivo.barreiroweb.net\/wp-content\/uploads\/2014\/10\/Festas-do-Barreiro2014-17AGO-627-.jpg\",\"keywords\":[\"barreiro\",\"desporto\"],\"articleSection\":[\"Desporto\",\"Destaque\"],\"inLanguage\":\"pt-PT\",\"potentialAction\":[{\"@type\":\"CommentAction\",\"name\":\"Comment\",\"target\":[\"https:\/\/arquivo.barreiroweb.net\/?p=12163#respond\"]}]},{\"@type\":\"WebPage\",\"@id\":\"https:\/\/arquivo.barreiroweb.net\/?p=12163\",\"url\":\"https:\/\/arquivo.barreiroweb.net\/?p=12163\",\"name\":\"Cicloturismo\/BTT: 3\u00ba Passeio Informal do Barreiro 2014, domingo, 12 de outubro, 9h00, 30 quil\u00f3metros - barreiroweb\",\"isPartOf\":{\"@id\":\"https:\/\/arquivo.barreiroweb.net\/#website\"},\"primaryImageOfPage\":{\"@id\":\"https:\/\/arquivo.barreiroweb.net\/?p=12163#primaryimage\"},\"image\":{\"@id\":\"https:\/\/arquivo.barreiroweb.net\/?p=12163#primaryimage\"},\"thumbnailUrl\":\"https:\/\/arquivo.barreiroweb.net\/wp-content\/uploads\/2014\/10\/Festas-do-Barreiro2014-17AGO-627-.jpg\",\"datePublished\":\"2014-10-08T20:18:39+00:00\",\"breadcrumb\":{\"@id\":\"https:\/\/arquivo.barreiroweb.net\/?p=12163#breadcrumb\"},\"inLanguage\":\"pt-PT\",\"potentialAction\":[{\"@type\":\"ReadAction\",\"target\":[\"https:\/\/arquivo.barreiroweb.net\/?p=12163\"]}]},{\"@type\":\"ImageObject\",\"inLanguage\":\"pt-PT\",\"@id\":\"https:\/\/arquivo.barreiroweb.net\/?p=12163#primaryimage\",\"url\":\"https:\/\/arquivo.barreiroweb.net\/wp-content\/uploads\/2014\/10\/Festas-do-Barreiro2014-17AGO-627-.jpg\",\"contentUrl\":\"https:\/\/arquivo.barreiroweb.net\/wp-content\/uploads\/2014\/10\/Festas-do-Barreiro2014-17AGO-627-.jpg\",\"width\":314,\"height\":209},{\"@type\":\"BreadcrumbList\",\"@id\":\"https:\/\/arquivo.barreiroweb.net\/?p=12163#breadcrumb\",\"itemListElement\":[{\"@type\":\"ListItem\",\"position\":1,\"name\":\"In\u00edcio\",\"item\":\"https:\/\/arquivo.barreiroweb.net\/\"},{\"@type\":\"ListItem\",\"position\":2,\"name\":\"Cicloturismo\/BTT: 3\u00ba Passeio Informal do Barreiro 2014, domingo, 12 de outubro, 9h00, 30 quil\u00f3metros\"}]},{\"@type\":\"WebSite\",\"@id\":\"https:\/\/arquivo.barreiroweb.net\/#website\",\"url\":\"https:\/\/arquivo.barreiroweb.net\/\",\"name\":\"barreiroweb\",\"description\":\"Barreiroweb o barreiro na web\",\"publisher\":{\"@id\":\"https:\/\/arquivo.barreiroweb.net\/#organization\"},\"potentialAction\":[{\"@type\":\"SearchAction\",\"target\":{\"@type\":\"EntryPoint\",\"urlTemplate\":\"https:\/\/arquivo.barreiroweb.net\/?s={search_term_string}\"},\"query-input\":{\"@type\":\"PropertyValueSpecification\",\"valueRequired\":true,\"valueName\":\"search_term_string\"}}],\"inLanguage\":\"pt-PT\"},{\"@type\":\"Organization\",\"@id\":\"https:\/\/arquivo.barreiroweb.net\/#organization\",\"name\":\"barreiroweb\",\"url\":\"https:\/\/arquivo.barreiroweb.net\/\",\"logo\":{\"@type\":\"ImageObject\",\"inLanguage\":\"pt-PT\",\"@id\":\"https:\/\/arquivo.barreiroweb.net\/#\/schema\/logo\/image\/\",\"url\":\"https:\/\/barreiroweb.net\/wp-content\/uploads\/2022\/05\/BarreiroWeb555.jpg\",\"contentUrl\":\"https:\/\/barreiroweb.net\/wp-content\/uploads\/2022\/05\/BarreiroWeb555.jpg\",\"width\":421,\"height\":415,\"caption\":\"barreiroweb\"},\"image\":{\"@id\":\"https:\/\/arquivo.barreiroweb.net\/#\/schema\/logo\/image\/\"},\"sameAs\":[\"https:\/\/www.facebook.com\/barreiroweb\",\"https:\/\/x.com\/barreiroweb\"]},{\"@type\":\"Person\",\"@id\":\"https:\/\/arquivo.barreiroweb.net\/#\/schema\/person\/44b6d528aff975e3786c9f475f9df2dd\",\"name\":\"barreiroweb\",\"image\":{\"@type\":\"ImageObject\",\"inLanguage\":\"pt-PT\",\"@id\":\"https:\/\/arquivo.barreiroweb.net\/#\/schema\/person\/image\/\",\"url\":\"https:\/\/secure.gravatar.com\/avatar\/1f764b917967430404ff0b452044eb63a25d64a5363b25be2aa42273930f477d?s=96&d=mm&r=g\",\"contentUrl\":\"https:\/\/secure.gravatar.com\/avatar\/1f764b917967430404ff0b452044eb63a25d64a5363b25be2aa42273930f477d?s=96&d=mm&r=g\",\"caption\":\"barreiroweb\"},\"url\":\"https:\/\/arquivo.barreiroweb.net\/?author=1\"}]}<\/script>\n<!-- \/ Yoast SEO plugin. -->","yoast_head_json":{"title":"Cicloturismo\/BTT: 3\u00ba Passeio Informal do Barreiro 2014, domingo, 12 de outubro, 9h00, 30 quil\u00f3metros - barreiroweb","robots":{"index":"index","follow":"follow","max-snippet":"max-snippet:-1","max-image-preview":"max-image-preview:large","max-video-preview":"max-video-preview:-1"},"canonical":"https:\/\/arquivo.barreiroweb.net\/?p=12163","og_locale":"pt_PT","og_type":"article","og_title":"Cicloturismo\/BTT: 3\u00ba Passeio Informal do Barreiro 2014, domingo, 12 de outubro, 9h00, 30 quil\u00f3metros - barreiroweb","og_description":"Inscri\u00e7\u00f5es gratuitas mas obrigat\u00f3rias \u00a0Realiza-se, no dia 12 de outubro, pelas 9h00, mais um Passeio Informal do Barreiro (PIB) em cicloturismo\/BTT, o terceiro do ano. As Inscri\u00e7\u00f5es para este Passeio (limitado a 80 participantes), com percurso acess\u00edvel, de cerca de 30 quil\u00f3metros, s\u00e3o gratuitas mas obrigat\u00f3rias, encerrando a 10 de outubro de 2014. A concentra\u00e7\u00e3o, [&hellip;]","og_url":"https:\/\/arquivo.barreiroweb.net\/?p=12163","og_site_name":"barreiroweb","article_publisher":"https:\/\/www.facebook.com\/barreiroweb","article_published_time":"2014-10-08T20:18:39+00:00","og_image":[{"width":314,"height":209,"url":"https:\/\/arquivo.barreiroweb.net\/wp-content\/uploads\/2014\/10\/Festas-do-Barreiro2014-17AGO-627-.jpg","type":"image\/jpeg"}],"author":"barreiroweb","twitter_card":"summary_large_image","twitter_creator":"@barreiroweb","twitter_site":"@barreiroweb","twitter_misc":{"Escrito por":"barreiroweb","Tempo estimado de leitura":"1 minuto"},"schema":{"@context":"https:\/\/schema.org","@graph":[{"@type":"Article","@id":"https:\/\/arquivo.barreiroweb.net\/?p=12163#article","isPartOf":{"@id":"https:\/\/arquivo.barreiroweb.net\/?p=12163"},"author":{"name":"barreiroweb","@id":"https:\/\/arquivo.barreiroweb.net\/#\/schema\/person\/44b6d528aff975e3786c9f475f9df2dd"},"headline":"Cicloturismo\/BTT: 3\u00ba Passeio Informal do Barreiro 2014, domingo, 12 de outubro, 9h00, 30 quil\u00f3metros","datePublished":"2014-10-08T20:18:39+00:00","mainEntityOfPage":{"@id":"https:\/\/arquivo.barreiroweb.net\/?p=12163"},"wordCount":240,"commentCount":0,"publisher":{"@id":"https:\/\/arquivo.barreiroweb.net\/#organization"},"image":{"@id":"https:\/\/arquivo.barreiroweb.net\/?p=12163#primaryimage"},"thumbnailUrl":"https:\/\/arquivo.barreiroweb.net\/wp-content\/uploads\/2014\/10\/Festas-do-Barreiro2014-17AGO-627-.jpg","keywords":["barreiro","desporto"],"articleSection":["Desporto","Destaque"],"inLanguage":"pt-PT","potentialAction":[{"@type":"CommentAction","name":"Comment","target":["https:\/\/arquivo.barreiroweb.net\/?p=12163#respond"]}]},{"@type":"WebPage","@id":"https:\/\/arquivo.barreiroweb.net\/?p=12163","url":"https:\/\/arquivo.barreiroweb.net\/?p=12163","name":"Cicloturismo\/BTT: 3\u00ba Passeio Informal do Barreiro 2014, domingo, 12 de outubro, 9h00, 30 quil\u00f3metros - barreiroweb","isPartOf":{"@id":"https:\/\/arquivo.barreiroweb.net\/#website"},"primaryImageOfPage":{"@id":"https:\/\/arquivo.barreiroweb.net\/?p=12163#primaryimage"},"image":{"@id":"https:\/\/arquivo.barreiroweb.net\/?p=12163#primaryimage"},"thumbnailUrl":"https:\/\/arquivo.barreiroweb.net\/wp-content\/uploads\/2014\/10\/Festas-do-Barreiro2014-17AGO-627-.jpg","datePublished":"2014-10-08T20:18:39+00:00","breadcrumb":{"@id":"https:\/\/arquivo.barreiroweb.net\/?p=12163#breadcrumb"},"inLanguage":"pt-PT","potentialAction":[{"@type":"ReadAction","target":["https:\/\/arquivo.barreiroweb.net\/?p=12163"]}]},{"@type":"ImageObject","inLanguage":"pt-PT","@id":"https:\/\/arquivo.barreiroweb.net\/?p=12163#primaryimage","url":"https:\/\/arquivo.barreiroweb.net\/wp-content\/uploads\/2014\/10\/Festas-do-Barreiro2014-17AGO-627-.jpg","contentUrl":"https:\/\/arquivo.barreiroweb.net\/wp-content\/uploads\/2014\/10\/Festas-do-Barreiro2014-17AGO-627-.jpg","width":314,"height":209},{"@type":"BreadcrumbList","@id":"https:\/\/arquivo.barreiroweb.net\/?p=12163#breadcrumb","itemListElement":[{"@type":"ListItem","position":1,"name":"In\u00edcio","item":"https:\/\/arquivo.barreiroweb.net\/"},{"@type":"ListItem","position":2,"name":"Cicloturismo\/BTT: 3\u00ba Passeio Informal do Barreiro 2014, domingo, 12 de outubro, 9h00, 30 quil\u00f3metros"}]},{"@type":"WebSite","@id":"https:\/\/arquivo.barreiroweb.net\/#website","url":"https:\/\/arquivo.barreiroweb.net\/","name":"barreiroweb","description":"Barreiroweb o barreiro na web","publisher":{"@id":"https:\/\/arquivo.barreiroweb.net\/#organization"},"potentialAction":[{"@type":"SearchAction","target":{"@type":"EntryPoint","urlTemplate":"https:\/\/arquivo.barreiroweb.net\/?s={search_term_string}"},"query-input":{"@type":"PropertyValueSpecification","valueRequired":true,"valueName":"search_term_string"}}],"inLanguage":"pt-PT"},{"@type":"Organization","@id":"https:\/\/arquivo.barreiroweb.net\/#organization","name":"barreiroweb","url":"https:\/\/arquivo.barreiroweb.net\/","logo":{"@type":"ImageObject","inLanguage":"pt-PT","@id":"https:\/\/arquivo.barreiroweb.net\/#\/schema\/logo\/image\/","url":"https:\/\/barreiroweb.net\/wp-content\/uploads\/2022\/05\/BarreiroWeb555.jpg","contentUrl":"https:\/\/barreiroweb.net\/wp-content\/uploads\/2022\/05\/BarreiroWeb555.jpg","width":421,"height":415,"caption":"barreiroweb"},"image":{"@id":"https:\/\/arquivo.barreiroweb.net\/#\/schema\/logo\/image\/"},"sameAs":["https:\/\/www.facebook.com\/barreiroweb","https:\/\/x.com\/barreiroweb"]},{"@type":"Person","@id":"https:\/\/arquivo.barreiroweb.net\/#\/schema\/person\/44b6d528aff975e3786c9f475f9df2dd","name":"barreiroweb","image":{"@type":"ImageObject","inLanguage":"pt-PT","@id":"https:\/\/arquivo.barreiroweb.net\/#\/schema\/person\/image\/","url":"https:\/\/secure.gravatar.com\/avatar\/1f764b917967430404ff0b452044eb63a25d64a5363b25be2aa42273930f477d?s=96&d=mm&r=g","contentUrl":"https:\/\/secure.gravatar.com\/avatar\/1f764b917967430404ff0b452044eb63a25d64a5363b25be2aa42273930f477d?s=96&d=mm&r=g","caption":"barreiroweb"},"url":"https:\/\/arquivo.barreiroweb.net\/?author=1"}]}},"_links":{"self":[{"href":"https:\/\/arquivo.barreiroweb.net\/index.php?rest_route=\/wp\/v2\/posts\/12163","targetHints":{"allow":["GET"]}}],"collection":[{"href":"https:\/\/arquivo.barreiroweb.net\/index.php?rest_route=\/wp\/v2\/posts"}],"about":[{"href":"https:\/\/arquivo.barreiroweb.net\/index.php?rest_route=\/wp\/v2\/types\/post"}],"author":[{"embeddable":true,"href":"https:\/\/arquivo.barreiroweb.net\/index.php?rest_route=\/wp\/v2\/users\/1"}],"replies":[{"embeddable":true,"href":"https:\/\/arquivo.barreiroweb.net\/index.php?rest_route=%2Fwp%2Fv2%2Fcomments&post=12163"}],"version-history":[{"count":1,"href":"https:\/\/arquivo.barreiroweb.net\/index.php?rest_route=\/wp\/v2\/posts\/12163\/revisions"}],"predecessor-version":[{"id":12165,"href":"https:\/\/arquivo.barreiroweb.net\/index.php?rest_route=\/wp\/v2\/posts\/12163\/revisions\/12165"}],"wp:featuredmedia":[{"embeddable":true,"href":"https:\/\/arquivo.barreiroweb.net\/index.php?rest_route=\/wp\/v2\/media\/12164"}],"wp:attachment":[{"href":"https:\/\/arquivo.barreiroweb.net\/index.php?rest_route=%2Fwp%2Fv2%2Fmedia&parent=12163"}],"wp:term":[{"taxonomy":"category","embeddable":true,"href":"https:\/\/arquivo.barreiroweb.net\/index.php?rest_route=%2Fwp%2Fv2%2Fcategories&post=12163"},{"taxonomy":"post_tag","embeddable":true,"href":"https:\/\/arquivo.barreiroweb.net\/index.php?rest_route=%2Fwp%2Fv2%2Ftags&post=12163"}],"curies":[{"name":"wp","href":"https:\/\/api.w.org\/{rel}","templated":true}]}}