{"id":12143,"date":"2014-10-06T22:50:20","date_gmt":"2014-10-06T21:50:20","guid":{"rendered":"http:\/\/barreiroweb.eu\/?p=12143"},"modified":"2014-10-06T22:50:20","modified_gmt":"2014-10-06T21:50:20","slug":"teatro-marx-na-baixa-sobe-ao-palco-do-forum-cultural","status":"publish","type":"post","link":"https:\/\/arquivo.barreiroweb.net\/?p=12143","title":{"rendered":"Teatro: \u201cMarx na Baixa\u201d sobe ao palco do F\u00f3rum Cultural"},"content":{"rendered":"<p><strong><a href=\"http:\/\/barreiroweb.eu\/wp-content\/uploads\/2014\/10\/Fonte-CMMoita-Marx-na-Baixa.jpg\" rel=\"lightbox[12143]\"><img loading=\"lazy\" decoding=\"async\" class=\"alignleft size-thumbnail wp-image-12144\" src=\"http:\/\/barreiroweb.eu\/wp-content\/uploads\/2014\/10\/Fonte-CMMoita-Marx-na-Baixa-150x150.jpg\" alt=\"Fonte CMMoita Marx na Baixa\" width=\"150\" height=\"150\" srcset=\"https:\/\/arquivo.barreiroweb.net\/wp-content\/uploads\/2014\/10\/Fonte-CMMoita-Marx-na-Baixa-150x150.jpg 150w, https:\/\/arquivo.barreiroweb.net\/wp-content\/uploads\/2014\/10\/Fonte-CMMoita-Marx-na-Baixa-50x50.jpg 50w, https:\/\/arquivo.barreiroweb.net\/wp-content\/uploads\/2014\/10\/Fonte-CMMoita-Marx-na-Baixa-70x70.jpg 70w, https:\/\/arquivo.barreiroweb.net\/wp-content\/uploads\/2014\/10\/Fonte-CMMoita-Marx-na-Baixa-55x55.jpg 55w\" sizes=\"auto, (max-width: 150px) 100vw, 150px\" \/><\/a>Comemora\u00e7\u00f5es dos 40 anos do 25 de Abril<\/strong><\/p>\n<p style=\"text-align: justify;\">No ano em que se assinala os 40 anos do 25 de Abril, a C\u00e2mara Municipal da Moita apresenta o espet\u00e1culo de teatro \u201cMarx na Baixa\u201d, no dia 10 de outubro, \u00e0s 21:30h, no audit\u00f3rio do F\u00f3rum Cultural Jos\u00e9 Manuel Figueiredo, na Baixa da Banheira.<\/p>\n<p style=\"text-align: justify;\">E se o homem barbudo de h\u00e1 dois s\u00e9culos, vestindo um fato e gravata, carregando uma mala, talvez de livros, talvez de ideias, aterrasse em Portugal? E se esse homem fosse Karl Marx que, para reivindicar o direito a limpar o seu nome, veio c\u00e1 abaixo, mais propriamente \u00e0 Baixa?<\/p>\n<p style=\"text-align: justify;\">Este \u00e9 o mote de \u201cMarx na Baixa\u201d, um espet\u00e1culo que mostra o lado mais humano do fil\u00f3sofo alem\u00e3o. Uma mesa, duas cadeiras e quatro ou cinco adere\u00e7os s\u00e3o o que Marx precisa para marcar um encontro com os portugueses e nos enviar para uma viagem t\u00e3o hist\u00f3rica como \u00edntima, t\u00e3o pol\u00edtica como sentimental, t\u00e3o profunda como irresistivelmente hilariante. Esta pe\u00e7a foi preparada a partir do texto \u201cMarx in Soho\u201d, de Howard Zinn.<\/p>\n<p style=\"text-align: justify;\">A entrada \u00e9 gratuita, mediante reserva antecipada dos bilhetes.<\/p>\n<p style=\"text-align: justify;\"><strong>Hor\u00e1rio da Bilheteira:\u00a0<\/strong><\/p>\n<p style=\"text-align: justify;\">De 3\u00aa a s\u00e1bado \u2013 14:30h \u00e0s 19:30h<\/p>\n<p style=\"text-align: justify;\">Dias de espet\u00e1culo e cinema\u00a0 \u2013 uma hora antes do in\u00edcio do espet\u00e1culo ou sess\u00e3o.<\/p>\n<p style=\"text-align: justify;\">Os bilhetes podem ainda ser reservados, atrav\u00e9s do telefone 210 888 900, no hor\u00e1rio de funcionamento da bilheteira. <strong>As reservas t\u00eam de ser\u00a0levantadas, no m\u00e1ximo,\u00a0at\u00e9 1h antes do in\u00edcio do espet\u00e1culo<\/strong>, com um limite de cinco bilhetes por reserva.<\/p>\n<p>C\u00e2mara Municipal da Moita<\/p>\n","protected":false},"excerpt":{"rendered":"<p>Comemora\u00e7\u00f5es dos 40 anos do 25 de Abril No ano em que se assinala os 40 anos do 25 de Abril, a C\u00e2mara Municipal da Moita apresenta o espet\u00e1culo de teatro \u201cMarx na Baixa\u201d, no dia 10 de outubro, \u00e0s 21:30h, no audit\u00f3rio do F\u00f3rum Cultural Jos\u00e9 Manuel Figueiredo, na Baixa da Banheira. E se [&hellip;]<\/p>\n","protected":false},"author":1,"featured_media":12144,"comment_status":"open","ping_status":"open","sticky":false,"template":"","format":"standard","meta":{"footnotes":""},"categories":[32,10],"tags":[37,745],"class_list":["post-12143","post","type-post","status-publish","format-standard","has-post-thumbnail","hentry","category-destaque","category-teatro","tag-moita","tag-teatro","last_archivepost"],"yoast_head":"<!-- This site is optimized with the Yoast SEO plugin v27.1.1 - https:\/\/yoast.com\/product\/yoast-seo-wordpress\/ -->\n<title>Teatro: \u201cMarx na Baixa\u201d sobe ao palco do F\u00f3rum Cultural - barreiroweb<\/title>\n<meta name=\"robots\" content=\"index, follow, max-snippet:-1, max-image-preview:large, max-video-preview:-1\" \/>\n<link rel=\"canonical\" href=\"https:\/\/arquivo.barreiroweb.net\/?p=12143\" \/>\n<meta property=\"og:locale\" content=\"pt_PT\" \/>\n<meta property=\"og:type\" content=\"article\" \/>\n<meta property=\"og:title\" content=\"Teatro: \u201cMarx na Baixa\u201d sobe ao palco do F\u00f3rum Cultural - barreiroweb\" \/>\n<meta property=\"og:description\" content=\"Comemora\u00e7\u00f5es dos 40 anos do 25 de Abril No ano em que se assinala os 40 anos do 25 de Abril, a C\u00e2mara Municipal da Moita apresenta o espet\u00e1culo de teatro \u201cMarx na Baixa\u201d, no dia 10 de outubro, \u00e0s 21:30h, no audit\u00f3rio do F\u00f3rum Cultural Jos\u00e9 Manuel Figueiredo, na Baixa da Banheira. E se [&hellip;]\" \/>\n<meta property=\"og:url\" content=\"https:\/\/arquivo.barreiroweb.net\/?p=12143\" \/>\n<meta property=\"og:site_name\" content=\"barreiroweb\" \/>\n<meta property=\"article:publisher\" content=\"https:\/\/www.facebook.com\/barreiroweb\" \/>\n<meta property=\"article:published_time\" content=\"2014-10-06T21:50:20+00:00\" \/>\n<meta property=\"og:image\" content=\"https:\/\/arquivo.barreiroweb.net\/wp-content\/uploads\/2014\/10\/Fonte-CMMoita-Marx-na-Baixa.jpg\" \/>\n\t<meta property=\"og:image:width\" content=\"314\" \/>\n\t<meta property=\"og:image:height\" content=\"205\" \/>\n\t<meta property=\"og:image:type\" content=\"image\/jpeg\" \/>\n<meta name=\"author\" content=\"barreiroweb\" \/>\n<meta name=\"twitter:card\" content=\"summary_large_image\" \/>\n<meta name=\"twitter:creator\" content=\"@barreiroweb\" \/>\n<meta name=\"twitter:site\" content=\"@barreiroweb\" \/>\n<meta name=\"twitter:label1\" content=\"Escrito por\" \/>\n\t<meta name=\"twitter:data1\" content=\"barreiroweb\" \/>\n\t<meta name=\"twitter:label2\" content=\"Tempo estimado de leitura\" \/>\n\t<meta name=\"twitter:data2\" content=\"1 minuto\" \/>\n<script type=\"application\/ld+json\" class=\"yoast-schema-graph\">{\"@context\":\"https:\/\/schema.org\",\"@graph\":[{\"@type\":\"Article\",\"@id\":\"https:\/\/arquivo.barreiroweb.net\/?p=12143#article\",\"isPartOf\":{\"@id\":\"https:\/\/arquivo.barreiroweb.net\/?p=12143\"},\"author\":{\"name\":\"barreiroweb\",\"@id\":\"https:\/\/arquivo.barreiroweb.net\/#\/schema\/person\/44b6d528aff975e3786c9f475f9df2dd\"},\"headline\":\"Teatro: \u201cMarx na Baixa\u201d sobe ao palco do F\u00f3rum Cultural\",\"datePublished\":\"2014-10-06T21:50:20+00:00\",\"mainEntityOfPage\":{\"@id\":\"https:\/\/arquivo.barreiroweb.net\/?p=12143\"},\"wordCount\":283,\"commentCount\":0,\"publisher\":{\"@id\":\"https:\/\/arquivo.barreiroweb.net\/#organization\"},\"image\":{\"@id\":\"https:\/\/arquivo.barreiroweb.net\/?p=12143#primaryimage\"},\"thumbnailUrl\":\"https:\/\/arquivo.barreiroweb.net\/wp-content\/uploads\/2014\/10\/Fonte-CMMoita-Marx-na-Baixa.jpg\",\"keywords\":[\"moita\",\"teatro\"],\"articleSection\":[\"Destaque\",\"Teatro\"],\"inLanguage\":\"pt-PT\",\"potentialAction\":[{\"@type\":\"CommentAction\",\"name\":\"Comment\",\"target\":[\"https:\/\/arquivo.barreiroweb.net\/?p=12143#respond\"]}]},{\"@type\":\"WebPage\",\"@id\":\"https:\/\/arquivo.barreiroweb.net\/?p=12143\",\"url\":\"https:\/\/arquivo.barreiroweb.net\/?p=12143\",\"name\":\"Teatro: \u201cMarx na Baixa\u201d sobe ao palco do F\u00f3rum Cultural - barreiroweb\",\"isPartOf\":{\"@id\":\"https:\/\/arquivo.barreiroweb.net\/#website\"},\"primaryImageOfPage\":{\"@id\":\"https:\/\/arquivo.barreiroweb.net\/?p=12143#primaryimage\"},\"image\":{\"@id\":\"https:\/\/arquivo.barreiroweb.net\/?p=12143#primaryimage\"},\"thumbnailUrl\":\"https:\/\/arquivo.barreiroweb.net\/wp-content\/uploads\/2014\/10\/Fonte-CMMoita-Marx-na-Baixa.jpg\",\"datePublished\":\"2014-10-06T21:50:20+00:00\",\"breadcrumb\":{\"@id\":\"https:\/\/arquivo.barreiroweb.net\/?p=12143#breadcrumb\"},\"inLanguage\":\"pt-PT\",\"potentialAction\":[{\"@type\":\"ReadAction\",\"target\":[\"https:\/\/arquivo.barreiroweb.net\/?p=12143\"]}]},{\"@type\":\"ImageObject\",\"inLanguage\":\"pt-PT\",\"@id\":\"https:\/\/arquivo.barreiroweb.net\/?p=12143#primaryimage\",\"url\":\"https:\/\/arquivo.barreiroweb.net\/wp-content\/uploads\/2014\/10\/Fonte-CMMoita-Marx-na-Baixa.jpg\",\"contentUrl\":\"https:\/\/arquivo.barreiroweb.net\/wp-content\/uploads\/2014\/10\/Fonte-CMMoita-Marx-na-Baixa.jpg\",\"width\":314,\"height\":205},{\"@type\":\"BreadcrumbList\",\"@id\":\"https:\/\/arquivo.barreiroweb.net\/?p=12143#breadcrumb\",\"itemListElement\":[{\"@type\":\"ListItem\",\"position\":1,\"name\":\"In\u00edcio\",\"item\":\"https:\/\/arquivo.barreiroweb.net\/\"},{\"@type\":\"ListItem\",\"position\":2,\"name\":\"Teatro: \u201cMarx na Baixa\u201d sobe ao palco do F\u00f3rum Cultural\"}]},{\"@type\":\"WebSite\",\"@id\":\"https:\/\/arquivo.barreiroweb.net\/#website\",\"url\":\"https:\/\/arquivo.barreiroweb.net\/\",\"name\":\"barreiroweb\",\"description\":\"Barreiroweb o barreiro na web\",\"publisher\":{\"@id\":\"https:\/\/arquivo.barreiroweb.net\/#organization\"},\"potentialAction\":[{\"@type\":\"SearchAction\",\"target\":{\"@type\":\"EntryPoint\",\"urlTemplate\":\"https:\/\/arquivo.barreiroweb.net\/?s={search_term_string}\"},\"query-input\":{\"@type\":\"PropertyValueSpecification\",\"valueRequired\":true,\"valueName\":\"search_term_string\"}}],\"inLanguage\":\"pt-PT\"},{\"@type\":\"Organization\",\"@id\":\"https:\/\/arquivo.barreiroweb.net\/#organization\",\"name\":\"barreiroweb\",\"url\":\"https:\/\/arquivo.barreiroweb.net\/\",\"logo\":{\"@type\":\"ImageObject\",\"inLanguage\":\"pt-PT\",\"@id\":\"https:\/\/arquivo.barreiroweb.net\/#\/schema\/logo\/image\/\",\"url\":\"https:\/\/barreiroweb.net\/wp-content\/uploads\/2022\/05\/BarreiroWeb555.jpg\",\"contentUrl\":\"https:\/\/barreiroweb.net\/wp-content\/uploads\/2022\/05\/BarreiroWeb555.jpg\",\"width\":421,\"height\":415,\"caption\":\"barreiroweb\"},\"image\":{\"@id\":\"https:\/\/arquivo.barreiroweb.net\/#\/schema\/logo\/image\/\"},\"sameAs\":[\"https:\/\/www.facebook.com\/barreiroweb\",\"https:\/\/x.com\/barreiroweb\"]},{\"@type\":\"Person\",\"@id\":\"https:\/\/arquivo.barreiroweb.net\/#\/schema\/person\/44b6d528aff975e3786c9f475f9df2dd\",\"name\":\"barreiroweb\",\"image\":{\"@type\":\"ImageObject\",\"inLanguage\":\"pt-PT\",\"@id\":\"https:\/\/arquivo.barreiroweb.net\/#\/schema\/person\/image\/\",\"url\":\"https:\/\/secure.gravatar.com\/avatar\/1f764b917967430404ff0b452044eb63a25d64a5363b25be2aa42273930f477d?s=96&d=mm&r=g\",\"contentUrl\":\"https:\/\/secure.gravatar.com\/avatar\/1f764b917967430404ff0b452044eb63a25d64a5363b25be2aa42273930f477d?s=96&d=mm&r=g\",\"caption\":\"barreiroweb\"},\"url\":\"https:\/\/arquivo.barreiroweb.net\/?author=1\"}]}<\/script>\n<!-- \/ Yoast SEO plugin. -->","yoast_head_json":{"title":"Teatro: \u201cMarx na Baixa\u201d sobe ao palco do F\u00f3rum Cultural - barreiroweb","robots":{"index":"index","follow":"follow","max-snippet":"max-snippet:-1","max-image-preview":"max-image-preview:large","max-video-preview":"max-video-preview:-1"},"canonical":"https:\/\/arquivo.barreiroweb.net\/?p=12143","og_locale":"pt_PT","og_type":"article","og_title":"Teatro: \u201cMarx na Baixa\u201d sobe ao palco do F\u00f3rum Cultural - barreiroweb","og_description":"Comemora\u00e7\u00f5es dos 40 anos do 25 de Abril No ano em que se assinala os 40 anos do 25 de Abril, a C\u00e2mara Municipal da Moita apresenta o espet\u00e1culo de teatro \u201cMarx na Baixa\u201d, no dia 10 de outubro, \u00e0s 21:30h, no audit\u00f3rio do F\u00f3rum Cultural Jos\u00e9 Manuel Figueiredo, na Baixa da Banheira. E se [&hellip;]","og_url":"https:\/\/arquivo.barreiroweb.net\/?p=12143","og_site_name":"barreiroweb","article_publisher":"https:\/\/www.facebook.com\/barreiroweb","article_published_time":"2014-10-06T21:50:20+00:00","og_image":[{"width":314,"height":205,"url":"https:\/\/arquivo.barreiroweb.net\/wp-content\/uploads\/2014\/10\/Fonte-CMMoita-Marx-na-Baixa.jpg","type":"image\/jpeg"}],"author":"barreiroweb","twitter_card":"summary_large_image","twitter_creator":"@barreiroweb","twitter_site":"@barreiroweb","twitter_misc":{"Escrito por":"barreiroweb","Tempo estimado de leitura":"1 minuto"},"schema":{"@context":"https:\/\/schema.org","@graph":[{"@type":"Article","@id":"https:\/\/arquivo.barreiroweb.net\/?p=12143#article","isPartOf":{"@id":"https:\/\/arquivo.barreiroweb.net\/?p=12143"},"author":{"name":"barreiroweb","@id":"https:\/\/arquivo.barreiroweb.net\/#\/schema\/person\/44b6d528aff975e3786c9f475f9df2dd"},"headline":"Teatro: \u201cMarx na Baixa\u201d sobe ao palco do F\u00f3rum Cultural","datePublished":"2014-10-06T21:50:20+00:00","mainEntityOfPage":{"@id":"https:\/\/arquivo.barreiroweb.net\/?p=12143"},"wordCount":283,"commentCount":0,"publisher":{"@id":"https:\/\/arquivo.barreiroweb.net\/#organization"},"image":{"@id":"https:\/\/arquivo.barreiroweb.net\/?p=12143#primaryimage"},"thumbnailUrl":"https:\/\/arquivo.barreiroweb.net\/wp-content\/uploads\/2014\/10\/Fonte-CMMoita-Marx-na-Baixa.jpg","keywords":["moita","teatro"],"articleSection":["Destaque","Teatro"],"inLanguage":"pt-PT","potentialAction":[{"@type":"CommentAction","name":"Comment","target":["https:\/\/arquivo.barreiroweb.net\/?p=12143#respond"]}]},{"@type":"WebPage","@id":"https:\/\/arquivo.barreiroweb.net\/?p=12143","url":"https:\/\/arquivo.barreiroweb.net\/?p=12143","name":"Teatro: \u201cMarx na Baixa\u201d sobe ao palco do F\u00f3rum Cultural - barreiroweb","isPartOf":{"@id":"https:\/\/arquivo.barreiroweb.net\/#website"},"primaryImageOfPage":{"@id":"https:\/\/arquivo.barreiroweb.net\/?p=12143#primaryimage"},"image":{"@id":"https:\/\/arquivo.barreiroweb.net\/?p=12143#primaryimage"},"thumbnailUrl":"https:\/\/arquivo.barreiroweb.net\/wp-content\/uploads\/2014\/10\/Fonte-CMMoita-Marx-na-Baixa.jpg","datePublished":"2014-10-06T21:50:20+00:00","breadcrumb":{"@id":"https:\/\/arquivo.barreiroweb.net\/?p=12143#breadcrumb"},"inLanguage":"pt-PT","potentialAction":[{"@type":"ReadAction","target":["https:\/\/arquivo.barreiroweb.net\/?p=12143"]}]},{"@type":"ImageObject","inLanguage":"pt-PT","@id":"https:\/\/arquivo.barreiroweb.net\/?p=12143#primaryimage","url":"https:\/\/arquivo.barreiroweb.net\/wp-content\/uploads\/2014\/10\/Fonte-CMMoita-Marx-na-Baixa.jpg","contentUrl":"https:\/\/arquivo.barreiroweb.net\/wp-content\/uploads\/2014\/10\/Fonte-CMMoita-Marx-na-Baixa.jpg","width":314,"height":205},{"@type":"BreadcrumbList","@id":"https:\/\/arquivo.barreiroweb.net\/?p=12143#breadcrumb","itemListElement":[{"@type":"ListItem","position":1,"name":"In\u00edcio","item":"https:\/\/arquivo.barreiroweb.net\/"},{"@type":"ListItem","position":2,"name":"Teatro: \u201cMarx na Baixa\u201d sobe ao palco do F\u00f3rum Cultural"}]},{"@type":"WebSite","@id":"https:\/\/arquivo.barreiroweb.net\/#website","url":"https:\/\/arquivo.barreiroweb.net\/","name":"barreiroweb","description":"Barreiroweb o barreiro na web","publisher":{"@id":"https:\/\/arquivo.barreiroweb.net\/#organization"},"potentialAction":[{"@type":"SearchAction","target":{"@type":"EntryPoint","urlTemplate":"https:\/\/arquivo.barreiroweb.net\/?s={search_term_string}"},"query-input":{"@type":"PropertyValueSpecification","valueRequired":true,"valueName":"search_term_string"}}],"inLanguage":"pt-PT"},{"@type":"Organization","@id":"https:\/\/arquivo.barreiroweb.net\/#organization","name":"barreiroweb","url":"https:\/\/arquivo.barreiroweb.net\/","logo":{"@type":"ImageObject","inLanguage":"pt-PT","@id":"https:\/\/arquivo.barreiroweb.net\/#\/schema\/logo\/image\/","url":"https:\/\/barreiroweb.net\/wp-content\/uploads\/2022\/05\/BarreiroWeb555.jpg","contentUrl":"https:\/\/barreiroweb.net\/wp-content\/uploads\/2022\/05\/BarreiroWeb555.jpg","width":421,"height":415,"caption":"barreiroweb"},"image":{"@id":"https:\/\/arquivo.barreiroweb.net\/#\/schema\/logo\/image\/"},"sameAs":["https:\/\/www.facebook.com\/barreiroweb","https:\/\/x.com\/barreiroweb"]},{"@type":"Person","@id":"https:\/\/arquivo.barreiroweb.net\/#\/schema\/person\/44b6d528aff975e3786c9f475f9df2dd","name":"barreiroweb","image":{"@type":"ImageObject","inLanguage":"pt-PT","@id":"https:\/\/arquivo.barreiroweb.net\/#\/schema\/person\/image\/","url":"https:\/\/secure.gravatar.com\/avatar\/1f764b917967430404ff0b452044eb63a25d64a5363b25be2aa42273930f477d?s=96&d=mm&r=g","contentUrl":"https:\/\/secure.gravatar.com\/avatar\/1f764b917967430404ff0b452044eb63a25d64a5363b25be2aa42273930f477d?s=96&d=mm&r=g","caption":"barreiroweb"},"url":"https:\/\/arquivo.barreiroweb.net\/?author=1"}]}},"_links":{"self":[{"href":"https:\/\/arquivo.barreiroweb.net\/index.php?rest_route=\/wp\/v2\/posts\/12143","targetHints":{"allow":["GET"]}}],"collection":[{"href":"https:\/\/arquivo.barreiroweb.net\/index.php?rest_route=\/wp\/v2\/posts"}],"about":[{"href":"https:\/\/arquivo.barreiroweb.net\/index.php?rest_route=\/wp\/v2\/types\/post"}],"author":[{"embeddable":true,"href":"https:\/\/arquivo.barreiroweb.net\/index.php?rest_route=\/wp\/v2\/users\/1"}],"replies":[{"embeddable":true,"href":"https:\/\/arquivo.barreiroweb.net\/index.php?rest_route=%2Fwp%2Fv2%2Fcomments&post=12143"}],"version-history":[{"count":1,"href":"https:\/\/arquivo.barreiroweb.net\/index.php?rest_route=\/wp\/v2\/posts\/12143\/revisions"}],"predecessor-version":[{"id":12145,"href":"https:\/\/arquivo.barreiroweb.net\/index.php?rest_route=\/wp\/v2\/posts\/12143\/revisions\/12145"}],"wp:featuredmedia":[{"embeddable":true,"href":"https:\/\/arquivo.barreiroweb.net\/index.php?rest_route=\/wp\/v2\/media\/12144"}],"wp:attachment":[{"href":"https:\/\/arquivo.barreiroweb.net\/index.php?rest_route=%2Fwp%2Fv2%2Fmedia&parent=12143"}],"wp:term":[{"taxonomy":"category","embeddable":true,"href":"https:\/\/arquivo.barreiroweb.net\/index.php?rest_route=%2Fwp%2Fv2%2Fcategories&post=12143"},{"taxonomy":"post_tag","embeddable":true,"href":"https:\/\/arquivo.barreiroweb.net\/index.php?rest_route=%2Fwp%2Fv2%2Ftags&post=12143"}],"curies":[{"name":"wp","href":"https:\/\/api.w.org\/{rel}","templated":true}]}}