{"id":12138,"date":"2014-10-06T22:46:20","date_gmt":"2014-10-06T21:46:20","guid":{"rendered":"http:\/\/barreiroweb.eu\/?p=12138"},"modified":"2014-10-06T22:46:20","modified_gmt":"2014-10-06T21:46:20","slug":"mare-cheia-destaca-quinzena-da-educacao-semana-do-patrimonio-e-mes-do-idoso","status":"publish","type":"post","link":"https:\/\/arquivo.barreiroweb.net\/?p=12138","title":{"rendered":"Mar\u00e9 Cheia destaca Quinzena da Educa\u00e7\u00e3o, Semana do Patrim\u00f3nio e M\u00eas do Idoso"},"content":{"rendered":"<p style=\"text-align: justify;\"><strong><a href=\"http:\/\/barreiroweb.eu\/wp-content\/uploads\/2014\/10\/Fonte-CMMoita-Mar\u00e9-Cheia-outubro.png\" rel=\"lightbox[12138]\"><img loading=\"lazy\" decoding=\"async\" class=\"alignleft size-thumbnail wp-image-12139\" src=\"http:\/\/barreiroweb.eu\/wp-content\/uploads\/2014\/10\/Fonte-CMMoita-Mar\u00e9-Cheia-outubro-150x150.png\" alt=\"Fonte CMMoita Mar\u00e9 Cheia outubro\" width=\"150\" height=\"150\" srcset=\"https:\/\/arquivo.barreiroweb.net\/wp-content\/uploads\/2014\/10\/Fonte-CMMoita-Mar\u00e9-Cheia-outubro-150x150.png 150w, https:\/\/arquivo.barreiroweb.net\/wp-content\/uploads\/2014\/10\/Fonte-CMMoita-Mar\u00e9-Cheia-outubro-50x50.png 50w, https:\/\/arquivo.barreiroweb.net\/wp-content\/uploads\/2014\/10\/Fonte-CMMoita-Mar\u00e9-Cheia-outubro-70x70.png 70w, https:\/\/arquivo.barreiroweb.net\/wp-content\/uploads\/2014\/10\/Fonte-CMMoita-Mar\u00e9-Cheia-outubro-55x55.png 55w\" sizes=\"auto, (max-width: 150px) 100vw, 150px\" \/><\/a>Edi\u00e7\u00e3o de outubro<\/strong><\/p>\n<p style=\"text-align: justify;\">O S\u00edtio das Marinhas, entre a Moita e o Ros\u00e1rio, \u00e9 o tema da capa da \u201cMar\u00e9 Cheia\u201d \u2013 Agenda de Eventos no Concelho da Moita do m\u00eas de outubro, numa alus\u00e3o \u00e0 Semana do Patrim\u00f3nio que a C\u00e2mara Municipal vai promover entre 17 e 25 de outubro.<\/p>\n<p style=\"text-align: justify;\">Esta edi\u00e7\u00e3o j\u00e1 est\u00e1 dispon\u00edvel para ser consultada nos locais habituais e tamb\u00e9m no s\u00edtio de Internet do Munic\u00edpio da Moita, em <a href=\"http:\/\/www.cm-moita.pt\">www.cm-moita.pt<\/a>. Ao folhe\u00e1-la, vai encontrar uma \u201cMar\u00e9 Cheia\u201d de atividades para para todas as idades.<\/p>\n<p style=\"text-align: justify;\">O ano letivo j\u00e1 come\u00e7ou e, por isso, \u00e9 altura de assinalar esta nova fase para os alunos do concelho, professores e pessoal n\u00e3o docente, de forma diferente, atrav\u00e9s da Quinzena da Educa\u00e7\u00e3o. Este \u00e9 o tema em destaque na rubrica \u201c\u00c0 Lupa\u201d.<\/p>\n<p style=\"text-align: justify;\">O \u201cVai Acontecer\u2026\u201d apresenta, como habitualmente, todas as iniciativas que ir\u00e3o decorrer durante o m\u00eas de outubro, divididas por diferentes \u00e1reas.<\/p>\n<p style=\"text-align: justify;\">Outubro \u00e9 tamb\u00e9m o \u201cM\u00eas do Idoso\u201d no concelho da Moita. Nas p\u00e1ginas do \u201cAqui T\u00e3o Perto\u201d, a Mar\u00e9 Cheia d\u00e1 a conhecer todas as atividades que preenchem este programa, desde o dia 1 at\u00e9 ao dia 28 de outubro.<\/p>\n<p style=\"text-align: justify;\">\u201cVai um Licor Caseiro?\u201d. N\u00e3o deixe de consultar a rubrica \u201cSabores &amp; Saberes\u201d e aprenda a fazer Licor de Poejo.<\/p>\n<p style=\"text-align: justify;\">Se pretende \u00a0receber a Agenda de Eventos, todos os meses, em sua casa, contacte o Gabinete de Informa\u00e7\u00e3o e Rela\u00e7\u00f5es P\u00fablicas da C\u00e2mara Municipal da Moita, atrav\u00e9s do e-mail: <a href=\"mailto:informacao-rpubloicas@mail.cm-moita.pt\">informacao-rpubloicas@mail.cm-moita.pt<\/a> ou do telefone 212806715.<\/p>\n<p>C\u00e2mara Municipal da Moita<\/p>\n","protected":false},"excerpt":{"rendered":"<p>Edi\u00e7\u00e3o de outubro O S\u00edtio das Marinhas, entre a Moita e o Ros\u00e1rio, \u00e9 o tema da capa da \u201cMar\u00e9 Cheia\u201d \u2013 Agenda de Eventos no Concelho da Moita do m\u00eas de outubro, numa alus\u00e3o \u00e0 Semana do Patrim\u00f3nio que a C\u00e2mara Municipal vai promover entre 17 e 25 de outubro. Esta edi\u00e7\u00e3o j\u00e1 est\u00e1 [&hellip;]<\/p>\n","protected":false},"author":1,"featured_media":12139,"comment_status":"open","ping_status":"open","sticky":false,"template":"","format":"standard","meta":{"footnotes":""},"categories":[32,3],"tags":[37],"class_list":["post-12138","post","type-post","status-publish","format-standard","has-post-thumbnail","hentry","category-destaque","category-eventos","tag-moita","last_archivepost"],"yoast_head":"<!-- This site is optimized with the Yoast SEO plugin v27.1.1 - https:\/\/yoast.com\/product\/yoast-seo-wordpress\/ -->\n<title>Mar\u00e9 Cheia destaca Quinzena da Educa\u00e7\u00e3o, Semana do Patrim\u00f3nio e M\u00eas do Idoso - barreiroweb<\/title>\n<meta name=\"robots\" content=\"index, follow, max-snippet:-1, max-image-preview:large, max-video-preview:-1\" \/>\n<link rel=\"canonical\" href=\"https:\/\/arquivo.barreiroweb.net\/?p=12138\" \/>\n<meta property=\"og:locale\" content=\"pt_PT\" \/>\n<meta property=\"og:type\" content=\"article\" \/>\n<meta property=\"og:title\" content=\"Mar\u00e9 Cheia destaca Quinzena da Educa\u00e7\u00e3o, Semana do Patrim\u00f3nio e M\u00eas do Idoso - barreiroweb\" \/>\n<meta property=\"og:description\" content=\"Edi\u00e7\u00e3o de outubro O S\u00edtio das Marinhas, entre a Moita e o Ros\u00e1rio, \u00e9 o tema da capa da \u201cMar\u00e9 Cheia\u201d \u2013 Agenda de Eventos no Concelho da Moita do m\u00eas de outubro, numa alus\u00e3o \u00e0 Semana do Patrim\u00f3nio que a C\u00e2mara Municipal vai promover entre 17 e 25 de outubro. Esta edi\u00e7\u00e3o j\u00e1 est\u00e1 [&hellip;]\" \/>\n<meta property=\"og:url\" content=\"https:\/\/arquivo.barreiroweb.net\/?p=12138\" \/>\n<meta property=\"og:site_name\" content=\"barreiroweb\" \/>\n<meta property=\"article:publisher\" content=\"https:\/\/www.facebook.com\/barreiroweb\" \/>\n<meta property=\"article:published_time\" content=\"2014-10-06T21:46:20+00:00\" \/>\n<meta property=\"og:image\" content=\"https:\/\/arquivo.barreiroweb.net\/wp-content\/uploads\/2014\/10\/Fonte-CMMoita-Mar\u00e9-Cheia-outubro.png\" \/>\n\t<meta property=\"og:image:width\" content=\"282\" \/>\n\t<meta property=\"og:image:height\" content=\"235\" \/>\n\t<meta property=\"og:image:type\" content=\"image\/png\" \/>\n<meta name=\"author\" content=\"barreiroweb\" \/>\n<meta name=\"twitter:card\" content=\"summary_large_image\" \/>\n<meta name=\"twitter:creator\" content=\"@barreiroweb\" \/>\n<meta name=\"twitter:site\" content=\"@barreiroweb\" \/>\n<meta name=\"twitter:label1\" content=\"Escrito por\" \/>\n\t<meta name=\"twitter:data1\" content=\"barreiroweb\" \/>\n\t<meta name=\"twitter:label2\" content=\"Tempo estimado de leitura\" \/>\n\t<meta name=\"twitter:data2\" content=\"1 minuto\" \/>\n<script type=\"application\/ld+json\" class=\"yoast-schema-graph\">{\"@context\":\"https:\/\/schema.org\",\"@graph\":[{\"@type\":\"Article\",\"@id\":\"https:\/\/arquivo.barreiroweb.net\/?p=12138#article\",\"isPartOf\":{\"@id\":\"https:\/\/arquivo.barreiroweb.net\/?p=12138\"},\"author\":{\"name\":\"barreiroweb\",\"@id\":\"https:\/\/arquivo.barreiroweb.net\/#\/schema\/person\/44b6d528aff975e3786c9f475f9df2dd\"},\"headline\":\"Mar\u00e9 Cheia destaca Quinzena da Educa\u00e7\u00e3o, Semana do Patrim\u00f3nio e M\u00eas do Idoso\",\"datePublished\":\"2014-10-06T21:46:20+00:00\",\"mainEntityOfPage\":{\"@id\":\"https:\/\/arquivo.barreiroweb.net\/?p=12138\"},\"wordCount\":289,\"commentCount\":0,\"publisher\":{\"@id\":\"https:\/\/arquivo.barreiroweb.net\/#organization\"},\"image\":{\"@id\":\"https:\/\/arquivo.barreiroweb.net\/?p=12138#primaryimage\"},\"thumbnailUrl\":\"https:\/\/arquivo.barreiroweb.net\/wp-content\/uploads\/2014\/10\/Fonte-CMMoita-Mar\u00e9-Cheia-outubro.png\",\"keywords\":[\"moita\"],\"articleSection\":[\"Destaque\",\"Eventos\"],\"inLanguage\":\"pt-PT\",\"potentialAction\":[{\"@type\":\"CommentAction\",\"name\":\"Comment\",\"target\":[\"https:\/\/arquivo.barreiroweb.net\/?p=12138#respond\"]}]},{\"@type\":\"WebPage\",\"@id\":\"https:\/\/arquivo.barreiroweb.net\/?p=12138\",\"url\":\"https:\/\/arquivo.barreiroweb.net\/?p=12138\",\"name\":\"Mar\u00e9 Cheia destaca Quinzena da Educa\u00e7\u00e3o, Semana do Patrim\u00f3nio e M\u00eas do Idoso - barreiroweb\",\"isPartOf\":{\"@id\":\"https:\/\/arquivo.barreiroweb.net\/#website\"},\"primaryImageOfPage\":{\"@id\":\"https:\/\/arquivo.barreiroweb.net\/?p=12138#primaryimage\"},\"image\":{\"@id\":\"https:\/\/arquivo.barreiroweb.net\/?p=12138#primaryimage\"},\"thumbnailUrl\":\"https:\/\/arquivo.barreiroweb.net\/wp-content\/uploads\/2014\/10\/Fonte-CMMoita-Mar\u00e9-Cheia-outubro.png\",\"datePublished\":\"2014-10-06T21:46:20+00:00\",\"breadcrumb\":{\"@id\":\"https:\/\/arquivo.barreiroweb.net\/?p=12138#breadcrumb\"},\"inLanguage\":\"pt-PT\",\"potentialAction\":[{\"@type\":\"ReadAction\",\"target\":[\"https:\/\/arquivo.barreiroweb.net\/?p=12138\"]}]},{\"@type\":\"ImageObject\",\"inLanguage\":\"pt-PT\",\"@id\":\"https:\/\/arquivo.barreiroweb.net\/?p=12138#primaryimage\",\"url\":\"https:\/\/arquivo.barreiroweb.net\/wp-content\/uploads\/2014\/10\/Fonte-CMMoita-Mar\u00e9-Cheia-outubro.png\",\"contentUrl\":\"https:\/\/arquivo.barreiroweb.net\/wp-content\/uploads\/2014\/10\/Fonte-CMMoita-Mar\u00e9-Cheia-outubro.png\",\"width\":282,\"height\":235},{\"@type\":\"BreadcrumbList\",\"@id\":\"https:\/\/arquivo.barreiroweb.net\/?p=12138#breadcrumb\",\"itemListElement\":[{\"@type\":\"ListItem\",\"position\":1,\"name\":\"In\u00edcio\",\"item\":\"https:\/\/arquivo.barreiroweb.net\/\"},{\"@type\":\"ListItem\",\"position\":2,\"name\":\"Mar\u00e9 Cheia destaca Quinzena da Educa\u00e7\u00e3o, Semana do Patrim\u00f3nio e M\u00eas do Idoso\"}]},{\"@type\":\"WebSite\",\"@id\":\"https:\/\/arquivo.barreiroweb.net\/#website\",\"url\":\"https:\/\/arquivo.barreiroweb.net\/\",\"name\":\"barreiroweb\",\"description\":\"Barreiroweb o barreiro na web\",\"publisher\":{\"@id\":\"https:\/\/arquivo.barreiroweb.net\/#organization\"},\"potentialAction\":[{\"@type\":\"SearchAction\",\"target\":{\"@type\":\"EntryPoint\",\"urlTemplate\":\"https:\/\/arquivo.barreiroweb.net\/?s={search_term_string}\"},\"query-input\":{\"@type\":\"PropertyValueSpecification\",\"valueRequired\":true,\"valueName\":\"search_term_string\"}}],\"inLanguage\":\"pt-PT\"},{\"@type\":\"Organization\",\"@id\":\"https:\/\/arquivo.barreiroweb.net\/#organization\",\"name\":\"barreiroweb\",\"url\":\"https:\/\/arquivo.barreiroweb.net\/\",\"logo\":{\"@type\":\"ImageObject\",\"inLanguage\":\"pt-PT\",\"@id\":\"https:\/\/arquivo.barreiroweb.net\/#\/schema\/logo\/image\/\",\"url\":\"https:\/\/barreiroweb.net\/wp-content\/uploads\/2022\/05\/BarreiroWeb555.jpg\",\"contentUrl\":\"https:\/\/barreiroweb.net\/wp-content\/uploads\/2022\/05\/BarreiroWeb555.jpg\",\"width\":421,\"height\":415,\"caption\":\"barreiroweb\"},\"image\":{\"@id\":\"https:\/\/arquivo.barreiroweb.net\/#\/schema\/logo\/image\/\"},\"sameAs\":[\"https:\/\/www.facebook.com\/barreiroweb\",\"https:\/\/x.com\/barreiroweb\"]},{\"@type\":\"Person\",\"@id\":\"https:\/\/arquivo.barreiroweb.net\/#\/schema\/person\/44b6d528aff975e3786c9f475f9df2dd\",\"name\":\"barreiroweb\",\"image\":{\"@type\":\"ImageObject\",\"inLanguage\":\"pt-PT\",\"@id\":\"https:\/\/arquivo.barreiroweb.net\/#\/schema\/person\/image\/\",\"url\":\"https:\/\/secure.gravatar.com\/avatar\/1f764b917967430404ff0b452044eb63a25d64a5363b25be2aa42273930f477d?s=96&d=mm&r=g\",\"contentUrl\":\"https:\/\/secure.gravatar.com\/avatar\/1f764b917967430404ff0b452044eb63a25d64a5363b25be2aa42273930f477d?s=96&d=mm&r=g\",\"caption\":\"barreiroweb\"},\"url\":\"https:\/\/arquivo.barreiroweb.net\/?author=1\"}]}<\/script>\n<!-- \/ Yoast SEO plugin. -->","yoast_head_json":{"title":"Mar\u00e9 Cheia destaca Quinzena da Educa\u00e7\u00e3o, Semana do Patrim\u00f3nio e M\u00eas do Idoso - barreiroweb","robots":{"index":"index","follow":"follow","max-snippet":"max-snippet:-1","max-image-preview":"max-image-preview:large","max-video-preview":"max-video-preview:-1"},"canonical":"https:\/\/arquivo.barreiroweb.net\/?p=12138","og_locale":"pt_PT","og_type":"article","og_title":"Mar\u00e9 Cheia destaca Quinzena da Educa\u00e7\u00e3o, Semana do Patrim\u00f3nio e M\u00eas do Idoso - barreiroweb","og_description":"Edi\u00e7\u00e3o de outubro O S\u00edtio das Marinhas, entre a Moita e o Ros\u00e1rio, \u00e9 o tema da capa da \u201cMar\u00e9 Cheia\u201d \u2013 Agenda de Eventos no Concelho da Moita do m\u00eas de outubro, numa alus\u00e3o \u00e0 Semana do Patrim\u00f3nio que a C\u00e2mara Municipal vai promover entre 17 e 25 de outubro. Esta edi\u00e7\u00e3o j\u00e1 est\u00e1 [&hellip;]","og_url":"https:\/\/arquivo.barreiroweb.net\/?p=12138","og_site_name":"barreiroweb","article_publisher":"https:\/\/www.facebook.com\/barreiroweb","article_published_time":"2014-10-06T21:46:20+00:00","og_image":[{"width":282,"height":235,"url":"https:\/\/arquivo.barreiroweb.net\/wp-content\/uploads\/2014\/10\/Fonte-CMMoita-Mar\u00e9-Cheia-outubro.png","type":"image\/png"}],"author":"barreiroweb","twitter_card":"summary_large_image","twitter_creator":"@barreiroweb","twitter_site":"@barreiroweb","twitter_misc":{"Escrito por":"barreiroweb","Tempo estimado de leitura":"1 minuto"},"schema":{"@context":"https:\/\/schema.org","@graph":[{"@type":"Article","@id":"https:\/\/arquivo.barreiroweb.net\/?p=12138#article","isPartOf":{"@id":"https:\/\/arquivo.barreiroweb.net\/?p=12138"},"author":{"name":"barreiroweb","@id":"https:\/\/arquivo.barreiroweb.net\/#\/schema\/person\/44b6d528aff975e3786c9f475f9df2dd"},"headline":"Mar\u00e9 Cheia destaca Quinzena da Educa\u00e7\u00e3o, Semana do Patrim\u00f3nio e M\u00eas do Idoso","datePublished":"2014-10-06T21:46:20+00:00","mainEntityOfPage":{"@id":"https:\/\/arquivo.barreiroweb.net\/?p=12138"},"wordCount":289,"commentCount":0,"publisher":{"@id":"https:\/\/arquivo.barreiroweb.net\/#organization"},"image":{"@id":"https:\/\/arquivo.barreiroweb.net\/?p=12138#primaryimage"},"thumbnailUrl":"https:\/\/arquivo.barreiroweb.net\/wp-content\/uploads\/2014\/10\/Fonte-CMMoita-Mar\u00e9-Cheia-outubro.png","keywords":["moita"],"articleSection":["Destaque","Eventos"],"inLanguage":"pt-PT","potentialAction":[{"@type":"CommentAction","name":"Comment","target":["https:\/\/arquivo.barreiroweb.net\/?p=12138#respond"]}]},{"@type":"WebPage","@id":"https:\/\/arquivo.barreiroweb.net\/?p=12138","url":"https:\/\/arquivo.barreiroweb.net\/?p=12138","name":"Mar\u00e9 Cheia destaca Quinzena da Educa\u00e7\u00e3o, Semana do Patrim\u00f3nio e M\u00eas do Idoso - barreiroweb","isPartOf":{"@id":"https:\/\/arquivo.barreiroweb.net\/#website"},"primaryImageOfPage":{"@id":"https:\/\/arquivo.barreiroweb.net\/?p=12138#primaryimage"},"image":{"@id":"https:\/\/arquivo.barreiroweb.net\/?p=12138#primaryimage"},"thumbnailUrl":"https:\/\/arquivo.barreiroweb.net\/wp-content\/uploads\/2014\/10\/Fonte-CMMoita-Mar\u00e9-Cheia-outubro.png","datePublished":"2014-10-06T21:46:20+00:00","breadcrumb":{"@id":"https:\/\/arquivo.barreiroweb.net\/?p=12138#breadcrumb"},"inLanguage":"pt-PT","potentialAction":[{"@type":"ReadAction","target":["https:\/\/arquivo.barreiroweb.net\/?p=12138"]}]},{"@type":"ImageObject","inLanguage":"pt-PT","@id":"https:\/\/arquivo.barreiroweb.net\/?p=12138#primaryimage","url":"https:\/\/arquivo.barreiroweb.net\/wp-content\/uploads\/2014\/10\/Fonte-CMMoita-Mar\u00e9-Cheia-outubro.png","contentUrl":"https:\/\/arquivo.barreiroweb.net\/wp-content\/uploads\/2014\/10\/Fonte-CMMoita-Mar\u00e9-Cheia-outubro.png","width":282,"height":235},{"@type":"BreadcrumbList","@id":"https:\/\/arquivo.barreiroweb.net\/?p=12138#breadcrumb","itemListElement":[{"@type":"ListItem","position":1,"name":"In\u00edcio","item":"https:\/\/arquivo.barreiroweb.net\/"},{"@type":"ListItem","position":2,"name":"Mar\u00e9 Cheia destaca Quinzena da Educa\u00e7\u00e3o, Semana do Patrim\u00f3nio e M\u00eas do Idoso"}]},{"@type":"WebSite","@id":"https:\/\/arquivo.barreiroweb.net\/#website","url":"https:\/\/arquivo.barreiroweb.net\/","name":"barreiroweb","description":"Barreiroweb o barreiro na web","publisher":{"@id":"https:\/\/arquivo.barreiroweb.net\/#organization"},"potentialAction":[{"@type":"SearchAction","target":{"@type":"EntryPoint","urlTemplate":"https:\/\/arquivo.barreiroweb.net\/?s={search_term_string}"},"query-input":{"@type":"PropertyValueSpecification","valueRequired":true,"valueName":"search_term_string"}}],"inLanguage":"pt-PT"},{"@type":"Organization","@id":"https:\/\/arquivo.barreiroweb.net\/#organization","name":"barreiroweb","url":"https:\/\/arquivo.barreiroweb.net\/","logo":{"@type":"ImageObject","inLanguage":"pt-PT","@id":"https:\/\/arquivo.barreiroweb.net\/#\/schema\/logo\/image\/","url":"https:\/\/barreiroweb.net\/wp-content\/uploads\/2022\/05\/BarreiroWeb555.jpg","contentUrl":"https:\/\/barreiroweb.net\/wp-content\/uploads\/2022\/05\/BarreiroWeb555.jpg","width":421,"height":415,"caption":"barreiroweb"},"image":{"@id":"https:\/\/arquivo.barreiroweb.net\/#\/schema\/logo\/image\/"},"sameAs":["https:\/\/www.facebook.com\/barreiroweb","https:\/\/x.com\/barreiroweb"]},{"@type":"Person","@id":"https:\/\/arquivo.barreiroweb.net\/#\/schema\/person\/44b6d528aff975e3786c9f475f9df2dd","name":"barreiroweb","image":{"@type":"ImageObject","inLanguage":"pt-PT","@id":"https:\/\/arquivo.barreiroweb.net\/#\/schema\/person\/image\/","url":"https:\/\/secure.gravatar.com\/avatar\/1f764b917967430404ff0b452044eb63a25d64a5363b25be2aa42273930f477d?s=96&d=mm&r=g","contentUrl":"https:\/\/secure.gravatar.com\/avatar\/1f764b917967430404ff0b452044eb63a25d64a5363b25be2aa42273930f477d?s=96&d=mm&r=g","caption":"barreiroweb"},"url":"https:\/\/arquivo.barreiroweb.net\/?author=1"}]}},"_links":{"self":[{"href":"https:\/\/arquivo.barreiroweb.net\/index.php?rest_route=\/wp\/v2\/posts\/12138","targetHints":{"allow":["GET"]}}],"collection":[{"href":"https:\/\/arquivo.barreiroweb.net\/index.php?rest_route=\/wp\/v2\/posts"}],"about":[{"href":"https:\/\/arquivo.barreiroweb.net\/index.php?rest_route=\/wp\/v2\/types\/post"}],"author":[{"embeddable":true,"href":"https:\/\/arquivo.barreiroweb.net\/index.php?rest_route=\/wp\/v2\/users\/1"}],"replies":[{"embeddable":true,"href":"https:\/\/arquivo.barreiroweb.net\/index.php?rest_route=%2Fwp%2Fv2%2Fcomments&post=12138"}],"version-history":[{"count":1,"href":"https:\/\/arquivo.barreiroweb.net\/index.php?rest_route=\/wp\/v2\/posts\/12138\/revisions"}],"predecessor-version":[{"id":12140,"href":"https:\/\/arquivo.barreiroweb.net\/index.php?rest_route=\/wp\/v2\/posts\/12138\/revisions\/12140"}],"wp:featuredmedia":[{"embeddable":true,"href":"https:\/\/arquivo.barreiroweb.net\/index.php?rest_route=\/wp\/v2\/media\/12139"}],"wp:attachment":[{"href":"https:\/\/arquivo.barreiroweb.net\/index.php?rest_route=%2Fwp%2Fv2%2Fmedia&parent=12138"}],"wp:term":[{"taxonomy":"category","embeddable":true,"href":"https:\/\/arquivo.barreiroweb.net\/index.php?rest_route=%2Fwp%2Fv2%2Fcategories&post=12138"},{"taxonomy":"post_tag","embeddable":true,"href":"https:\/\/arquivo.barreiroweb.net\/index.php?rest_route=%2Fwp%2Fv2%2Ftags&post=12138"}],"curies":[{"name":"wp","href":"https:\/\/api.w.org\/{rel}","templated":true}]}}