{"id":12129,"date":"2014-10-06T22:38:07","date_gmt":"2014-10-06T21:38:07","guid":{"rendered":"http:\/\/barreiroweb.eu\/?p=12129"},"modified":"2014-10-06T22:38:07","modified_gmt":"2014-10-06T21:38:07","slug":"zeppelin-ana-azevedo-e-manuel-correia-vencedores-da-11a-mostra-de-docaria-tradicional-concurso","status":"publish","type":"post","link":"https:\/\/arquivo.barreiroweb.net\/?p=12129","title":{"rendered":"Zeppelin, Ana Azevedo e Manuel Correia vencedores da 11\u00aa Mostra de Do\u00e7aria Tradicional \u2013 Concurso"},"content":{"rendered":"<p style=\"text-align: justify;\"><strong><a href=\"http:\/\/barreiroweb.eu\/wp-content\/uploads\/2014\/10\/Mostra-de-Docaria-Tradicional2014-204.jpg\" rel=\"lightbox[12129]\"><img loading=\"lazy\" decoding=\"async\" class=\"alignleft size-thumbnail wp-image-12130\" src=\"http:\/\/barreiroweb.eu\/wp-content\/uploads\/2014\/10\/Mostra-de-Docaria-Tradicional2014-204-150x150.jpg\" alt=\"Mostra de Docaria Tradicional2014-204\" width=\"150\" height=\"150\" srcset=\"https:\/\/arquivo.barreiroweb.net\/wp-content\/uploads\/2014\/10\/Mostra-de-Docaria-Tradicional2014-204-150x150.jpg 150w, https:\/\/arquivo.barreiroweb.net\/wp-content\/uploads\/2014\/10\/Mostra-de-Docaria-Tradicional2014-204-50x50.jpg 50w, https:\/\/arquivo.barreiroweb.net\/wp-content\/uploads\/2014\/10\/Mostra-de-Docaria-Tradicional2014-204-70x70.jpg 70w, https:\/\/arquivo.barreiroweb.net\/wp-content\/uploads\/2014\/10\/Mostra-de-Docaria-Tradicional2014-204-55x55.jpg 55w\" sizes=\"auto, (max-width: 150px) 100vw, 150px\" \/><\/a>Na tarde do passado s\u00e1bado, no Forum Barreiro<\/strong><\/p>\n<p style=\"text-align: justify;\">Tarte de Am\u00eandoa, do \u201cRestaurante \u201cZeppelin \u2013 na especialidade &#8220;Bolos&#8221; \u2013, Sericaia, de Ana Azevedo \u2013 &#8220;Doces de Colher&#8221; \u2013, e \u201cEstendidas\u201d, de Manuel Correia \u2013 &#8220;Fritos&#8221; \u2013, foram os vencedores da 11\u00aa Mostra de Do\u00e7aria Tradicional \u2013 Concurso, realizada na tarde de s\u00e1bado, 4 de outubro, no centro comercial Forum Barreiro. Os \u201cp\u00f3dios\u201d foram, ainda, ocupados, nos \u201cBolos\u201d, por Tarte Quadrada de Ma\u00e7\u00e3, de \u201cA Nossa Tarte\u201d, e \u201cHipnose\u201d, da \u201cPastelaria Transmontana\u201d; nos &#8220;Doces de Colher&#8221;, Pudim de Nozes, de \u201cSanta Coina Confeitaria,\u201d e Cheesecake de Frutos Vermelhos, de Maria Am\u00e9lia Almeida; e nos \u201cFritos\u201d, Filh\u00f3s Alentejanas, de Paula Cristina Garcia, e \u201cGuinhas\u201d, de Agnaldo Borba.<\/p>\n<p>No evento, com 45 \u201ctenta\u00e7\u00f5es\u201d inscritas, que atra\u00edram muitos visitantes \u201cgulosos\u201d e \u201ccuriosos\u201d, marcou presen\u00e7a o Presidente da C\u00e2mara Municipal do Barreiro, Carlos Humberto de Carvalho. As iguarias a concursos foram avaliadas pelos <em>chefs<\/em> Irene Pimenta, Em\u00edlio Rosa, Joana Fa\u00edsca, Maria Gordo e Nelson Felix.<\/p>\n<p><strong>Vencedores<\/strong><\/p>\n<p><strong>\u201cBolos\u201d \u2013<\/strong> 1\u00b0 Tarte de Am\u00eandoa &#8211; Restaurante Zeppelin; 2\u00b0 Tarte Quadrada de Ma\u00e7\u00e3 &#8211; A Nossa Tarte; 3\u00b0 Hipnose &#8211; Pastelaria Transmontana.<\/p>\n<p><strong>&#8220;Doces de Colher&#8221; \u2013<\/strong> 1\u00b0 Sericaia &#8211; Ana Azevedo; 2\u00b0 Pudim de Nozes &#8211; Santa Coina Confeitaria; 3\u00b0 Cheesecake de Frutos Vermelhos &#8211; Maria Am\u00e9lia Almeida.<\/p>\n<p><strong>&#8220;Fritos&#8221; \u2013<\/strong> 1\u00b0 Estendidas &#8211; Manuel Correia; 2\u00b0 Filh\u00f3s Alentejanas &#8211; Paula Cristina Garcia; 3\u00b0 Guinhas &#8211; Agnaldo Borba.<\/p>\n<p><strong>Participantes<\/strong><\/p>\n<table width=\"479\">\n<tbody>\n<tr>\n<td width=\"221\"><strong>Concorrentes<\/strong><\/td>\n<td width=\"231\"><strong>Doces participantes<\/strong><\/td>\n<\/tr>\n<tr>\n<td width=\"27\">1<\/td>\n<td width=\"221\">Elsa Elias<\/td>\n<td width=\"231\">Pudim de P\u00e3o e Gila<\/td>\n<\/tr>\n<tr>\n<td width=\"27\">2<\/td>\n<td width=\"221\">Ana Paula Gouveia Nereu<\/td>\n<td width=\"231\">Bolo de Ma\u00e7\u00e3 e Nozes<\/td>\n<\/tr>\n<tr>\n<td width=\"27\">3<\/td>\n<td width=\"221\">Maria Cristina Almeida Lopo<\/td>\n<td width=\"231\">Bolo Fudge de Chocolate e Nozes<\/td>\n<\/tr>\n<tr>\n<td width=\"27\">4<\/td>\n<td width=\"221\">Maria Manuel Rom\u00e3o Madaleno<\/td>\n<td width=\"231\">Tarte de Am\u00eandoa<\/td>\n<\/tr>\n<tr>\n<td width=\"27\">5<\/td>\n<td rowspan=\"2\" width=\"221\">Cenas Doces do Jo\u00e3o<\/td>\n<td width=\"231\">Tarteletes de Am\u00eandoa<\/td>\n<\/tr>\n<tr>\n<td width=\"27\">6<\/td>\n<td width=\"231\">Queijadas de Requeij\u00e3o<\/td>\n<\/tr>\n<tr>\n<td width=\"27\">7<\/td>\n<td width=\"221\">Sa\u00fal Batista<\/td>\n<td width=\"231\">Bolo da Av\u00f3 Eug\u00e9nia<\/td>\n<\/tr>\n<tr>\n<td width=\"27\">8<\/td>\n<td rowspan=\"2\" width=\"221\">Cristina Oleiro Nunes<\/td>\n<td width=\"231\">Barriga de Freira<\/td>\n<\/tr>\n<tr>\n<td width=\"27\">9<\/td>\n<td width=\"231\">Nozes de Cascais<\/td>\n<\/tr>\n<tr>\n<td width=\"27\">10<\/td>\n<td rowspan=\"2\" width=\"221\">Rui Taborda<\/td>\n<td width=\"231\">Mousse de chocolate<\/td>\n<\/tr>\n<tr>\n<td width=\"27\">11<\/td>\n<td width=\"231\">Mil folhas de framboesa<\/td>\n<\/tr>\n<tr>\n<td width=\"27\">12<\/td>\n<td rowspan=\"2\" width=\"221\">Manuel Fernandes Correia<\/td>\n<td width=\"231\">Filhoses de recheio<\/td>\n<\/tr>\n<tr>\n<td width=\"27\">13<\/td>\n<td width=\"231\">Estendidas<\/td>\n<\/tr>\n<tr>\n<td width=\"27\">14<\/td>\n<td width=\"221\">A Nossa Tarte<\/td>\n<td width=\"231\">Tarte Quadrada de Ma\u00e7\u00e3<\/td>\n<\/tr>\n<tr>\n<td width=\"27\">15<\/td>\n<td rowspan=\"2\" width=\"221\">Paula Cristina Garcia<\/td>\n<td width=\"231\">Bolo Podre Alentejano<\/td>\n<\/tr>\n<tr>\n<td width=\"27\">16<\/td>\n<td width=\"231\">Filh\u00f3s Alentejanas<\/td>\n<\/tr>\n<tr>\n<td width=\"27\">17<\/td>\n<td rowspan=\"2\" width=\"221\">Santa Coina Confeitaria<\/td>\n<td width=\"231\">Pudim de Nozes<\/td>\n<\/tr>\n<tr>\n<td width=\"27\">18<\/td>\n<td width=\"231\">Lampreia Conventual<\/td>\n<\/tr>\n<tr>\n<td width=\"27\">19<\/td>\n<td rowspan=\"2\" width=\"221\">Agnaldo Borba<\/td>\n<td width=\"231\">Bolo ao Rhum<\/td>\n<\/tr>\n<tr>\n<td width=\"27\">20<\/td>\n<td width=\"231\">Guinhas<\/td>\n<\/tr>\n<tr>\n<td width=\"27\">21<\/td>\n<td width=\"221\">Rayane Borba<\/td>\n<td width=\"231\">Bolo Conde das Alc\u00e1\u00e7ovas<\/td>\n<\/tr>\n<tr>\n<td width=\"27\">22<\/td>\n<td rowspan=\"2\" width=\"221\">Ana Azevedo<\/td>\n<td width=\"231\">Sericaia<\/td>\n<\/tr>\n<tr>\n<td width=\"27\">23<\/td>\n<td width=\"231\">Azevias \u00e0 Iglesias<\/td>\n<\/tr>\n<tr>\n<td width=\"27\">24<\/td>\n<td width=\"221\">Maria dos Santos Fortes<\/td>\n<td width=\"231\">Torta de Baba de Camelo<\/td>\n<\/tr>\n<tr>\n<td width=\"27\">25<\/td>\n<td width=\"221\">Teresa Isabel G. Passos<\/td>\n<td width=\"231\">Bolo de Caf\u00e9 \u00e0 Antiga<\/td>\n<\/tr>\n<tr>\n<td width=\"27\">26<\/td>\n<td rowspan=\"2\" width=\"221\">M\u00f3nica Teresa B. Fitas<\/td>\n<td width=\"231\">Tarte de Am\u00eandoa<\/td>\n<\/tr>\n<tr>\n<td width=\"27\">27<\/td>\n<td width=\"231\">Sonhos de Ab\u00f3bora<\/td>\n<\/tr>\n<tr>\n<td width=\"27\">28<\/td>\n<td rowspan=\"2\" width=\"221\">Ana Maria Trindade<\/td>\n<td width=\"231\">Bolo de Chocolate e Laranja<\/td>\n<\/tr>\n<tr>\n<td width=\"27\">29<\/td>\n<td width=\"231\">Bolo Sandro<\/td>\n<\/tr>\n<tr>\n<td width=\"27\">30<\/td>\n<td rowspan=\"2\" width=\"221\">Pastelaria Kapric\u00f3rnio<\/td>\n<td width=\"231\">Bolo de Banana com Chocolate<\/td>\n<\/tr>\n<tr>\n<td width=\"27\">31<\/td>\n<td width=\"231\">Bolo de Agri\u00e3o<\/td>\n<\/tr>\n<tr>\n<td width=\"27\">32<\/td>\n<td width=\"221\">Maria Jo\u00e3o Vargas Batista<\/td>\n<td width=\"231\">Folia Camarra<\/td>\n<\/tr>\n<tr>\n<td width=\"27\">33<\/td>\n<td rowspan=\"2\" width=\"221\">Pastelaria Bonanza<\/td>\n<td width=\"231\">Maravilha Silvestre<\/td>\n<\/tr>\n<tr>\n<td width=\"27\">34<\/td>\n<td width=\"231\">Delicia de Am\u00eandoa<\/td>\n<\/tr>\n<tr>\n<td width=\"27\">35<\/td>\n<td rowspan=\"2\" width=\"221\">Maria Am\u00e9lia Almeida<\/td>\n<td width=\"231\">Cheesecake de frutos vermelhos<\/td>\n<\/tr>\n<tr>\n<td width=\"27\">36<\/td>\n<td width=\"231\">Brigadeiro<\/td>\n<\/tr>\n<tr>\n<td width=\"27\">37<\/td>\n<td rowspan=\"2\" width=\"221\">Patr\u00edcia Carapinha<\/td>\n<td width=\"231\">Tarte de Batata Doce e Lim\u00e3o<\/td>\n<\/tr>\n<tr>\n<td width=\"27\">38<\/td>\n<td width=\"231\">Bolo de Marmelo<\/td>\n<\/tr>\n<tr>\n<td width=\"27\">39<\/td>\n<td rowspan=\"2\" width=\"221\">Pastelaria Transmontana<\/td>\n<td width=\"231\">Manjar dos Manjares<\/td>\n<\/tr>\n<tr>\n<td width=\"27\">40<\/td>\n<td width=\"231\">Hipnose<\/td>\n<\/tr>\n<tr>\n<td width=\"27\">41<\/td>\n<td rowspan=\"2\" width=\"221\">M\u00e1rio Brites<\/td>\n<td width=\"231\">Bomba Moka<\/td>\n<\/tr>\n<tr>\n<td width=\"27\">42<\/td>\n<td width=\"231\">Biscoitos Fritos<\/td>\n<\/tr>\n<tr>\n<td width=\"27\">43<\/td>\n<td rowspan=\"2\" width=\"221\">Pastelaria Snack-Bar Sol<\/td>\n<td width=\"231\">Bolo de Am\u00eandoa<\/td>\n<\/tr>\n<tr>\n<td width=\"27\">44<\/td>\n<td width=\"231\">Azevias de gr\u00e3o e batata doce<\/td>\n<\/tr>\n<tr>\n<td width=\"27\">45<\/td>\n<td width=\"221\">Restaurante Zeppelin<\/td>\n<td width=\"231\">Tarte de Am\u00eandoa \u00e0 Zeppelin<\/td>\n<\/tr>\n<\/tbody>\n<\/table>\n<p>&nbsp;<\/p>\n<p>A mostra de Do\u00e7aria Tradicional \u2013 Concurso \u00e9 uma organiza\u00e7\u00e3o da C\u00e2mara Municipal do Barreiro<\/p>\n<p><strong>\u00a0<\/strong><strong>CMB 2014-10-06<\/strong><\/p>\n","protected":false},"excerpt":{"rendered":"<p>Na tarde do passado s\u00e1bado, no Forum Barreiro Tarte de Am\u00eandoa, do \u201cRestaurante \u201cZeppelin \u2013 na especialidade &#8220;Bolos&#8221; \u2013, Sericaia, de Ana Azevedo \u2013 &#8220;Doces de Colher&#8221; \u2013, e \u201cEstendidas\u201d, de Manuel Correia \u2013 &#8220;Fritos&#8221; \u2013, foram os vencedores da 11\u00aa Mostra de Do\u00e7aria Tradicional \u2013 Concurso, realizada na tarde de s\u00e1bado, 4 de outubro, [&hellip;]<\/p>\n","protected":false},"author":1,"featured_media":12130,"comment_status":"open","ping_status":"open","sticky":false,"template":"","format":"standard","meta":{"footnotes":""},"categories":[32,1],"tags":[41],"class_list":["post-12129","post","type-post","status-publish","format-standard","has-post-thumbnail","hentry","category-destaque","category-expo","tag-barreiro","last_archivepost"],"yoast_head":"<!-- This site is optimized with the Yoast SEO plugin v27.1.1 - https:\/\/yoast.com\/product\/yoast-seo-wordpress\/ -->\n<title>Zeppelin, Ana Azevedo e Manuel Correia vencedores da 11\u00aa Mostra de Do\u00e7aria Tradicional \u2013 Concurso - barreiroweb<\/title>\n<meta name=\"robots\" content=\"index, follow, max-snippet:-1, max-image-preview:large, max-video-preview:-1\" \/>\n<link rel=\"canonical\" href=\"https:\/\/arquivo.barreiroweb.net\/?p=12129\" \/>\n<meta property=\"og:locale\" content=\"pt_PT\" \/>\n<meta property=\"og:type\" content=\"article\" \/>\n<meta property=\"og:title\" content=\"Zeppelin, Ana Azevedo e Manuel Correia vencedores da 11\u00aa Mostra de Do\u00e7aria Tradicional \u2013 Concurso - barreiroweb\" \/>\n<meta property=\"og:description\" content=\"Na tarde do passado s\u00e1bado, no Forum Barreiro Tarte de Am\u00eandoa, do \u201cRestaurante \u201cZeppelin \u2013 na especialidade &#8220;Bolos&#8221; \u2013, Sericaia, de Ana Azevedo \u2013 &#8220;Doces de Colher&#8221; \u2013, e \u201cEstendidas\u201d, de Manuel Correia \u2013 &#8220;Fritos&#8221; \u2013, foram os vencedores da 11\u00aa Mostra de Do\u00e7aria Tradicional \u2013 Concurso, realizada na tarde de s\u00e1bado, 4 de outubro, [&hellip;]\" \/>\n<meta property=\"og:url\" content=\"https:\/\/arquivo.barreiroweb.net\/?p=12129\" \/>\n<meta property=\"og:site_name\" content=\"barreiroweb\" \/>\n<meta property=\"article:publisher\" content=\"https:\/\/www.facebook.com\/barreiroweb\" \/>\n<meta property=\"article:published_time\" content=\"2014-10-06T21:38:07+00:00\" \/>\n<meta property=\"og:image\" content=\"https:\/\/arquivo.barreiroweb.net\/wp-content\/uploads\/2014\/10\/Mostra-de-Docaria-Tradicional2014-204.jpg\" \/>\n\t<meta property=\"og:image:width\" content=\"314\" \/>\n\t<meta property=\"og:image:height\" content=\"228\" \/>\n\t<meta property=\"og:image:type\" content=\"image\/jpeg\" \/>\n<meta name=\"author\" content=\"barreiroweb\" \/>\n<meta name=\"twitter:card\" content=\"summary_large_image\" \/>\n<meta name=\"twitter:creator\" content=\"@barreiroweb\" \/>\n<meta name=\"twitter:site\" content=\"@barreiroweb\" \/>\n<meta name=\"twitter:label1\" content=\"Escrito por\" \/>\n\t<meta name=\"twitter:data1\" content=\"barreiroweb\" \/>\n\t<meta name=\"twitter:label2\" content=\"Tempo estimado de leitura\" \/>\n\t<meta name=\"twitter:data2\" content=\"2 minutos\" \/>\n<script type=\"application\/ld+json\" class=\"yoast-schema-graph\">{\"@context\":\"https:\/\/schema.org\",\"@graph\":[{\"@type\":\"Article\",\"@id\":\"https:\/\/arquivo.barreiroweb.net\/?p=12129#article\",\"isPartOf\":{\"@id\":\"https:\/\/arquivo.barreiroweb.net\/?p=12129\"},\"author\":{\"name\":\"barreiroweb\",\"@id\":\"https:\/\/arquivo.barreiroweb.net\/#\/schema\/person\/44b6d528aff975e3786c9f475f9df2dd\"},\"headline\":\"Zeppelin, Ana Azevedo e Manuel Correia vencedores da 11\u00aa Mostra de Do\u00e7aria Tradicional \u2013 Concurso\",\"datePublished\":\"2014-10-06T21:38:07+00:00\",\"mainEntityOfPage\":{\"@id\":\"https:\/\/arquivo.barreiroweb.net\/?p=12129\"},\"wordCount\":508,\"commentCount\":0,\"publisher\":{\"@id\":\"https:\/\/arquivo.barreiroweb.net\/#organization\"},\"image\":{\"@id\":\"https:\/\/arquivo.barreiroweb.net\/?p=12129#primaryimage\"},\"thumbnailUrl\":\"https:\/\/arquivo.barreiroweb.net\/wp-content\/uploads\/2014\/10\/Mostra-de-Docaria-Tradicional2014-204.jpg\",\"keywords\":[\"barreiro\"],\"articleSection\":[\"Destaque\",\"Festas e Feiras\"],\"inLanguage\":\"pt-PT\",\"potentialAction\":[{\"@type\":\"CommentAction\",\"name\":\"Comment\",\"target\":[\"https:\/\/arquivo.barreiroweb.net\/?p=12129#respond\"]}]},{\"@type\":\"WebPage\",\"@id\":\"https:\/\/arquivo.barreiroweb.net\/?p=12129\",\"url\":\"https:\/\/arquivo.barreiroweb.net\/?p=12129\",\"name\":\"Zeppelin, Ana Azevedo e Manuel Correia vencedores da 11\u00aa Mostra de Do\u00e7aria Tradicional \u2013 Concurso - barreiroweb\",\"isPartOf\":{\"@id\":\"https:\/\/arquivo.barreiroweb.net\/#website\"},\"primaryImageOfPage\":{\"@id\":\"https:\/\/arquivo.barreiroweb.net\/?p=12129#primaryimage\"},\"image\":{\"@id\":\"https:\/\/arquivo.barreiroweb.net\/?p=12129#primaryimage\"},\"thumbnailUrl\":\"https:\/\/arquivo.barreiroweb.net\/wp-content\/uploads\/2014\/10\/Mostra-de-Docaria-Tradicional2014-204.jpg\",\"datePublished\":\"2014-10-06T21:38:07+00:00\",\"breadcrumb\":{\"@id\":\"https:\/\/arquivo.barreiroweb.net\/?p=12129#breadcrumb\"},\"inLanguage\":\"pt-PT\",\"potentialAction\":[{\"@type\":\"ReadAction\",\"target\":[\"https:\/\/arquivo.barreiroweb.net\/?p=12129\"]}]},{\"@type\":\"ImageObject\",\"inLanguage\":\"pt-PT\",\"@id\":\"https:\/\/arquivo.barreiroweb.net\/?p=12129#primaryimage\",\"url\":\"https:\/\/arquivo.barreiroweb.net\/wp-content\/uploads\/2014\/10\/Mostra-de-Docaria-Tradicional2014-204.jpg\",\"contentUrl\":\"https:\/\/arquivo.barreiroweb.net\/wp-content\/uploads\/2014\/10\/Mostra-de-Docaria-Tradicional2014-204.jpg\",\"width\":314,\"height\":228},{\"@type\":\"BreadcrumbList\",\"@id\":\"https:\/\/arquivo.barreiroweb.net\/?p=12129#breadcrumb\",\"itemListElement\":[{\"@type\":\"ListItem\",\"position\":1,\"name\":\"In\u00edcio\",\"item\":\"https:\/\/arquivo.barreiroweb.net\/\"},{\"@type\":\"ListItem\",\"position\":2,\"name\":\"Zeppelin, Ana Azevedo e Manuel Correia vencedores da 11\u00aa Mostra de Do\u00e7aria Tradicional \u2013 Concurso\"}]},{\"@type\":\"WebSite\",\"@id\":\"https:\/\/arquivo.barreiroweb.net\/#website\",\"url\":\"https:\/\/arquivo.barreiroweb.net\/\",\"name\":\"barreiroweb\",\"description\":\"Barreiroweb o barreiro na web\",\"publisher\":{\"@id\":\"https:\/\/arquivo.barreiroweb.net\/#organization\"},\"potentialAction\":[{\"@type\":\"SearchAction\",\"target\":{\"@type\":\"EntryPoint\",\"urlTemplate\":\"https:\/\/arquivo.barreiroweb.net\/?s={search_term_string}\"},\"query-input\":{\"@type\":\"PropertyValueSpecification\",\"valueRequired\":true,\"valueName\":\"search_term_string\"}}],\"inLanguage\":\"pt-PT\"},{\"@type\":\"Organization\",\"@id\":\"https:\/\/arquivo.barreiroweb.net\/#organization\",\"name\":\"barreiroweb\",\"url\":\"https:\/\/arquivo.barreiroweb.net\/\",\"logo\":{\"@type\":\"ImageObject\",\"inLanguage\":\"pt-PT\",\"@id\":\"https:\/\/arquivo.barreiroweb.net\/#\/schema\/logo\/image\/\",\"url\":\"https:\/\/barreiroweb.net\/wp-content\/uploads\/2022\/05\/BarreiroWeb555.jpg\",\"contentUrl\":\"https:\/\/barreiroweb.net\/wp-content\/uploads\/2022\/05\/BarreiroWeb555.jpg\",\"width\":421,\"height\":415,\"caption\":\"barreiroweb\"},\"image\":{\"@id\":\"https:\/\/arquivo.barreiroweb.net\/#\/schema\/logo\/image\/\"},\"sameAs\":[\"https:\/\/www.facebook.com\/barreiroweb\",\"https:\/\/x.com\/barreiroweb\"]},{\"@type\":\"Person\",\"@id\":\"https:\/\/arquivo.barreiroweb.net\/#\/schema\/person\/44b6d528aff975e3786c9f475f9df2dd\",\"name\":\"barreiroweb\",\"image\":{\"@type\":\"ImageObject\",\"inLanguage\":\"pt-PT\",\"@id\":\"https:\/\/arquivo.barreiroweb.net\/#\/schema\/person\/image\/\",\"url\":\"https:\/\/secure.gravatar.com\/avatar\/1f764b917967430404ff0b452044eb63a25d64a5363b25be2aa42273930f477d?s=96&d=mm&r=g\",\"contentUrl\":\"https:\/\/secure.gravatar.com\/avatar\/1f764b917967430404ff0b452044eb63a25d64a5363b25be2aa42273930f477d?s=96&d=mm&r=g\",\"caption\":\"barreiroweb\"},\"url\":\"https:\/\/arquivo.barreiroweb.net\/?author=1\"}]}<\/script>\n<!-- \/ Yoast SEO plugin. -->","yoast_head_json":{"title":"Zeppelin, Ana Azevedo e Manuel Correia vencedores da 11\u00aa Mostra de Do\u00e7aria Tradicional \u2013 Concurso - barreiroweb","robots":{"index":"index","follow":"follow","max-snippet":"max-snippet:-1","max-image-preview":"max-image-preview:large","max-video-preview":"max-video-preview:-1"},"canonical":"https:\/\/arquivo.barreiroweb.net\/?p=12129","og_locale":"pt_PT","og_type":"article","og_title":"Zeppelin, Ana Azevedo e Manuel Correia vencedores da 11\u00aa Mostra de Do\u00e7aria Tradicional \u2013 Concurso - barreiroweb","og_description":"Na tarde do passado s\u00e1bado, no Forum Barreiro Tarte de Am\u00eandoa, do \u201cRestaurante \u201cZeppelin \u2013 na especialidade &#8220;Bolos&#8221; \u2013, Sericaia, de Ana Azevedo \u2013 &#8220;Doces de Colher&#8221; \u2013, e \u201cEstendidas\u201d, de Manuel Correia \u2013 &#8220;Fritos&#8221; \u2013, foram os vencedores da 11\u00aa Mostra de Do\u00e7aria Tradicional \u2013 Concurso, realizada na tarde de s\u00e1bado, 4 de outubro, [&hellip;]","og_url":"https:\/\/arquivo.barreiroweb.net\/?p=12129","og_site_name":"barreiroweb","article_publisher":"https:\/\/www.facebook.com\/barreiroweb","article_published_time":"2014-10-06T21:38:07+00:00","og_image":[{"width":314,"height":228,"url":"https:\/\/arquivo.barreiroweb.net\/wp-content\/uploads\/2014\/10\/Mostra-de-Docaria-Tradicional2014-204.jpg","type":"image\/jpeg"}],"author":"barreiroweb","twitter_card":"summary_large_image","twitter_creator":"@barreiroweb","twitter_site":"@barreiroweb","twitter_misc":{"Escrito por":"barreiroweb","Tempo estimado de leitura":"2 minutos"},"schema":{"@context":"https:\/\/schema.org","@graph":[{"@type":"Article","@id":"https:\/\/arquivo.barreiroweb.net\/?p=12129#article","isPartOf":{"@id":"https:\/\/arquivo.barreiroweb.net\/?p=12129"},"author":{"name":"barreiroweb","@id":"https:\/\/arquivo.barreiroweb.net\/#\/schema\/person\/44b6d528aff975e3786c9f475f9df2dd"},"headline":"Zeppelin, Ana Azevedo e Manuel Correia vencedores da 11\u00aa Mostra de Do\u00e7aria Tradicional \u2013 Concurso","datePublished":"2014-10-06T21:38:07+00:00","mainEntityOfPage":{"@id":"https:\/\/arquivo.barreiroweb.net\/?p=12129"},"wordCount":508,"commentCount":0,"publisher":{"@id":"https:\/\/arquivo.barreiroweb.net\/#organization"},"image":{"@id":"https:\/\/arquivo.barreiroweb.net\/?p=12129#primaryimage"},"thumbnailUrl":"https:\/\/arquivo.barreiroweb.net\/wp-content\/uploads\/2014\/10\/Mostra-de-Docaria-Tradicional2014-204.jpg","keywords":["barreiro"],"articleSection":["Destaque","Festas e Feiras"],"inLanguage":"pt-PT","potentialAction":[{"@type":"CommentAction","name":"Comment","target":["https:\/\/arquivo.barreiroweb.net\/?p=12129#respond"]}]},{"@type":"WebPage","@id":"https:\/\/arquivo.barreiroweb.net\/?p=12129","url":"https:\/\/arquivo.barreiroweb.net\/?p=12129","name":"Zeppelin, Ana Azevedo e Manuel Correia vencedores da 11\u00aa Mostra de Do\u00e7aria Tradicional \u2013 Concurso - barreiroweb","isPartOf":{"@id":"https:\/\/arquivo.barreiroweb.net\/#website"},"primaryImageOfPage":{"@id":"https:\/\/arquivo.barreiroweb.net\/?p=12129#primaryimage"},"image":{"@id":"https:\/\/arquivo.barreiroweb.net\/?p=12129#primaryimage"},"thumbnailUrl":"https:\/\/arquivo.barreiroweb.net\/wp-content\/uploads\/2014\/10\/Mostra-de-Docaria-Tradicional2014-204.jpg","datePublished":"2014-10-06T21:38:07+00:00","breadcrumb":{"@id":"https:\/\/arquivo.barreiroweb.net\/?p=12129#breadcrumb"},"inLanguage":"pt-PT","potentialAction":[{"@type":"ReadAction","target":["https:\/\/arquivo.barreiroweb.net\/?p=12129"]}]},{"@type":"ImageObject","inLanguage":"pt-PT","@id":"https:\/\/arquivo.barreiroweb.net\/?p=12129#primaryimage","url":"https:\/\/arquivo.barreiroweb.net\/wp-content\/uploads\/2014\/10\/Mostra-de-Docaria-Tradicional2014-204.jpg","contentUrl":"https:\/\/arquivo.barreiroweb.net\/wp-content\/uploads\/2014\/10\/Mostra-de-Docaria-Tradicional2014-204.jpg","width":314,"height":228},{"@type":"BreadcrumbList","@id":"https:\/\/arquivo.barreiroweb.net\/?p=12129#breadcrumb","itemListElement":[{"@type":"ListItem","position":1,"name":"In\u00edcio","item":"https:\/\/arquivo.barreiroweb.net\/"},{"@type":"ListItem","position":2,"name":"Zeppelin, Ana Azevedo e Manuel Correia vencedores da 11\u00aa Mostra de Do\u00e7aria Tradicional \u2013 Concurso"}]},{"@type":"WebSite","@id":"https:\/\/arquivo.barreiroweb.net\/#website","url":"https:\/\/arquivo.barreiroweb.net\/","name":"barreiroweb","description":"Barreiroweb o barreiro na web","publisher":{"@id":"https:\/\/arquivo.barreiroweb.net\/#organization"},"potentialAction":[{"@type":"SearchAction","target":{"@type":"EntryPoint","urlTemplate":"https:\/\/arquivo.barreiroweb.net\/?s={search_term_string}"},"query-input":{"@type":"PropertyValueSpecification","valueRequired":true,"valueName":"search_term_string"}}],"inLanguage":"pt-PT"},{"@type":"Organization","@id":"https:\/\/arquivo.barreiroweb.net\/#organization","name":"barreiroweb","url":"https:\/\/arquivo.barreiroweb.net\/","logo":{"@type":"ImageObject","inLanguage":"pt-PT","@id":"https:\/\/arquivo.barreiroweb.net\/#\/schema\/logo\/image\/","url":"https:\/\/barreiroweb.net\/wp-content\/uploads\/2022\/05\/BarreiroWeb555.jpg","contentUrl":"https:\/\/barreiroweb.net\/wp-content\/uploads\/2022\/05\/BarreiroWeb555.jpg","width":421,"height":415,"caption":"barreiroweb"},"image":{"@id":"https:\/\/arquivo.barreiroweb.net\/#\/schema\/logo\/image\/"},"sameAs":["https:\/\/www.facebook.com\/barreiroweb","https:\/\/x.com\/barreiroweb"]},{"@type":"Person","@id":"https:\/\/arquivo.barreiroweb.net\/#\/schema\/person\/44b6d528aff975e3786c9f475f9df2dd","name":"barreiroweb","image":{"@type":"ImageObject","inLanguage":"pt-PT","@id":"https:\/\/arquivo.barreiroweb.net\/#\/schema\/person\/image\/","url":"https:\/\/secure.gravatar.com\/avatar\/1f764b917967430404ff0b452044eb63a25d64a5363b25be2aa42273930f477d?s=96&d=mm&r=g","contentUrl":"https:\/\/secure.gravatar.com\/avatar\/1f764b917967430404ff0b452044eb63a25d64a5363b25be2aa42273930f477d?s=96&d=mm&r=g","caption":"barreiroweb"},"url":"https:\/\/arquivo.barreiroweb.net\/?author=1"}]}},"_links":{"self":[{"href":"https:\/\/arquivo.barreiroweb.net\/index.php?rest_route=\/wp\/v2\/posts\/12129","targetHints":{"allow":["GET"]}}],"collection":[{"href":"https:\/\/arquivo.barreiroweb.net\/index.php?rest_route=\/wp\/v2\/posts"}],"about":[{"href":"https:\/\/arquivo.barreiroweb.net\/index.php?rest_route=\/wp\/v2\/types\/post"}],"author":[{"embeddable":true,"href":"https:\/\/arquivo.barreiroweb.net\/index.php?rest_route=\/wp\/v2\/users\/1"}],"replies":[{"embeddable":true,"href":"https:\/\/arquivo.barreiroweb.net\/index.php?rest_route=%2Fwp%2Fv2%2Fcomments&post=12129"}],"version-history":[{"count":1,"href":"https:\/\/arquivo.barreiroweb.net\/index.php?rest_route=\/wp\/v2\/posts\/12129\/revisions"}],"predecessor-version":[{"id":12131,"href":"https:\/\/arquivo.barreiroweb.net\/index.php?rest_route=\/wp\/v2\/posts\/12129\/revisions\/12131"}],"wp:featuredmedia":[{"embeddable":true,"href":"https:\/\/arquivo.barreiroweb.net\/index.php?rest_route=\/wp\/v2\/media\/12130"}],"wp:attachment":[{"href":"https:\/\/arquivo.barreiroweb.net\/index.php?rest_route=%2Fwp%2Fv2%2Fmedia&parent=12129"}],"wp:term":[{"taxonomy":"category","embeddable":true,"href":"https:\/\/arquivo.barreiroweb.net\/index.php?rest_route=%2Fwp%2Fv2%2Fcategories&post=12129"},{"taxonomy":"post_tag","embeddable":true,"href":"https:\/\/arquivo.barreiroweb.net\/index.php?rest_route=%2Fwp%2Fv2%2Ftags&post=12129"}],"curies":[{"name":"wp","href":"https:\/\/api.w.org\/{rel}","templated":true}]}}