{"id":12069,"date":"2014-09-29T23:30:08","date_gmt":"2014-09-29T22:30:08","guid":{"rendered":"http:\/\/barreiroweb.eu\/?p=12069"},"modified":"2014-09-29T23:30:08","modified_gmt":"2014-09-29T22:30:08","slug":"forum-de-agricultura-urbana-realidades-e-projetos","status":"publish","type":"post","link":"https:\/\/arquivo.barreiroweb.net\/?p=12069","title":{"rendered":"F\u00d3RUM DE AGRICULTURA URBANA  Realidades e Projetos"},"content":{"rendered":"<p style=\"text-align: justify;\"><strong><a href=\"http:\/\/barreiroweb.eu\/wp-content\/uploads\/2014\/09\/Cartaz_forum-agricultura.jpg\" rel=\"lightbox[12069]\"><img loading=\"lazy\" decoding=\"async\" class=\"alignleft size-medium wp-image-12070\" src=\"http:\/\/barreiroweb.eu\/wp-content\/uploads\/2014\/09\/Cartaz_forum-agricultura-212x300.jpg\" alt=\"Cartaz_forum agricultura\" width=\"212\" height=\"300\" srcset=\"https:\/\/arquivo.barreiroweb.net\/wp-content\/uploads\/2014\/09\/Cartaz_forum-agricultura-212x300.jpg 212w, https:\/\/arquivo.barreiroweb.net\/wp-content\/uploads\/2014\/09\/Cartaz_forum-agricultura.jpg 222w\" sizes=\"auto, (max-width: 212px) 100vw, 212px\" \/><\/a>F\u00f3rum de Agricultura Urbana. Realidades e Projetos<\/strong><\/p>\n<p style=\"text-align: justify;\"><strong>No pr\u00f3ximo dia 13 de outubro, realizar-se-\u00e1 o <em>F\u00f3rum de Agricultura Urbana. Realidades e Projetos<\/em>, a partir das 14h30, no Mercado Municipal 1.\u00ba de Maio, na Avenida Alfredo da Silva, no Barreiro.<\/strong><\/p>\n<p style=\"text-align: justify;\">O evento tem como objetivo apresentar o <em>\u201cProjeto aHorta \u2013 Hortas no cora\u00e7\u00e3o da Cidade<\/em>\u201d, da Autarquia do Barreiro, e que se enquadra numa rede municipal de hortas urbanas, ao mesmo tempo que pretende criar um espa\u00e7o de partilha e troca de experi\u00eancias com outros munic\u00edpios, entidades e organiza\u00e7\u00f5es cujos percursos de atua\u00e7\u00e3o possam estar ligados \u00e0 reflex\u00e3o e \u00e0 implementa\u00e7\u00e3o deste tipo de projetos.<\/p>\n<p style=\"text-align: justify;\"><strong>A C\u00e2mara Municipal do Barreiro convida o vosso \u00d3rg\u00e3o de Comunica\u00e7\u00e3o Social a acompanhar este evento que ter\u00e1 o seguinte programa:<\/strong><\/p>\n<p>14h30 \u2013 Rece\u00e7\u00e3o aos Participantes<\/p>\n<p>15h00 \u2013 <strong>Sess\u00e3o de Abertura<\/strong><\/p>\n<p>Carlos Humberto de Carvalho, Presidente da C\u00e2mara Municipal do Barreiro<\/p>\n<p>Rui Lopo, Vereador do Departamento de Gest\u00e3o da Cidade da C\u00e2mara Municipal do Barreiro<\/p>\n<p>15h15 \u2013 <strong>Inser\u00e7\u00e3o da Agricultura Urbana no planeamento das cidades<\/strong><\/p>\n<p>Manuela Raposo Magalh\u00e3es<\/p>\n<p>Centro de Estudos de Arquitetura Paisagista<\/p>\n<p>Professor Francisco Caldeira Cabral &#8211; ISA<\/p>\n<p>15h35 \u2013 <strong>A experi\u00eancia do Parque Agr\u00edcola da Alta de Lisboa<\/strong><\/p>\n<p>Jorge Cancela<\/p>\n<p>AVAAL \u2013 Associa\u00e7\u00e3o de Valoriza\u00e7\u00e3o Ambiental da Alta de Lisboa<\/p>\n<p>16h15 &#8211; <strong>Horta de S\u00e3o Jo\u00e3o da Caparica<\/strong><\/p>\n<p>Catarina Freitas<\/p>\n<p>C\u00e2mara Municipal de Almada<\/p>\n<p>16h35 \u2013 <strong>O caso das Hortas de Cascais<\/strong><\/p>\n<p>Andr\u00e9 Miguel, gestor do programa das Hortas de Cascais<\/p>\n<p>C\u00e2mara Municipal de Cascais<\/p>\n<p>16h55 \u2013 <strong>Projeto aHorta \u2013 Hortas no cora\u00e7\u00e3o da cidade<\/strong><\/p>\n<p>In\u00eas Belchior \u2013 Arquiteta Paisagista na Divis\u00e3o de Planeamento, Ambiente e Mobilidade<\/p>\n<p>Patr\u00edcio Pio \u2013 Arquiteta na Divis\u00e3o de Planeamento, Ambiente e Mobilidade<\/p>\n<p>C\u00e2mara Municipal do Barreiro<\/p>\n<p>&nbsp;<\/p>\n<p>17h15 \u2013 Debate<\/p>\n<p>&nbsp;<\/p>\n<p>17h45 \u2013 <strong>Conclus\u00f5es e Encerramento da Sess\u00e3o<\/strong><\/p>\n<p>Jo\u00e3o Paulo Lopes, Chefe da Divis\u00e3o de Planeamento, Ambiente e Mobilidade<\/p>\n<p>Rui Lopo, Vereador do Departamento de Gest\u00e3o da Cidade da C\u00e2mara Municipal do Barreiro.<\/p>\n<p>&nbsp;<\/p>\n<p>Agradecemos a confirma\u00e7\u00e3o das presen\u00e7as para o telem\u00f3vel: <strong>91 105 59 73<\/strong><\/p>\n<p><strong>CMB 2014-09-25<\/strong><\/p>\n","protected":false},"excerpt":{"rendered":"<p>F\u00f3rum de Agricultura Urbana. Realidades e Projetos No pr\u00f3ximo dia 13 de outubro, realizar-se-\u00e1 o F\u00f3rum de Agricultura Urbana. Realidades e Projetos, a partir das 14h30, no Mercado Municipal 1.\u00ba de Maio, na Avenida Alfredo da Silva, no Barreiro. O evento tem como objetivo apresentar o \u201cProjeto aHorta \u2013 Hortas no cora\u00e7\u00e3o da Cidade\u201d, da [&hellip;]<\/p>\n","protected":false},"author":1,"featured_media":12070,"comment_status":"open","ping_status":"open","sticky":false,"template":"","format":"standard","meta":{"footnotes":""},"categories":[32,3],"tags":[41,613],"class_list":["post-12069","post","type-post","status-publish","format-standard","has-post-thumbnail","hentry","category-destaque","category-eventos","tag-barreiro","tag-forum-de-agricultura-urbana","last_archivepost"],"yoast_head":"<!-- This site is optimized with the Yoast SEO plugin v27.1.1 - https:\/\/yoast.com\/product\/yoast-seo-wordpress\/ -->\n<title>F\u00d3RUM DE AGRICULTURA URBANA Realidades e Projetos - barreiroweb<\/title>\n<meta name=\"robots\" content=\"index, follow, max-snippet:-1, max-image-preview:large, max-video-preview:-1\" \/>\n<link rel=\"canonical\" href=\"https:\/\/arquivo.barreiroweb.net\/?p=12069\" \/>\n<meta property=\"og:locale\" content=\"pt_PT\" \/>\n<meta property=\"og:type\" content=\"article\" \/>\n<meta property=\"og:title\" content=\"F\u00d3RUM DE AGRICULTURA URBANA Realidades e Projetos - barreiroweb\" \/>\n<meta property=\"og:description\" content=\"F\u00f3rum de Agricultura Urbana. Realidades e Projetos No pr\u00f3ximo dia 13 de outubro, realizar-se-\u00e1 o F\u00f3rum de Agricultura Urbana. Realidades e Projetos, a partir das 14h30, no Mercado Municipal 1.\u00ba de Maio, na Avenida Alfredo da Silva, no Barreiro. O evento tem como objetivo apresentar o \u201cProjeto aHorta \u2013 Hortas no cora\u00e7\u00e3o da Cidade\u201d, da [&hellip;]\" \/>\n<meta property=\"og:url\" content=\"https:\/\/arquivo.barreiroweb.net\/?p=12069\" \/>\n<meta property=\"og:site_name\" content=\"barreiroweb\" \/>\n<meta property=\"article:publisher\" content=\"https:\/\/www.facebook.com\/barreiroweb\" \/>\n<meta property=\"article:published_time\" content=\"2014-09-29T22:30:08+00:00\" \/>\n<meta property=\"og:image\" content=\"https:\/\/arquivo.barreiroweb.net\/wp-content\/uploads\/2014\/09\/Cartaz_forum-agricultura.jpg\" \/>\n\t<meta property=\"og:image:width\" content=\"222\" \/>\n\t<meta property=\"og:image:height\" content=\"314\" \/>\n\t<meta property=\"og:image:type\" content=\"image\/jpeg\" \/>\n<meta name=\"author\" content=\"barreiroweb\" \/>\n<meta name=\"twitter:card\" content=\"summary_large_image\" \/>\n<meta name=\"twitter:creator\" content=\"@barreiroweb\" \/>\n<meta name=\"twitter:site\" content=\"@barreiroweb\" \/>\n<meta name=\"twitter:label1\" content=\"Escrito por\" \/>\n\t<meta name=\"twitter:data1\" content=\"barreiroweb\" \/>\n\t<meta name=\"twitter:label2\" content=\"Tempo estimado de leitura\" \/>\n\t<meta name=\"twitter:data2\" content=\"2 minutos\" \/>\n<script type=\"application\/ld+json\" class=\"yoast-schema-graph\">{\"@context\":\"https:\/\/schema.org\",\"@graph\":[{\"@type\":\"Article\",\"@id\":\"https:\/\/arquivo.barreiroweb.net\/?p=12069#article\",\"isPartOf\":{\"@id\":\"https:\/\/arquivo.barreiroweb.net\/?p=12069\"},\"author\":{\"name\":\"barreiroweb\",\"@id\":\"https:\/\/arquivo.barreiroweb.net\/#\/schema\/person\/44b6d528aff975e3786c9f475f9df2dd\"},\"headline\":\"F\u00d3RUM DE AGRICULTURA URBANA Realidades e Projetos\",\"datePublished\":\"2014-09-29T22:30:08+00:00\",\"mainEntityOfPage\":{\"@id\":\"https:\/\/arquivo.barreiroweb.net\/?p=12069\"},\"wordCount\":363,\"commentCount\":0,\"publisher\":{\"@id\":\"https:\/\/arquivo.barreiroweb.net\/#organization\"},\"image\":{\"@id\":\"https:\/\/arquivo.barreiroweb.net\/?p=12069#primaryimage\"},\"thumbnailUrl\":\"https:\/\/arquivo.barreiroweb.net\/wp-content\/uploads\/2014\/09\/Cartaz_forum-agricultura.jpg\",\"keywords\":[\"barreiro\",\"F\u00f3rum de Agricultura Urbana\"],\"articleSection\":[\"Destaque\",\"Eventos\"],\"inLanguage\":\"pt-PT\",\"potentialAction\":[{\"@type\":\"CommentAction\",\"name\":\"Comment\",\"target\":[\"https:\/\/arquivo.barreiroweb.net\/?p=12069#respond\"]}]},{\"@type\":\"WebPage\",\"@id\":\"https:\/\/arquivo.barreiroweb.net\/?p=12069\",\"url\":\"https:\/\/arquivo.barreiroweb.net\/?p=12069\",\"name\":\"F\u00d3RUM DE AGRICULTURA URBANA Realidades e Projetos - barreiroweb\",\"isPartOf\":{\"@id\":\"https:\/\/arquivo.barreiroweb.net\/#website\"},\"primaryImageOfPage\":{\"@id\":\"https:\/\/arquivo.barreiroweb.net\/?p=12069#primaryimage\"},\"image\":{\"@id\":\"https:\/\/arquivo.barreiroweb.net\/?p=12069#primaryimage\"},\"thumbnailUrl\":\"https:\/\/arquivo.barreiroweb.net\/wp-content\/uploads\/2014\/09\/Cartaz_forum-agricultura.jpg\",\"datePublished\":\"2014-09-29T22:30:08+00:00\",\"breadcrumb\":{\"@id\":\"https:\/\/arquivo.barreiroweb.net\/?p=12069#breadcrumb\"},\"inLanguage\":\"pt-PT\",\"potentialAction\":[{\"@type\":\"ReadAction\",\"target\":[\"https:\/\/arquivo.barreiroweb.net\/?p=12069\"]}]},{\"@type\":\"ImageObject\",\"inLanguage\":\"pt-PT\",\"@id\":\"https:\/\/arquivo.barreiroweb.net\/?p=12069#primaryimage\",\"url\":\"https:\/\/arquivo.barreiroweb.net\/wp-content\/uploads\/2014\/09\/Cartaz_forum-agricultura.jpg\",\"contentUrl\":\"https:\/\/arquivo.barreiroweb.net\/wp-content\/uploads\/2014\/09\/Cartaz_forum-agricultura.jpg\",\"width\":222,\"height\":314},{\"@type\":\"BreadcrumbList\",\"@id\":\"https:\/\/arquivo.barreiroweb.net\/?p=12069#breadcrumb\",\"itemListElement\":[{\"@type\":\"ListItem\",\"position\":1,\"name\":\"In\u00edcio\",\"item\":\"https:\/\/arquivo.barreiroweb.net\/\"},{\"@type\":\"ListItem\",\"position\":2,\"name\":\"F\u00d3RUM DE AGRICULTURA URBANA Realidades e Projetos\"}]},{\"@type\":\"WebSite\",\"@id\":\"https:\/\/arquivo.barreiroweb.net\/#website\",\"url\":\"https:\/\/arquivo.barreiroweb.net\/\",\"name\":\"barreiroweb\",\"description\":\"Barreiroweb o barreiro na web\",\"publisher\":{\"@id\":\"https:\/\/arquivo.barreiroweb.net\/#organization\"},\"potentialAction\":[{\"@type\":\"SearchAction\",\"target\":{\"@type\":\"EntryPoint\",\"urlTemplate\":\"https:\/\/arquivo.barreiroweb.net\/?s={search_term_string}\"},\"query-input\":{\"@type\":\"PropertyValueSpecification\",\"valueRequired\":true,\"valueName\":\"search_term_string\"}}],\"inLanguage\":\"pt-PT\"},{\"@type\":\"Organization\",\"@id\":\"https:\/\/arquivo.barreiroweb.net\/#organization\",\"name\":\"barreiroweb\",\"url\":\"https:\/\/arquivo.barreiroweb.net\/\",\"logo\":{\"@type\":\"ImageObject\",\"inLanguage\":\"pt-PT\",\"@id\":\"https:\/\/arquivo.barreiroweb.net\/#\/schema\/logo\/image\/\",\"url\":\"https:\/\/barreiroweb.net\/wp-content\/uploads\/2022\/05\/BarreiroWeb555.jpg\",\"contentUrl\":\"https:\/\/barreiroweb.net\/wp-content\/uploads\/2022\/05\/BarreiroWeb555.jpg\",\"width\":421,\"height\":415,\"caption\":\"barreiroweb\"},\"image\":{\"@id\":\"https:\/\/arquivo.barreiroweb.net\/#\/schema\/logo\/image\/\"},\"sameAs\":[\"https:\/\/www.facebook.com\/barreiroweb\",\"https:\/\/x.com\/barreiroweb\"]},{\"@type\":\"Person\",\"@id\":\"https:\/\/arquivo.barreiroweb.net\/#\/schema\/person\/44b6d528aff975e3786c9f475f9df2dd\",\"name\":\"barreiroweb\",\"image\":{\"@type\":\"ImageObject\",\"inLanguage\":\"pt-PT\",\"@id\":\"https:\/\/arquivo.barreiroweb.net\/#\/schema\/person\/image\/\",\"url\":\"https:\/\/secure.gravatar.com\/avatar\/1f764b917967430404ff0b452044eb63a25d64a5363b25be2aa42273930f477d?s=96&d=mm&r=g\",\"contentUrl\":\"https:\/\/secure.gravatar.com\/avatar\/1f764b917967430404ff0b452044eb63a25d64a5363b25be2aa42273930f477d?s=96&d=mm&r=g\",\"caption\":\"barreiroweb\"},\"url\":\"https:\/\/arquivo.barreiroweb.net\/?author=1\"}]}<\/script>\n<!-- \/ Yoast SEO plugin. -->","yoast_head_json":{"title":"F\u00d3RUM DE AGRICULTURA URBANA Realidades e Projetos - barreiroweb","robots":{"index":"index","follow":"follow","max-snippet":"max-snippet:-1","max-image-preview":"max-image-preview:large","max-video-preview":"max-video-preview:-1"},"canonical":"https:\/\/arquivo.barreiroweb.net\/?p=12069","og_locale":"pt_PT","og_type":"article","og_title":"F\u00d3RUM DE AGRICULTURA URBANA Realidades e Projetos - barreiroweb","og_description":"F\u00f3rum de Agricultura Urbana. Realidades e Projetos No pr\u00f3ximo dia 13 de outubro, realizar-se-\u00e1 o F\u00f3rum de Agricultura Urbana. Realidades e Projetos, a partir das 14h30, no Mercado Municipal 1.\u00ba de Maio, na Avenida Alfredo da Silva, no Barreiro. O evento tem como objetivo apresentar o \u201cProjeto aHorta \u2013 Hortas no cora\u00e7\u00e3o da Cidade\u201d, da [&hellip;]","og_url":"https:\/\/arquivo.barreiroweb.net\/?p=12069","og_site_name":"barreiroweb","article_publisher":"https:\/\/www.facebook.com\/barreiroweb","article_published_time":"2014-09-29T22:30:08+00:00","og_image":[{"width":222,"height":314,"url":"https:\/\/arquivo.barreiroweb.net\/wp-content\/uploads\/2014\/09\/Cartaz_forum-agricultura.jpg","type":"image\/jpeg"}],"author":"barreiroweb","twitter_card":"summary_large_image","twitter_creator":"@barreiroweb","twitter_site":"@barreiroweb","twitter_misc":{"Escrito por":"barreiroweb","Tempo estimado de leitura":"2 minutos"},"schema":{"@context":"https:\/\/schema.org","@graph":[{"@type":"Article","@id":"https:\/\/arquivo.barreiroweb.net\/?p=12069#article","isPartOf":{"@id":"https:\/\/arquivo.barreiroweb.net\/?p=12069"},"author":{"name":"barreiroweb","@id":"https:\/\/arquivo.barreiroweb.net\/#\/schema\/person\/44b6d528aff975e3786c9f475f9df2dd"},"headline":"F\u00d3RUM DE AGRICULTURA URBANA Realidades e Projetos","datePublished":"2014-09-29T22:30:08+00:00","mainEntityOfPage":{"@id":"https:\/\/arquivo.barreiroweb.net\/?p=12069"},"wordCount":363,"commentCount":0,"publisher":{"@id":"https:\/\/arquivo.barreiroweb.net\/#organization"},"image":{"@id":"https:\/\/arquivo.barreiroweb.net\/?p=12069#primaryimage"},"thumbnailUrl":"https:\/\/arquivo.barreiroweb.net\/wp-content\/uploads\/2014\/09\/Cartaz_forum-agricultura.jpg","keywords":["barreiro","F\u00f3rum de Agricultura Urbana"],"articleSection":["Destaque","Eventos"],"inLanguage":"pt-PT","potentialAction":[{"@type":"CommentAction","name":"Comment","target":["https:\/\/arquivo.barreiroweb.net\/?p=12069#respond"]}]},{"@type":"WebPage","@id":"https:\/\/arquivo.barreiroweb.net\/?p=12069","url":"https:\/\/arquivo.barreiroweb.net\/?p=12069","name":"F\u00d3RUM DE AGRICULTURA URBANA Realidades e Projetos - barreiroweb","isPartOf":{"@id":"https:\/\/arquivo.barreiroweb.net\/#website"},"primaryImageOfPage":{"@id":"https:\/\/arquivo.barreiroweb.net\/?p=12069#primaryimage"},"image":{"@id":"https:\/\/arquivo.barreiroweb.net\/?p=12069#primaryimage"},"thumbnailUrl":"https:\/\/arquivo.barreiroweb.net\/wp-content\/uploads\/2014\/09\/Cartaz_forum-agricultura.jpg","datePublished":"2014-09-29T22:30:08+00:00","breadcrumb":{"@id":"https:\/\/arquivo.barreiroweb.net\/?p=12069#breadcrumb"},"inLanguage":"pt-PT","potentialAction":[{"@type":"ReadAction","target":["https:\/\/arquivo.barreiroweb.net\/?p=12069"]}]},{"@type":"ImageObject","inLanguage":"pt-PT","@id":"https:\/\/arquivo.barreiroweb.net\/?p=12069#primaryimage","url":"https:\/\/arquivo.barreiroweb.net\/wp-content\/uploads\/2014\/09\/Cartaz_forum-agricultura.jpg","contentUrl":"https:\/\/arquivo.barreiroweb.net\/wp-content\/uploads\/2014\/09\/Cartaz_forum-agricultura.jpg","width":222,"height":314},{"@type":"BreadcrumbList","@id":"https:\/\/arquivo.barreiroweb.net\/?p=12069#breadcrumb","itemListElement":[{"@type":"ListItem","position":1,"name":"In\u00edcio","item":"https:\/\/arquivo.barreiroweb.net\/"},{"@type":"ListItem","position":2,"name":"F\u00d3RUM DE AGRICULTURA URBANA Realidades e Projetos"}]},{"@type":"WebSite","@id":"https:\/\/arquivo.barreiroweb.net\/#website","url":"https:\/\/arquivo.barreiroweb.net\/","name":"barreiroweb","description":"Barreiroweb o barreiro na web","publisher":{"@id":"https:\/\/arquivo.barreiroweb.net\/#organization"},"potentialAction":[{"@type":"SearchAction","target":{"@type":"EntryPoint","urlTemplate":"https:\/\/arquivo.barreiroweb.net\/?s={search_term_string}"},"query-input":{"@type":"PropertyValueSpecification","valueRequired":true,"valueName":"search_term_string"}}],"inLanguage":"pt-PT"},{"@type":"Organization","@id":"https:\/\/arquivo.barreiroweb.net\/#organization","name":"barreiroweb","url":"https:\/\/arquivo.barreiroweb.net\/","logo":{"@type":"ImageObject","inLanguage":"pt-PT","@id":"https:\/\/arquivo.barreiroweb.net\/#\/schema\/logo\/image\/","url":"https:\/\/barreiroweb.net\/wp-content\/uploads\/2022\/05\/BarreiroWeb555.jpg","contentUrl":"https:\/\/barreiroweb.net\/wp-content\/uploads\/2022\/05\/BarreiroWeb555.jpg","width":421,"height":415,"caption":"barreiroweb"},"image":{"@id":"https:\/\/arquivo.barreiroweb.net\/#\/schema\/logo\/image\/"},"sameAs":["https:\/\/www.facebook.com\/barreiroweb","https:\/\/x.com\/barreiroweb"]},{"@type":"Person","@id":"https:\/\/arquivo.barreiroweb.net\/#\/schema\/person\/44b6d528aff975e3786c9f475f9df2dd","name":"barreiroweb","image":{"@type":"ImageObject","inLanguage":"pt-PT","@id":"https:\/\/arquivo.barreiroweb.net\/#\/schema\/person\/image\/","url":"https:\/\/secure.gravatar.com\/avatar\/1f764b917967430404ff0b452044eb63a25d64a5363b25be2aa42273930f477d?s=96&d=mm&r=g","contentUrl":"https:\/\/secure.gravatar.com\/avatar\/1f764b917967430404ff0b452044eb63a25d64a5363b25be2aa42273930f477d?s=96&d=mm&r=g","caption":"barreiroweb"},"url":"https:\/\/arquivo.barreiroweb.net\/?author=1"}]}},"_links":{"self":[{"href":"https:\/\/arquivo.barreiroweb.net\/index.php?rest_route=\/wp\/v2\/posts\/12069","targetHints":{"allow":["GET"]}}],"collection":[{"href":"https:\/\/arquivo.barreiroweb.net\/index.php?rest_route=\/wp\/v2\/posts"}],"about":[{"href":"https:\/\/arquivo.barreiroweb.net\/index.php?rest_route=\/wp\/v2\/types\/post"}],"author":[{"embeddable":true,"href":"https:\/\/arquivo.barreiroweb.net\/index.php?rest_route=\/wp\/v2\/users\/1"}],"replies":[{"embeddable":true,"href":"https:\/\/arquivo.barreiroweb.net\/index.php?rest_route=%2Fwp%2Fv2%2Fcomments&post=12069"}],"version-history":[{"count":1,"href":"https:\/\/arquivo.barreiroweb.net\/index.php?rest_route=\/wp\/v2\/posts\/12069\/revisions"}],"predecessor-version":[{"id":12071,"href":"https:\/\/arquivo.barreiroweb.net\/index.php?rest_route=\/wp\/v2\/posts\/12069\/revisions\/12071"}],"wp:featuredmedia":[{"embeddable":true,"href":"https:\/\/arquivo.barreiroweb.net\/index.php?rest_route=\/wp\/v2\/media\/12070"}],"wp:attachment":[{"href":"https:\/\/arquivo.barreiroweb.net\/index.php?rest_route=%2Fwp%2Fv2%2Fmedia&parent=12069"}],"wp:term":[{"taxonomy":"category","embeddable":true,"href":"https:\/\/arquivo.barreiroweb.net\/index.php?rest_route=%2Fwp%2Fv2%2Fcategories&post=12069"},{"taxonomy":"post_tag","embeddable":true,"href":"https:\/\/arquivo.barreiroweb.net\/index.php?rest_route=%2Fwp%2Fv2%2Ftags&post=12069"}],"curies":[{"name":"wp","href":"https:\/\/api.w.org\/{rel}","templated":true}]}}