{"id":12066,"date":"2014-09-29T23:26:45","date_gmt":"2014-09-29T22:26:45","guid":{"rendered":"http:\/\/barreiroweb.eu\/?p=12066"},"modified":"2014-09-29T23:26:45","modified_gmt":"2014-09-29T22:26:45","slug":"mes-da-musica-a-cidade-e-a-musica","status":"publish","type":"post","link":"https:\/\/arquivo.barreiroweb.net\/?p=12066","title":{"rendered":"M\u00eas da M\u00fasica | A Cidade e a M\u00fasica"},"content":{"rendered":"<p style=\"text-align: justify;\"><strong><a href=\"http:\/\/barreiroweb.eu\/wp-content\/uploads\/2014\/09\/banner-MES-MUSICA.jpg\" rel=\"lightbox[12066]\"><img loading=\"lazy\" decoding=\"async\" class=\"alignleft size-medium wp-image-12067\" src=\"http:\/\/barreiroweb.eu\/wp-content\/uploads\/2014\/09\/banner-MES-MUSICA-300x112.jpg\" alt=\"banner MES MUSICA\" width=\"300\" height=\"112\" srcset=\"https:\/\/arquivo.barreiroweb.net\/wp-content\/uploads\/2014\/09\/banner-MES-MUSICA-300x112.jpg 300w, https:\/\/arquivo.barreiroweb.net\/wp-content\/uploads\/2014\/09\/banner-MES-MUSICA-342x128.jpg 342w, https:\/\/arquivo.barreiroweb.net\/wp-content\/uploads\/2014\/09\/banner-MES-MUSICA.jpg 448w\" sizes=\"auto, (max-width: 300px) 100vw, 300px\" \/><\/a>O Concelho do Barreiro recebe, em outubro, o M\u00eas da M\u00fasica 2014, um projeto desenvolvido pela C\u00e2mara Municipal do Barreiro que envolve uma grande participa\u00e7\u00e3o dos agentes culturais locais ligados \u00e0 m\u00fasica, bem como das freguesias e associa\u00e7\u00f5es do Concelho. Na abertura do M\u00eas da M\u00fasica, a 1 de outubro, Dia Mundial da M\u00fasica, o Barreiro recebe, no Audit\u00f3rio Municipal Augusto Cabrita, pelas 21h30, um concerto interpretado por um dos nomes mais prometedores do panorama musical portugu\u00eas: M\u00c1RCIA.<\/strong><\/p>\n<p style=\"text-align: justify;\">\n<p style=\"text-align: justify;\">Durante este m\u00eas duas associa\u00e7\u00f5es de refer\u00eancia na \u00e1rea da m\u00fasica t\u00eam uma grande atividade. A associa\u00e7\u00e3o Out.ra organiza a 11\u00aa edi\u00e7\u00e3o do <strong>Festival Internacional de M\u00fasica Explorat\u00f3ria do Barreiro | Out.Fest<\/strong> e a associa\u00e7\u00e3o <strong>Hey Pachuco<\/strong> apresenta, no Forum Barreiro, o seu espa\u00e7o Music Room onde decorrer\u00e3o alguns showcases, entre muitas outras atividades.<\/p>\n<p style=\"text-align: justify;\">Indo do mais cl\u00e1ssico ao mais experimental, o M\u00eas da M\u00fasica contar\u00e1, na sua programa\u00e7\u00e3o, com um concerto l\u00edrico e dois concertos de \u00f3rg\u00e3o na Igreja de Nossa Senhora do Ros\u00e1rio e duas interven\u00e7\u00f5es art\u00edsticas originas com a performance de <strong>Mick Mengucci<\/strong> e <strong>Francisco X Medeiros<\/strong> e CIV \u2013 VIB, uma escultura sonora do m\u00fasico <strong>Sim\u00e3o Costa,<\/strong> com o selo Artemrede.<\/p>\n<p style=\"text-align: justify;\">\n<p style=\"text-align: justify;\">Neste ciclo, ser\u00e3o apresentados ateli\u00eas de m\u00fasica dirigidos \u00e0 comunidade educativa, espet\u00e1culos para p\u00fablico infantil, adulto e familiar, quer no Audit\u00f3rio Municipal Augusto Cabrita quer noutros espa\u00e7os, descentralizando-se assim as atividades pelo Concelho. Destacam-se as Oficinas de M\u00fasica dedicadas \u00e0 obra <strong>O Pedro e o Lobo<\/strong> nas escolas, o Ateli\u00ea <strong>H\u00e1 m\u00fasica na Floresta<\/strong> e o <strong>Workshop de Percuss\u00e3o<\/strong>.<\/p>\n<p style=\"text-align: justify;\">S\u00e3o ainda assinalados os 40 anos do 25 de Abril com dois espet\u00e1culos no Audit\u00f3rio Municipal Augusto Cabrita, um <strong>Concerto de Homenagem aos militares de Abril,<\/strong> com a Banda Municipal do Barreiro e o Coral TAB, e um concerto dedicado a <strong>Adriano Correia de Oliveira<\/strong>.<\/p>\n<p style=\"text-align: justify;\"><strong>Programa<\/strong><\/p>\n<p style=\"text-align: justify;\"><strong>Concertos<\/strong><\/p>\n<p style=\"text-align: justify;\"><strong>1 outubro<\/strong> | <strong><em>Dia Mundial da M\u00fasica<\/em><\/strong> | 21h30 | Audit\u00f3rio Municipal Augusto Cabrita<\/p>\n<p style=\"text-align: justify;\"><strong>M\u00c1RCIA <\/strong><\/p>\n<p style=\"text-align: justify;\"><strong><em>Apresenta \u201cCasulo\u201d<\/em><\/strong><\/p>\n<p style=\"text-align: justify;\"><em>&#8220;Casulo&#8221; sucede ao aclamado \u00e1lbum de estreia &#8220;D\u00e1&#8221;. Editado originalmente em novembro de 2010, &#8220;D\u00e1&#8221; teve uma nova edi\u00e7\u00e3o em novembro de 2011, na qual, ao alinhamento original, se juntou o tema &#8220;A pele que h\u00e1 em mim (quando o dia entardeceu)&#8221; em dueto com JP Sim\u00f5es. Um tema que se mant\u00e9m desde a sua edi\u00e7\u00e3o entre os mais vendidos nas plataformas digitais, que no YouTube j\u00e1 ultrapassou largamente um milh\u00e3o de visualiza\u00e7\u00f5es e que valeu a M\u00e1rcia uma nomea\u00e7\u00e3o para os Globos de Ouro.<\/em><\/p>\n<p style=\"text-align: justify;\"><em>&#8220;Casulo&#8221; promete seguir-lhe os passos com excelentes cr\u00edticas da imprensa e aceita\u00e7\u00e3o do p\u00fablico. No palco, M\u00e1rcia contar\u00e1 com a participa\u00e7\u00e3o de Filipe Monteiro (guitarras e teclados), Rui Freire (bateria), Manuel Dordio (guitarras) e David Santos (baixo). <\/em><\/p>\n<p style=\"text-align: justify;\">P\u00fablico-alvo &#8211; Maiores de 6 anos<\/p>\n<p style=\"text-align: justify;\"><strong>Ingressos<\/strong> \u2013 10,00\u20ac plateia | 7,50\u20ac frisa<\/p>\n<p style=\"text-align: justify;\"><strong>Venda de bilhetes: <\/strong><\/p>\n<p style=\"text-align: justify;\">Audit\u00f3rio Municipal Augusto Cabrita | Parque da Cidade | Barreiro | Contato: 21 214 74 10<\/p>\n<p style=\"text-align: justify;\">Posto de Turismo | Largo do Mercado 1\u00ba de Maio | Barreiro | Contato | 21 099 08 37<\/p>\n<p style=\"text-align: justify;\"><strong>5 outubro <\/strong>| 15h30 | Audit\u00f3rio Municipal Augusto Cabrita | Galeria Amarela<\/p>\n<p style=\"text-align: justify;\"><strong>Entre o 8 e o 6A &#8211; <\/strong>Concerto\/Performance\/Instala\u00e7\u00e3o<\/p>\n<p style=\"text-align: justify;\"><em>Da colabora\u00e7\u00e3o entre Mick Mengucci e Francisco X Medeiros, do LabIO &#8211; Laborat\u00f3rio de Intera\u00e7\u00e3o e Oralidade, e Miguel Amaral e Ricardo Guerreiro, artistas que ocuparam o primeiro ano de exist\u00eancia do Ateli\u00ea Municipal, nasce esta instala\u00e7\u00e3o\/performance audiovisual interativa baseada na transforma\u00e7\u00e3o em sons (sonifica\u00e7\u00e3o) das obras da exposi\u00e7\u00e3o. <\/em><\/p>\n<p style=\"text-align: justify;\"><em>Na instala\u00e7\u00e3o, as obras inclu\u00eddas na exposi\u00e7\u00e3o \u201cEntre o 8 e o 6A\u201d, foram transformadas em m\u00fasicas e sons atrav\u00e9s dum software criado pelo LabIO. <\/em><\/p>\n<p style=\"text-align: justify;\"><em>Durante a performance haver\u00e1 sonifica\u00e7\u00e3o de pintura ao vivo acompanhada por m\u00fasicos num concerto inusitado que marcar\u00e1 o encerramento da exposi\u00e7\u00e3o.<\/em><\/p>\n<p style=\"text-align: justify;\">P\u00fablico-alvo &#8211; Maiores de 12 anos<\/p>\n<p style=\"text-align: justify;\">Entrada Livre<\/p>\n<p style=\"text-align: justify;\">\n<p style=\"text-align: justify;\"><strong>5 outubro <\/strong>| 16h00 | Igreja Paroquial de Santo Ant\u00f3nio da Charneca<\/p>\n<p style=\"text-align: justify;\"><strong>Camerata Musical do Barreiro<\/strong><\/p>\n<p style=\"text-align: justify;\">P\u00fablico-alvo &#8211; Maiores de 6 anos<\/p>\n<p style=\"text-align: justify;\">Entrada Livre <strong><em>\u00a0<\/em><\/strong><\/p>\n<p style=\"text-align: justify;\"><strong>6 outubro <\/strong>| 21h30 | Igreja Nossa Senhora do Ros\u00e1rio<\/p>\n<p style=\"text-align: justify;\"><strong>Concerto de Canto e \u00d3rg\u00e3o em Honra de Nossa Senhora do Ros\u00e1rio<\/strong><\/p>\n<p style=\"text-align: justify;\">Soprano &#8211; <strong>Ana Paula Russo<\/strong><\/p>\n<p style=\"text-align: justify;\">Organista &#8211; <strong>Ant\u00f3nio Duarte<\/strong><\/p>\n<p style=\"text-align: justify;\">P\u00fablico-alvo &#8211; Maiores de 6 anos<\/p>\n<p style=\"text-align: justify;\">Entrada Livre <strong><em>\u00a0<\/em><\/strong><\/p>\n<p style=\"text-align: justify;\"><strong>10 outubro <\/strong>| 21h30 | Audit\u00f3rio da Biblioteca Municipal do Barreiro<\/p>\n<p style=\"text-align: justify;\"><strong>RECITAL &#8211; \u201cM\u00fasica em Franc\u00eas &#8211; nem sempre por Franceses\u201d <\/strong><\/p>\n<p style=\"text-align: justify;\">Bar\u00edtono &#8211;<strong> Manuel Pedro Nunes<\/strong><\/p>\n<p style=\"text-align: justify;\">Piano &#8211;<strong> Paule Grimaldi<\/strong><\/p>\n<p style=\"text-align: justify;\"><em>Neste recital, partindo de um n\u00facleo fulcral de can\u00e7\u00f5es do Romantismo Franc\u00eas &#8211; o genial ciclo &#8220;Les nuits d&#8217;\u00e9t\u00e9&#8221; de Berlioz &#8211; pretende mostrar-se a import\u00e2ncia do meio cultural parisiense para o desenvolvimento da M\u00fasica e da \u00d3pera em particular ao longo do s\u00e9c. XIX. Assim, desde o alem\u00e3o Meyerbeer, desde cedo estabelecido em Paris e voz dominante no dom\u00ednio da &#8220;Grand Op\u00e9ra&#8221; at\u00e9 \u00e0 sua morte, passando pelo franc\u00eas Massenet &#8211; que levou a tradi\u00e7\u00e3o rom\u00e2ntica, perpassada pelo verismo e naturalismo para o s\u00e9c. XX &#8211; e incluindo os famos\u00edssimos Donizetti e Verdi, que escreveram especificamente \u00f3peras em franc\u00eas para a \u00d3pera de Paris, todos os nomes do panorama musical europeu da \u00e9poca, Wagner inclu\u00eddo, procuraram o \u00eaxito na capital francesa &#8211; que equivalia a um \u00eaxito planet\u00e1rio.<\/em><\/p>\n<p style=\"text-align: justify;\">P\u00fablico-alvo &#8211; Maiores de 6 anos<\/p>\n<p style=\"text-align: justify;\">Ingressos &#8211; 8\u20ac<\/p>\n<p style=\"text-align: justify;\">Venda de bilhetes:<\/p>\n<p style=\"text-align: justify;\">&#8211; Posto de Turismo | Largo do Mercado 1\u00ba de Maio | Barreiro | Contato | 21 099 08 37<\/p>\n<p style=\"text-align: justify;\">&#8211; Audit\u00f3rio da Biblioteca Municipal do Barreiro &#8211; 30 minutos antes do in\u00edcio do Recital<\/p>\n<p style=\"text-align: justify;\"><strong>11 outubro <\/strong>| 21h00 | Igreja da Penalva<\/p>\n<p style=\"text-align: justify;\"><strong>Coro Polif\u00f3nico do Alto do Seixalinho<\/strong><\/p>\n<p style=\"text-align: justify;\">P\u00fablico-alvo &#8211; Maiores de 6 anos<\/p>\n<p style=\"text-align: justify;\">Entrada Livre <strong><em>\u00a0<\/em><\/strong><\/p>\n<p style=\"text-align: justify;\"><strong>19 outubro <\/strong>|16h00| Audit\u00f3rio Municipal Augusto Cabrita<\/p>\n<p style=\"text-align: justify;\"><strong>Banda Municipal do Barreiro e Coral TAB <\/strong><\/p>\n<p style=\"text-align: justify;\"><strong><em>\u201cConcerto de homenagem aos militares de Abril\u201d <\/em><\/strong><\/p>\n<p style=\"text-align: justify;\">A Banda Municipal do Barreiro e o Coral TAB realizam em conjunto este concerto, em que a escolha de um report\u00f3rio espec\u00edfico visa homenagear os militares de Abril.<\/p>\n<p style=\"text-align: justify;\">P\u00fablico-alvo &#8211; Maiores de 6 anos<\/p>\n<p style=\"text-align: justify;\">Ingressos &#8211; 2\u20ac<\/p>\n<p style=\"text-align: justify;\"><strong>Venda de bilhetes: <\/strong><\/p>\n<p style=\"text-align: justify;\">&#8211; Audit\u00f3rio Municipal Augusto Cabrita | Parque da Cidade | Barreiro | Contato: 21 214 74 10<\/p>\n<p style=\"text-align: justify;\">&#8211; Posto de Turismo | Largo do Mercado 1\u00ba de Maio | Barreiro | Contato | 21 099 08 37<\/p>\n<p style=\"text-align: justify;\"><strong>24 outubro <\/strong>| 21h30 | Igreja Nossa Senhora do Ros\u00e1rio<\/p>\n<p style=\"text-align: justify;\"><strong>Concerto de \u00d3rg\u00e3o<\/strong><\/p>\n<p style=\"text-align: justify;\">Organista &#8211; <strong>S\u00e9rgio Silva<\/strong><\/p>\n<p style=\"text-align: justify;\">P\u00fablico-alvo &#8211; Maiores de 6 anos<\/p>\n<p style=\"text-align: justify;\">Entrada Livre <strong><em>\u00a0<\/em><\/strong><\/p>\n<p style=\"text-align: justify;\"><strong>25 de outubro <\/strong>| 21h30 | Audit\u00f3rio Municipal Augusto Cabrita<\/p>\n<p style=\"text-align: justify;\"><strong>Cantar Adriano, Barreiro<\/strong><\/p>\n<p style=\"text-align: justify;\"><strong>Concerto de Homenagem a Adriano Correia de Oliveira<\/strong><\/p>\n<p style=\"text-align: justify;\">Artistas participantes: a anunciar oportunamente<\/p>\n<p style=\"text-align: justify;\">P\u00fablico-alvo \u2013 Maiores de 12 anos | Ingressos \u2013 2 \u20ac<\/p>\n<p style=\"text-align: justify;\"><strong>26 outubro<\/strong> | 16h30 |Retail Planet<\/p>\n<p style=\"text-align: justify;\"><strong>Banda de M\u00fasica da Uni\u00e3o Recreativa de Cultura e Desporto de Coina<\/strong><\/p>\n<p style=\"text-align: justify;\">P\u00fablico-alvo &#8211; Maiores de 3 anos<\/p>\n<p style=\"text-align: justify;\">Entrada Livre<\/p>\n<p style=\"text-align: justify;\"><strong>SERVI\u00c7O EDUCATIVO para a Comunidade Educativa<\/strong><\/p>\n<p style=\"text-align: justify;\"><strong>O Pedro e o Lobo &#8211; Oficina de M\u00fasica <\/strong>| Dirigido ao 4\u00ba ano do ensino b\u00e1sico do Concelho do Barreiro<\/p>\n<p style=\"text-align: justify;\">Projeto de <strong>Manuel Gon\u00e7alves<\/strong><\/p>\n<p style=\"text-align: justify;\"><em>\u201cPedro e o Lobo&#8221; \u00e9 uma est\u00f3ria infantil contada atrav\u00e9s da m\u00fasica. Foi composta por Sergei Prokofiev em 1936, com o objetivo pedag\u00f3gico de mostrar \u00e0s crian\u00e7as as sonoridades dos diversos instrumentos. Cada personagem da est\u00f3ria, o Pedro, o lobo, o av\u00f4, o passarinho, o pato (ou pata, em algumas vers\u00f5es), o gato e os ca\u00e7adores, \u00e9 representado por um instrumento diferente.<\/em><\/p>\n<p style=\"text-align: justify;\"><em>O objetivo desta oficina \u00e9 dar a conhecer uma orquestra sinf\u00f3nica, instrumentos de sopro, cordas e percuss\u00e3o, bem como o movimento do som na hist\u00f3ria.<\/em><\/p>\n<p style=\"text-align: justify;\"><strong>1 outubro<\/strong> | <strong><em>Dia Mundial da M\u00fasica<\/em><\/strong> | 1\u00aa sess\u00e3o 09h00 &#8211; 2\u00aa sess\u00e3o 10h45 | Tenda instalada no Parque da Cidade<\/p>\n<p style=\"text-align: justify;\"><strong>CRASSH \u2013 Workshop de Percuss\u00e3o <\/strong>| Dirigido ao 2\u00ba ciclo do ensino b\u00e1sico do Concelho do Barreiro<\/p>\n<p style=\"text-align: justify;\"><em>A incita\u00e7\u00e3o \u00e9 para todos: desmistificar a constru\u00e7\u00e3o\/execu\u00e7\u00e3o da m\u00fasica, edificando de forma l\u00fadica e informal experi\u00eancias que permitem cultivar o corpo, e a mente usando estes e outros instrumentos. Um objetivo que com variad\u00edssimas e novas experi\u00eancias \u00e9 desenvolvido em workshops cheios de ritmos.<\/em><\/p>\n<p style=\"text-align: justify;\"><em>Sem complicar e brincando aprende-se e a jogar edifica-se. Denotados pelo \u00e0-vontade e a boa disposi\u00e7\u00e3o, os workshops CRASSH s\u00e3o uma possibilidade de fazer e compor m\u00fasica em grupo atrav\u00e9s de experi\u00eancias e desafios que mexem com instrumentos ao alcance de todos.<\/em><\/p>\n<p style=\"text-align: justify;\"><em>Corpo, percuss\u00e3o, voz ou outros instrumentos, todos presentes, aprendidos e trabalhados de uma forma pr\u00e1tica em que a atividade surge associada aos sons para permitir a constru\u00e7\u00e3o de experi\u00eancias musicais. Sempre com uma linguagem informal, findam etapas de um programa bem estruturado de forma que o p\u00fablico, adultos ou crian\u00e7as, possam deter facilmente conceitos e linguagens do mundo da m\u00fasica.\u00a0<\/em><\/p>\n<p style=\"text-align: justify;\">Inscri\u00e7\u00f5es | Audit\u00f3rio Municipal Augusto Cabrita | Parque da Cidade | Barreiro | Contato: 21 214 74 10<\/p>\n<p style=\"text-align: justify;\"><strong>Multim\u00e9dia<\/strong><\/p>\n<p style=\"text-align: justify;\"><strong>11 outubro <\/strong>|16h00 | Audit\u00f3rio Municipal Augusto Cabrita<\/p>\n<p style=\"text-align: justify;\"><strong><em>CIV-VIB <\/em><\/strong>|Multidisciplinar<\/p>\n<p style=\"text-align: justify;\"><em>C_ Vib -cymatics_Vibrating Interactive Boards \u00e9 uma escultura sonora e musical do artista Sim\u00e3o Costa que explora as propriedades f\u00edsicas do som. Um instrumento musical que \u00e9 uma instala\u00e7\u00e3o sonora interativa, apresentada tamb\u00e9m em formato de concerto\/performance. Viagem de ida, e volta-e-meia, entre material e imaterial, ao inv\u00e9s de julgar o som como realidade imaterial, tocar e palpar como se de mat\u00e9ria tang\u00edvel se tratasse. <\/em><\/p>\n<p style=\"text-align: justify;\">P\u00fablico-alvo \u2013 Maiores de 6 anos<\/p>\n<p style=\"text-align: justify;\">Dura\u00e7\u00e3o \u2013 45 min<\/p>\n<p style=\"text-align: justify;\">Ingressos \u2013 2\u20ac<\/p>\n<p style=\"text-align: justify;\"><strong>Venda de bilhetes: <\/strong><\/p>\n<p style=\"text-align: justify;\">&#8211; Audit\u00f3rio Municipal Augusto Cabrita | Parque da Cidade | Barreiro | Contato: 21 214 74 10<\/p>\n<p style=\"text-align: justify;\">&#8211; Posto de Turismo | Largo do Mercado 1\u00ba de Maio | Barreiro | Contato | 21 099 08 37<\/p>\n<p style=\"text-align: justify;\"><strong>P\u00fablico infantil<\/strong><\/p>\n<p style=\"text-align: justify;\"><strong>25 outubro <\/strong>| 11h00 | Audit\u00f3rio da Biblioteca Municipal do Barreiro<\/p>\n<p style=\"text-align: justify;\"><strong><em>H\u00e1 M\u00fasica na Floresta<\/em><\/strong><\/p>\n<p style=\"text-align: justify;\"><em>Na floresta existem muitos animais, assim como \u00a0instrumentos musicais. Eles come\u00e7am o dia felizes e a cantarolar at\u00e9 que chega o Lobo Mau e&#8230;<\/em><\/p>\n<p style=\"text-align: justify;\"><em>Na primeira inf\u00e2ncia as crian\u00e7as t\u00eam um interesse especial por animais assim como pela m\u00fasica.\u00a0<\/em><\/p>\n<p style=\"text-align: justify;\"><em>\u00c9 esta uni\u00e3o perfeita que ajuda a compreender, a sensibilizar e a despertar nas crian\u00e7as \u00a0a sua pr\u00f3pria musicalidade&#8230;<\/em><\/p>\n<p style=\"text-align: justify;\">Coordenador &#8211; Paulo Cavaco<\/p>\n<p style=\"text-align: justify;\">P\u00fablico-alvo &#8211; Dos 3 aos 6 anos | Pais e filhos (um acompanhante por crian\u00e7a)<\/p>\n<p style=\"text-align: justify;\">Lota\u00e7\u00e3o &#8211; 20 crian\u00e7as<\/p>\n<p style=\"text-align: justify;\">Dura\u00e7\u00e3o<strong> &#8211;<\/strong> 30 m<\/p>\n<p style=\"text-align: justify;\">Ingressos &#8211; 2\u20ac<\/p>\n<p style=\"text-align: justify;\"><strong>Venda de bilhetes at\u00e9 dia 24 de outubro:<\/strong><\/p>\n<p style=\"text-align: justify;\">&#8211; Audit\u00f3rio Municipal Augusto Cabrita | Parque da Cidade | Barreiro | Contato: 21 214 74 10<\/p>\n<p style=\"text-align: justify;\">&#8211; Posto de Turismo | Largo do Mercado 1\u00ba de Maio | Barreiro | Contato | 21 099 08 37<\/p>\n<p style=\"text-align: justify;\"><strong>Festival OUT.FEST<\/strong><\/p>\n<p style=\"text-align: justify;\">\n<p style=\"text-align: justify;\"><strong>OUT.FEST &#8211; Festival Internacional de M\u00fasica Explorat\u00f3ria do Barreiro\u00a0 <\/strong>| 11\u00aa edi\u00e7\u00e3o | de 2 a 5 de outubro<\/p>\n<p style=\"text-align: justify;\">+ informa\u00e7\u00e3o e programa completo em: <a href=\"https:\/\/webmail.cm-barreiro.pt\/owa\/redir.aspx?C=79edaa13de9c446987bd1d424784bfaf&amp;URL=http%3a%2f%2fwww.outfest.pt\">www.outfest.pt<\/a><\/p>\n<p style=\"text-align: justify;\"><strong>Forum Barreiro Showcases<\/strong><\/p>\n<p style=\"text-align: justify;\">\n<p style=\"text-align: justify;\">Concertos s\u00e3o produzidos pela <strong>Hey, Pachuco! Associa\u00e7\u00e3o Cultural<\/strong>, apresentados pelo <strong>Forum Barreiro<\/strong>.<\/p>\n<p style=\"text-align: justify;\"><strong>3 outubro<\/strong> | 19h00 | Forum Barreiro<\/p>\n<p style=\"text-align: justify;\"><strong>D&#8217;Alva Redux<\/strong><\/p>\n<p style=\"text-align: justify;\">Entrada Livre<\/p>\n<p style=\"text-align: justify;\">\n<p style=\"text-align: justify;\"><strong>10 outubro<\/strong> | 19h00 | Forum Barreiro<\/p>\n<p style=\"text-align: justify;\"><strong>O Martim<\/strong><\/p>\n<p style=\"text-align: justify;\">\u00a0Entrada Livre<\/p>\n<p style=\"text-align: justify;\"><strong>Encontro de Grupos Corais<\/strong><\/p>\n<p style=\"text-align: justify;\"><strong>Promovido pelo GDR \u201cOs Le\u00e7as\u201d e pela Uni\u00e3o das Freguesias de Alto do Seixalinho, Santo Andr\u00e9 e Verderena<\/strong><\/p>\n<p style=\"text-align: justify;\">\u00a0<strong>11 outubro<\/strong> |\u00a016h00 |Grupo Dram\u00e1tico Recreativo \u201c<em>Os Le\u00e7as\u201d<\/em><\/p>\n<p style=\"text-align: justify;\">Grupo Coral dos Le\u00e7as | Grupo Coral e Instrumental de Santo Andr\u00e9 | Grupo Coral Alentejano \u201cOs Amigos do Barreiro\u201d | Grupo Coral ARPISA | Coro Polif\u00f3nico do Alto do Seixalinho | Grupo Coral Alentejano \u201cUnidos do Lavradio\u201d | Grupo Coral e Musical \u201cGente que Canta&#8221; | Grupo Coral &#8220;Amizade&#8221; | Grupo Coral da <em>Associa\u00e7\u00e3o<\/em> de Ac\u00e7\u00e3o <em>dos<\/em> Reformados do Barreiro | Grupo Coral e Musical \u00a0&#8220;O Norte&#8221; | Grupo coral do CRIVA | Grupo Coral &#8220;Arco Iris&#8221;<\/p>\n<p style=\"text-align: justify;\"><strong>Forma\u00e7\u00e3o &#8211; Aulas Abertas<\/strong><\/p>\n<p style=\"text-align: justify;\"><strong>Escola de M\u00fasica da Banda Municipal do Barreiro<\/strong><\/p>\n<p style=\"text-align: justify;\">Sede do Luso Futebol Clube (cave) \u2013 Rua Almirante Reis, 28 &#8211; Barreiro<\/p>\n<p style=\"text-align: justify;\">Todas as 2\u00aa feiras de outubro, entre as 17h30 e as 19h30<\/p>\n<p style=\"text-align: justify;\">Todos os s\u00e1bados de outubro, entre as 09h00 e as 11h00<\/p>\n<p style=\"text-align: justify;\">\n<p style=\"text-align: justify;\"><strong>Exposi\u00e7\u00f5es<\/strong><\/p>\n<p style=\"text-align: justify;\"><strong>Patente durante o m\u00eas de outubro<\/strong> | Audit\u00f3rio Municipal Augusto Cabrita | Piso 0 &#8211; Galeria Vermelha<\/p>\n<p style=\"text-align: justify;\"><strong>Exposi\u00e7\u00e3o de fotografia de Susana Paiva<\/strong><\/p>\n<p style=\"text-align: justify;\"><strong>What remains (a inven\u00e7\u00e3o da mem\u00f3ria)<\/strong><\/p>\n<p style=\"text-align: justify;\"><em>&#8220;What remains&#8221; \u00e9 uma alegoria que encerra o meu desejo de reinven\u00e7\u00e3o da mem\u00f3ria.<\/em><\/p>\n<p style=\"text-align: justify;\"><em>Partindo de uma partitura imagin\u00e1ria para chegar a uma partitura real, &#8220;what remains&#8221; foi criado com recurso a t\u00e9cnicas e materiais anal\u00f3gicos e digitais e processado por software de transcodifica\u00e7\u00e3o da imagem em som.<\/em><\/p>\n<p style=\"text-align: justify;\"><em>Muito embora a exposi\u00e7\u00e3o exiba apenas as imagens, e o som gerado fique reservado para apresenta\u00e7\u00f5es performativas pontuais, o objetivo \u00e9 que as imagens sejam ponto de partida de interpreta\u00e7\u00e3o n\u00e3o apenas visual mas tamb\u00e9m sonora.<\/em> \u2013 Susana Paiva<\/p>\n<p style=\"text-align: justify;\"><strong>Patente durante o m\u00eas de outubro<\/strong> | Audit\u00f3rio Municipal Augusto Cabrita<\/p>\n<p style=\"text-align: justify;\"><strong>18 outubro a 23 novembro | Audit\u00f3rio Municipal Augusto Cabrita<\/strong><\/p>\n<p style=\"text-align: justify;\"><strong>Exposi\u00e7\u00e3o de fotografia de Rita Carmo<\/strong><\/p>\n<p style=\"text-align: justify;\">Conjunto de 10 fotografias criadas no Barreiro<\/p>\n<p style=\"text-align: justify;\"><strong>Fonte: CMB\u00a0<\/strong><\/p>\n","protected":false},"excerpt":{"rendered":"<p>O Concelho do Barreiro recebe, em outubro, o M\u00eas da M\u00fasica 2014, um projeto desenvolvido pela C\u00e2mara Municipal do Barreiro que envolve uma grande participa\u00e7\u00e3o dos agentes culturais locais ligados \u00e0 m\u00fasica, bem como das freguesias e associa\u00e7\u00f5es do Concelho. Na abertura do M\u00eas da M\u00fasica, a 1 de outubro, Dia Mundial da M\u00fasica, o [&hellip;]<\/p>\n","protected":false},"author":1,"featured_media":12067,"comment_status":"open","ping_status":"open","sticky":false,"template":"","format":"standard","meta":{"footnotes":""},"categories":[32,3],"tags":[41,155],"class_list":["post-12066","post","type-post","status-publish","format-standard","has-post-thumbnail","hentry","category-destaque","category-eventos","tag-barreiro","tag-musica-2","last_archivepost"],"yoast_head":"<!-- This site is optimized with the Yoast SEO plugin v27.1.1 - https:\/\/yoast.com\/product\/yoast-seo-wordpress\/ -->\n<title>M\u00eas da M\u00fasica | A Cidade e a M\u00fasica - barreiroweb<\/title>\n<meta name=\"robots\" content=\"index, follow, max-snippet:-1, max-image-preview:large, max-video-preview:-1\" \/>\n<link rel=\"canonical\" href=\"https:\/\/arquivo.barreiroweb.net\/?p=12066\" \/>\n<meta property=\"og:locale\" content=\"pt_PT\" \/>\n<meta property=\"og:type\" content=\"article\" \/>\n<meta property=\"og:title\" content=\"M\u00eas da M\u00fasica | A Cidade e a M\u00fasica - barreiroweb\" \/>\n<meta property=\"og:description\" content=\"O Concelho do Barreiro recebe, em outubro, o M\u00eas da M\u00fasica 2014, um projeto desenvolvido pela C\u00e2mara Municipal do Barreiro que envolve uma grande participa\u00e7\u00e3o dos agentes culturais locais ligados \u00e0 m\u00fasica, bem como das freguesias e associa\u00e7\u00f5es do Concelho. Na abertura do M\u00eas da M\u00fasica, a 1 de outubro, Dia Mundial da M\u00fasica, o [&hellip;]\" \/>\n<meta property=\"og:url\" content=\"https:\/\/arquivo.barreiroweb.net\/?p=12066\" \/>\n<meta property=\"og:site_name\" content=\"barreiroweb\" \/>\n<meta property=\"article:publisher\" content=\"https:\/\/www.facebook.com\/barreiroweb\" \/>\n<meta property=\"article:published_time\" content=\"2014-09-29T22:26:45+00:00\" \/>\n<meta property=\"og:image\" content=\"https:\/\/arquivo.barreiroweb.net\/wp-content\/uploads\/2014\/09\/banner-MES-MUSICA.jpg\" \/>\n\t<meta property=\"og:image:width\" content=\"448\" \/>\n\t<meta property=\"og:image:height\" content=\"168\" \/>\n\t<meta property=\"og:image:type\" content=\"image\/jpeg\" \/>\n<meta name=\"author\" content=\"barreiroweb\" \/>\n<meta name=\"twitter:card\" content=\"summary_large_image\" \/>\n<meta name=\"twitter:creator\" content=\"@barreiroweb\" \/>\n<meta name=\"twitter:site\" content=\"@barreiroweb\" \/>\n<meta name=\"twitter:label1\" content=\"Escrito por\" \/>\n\t<meta name=\"twitter:data1\" content=\"barreiroweb\" \/>\n\t<meta name=\"twitter:label2\" content=\"Tempo estimado de leitura\" \/>\n\t<meta name=\"twitter:data2\" content=\"10 minutos\" \/>\n<script type=\"application\/ld+json\" class=\"yoast-schema-graph\">{\"@context\":\"https:\/\/schema.org\",\"@graph\":[{\"@type\":\"Article\",\"@id\":\"https:\/\/arquivo.barreiroweb.net\/?p=12066#article\",\"isPartOf\":{\"@id\":\"https:\/\/arquivo.barreiroweb.net\/?p=12066\"},\"author\":{\"name\":\"barreiroweb\",\"@id\":\"https:\/\/arquivo.barreiroweb.net\/#\/schema\/person\/44b6d528aff975e3786c9f475f9df2dd\"},\"headline\":\"M\u00eas da M\u00fasica | A Cidade e a M\u00fasica\",\"datePublished\":\"2014-09-29T22:26:45+00:00\",\"mainEntityOfPage\":{\"@id\":\"https:\/\/arquivo.barreiroweb.net\/?p=12066\"},\"wordCount\":2107,\"commentCount\":0,\"publisher\":{\"@id\":\"https:\/\/arquivo.barreiroweb.net\/#organization\"},\"image\":{\"@id\":\"https:\/\/arquivo.barreiroweb.net\/?p=12066#primaryimage\"},\"thumbnailUrl\":\"https:\/\/arquivo.barreiroweb.net\/wp-content\/uploads\/2014\/09\/banner-MES-MUSICA.jpg\",\"keywords\":[\"barreiro\",\"musica\"],\"articleSection\":[\"Destaque\",\"Eventos\"],\"inLanguage\":\"pt-PT\",\"potentialAction\":[{\"@type\":\"CommentAction\",\"name\":\"Comment\",\"target\":[\"https:\/\/arquivo.barreiroweb.net\/?p=12066#respond\"]}]},{\"@type\":\"WebPage\",\"@id\":\"https:\/\/arquivo.barreiroweb.net\/?p=12066\",\"url\":\"https:\/\/arquivo.barreiroweb.net\/?p=12066\",\"name\":\"M\u00eas da M\u00fasica | A Cidade e a M\u00fasica - barreiroweb\",\"isPartOf\":{\"@id\":\"https:\/\/arquivo.barreiroweb.net\/#website\"},\"primaryImageOfPage\":{\"@id\":\"https:\/\/arquivo.barreiroweb.net\/?p=12066#primaryimage\"},\"image\":{\"@id\":\"https:\/\/arquivo.barreiroweb.net\/?p=12066#primaryimage\"},\"thumbnailUrl\":\"https:\/\/arquivo.barreiroweb.net\/wp-content\/uploads\/2014\/09\/banner-MES-MUSICA.jpg\",\"datePublished\":\"2014-09-29T22:26:45+00:00\",\"breadcrumb\":{\"@id\":\"https:\/\/arquivo.barreiroweb.net\/?p=12066#breadcrumb\"},\"inLanguage\":\"pt-PT\",\"potentialAction\":[{\"@type\":\"ReadAction\",\"target\":[\"https:\/\/arquivo.barreiroweb.net\/?p=12066\"]}]},{\"@type\":\"ImageObject\",\"inLanguage\":\"pt-PT\",\"@id\":\"https:\/\/arquivo.barreiroweb.net\/?p=12066#primaryimage\",\"url\":\"https:\/\/arquivo.barreiroweb.net\/wp-content\/uploads\/2014\/09\/banner-MES-MUSICA.jpg\",\"contentUrl\":\"https:\/\/arquivo.barreiroweb.net\/wp-content\/uploads\/2014\/09\/banner-MES-MUSICA.jpg\",\"width\":448,\"height\":168},{\"@type\":\"BreadcrumbList\",\"@id\":\"https:\/\/arquivo.barreiroweb.net\/?p=12066#breadcrumb\",\"itemListElement\":[{\"@type\":\"ListItem\",\"position\":1,\"name\":\"In\u00edcio\",\"item\":\"https:\/\/arquivo.barreiroweb.net\/\"},{\"@type\":\"ListItem\",\"position\":2,\"name\":\"M\u00eas da M\u00fasica | A Cidade e a M\u00fasica\"}]},{\"@type\":\"WebSite\",\"@id\":\"https:\/\/arquivo.barreiroweb.net\/#website\",\"url\":\"https:\/\/arquivo.barreiroweb.net\/\",\"name\":\"barreiroweb\",\"description\":\"Barreiroweb o barreiro na web\",\"publisher\":{\"@id\":\"https:\/\/arquivo.barreiroweb.net\/#organization\"},\"potentialAction\":[{\"@type\":\"SearchAction\",\"target\":{\"@type\":\"EntryPoint\",\"urlTemplate\":\"https:\/\/arquivo.barreiroweb.net\/?s={search_term_string}\"},\"query-input\":{\"@type\":\"PropertyValueSpecification\",\"valueRequired\":true,\"valueName\":\"search_term_string\"}}],\"inLanguage\":\"pt-PT\"},{\"@type\":\"Organization\",\"@id\":\"https:\/\/arquivo.barreiroweb.net\/#organization\",\"name\":\"barreiroweb\",\"url\":\"https:\/\/arquivo.barreiroweb.net\/\",\"logo\":{\"@type\":\"ImageObject\",\"inLanguage\":\"pt-PT\",\"@id\":\"https:\/\/arquivo.barreiroweb.net\/#\/schema\/logo\/image\/\",\"url\":\"https:\/\/barreiroweb.net\/wp-content\/uploads\/2022\/05\/BarreiroWeb555.jpg\",\"contentUrl\":\"https:\/\/barreiroweb.net\/wp-content\/uploads\/2022\/05\/BarreiroWeb555.jpg\",\"width\":421,\"height\":415,\"caption\":\"barreiroweb\"},\"image\":{\"@id\":\"https:\/\/arquivo.barreiroweb.net\/#\/schema\/logo\/image\/\"},\"sameAs\":[\"https:\/\/www.facebook.com\/barreiroweb\",\"https:\/\/x.com\/barreiroweb\"]},{\"@type\":\"Person\",\"@id\":\"https:\/\/arquivo.barreiroweb.net\/#\/schema\/person\/44b6d528aff975e3786c9f475f9df2dd\",\"name\":\"barreiroweb\",\"image\":{\"@type\":\"ImageObject\",\"inLanguage\":\"pt-PT\",\"@id\":\"https:\/\/arquivo.barreiroweb.net\/#\/schema\/person\/image\/\",\"url\":\"https:\/\/secure.gravatar.com\/avatar\/1f764b917967430404ff0b452044eb63a25d64a5363b25be2aa42273930f477d?s=96&d=mm&r=g\",\"contentUrl\":\"https:\/\/secure.gravatar.com\/avatar\/1f764b917967430404ff0b452044eb63a25d64a5363b25be2aa42273930f477d?s=96&d=mm&r=g\",\"caption\":\"barreiroweb\"},\"url\":\"https:\/\/arquivo.barreiroweb.net\/?author=1\"}]}<\/script>\n<!-- \/ Yoast SEO plugin. -->","yoast_head_json":{"title":"M\u00eas da M\u00fasica | A Cidade e a M\u00fasica - barreiroweb","robots":{"index":"index","follow":"follow","max-snippet":"max-snippet:-1","max-image-preview":"max-image-preview:large","max-video-preview":"max-video-preview:-1"},"canonical":"https:\/\/arquivo.barreiroweb.net\/?p=12066","og_locale":"pt_PT","og_type":"article","og_title":"M\u00eas da M\u00fasica | A Cidade e a M\u00fasica - barreiroweb","og_description":"O Concelho do Barreiro recebe, em outubro, o M\u00eas da M\u00fasica 2014, um projeto desenvolvido pela C\u00e2mara Municipal do Barreiro que envolve uma grande participa\u00e7\u00e3o dos agentes culturais locais ligados \u00e0 m\u00fasica, bem como das freguesias e associa\u00e7\u00f5es do Concelho. Na abertura do M\u00eas da M\u00fasica, a 1 de outubro, Dia Mundial da M\u00fasica, o [&hellip;]","og_url":"https:\/\/arquivo.barreiroweb.net\/?p=12066","og_site_name":"barreiroweb","article_publisher":"https:\/\/www.facebook.com\/barreiroweb","article_published_time":"2014-09-29T22:26:45+00:00","og_image":[{"width":448,"height":168,"url":"https:\/\/arquivo.barreiroweb.net\/wp-content\/uploads\/2014\/09\/banner-MES-MUSICA.jpg","type":"image\/jpeg"}],"author":"barreiroweb","twitter_card":"summary_large_image","twitter_creator":"@barreiroweb","twitter_site":"@barreiroweb","twitter_misc":{"Escrito por":"barreiroweb","Tempo estimado de leitura":"10 minutos"},"schema":{"@context":"https:\/\/schema.org","@graph":[{"@type":"Article","@id":"https:\/\/arquivo.barreiroweb.net\/?p=12066#article","isPartOf":{"@id":"https:\/\/arquivo.barreiroweb.net\/?p=12066"},"author":{"name":"barreiroweb","@id":"https:\/\/arquivo.barreiroweb.net\/#\/schema\/person\/44b6d528aff975e3786c9f475f9df2dd"},"headline":"M\u00eas da M\u00fasica | A Cidade e a M\u00fasica","datePublished":"2014-09-29T22:26:45+00:00","mainEntityOfPage":{"@id":"https:\/\/arquivo.barreiroweb.net\/?p=12066"},"wordCount":2107,"commentCount":0,"publisher":{"@id":"https:\/\/arquivo.barreiroweb.net\/#organization"},"image":{"@id":"https:\/\/arquivo.barreiroweb.net\/?p=12066#primaryimage"},"thumbnailUrl":"https:\/\/arquivo.barreiroweb.net\/wp-content\/uploads\/2014\/09\/banner-MES-MUSICA.jpg","keywords":["barreiro","musica"],"articleSection":["Destaque","Eventos"],"inLanguage":"pt-PT","potentialAction":[{"@type":"CommentAction","name":"Comment","target":["https:\/\/arquivo.barreiroweb.net\/?p=12066#respond"]}]},{"@type":"WebPage","@id":"https:\/\/arquivo.barreiroweb.net\/?p=12066","url":"https:\/\/arquivo.barreiroweb.net\/?p=12066","name":"M\u00eas da M\u00fasica | A Cidade e a M\u00fasica - barreiroweb","isPartOf":{"@id":"https:\/\/arquivo.barreiroweb.net\/#website"},"primaryImageOfPage":{"@id":"https:\/\/arquivo.barreiroweb.net\/?p=12066#primaryimage"},"image":{"@id":"https:\/\/arquivo.barreiroweb.net\/?p=12066#primaryimage"},"thumbnailUrl":"https:\/\/arquivo.barreiroweb.net\/wp-content\/uploads\/2014\/09\/banner-MES-MUSICA.jpg","datePublished":"2014-09-29T22:26:45+00:00","breadcrumb":{"@id":"https:\/\/arquivo.barreiroweb.net\/?p=12066#breadcrumb"},"inLanguage":"pt-PT","potentialAction":[{"@type":"ReadAction","target":["https:\/\/arquivo.barreiroweb.net\/?p=12066"]}]},{"@type":"ImageObject","inLanguage":"pt-PT","@id":"https:\/\/arquivo.barreiroweb.net\/?p=12066#primaryimage","url":"https:\/\/arquivo.barreiroweb.net\/wp-content\/uploads\/2014\/09\/banner-MES-MUSICA.jpg","contentUrl":"https:\/\/arquivo.barreiroweb.net\/wp-content\/uploads\/2014\/09\/banner-MES-MUSICA.jpg","width":448,"height":168},{"@type":"BreadcrumbList","@id":"https:\/\/arquivo.barreiroweb.net\/?p=12066#breadcrumb","itemListElement":[{"@type":"ListItem","position":1,"name":"In\u00edcio","item":"https:\/\/arquivo.barreiroweb.net\/"},{"@type":"ListItem","position":2,"name":"M\u00eas da M\u00fasica | A Cidade e a M\u00fasica"}]},{"@type":"WebSite","@id":"https:\/\/arquivo.barreiroweb.net\/#website","url":"https:\/\/arquivo.barreiroweb.net\/","name":"barreiroweb","description":"Barreiroweb o barreiro na web","publisher":{"@id":"https:\/\/arquivo.barreiroweb.net\/#organization"},"potentialAction":[{"@type":"SearchAction","target":{"@type":"EntryPoint","urlTemplate":"https:\/\/arquivo.barreiroweb.net\/?s={search_term_string}"},"query-input":{"@type":"PropertyValueSpecification","valueRequired":true,"valueName":"search_term_string"}}],"inLanguage":"pt-PT"},{"@type":"Organization","@id":"https:\/\/arquivo.barreiroweb.net\/#organization","name":"barreiroweb","url":"https:\/\/arquivo.barreiroweb.net\/","logo":{"@type":"ImageObject","inLanguage":"pt-PT","@id":"https:\/\/arquivo.barreiroweb.net\/#\/schema\/logo\/image\/","url":"https:\/\/barreiroweb.net\/wp-content\/uploads\/2022\/05\/BarreiroWeb555.jpg","contentUrl":"https:\/\/barreiroweb.net\/wp-content\/uploads\/2022\/05\/BarreiroWeb555.jpg","width":421,"height":415,"caption":"barreiroweb"},"image":{"@id":"https:\/\/arquivo.barreiroweb.net\/#\/schema\/logo\/image\/"},"sameAs":["https:\/\/www.facebook.com\/barreiroweb","https:\/\/x.com\/barreiroweb"]},{"@type":"Person","@id":"https:\/\/arquivo.barreiroweb.net\/#\/schema\/person\/44b6d528aff975e3786c9f475f9df2dd","name":"barreiroweb","image":{"@type":"ImageObject","inLanguage":"pt-PT","@id":"https:\/\/arquivo.barreiroweb.net\/#\/schema\/person\/image\/","url":"https:\/\/secure.gravatar.com\/avatar\/1f764b917967430404ff0b452044eb63a25d64a5363b25be2aa42273930f477d?s=96&d=mm&r=g","contentUrl":"https:\/\/secure.gravatar.com\/avatar\/1f764b917967430404ff0b452044eb63a25d64a5363b25be2aa42273930f477d?s=96&d=mm&r=g","caption":"barreiroweb"},"url":"https:\/\/arquivo.barreiroweb.net\/?author=1"}]}},"_links":{"self":[{"href":"https:\/\/arquivo.barreiroweb.net\/index.php?rest_route=\/wp\/v2\/posts\/12066","targetHints":{"allow":["GET"]}}],"collection":[{"href":"https:\/\/arquivo.barreiroweb.net\/index.php?rest_route=\/wp\/v2\/posts"}],"about":[{"href":"https:\/\/arquivo.barreiroweb.net\/index.php?rest_route=\/wp\/v2\/types\/post"}],"author":[{"embeddable":true,"href":"https:\/\/arquivo.barreiroweb.net\/index.php?rest_route=\/wp\/v2\/users\/1"}],"replies":[{"embeddable":true,"href":"https:\/\/arquivo.barreiroweb.net\/index.php?rest_route=%2Fwp%2Fv2%2Fcomments&post=12066"}],"version-history":[{"count":1,"href":"https:\/\/arquivo.barreiroweb.net\/index.php?rest_route=\/wp\/v2\/posts\/12066\/revisions"}],"predecessor-version":[{"id":12068,"href":"https:\/\/arquivo.barreiroweb.net\/index.php?rest_route=\/wp\/v2\/posts\/12066\/revisions\/12068"}],"wp:featuredmedia":[{"embeddable":true,"href":"https:\/\/arquivo.barreiroweb.net\/index.php?rest_route=\/wp\/v2\/media\/12067"}],"wp:attachment":[{"href":"https:\/\/arquivo.barreiroweb.net\/index.php?rest_route=%2Fwp%2Fv2%2Fmedia&parent=12066"}],"wp:term":[{"taxonomy":"category","embeddable":true,"href":"https:\/\/arquivo.barreiroweb.net\/index.php?rest_route=%2Fwp%2Fv2%2Fcategories&post=12066"},{"taxonomy":"post_tag","embeddable":true,"href":"https:\/\/arquivo.barreiroweb.net\/index.php?rest_route=%2Fwp%2Fv2%2Ftags&post=12066"}],"curies":[{"name":"wp","href":"https:\/\/api.w.org\/{rel}","templated":true}]}}