{"id":12057,"date":"2014-09-28T23:22:38","date_gmt":"2014-09-28T22:22:38","guid":{"rendered":"http:\/\/barreiroweb.eu\/?p=12057"},"modified":"2014-09-28T23:22:38","modified_gmt":"2014-09-28T22:22:38","slug":"grupo-recreativo-e-desportivo-de-palhais-comemora-o-5-de-outubro-com-uma-exposicao","status":"publish","type":"post","link":"https:\/\/arquivo.barreiroweb.net\/?p=12057","title":{"rendered":"Grupo Recreativo e Desportivo de Palhais, comemora o 5 de Outubro com uma exposi\u00e7\u00e3o"},"content":{"rendered":"<p style=\"text-align: justify;\"><a href=\"http:\/\/barreiroweb.eu\/wp-content\/uploads\/2014\/09\/cartaz-palhais.jpg\" rel=\"lightbox[12057]\"><img loading=\"lazy\" decoding=\"async\" class=\"alignleft size-full wp-image-12058\" src=\"http:\/\/barreiroweb.eu\/wp-content\/uploads\/2014\/09\/cartaz-palhais.jpg\" alt=\"cartaz palhais\" width=\"317\" height=\"448\" srcset=\"https:\/\/arquivo.barreiroweb.net\/wp-content\/uploads\/2014\/09\/cartaz-palhais.jpg 317w, https:\/\/arquivo.barreiroweb.net\/wp-content\/uploads\/2014\/09\/cartaz-palhais-212x300.jpg 212w, https:\/\/arquivo.barreiroweb.net\/wp-content\/uploads\/2014\/09\/cartaz-palhais-300x423.jpg 300w\" sizes=\"auto, (max-width: 317px) 100vw, 317px\" \/><\/a><strong>Assinalando a Revolu\u00e7\u00e3o Republicana, Grupo Recreativo e Desportivo de Palhais, comemora o 5 de Outubro com uma exposi\u00e7\u00e3o \u201cO Barreiro e a Revolu\u00e7\u00e3o Republicana\u201d. \u00a0exposi\u00e7\u00e3o que decorrem entre os dias 3, 4 e 5 de Outubro e visam contribuir para um conhecimento mais profundo da nossa hist\u00f3ria contempor\u00e2nea, certos de que quanto melhor conhecermos o passado, melhor enfrentamos\u00a0 no presente, as m\u00faltiplas crises que nos afectam, com os olhos postos num futuro mais justo.<\/strong><\/p>\n<p style=\"text-align: justify;\">A exposi\u00e7\u00e3o com inaugura\u00e7\u00e3o prevista no 03 de Outubro pelas 21 horas\u00a0e prolonga-se durante o fim-de-semana.<\/p>\n<p style=\"text-align: justify;\"><strong>dia 3\/10<\/strong><\/p>\n<p style=\"text-align: justify;\">-21horas \u00e1s 22:30h &#8211; inaugura\u00e7\u00e3o\/abertura<\/p>\n<p style=\"text-align: justify;\"><strong>dia 4\/10<\/strong><\/p>\n<p style=\"text-align: justify;\">-14h \u00e0s 18h &#8211; Abertura ao publico.<\/p>\n<p style=\"text-align: justify;\">-21h \u00e0s 22:30h &#8211; Abertura ao publico.<\/p>\n<p style=\"text-align: justify;\"><strong>dia 5\/10<\/strong><\/p>\n<p style=\"text-align: justify;\">&#8211; 14h \u00e0s 18h- Abertura ao publico<\/p>\n","protected":false},"excerpt":{"rendered":"<p>Assinalando a Revolu\u00e7\u00e3o Republicana, Grupo Recreativo e Desportivo de Palhais, comemora o 5 de Outubro com uma exposi\u00e7\u00e3o \u201cO Barreiro e a Revolu\u00e7\u00e3o Republicana\u201d. \u00a0exposi\u00e7\u00e3o que decorrem entre os dias 3, 4 e 5 de Outubro e visam contribuir para um conhecimento mais profundo da nossa hist\u00f3ria contempor\u00e2nea, certos de que quanto melhor conhecermos o [&hellip;]<\/p>\n","protected":false},"author":1,"featured_media":12058,"comment_status":"open","ping_status":"open","sticky":false,"template":"","format":"standard","meta":{"footnotes":""},"categories":[32,1],"tags":[41,591],"class_list":["post-12057","post","type-post","status-publish","format-standard","has-post-thumbnail","hentry","category-destaque","category-expo","tag-barreiro","tag-gdrp","last_archivepost"],"yoast_head":"<!-- This site is optimized with the Yoast SEO plugin v27.1.1 - https:\/\/yoast.com\/product\/yoast-seo-wordpress\/ -->\n<title>Grupo Recreativo e Desportivo de Palhais, comemora o 5 de Outubro com uma exposi\u00e7\u00e3o - barreiroweb<\/title>\n<meta name=\"robots\" content=\"index, follow, max-snippet:-1, max-image-preview:large, max-video-preview:-1\" \/>\n<link rel=\"canonical\" href=\"https:\/\/arquivo.barreiroweb.net\/?p=12057\" \/>\n<meta property=\"og:locale\" content=\"pt_PT\" \/>\n<meta property=\"og:type\" content=\"article\" \/>\n<meta property=\"og:title\" content=\"Grupo Recreativo e Desportivo de Palhais, comemora o 5 de Outubro com uma exposi\u00e7\u00e3o - barreiroweb\" \/>\n<meta property=\"og:description\" content=\"Assinalando a Revolu\u00e7\u00e3o Republicana, Grupo Recreativo e Desportivo de Palhais, comemora o 5 de Outubro com uma exposi\u00e7\u00e3o \u201cO Barreiro e a Revolu\u00e7\u00e3o Republicana\u201d. \u00a0exposi\u00e7\u00e3o que decorrem entre os dias 3, 4 e 5 de Outubro e visam contribuir para um conhecimento mais profundo da nossa hist\u00f3ria contempor\u00e2nea, certos de que quanto melhor conhecermos o [&hellip;]\" \/>\n<meta property=\"og:url\" content=\"https:\/\/arquivo.barreiroweb.net\/?p=12057\" \/>\n<meta property=\"og:site_name\" content=\"barreiroweb\" \/>\n<meta property=\"article:publisher\" content=\"https:\/\/www.facebook.com\/barreiroweb\" \/>\n<meta property=\"article:published_time\" content=\"2014-09-28T22:22:38+00:00\" \/>\n<meta property=\"og:image\" content=\"https:\/\/arquivo.barreiroweb.net\/wp-content\/uploads\/2014\/09\/cartaz-palhais.jpg\" \/>\n\t<meta property=\"og:image:width\" content=\"317\" \/>\n\t<meta property=\"og:image:height\" content=\"448\" \/>\n\t<meta property=\"og:image:type\" content=\"image\/jpeg\" \/>\n<meta name=\"author\" content=\"barreiroweb\" \/>\n<meta name=\"twitter:card\" content=\"summary_large_image\" \/>\n<meta name=\"twitter:creator\" content=\"@barreiroweb\" \/>\n<meta name=\"twitter:site\" content=\"@barreiroweb\" \/>\n<meta name=\"twitter:label1\" content=\"Escrito por\" \/>\n\t<meta name=\"twitter:data1\" content=\"barreiroweb\" \/>\n\t<meta name=\"twitter:label2\" content=\"Tempo estimado de leitura\" \/>\n\t<meta name=\"twitter:data2\" content=\"1 minuto\" \/>\n<script type=\"application\/ld+json\" class=\"yoast-schema-graph\">{\"@context\":\"https:\/\/schema.org\",\"@graph\":[{\"@type\":\"Article\",\"@id\":\"https:\/\/arquivo.barreiroweb.net\/?p=12057#article\",\"isPartOf\":{\"@id\":\"https:\/\/arquivo.barreiroweb.net\/?p=12057\"},\"author\":{\"name\":\"barreiroweb\",\"@id\":\"https:\/\/arquivo.barreiroweb.net\/#\/schema\/person\/44b6d528aff975e3786c9f475f9df2dd\"},\"headline\":\"Grupo Recreativo e Desportivo de Palhais, comemora o 5 de Outubro com uma exposi\u00e7\u00e3o\",\"datePublished\":\"2014-09-28T22:22:38+00:00\",\"mainEntityOfPage\":{\"@id\":\"https:\/\/arquivo.barreiroweb.net\/?p=12057\"},\"wordCount\":142,\"commentCount\":0,\"publisher\":{\"@id\":\"https:\/\/arquivo.barreiroweb.net\/#organization\"},\"image\":{\"@id\":\"https:\/\/arquivo.barreiroweb.net\/?p=12057#primaryimage\"},\"thumbnailUrl\":\"https:\/\/arquivo.barreiroweb.net\/wp-content\/uploads\/2014\/09\/cartaz-palhais.jpg\",\"keywords\":[\"barreiro\",\"gdrp\"],\"articleSection\":[\"Destaque\",\"Festas e Feiras\"],\"inLanguage\":\"pt-PT\",\"potentialAction\":[{\"@type\":\"CommentAction\",\"name\":\"Comment\",\"target\":[\"https:\/\/arquivo.barreiroweb.net\/?p=12057#respond\"]}]},{\"@type\":\"WebPage\",\"@id\":\"https:\/\/arquivo.barreiroweb.net\/?p=12057\",\"url\":\"https:\/\/arquivo.barreiroweb.net\/?p=12057\",\"name\":\"Grupo Recreativo e Desportivo de Palhais, comemora o 5 de Outubro com uma exposi\u00e7\u00e3o - barreiroweb\",\"isPartOf\":{\"@id\":\"https:\/\/arquivo.barreiroweb.net\/#website\"},\"primaryImageOfPage\":{\"@id\":\"https:\/\/arquivo.barreiroweb.net\/?p=12057#primaryimage\"},\"image\":{\"@id\":\"https:\/\/arquivo.barreiroweb.net\/?p=12057#primaryimage\"},\"thumbnailUrl\":\"https:\/\/arquivo.barreiroweb.net\/wp-content\/uploads\/2014\/09\/cartaz-palhais.jpg\",\"datePublished\":\"2014-09-28T22:22:38+00:00\",\"breadcrumb\":{\"@id\":\"https:\/\/arquivo.barreiroweb.net\/?p=12057#breadcrumb\"},\"inLanguage\":\"pt-PT\",\"potentialAction\":[{\"@type\":\"ReadAction\",\"target\":[\"https:\/\/arquivo.barreiroweb.net\/?p=12057\"]}]},{\"@type\":\"ImageObject\",\"inLanguage\":\"pt-PT\",\"@id\":\"https:\/\/arquivo.barreiroweb.net\/?p=12057#primaryimage\",\"url\":\"https:\/\/arquivo.barreiroweb.net\/wp-content\/uploads\/2014\/09\/cartaz-palhais.jpg\",\"contentUrl\":\"https:\/\/arquivo.barreiroweb.net\/wp-content\/uploads\/2014\/09\/cartaz-palhais.jpg\",\"width\":317,\"height\":448},{\"@type\":\"BreadcrumbList\",\"@id\":\"https:\/\/arquivo.barreiroweb.net\/?p=12057#breadcrumb\",\"itemListElement\":[{\"@type\":\"ListItem\",\"position\":1,\"name\":\"In\u00edcio\",\"item\":\"https:\/\/arquivo.barreiroweb.net\/\"},{\"@type\":\"ListItem\",\"position\":2,\"name\":\"Grupo Recreativo e Desportivo de Palhais, comemora o 5 de Outubro com uma exposi\u00e7\u00e3o\"}]},{\"@type\":\"WebSite\",\"@id\":\"https:\/\/arquivo.barreiroweb.net\/#website\",\"url\":\"https:\/\/arquivo.barreiroweb.net\/\",\"name\":\"barreiroweb\",\"description\":\"Barreiroweb o barreiro na web\",\"publisher\":{\"@id\":\"https:\/\/arquivo.barreiroweb.net\/#organization\"},\"potentialAction\":[{\"@type\":\"SearchAction\",\"target\":{\"@type\":\"EntryPoint\",\"urlTemplate\":\"https:\/\/arquivo.barreiroweb.net\/?s={search_term_string}\"},\"query-input\":{\"@type\":\"PropertyValueSpecification\",\"valueRequired\":true,\"valueName\":\"search_term_string\"}}],\"inLanguage\":\"pt-PT\"},{\"@type\":\"Organization\",\"@id\":\"https:\/\/arquivo.barreiroweb.net\/#organization\",\"name\":\"barreiroweb\",\"url\":\"https:\/\/arquivo.barreiroweb.net\/\",\"logo\":{\"@type\":\"ImageObject\",\"inLanguage\":\"pt-PT\",\"@id\":\"https:\/\/arquivo.barreiroweb.net\/#\/schema\/logo\/image\/\",\"url\":\"https:\/\/barreiroweb.net\/wp-content\/uploads\/2022\/05\/BarreiroWeb555.jpg\",\"contentUrl\":\"https:\/\/barreiroweb.net\/wp-content\/uploads\/2022\/05\/BarreiroWeb555.jpg\",\"width\":421,\"height\":415,\"caption\":\"barreiroweb\"},\"image\":{\"@id\":\"https:\/\/arquivo.barreiroweb.net\/#\/schema\/logo\/image\/\"},\"sameAs\":[\"https:\/\/www.facebook.com\/barreiroweb\",\"https:\/\/x.com\/barreiroweb\"]},{\"@type\":\"Person\",\"@id\":\"https:\/\/arquivo.barreiroweb.net\/#\/schema\/person\/44b6d528aff975e3786c9f475f9df2dd\",\"name\":\"barreiroweb\",\"image\":{\"@type\":\"ImageObject\",\"inLanguage\":\"pt-PT\",\"@id\":\"https:\/\/arquivo.barreiroweb.net\/#\/schema\/person\/image\/\",\"url\":\"https:\/\/secure.gravatar.com\/avatar\/1f764b917967430404ff0b452044eb63a25d64a5363b25be2aa42273930f477d?s=96&d=mm&r=g\",\"contentUrl\":\"https:\/\/secure.gravatar.com\/avatar\/1f764b917967430404ff0b452044eb63a25d64a5363b25be2aa42273930f477d?s=96&d=mm&r=g\",\"caption\":\"barreiroweb\"},\"url\":\"https:\/\/arquivo.barreiroweb.net\/?author=1\"}]}<\/script>\n<!-- \/ Yoast SEO plugin. -->","yoast_head_json":{"title":"Grupo Recreativo e Desportivo de Palhais, comemora o 5 de Outubro com uma exposi\u00e7\u00e3o - barreiroweb","robots":{"index":"index","follow":"follow","max-snippet":"max-snippet:-1","max-image-preview":"max-image-preview:large","max-video-preview":"max-video-preview:-1"},"canonical":"https:\/\/arquivo.barreiroweb.net\/?p=12057","og_locale":"pt_PT","og_type":"article","og_title":"Grupo Recreativo e Desportivo de Palhais, comemora o 5 de Outubro com uma exposi\u00e7\u00e3o - barreiroweb","og_description":"Assinalando a Revolu\u00e7\u00e3o Republicana, Grupo Recreativo e Desportivo de Palhais, comemora o 5 de Outubro com uma exposi\u00e7\u00e3o \u201cO Barreiro e a Revolu\u00e7\u00e3o Republicana\u201d. \u00a0exposi\u00e7\u00e3o que decorrem entre os dias 3, 4 e 5 de Outubro e visam contribuir para um conhecimento mais profundo da nossa hist\u00f3ria contempor\u00e2nea, certos de que quanto melhor conhecermos o [&hellip;]","og_url":"https:\/\/arquivo.barreiroweb.net\/?p=12057","og_site_name":"barreiroweb","article_publisher":"https:\/\/www.facebook.com\/barreiroweb","article_published_time":"2014-09-28T22:22:38+00:00","og_image":[{"width":317,"height":448,"url":"https:\/\/arquivo.barreiroweb.net\/wp-content\/uploads\/2014\/09\/cartaz-palhais.jpg","type":"image\/jpeg"}],"author":"barreiroweb","twitter_card":"summary_large_image","twitter_creator":"@barreiroweb","twitter_site":"@barreiroweb","twitter_misc":{"Escrito por":"barreiroweb","Tempo estimado de leitura":"1 minuto"},"schema":{"@context":"https:\/\/schema.org","@graph":[{"@type":"Article","@id":"https:\/\/arquivo.barreiroweb.net\/?p=12057#article","isPartOf":{"@id":"https:\/\/arquivo.barreiroweb.net\/?p=12057"},"author":{"name":"barreiroweb","@id":"https:\/\/arquivo.barreiroweb.net\/#\/schema\/person\/44b6d528aff975e3786c9f475f9df2dd"},"headline":"Grupo Recreativo e Desportivo de Palhais, comemora o 5 de Outubro com uma exposi\u00e7\u00e3o","datePublished":"2014-09-28T22:22:38+00:00","mainEntityOfPage":{"@id":"https:\/\/arquivo.barreiroweb.net\/?p=12057"},"wordCount":142,"commentCount":0,"publisher":{"@id":"https:\/\/arquivo.barreiroweb.net\/#organization"},"image":{"@id":"https:\/\/arquivo.barreiroweb.net\/?p=12057#primaryimage"},"thumbnailUrl":"https:\/\/arquivo.barreiroweb.net\/wp-content\/uploads\/2014\/09\/cartaz-palhais.jpg","keywords":["barreiro","gdrp"],"articleSection":["Destaque","Festas e Feiras"],"inLanguage":"pt-PT","potentialAction":[{"@type":"CommentAction","name":"Comment","target":["https:\/\/arquivo.barreiroweb.net\/?p=12057#respond"]}]},{"@type":"WebPage","@id":"https:\/\/arquivo.barreiroweb.net\/?p=12057","url":"https:\/\/arquivo.barreiroweb.net\/?p=12057","name":"Grupo Recreativo e Desportivo de Palhais, comemora o 5 de Outubro com uma exposi\u00e7\u00e3o - barreiroweb","isPartOf":{"@id":"https:\/\/arquivo.barreiroweb.net\/#website"},"primaryImageOfPage":{"@id":"https:\/\/arquivo.barreiroweb.net\/?p=12057#primaryimage"},"image":{"@id":"https:\/\/arquivo.barreiroweb.net\/?p=12057#primaryimage"},"thumbnailUrl":"https:\/\/arquivo.barreiroweb.net\/wp-content\/uploads\/2014\/09\/cartaz-palhais.jpg","datePublished":"2014-09-28T22:22:38+00:00","breadcrumb":{"@id":"https:\/\/arquivo.barreiroweb.net\/?p=12057#breadcrumb"},"inLanguage":"pt-PT","potentialAction":[{"@type":"ReadAction","target":["https:\/\/arquivo.barreiroweb.net\/?p=12057"]}]},{"@type":"ImageObject","inLanguage":"pt-PT","@id":"https:\/\/arquivo.barreiroweb.net\/?p=12057#primaryimage","url":"https:\/\/arquivo.barreiroweb.net\/wp-content\/uploads\/2014\/09\/cartaz-palhais.jpg","contentUrl":"https:\/\/arquivo.barreiroweb.net\/wp-content\/uploads\/2014\/09\/cartaz-palhais.jpg","width":317,"height":448},{"@type":"BreadcrumbList","@id":"https:\/\/arquivo.barreiroweb.net\/?p=12057#breadcrumb","itemListElement":[{"@type":"ListItem","position":1,"name":"In\u00edcio","item":"https:\/\/arquivo.barreiroweb.net\/"},{"@type":"ListItem","position":2,"name":"Grupo Recreativo e Desportivo de Palhais, comemora o 5 de Outubro com uma exposi\u00e7\u00e3o"}]},{"@type":"WebSite","@id":"https:\/\/arquivo.barreiroweb.net\/#website","url":"https:\/\/arquivo.barreiroweb.net\/","name":"barreiroweb","description":"Barreiroweb o barreiro na web","publisher":{"@id":"https:\/\/arquivo.barreiroweb.net\/#organization"},"potentialAction":[{"@type":"SearchAction","target":{"@type":"EntryPoint","urlTemplate":"https:\/\/arquivo.barreiroweb.net\/?s={search_term_string}"},"query-input":{"@type":"PropertyValueSpecification","valueRequired":true,"valueName":"search_term_string"}}],"inLanguage":"pt-PT"},{"@type":"Organization","@id":"https:\/\/arquivo.barreiroweb.net\/#organization","name":"barreiroweb","url":"https:\/\/arquivo.barreiroweb.net\/","logo":{"@type":"ImageObject","inLanguage":"pt-PT","@id":"https:\/\/arquivo.barreiroweb.net\/#\/schema\/logo\/image\/","url":"https:\/\/barreiroweb.net\/wp-content\/uploads\/2022\/05\/BarreiroWeb555.jpg","contentUrl":"https:\/\/barreiroweb.net\/wp-content\/uploads\/2022\/05\/BarreiroWeb555.jpg","width":421,"height":415,"caption":"barreiroweb"},"image":{"@id":"https:\/\/arquivo.barreiroweb.net\/#\/schema\/logo\/image\/"},"sameAs":["https:\/\/www.facebook.com\/barreiroweb","https:\/\/x.com\/barreiroweb"]},{"@type":"Person","@id":"https:\/\/arquivo.barreiroweb.net\/#\/schema\/person\/44b6d528aff975e3786c9f475f9df2dd","name":"barreiroweb","image":{"@type":"ImageObject","inLanguage":"pt-PT","@id":"https:\/\/arquivo.barreiroweb.net\/#\/schema\/person\/image\/","url":"https:\/\/secure.gravatar.com\/avatar\/1f764b917967430404ff0b452044eb63a25d64a5363b25be2aa42273930f477d?s=96&d=mm&r=g","contentUrl":"https:\/\/secure.gravatar.com\/avatar\/1f764b917967430404ff0b452044eb63a25d64a5363b25be2aa42273930f477d?s=96&d=mm&r=g","caption":"barreiroweb"},"url":"https:\/\/arquivo.barreiroweb.net\/?author=1"}]}},"_links":{"self":[{"href":"https:\/\/arquivo.barreiroweb.net\/index.php?rest_route=\/wp\/v2\/posts\/12057","targetHints":{"allow":["GET"]}}],"collection":[{"href":"https:\/\/arquivo.barreiroweb.net\/index.php?rest_route=\/wp\/v2\/posts"}],"about":[{"href":"https:\/\/arquivo.barreiroweb.net\/index.php?rest_route=\/wp\/v2\/types\/post"}],"author":[{"embeddable":true,"href":"https:\/\/arquivo.barreiroweb.net\/index.php?rest_route=\/wp\/v2\/users\/1"}],"replies":[{"embeddable":true,"href":"https:\/\/arquivo.barreiroweb.net\/index.php?rest_route=%2Fwp%2Fv2%2Fcomments&post=12057"}],"version-history":[{"count":1,"href":"https:\/\/arquivo.barreiroweb.net\/index.php?rest_route=\/wp\/v2\/posts\/12057\/revisions"}],"predecessor-version":[{"id":12059,"href":"https:\/\/arquivo.barreiroweb.net\/index.php?rest_route=\/wp\/v2\/posts\/12057\/revisions\/12059"}],"wp:featuredmedia":[{"embeddable":true,"href":"https:\/\/arquivo.barreiroweb.net\/index.php?rest_route=\/wp\/v2\/media\/12058"}],"wp:attachment":[{"href":"https:\/\/arquivo.barreiroweb.net\/index.php?rest_route=%2Fwp%2Fv2%2Fmedia&parent=12057"}],"wp:term":[{"taxonomy":"category","embeddable":true,"href":"https:\/\/arquivo.barreiroweb.net\/index.php?rest_route=%2Fwp%2Fv2%2Fcategories&post=12057"},{"taxonomy":"post_tag","embeddable":true,"href":"https:\/\/arquivo.barreiroweb.net\/index.php?rest_route=%2Fwp%2Fv2%2Ftags&post=12057"}],"curies":[{"name":"wp","href":"https:\/\/api.w.org\/{rel}","templated":true}]}}