{"id":11984,"date":"2014-09-16T22:11:34","date_gmt":"2014-09-16T21:11:34","guid":{"rendered":"http:\/\/barreiroweb.eu\/?p=11984"},"modified":"2014-09-16T22:11:34","modified_gmt":"2014-09-16T21:11:34","slug":"gala-do-lenco-douro-4-outubro-20h00","status":"publish","type":"post","link":"https:\/\/arquivo.barreiroweb.net\/?p=11984","title":{"rendered":"GALA DO LEN\u00c7O D\u2019OURO | 4 OUTUBRO | 20H00"},"content":{"rendered":"<p style=\"text-align: justify;\"><strong><a href=\"http:\/\/barreiroweb.eu\/wp-content\/uploads\/2014\/09\/escuteiros1011.jpg\" rel=\"lightbox[11984]\"><img loading=\"lazy\" decoding=\"async\" class=\"alignleft size-thumbnail wp-image-11985\" src=\"http:\/\/barreiroweb.eu\/wp-content\/uploads\/2014\/09\/escuteiros1011-150x150.jpg\" alt=\"escuteiros1011\" width=\"150\" height=\"150\" srcset=\"https:\/\/arquivo.barreiroweb.net\/wp-content\/uploads\/2014\/09\/escuteiros1011-150x150.jpg 150w, https:\/\/arquivo.barreiroweb.net\/wp-content\/uploads\/2014\/09\/escuteiros1011-50x50.jpg 50w, https:\/\/arquivo.barreiroweb.net\/wp-content\/uploads\/2014\/09\/escuteiros1011-70x70.jpg 70w, https:\/\/arquivo.barreiroweb.net\/wp-content\/uploads\/2014\/09\/escuteiros1011-55x55.jpg 55w\" sizes=\"auto, (max-width: 150px) 100vw, 150px\" \/><\/a>No pr\u00f3ximo dia 4 de outubro, s\u00e1bado, pelas 20h00, tem lugar a Gala do Len\u00e7o d\u2019Ouro\u00bb organizada pelo Agrupamento 1011 \u2013 Lavradio, com os apoios da C\u00e2mara Municipal do Barreiro e do <em>Jornal Rostos<\/em>, no quartel dos Bombeiros Volunt\u00e1rios do Sul e Sueste.\u00a0<\/strong><\/p>\n<p style=\"text-align: justify;\">A festa ser\u00e1 animada pelo show-case de Ivo Soares \u2013 ex &#8211; concorrente do programa do canal de TV, SIC \u00ab<em>Factor X Portugal\u00bb.<\/em><\/p>\n<p style=\"text-align: justify;\">\n<p style=\"text-align: justify;\">De acordo com a organiza\u00e7\u00e3o, o evento visa ser \u00abuma celebra\u00e7\u00e3o festiva que pretende presentear os elementos, bandos, patrulhas, equipas, tribos de escuteiros que se destacaram pelo seu desempenho. Nesta festa para al\u00e9m de serem entregues os pr\u00e9mios de \u00abLen\u00e7o d\u2019Ouro\u00bb \u00e0s categorias acima citadas, tamb\u00e9m ser\u00e3o homenageados todos aqueles que tornam o agrupamento 1011, num agrupamento de sucesso.<\/p>\n<p style=\"text-align: justify;\">\n<p style=\"text-align: justify;\">O evento inclui jantar com o valor de 7,5\u20ac\/pessoa (at\u00e9 aos 10 anos\u00bb 5\u20ac).<\/p>\n<p>&nbsp;<\/p>\n<p><strong>Reservas at\u00e9 ao dia 28 de setembro, pelo telem\u00f3vel: 96 496 39 93, ou atrav\u00e9s do email: <a href=\"mailto:geral@agr1011.cne-escutismo.pt\">geral@agr1011.cne-escutismo.pt<\/a> .<\/strong><\/p>\n<p><strong>Fonte: CMB<\/strong><\/p>\n","protected":false},"excerpt":{"rendered":"<p>No pr\u00f3ximo dia 4 de outubro, s\u00e1bado, pelas 20h00, tem lugar a Gala do Len\u00e7o d\u2019Ouro\u00bb organizada pelo Agrupamento 1011 \u2013 Lavradio, com os apoios da C\u00e2mara Municipal do Barreiro e do Jornal Rostos, no quartel dos Bombeiros Volunt\u00e1rios do Sul e Sueste.\u00a0 A festa ser\u00e1 animada pelo show-case de Ivo Soares \u2013 ex &#8211; [&hellip;]<\/p>\n","protected":false},"author":1,"featured_media":11985,"comment_status":"open","ping_status":"open","sticky":false,"template":"","format":"standard","meta":{"footnotes":""},"categories":[32,3],"tags":[41,155],"class_list":["post-11984","post","type-post","status-publish","format-standard","has-post-thumbnail","hentry","category-destaque","category-eventos","tag-barreiro","tag-musica-2","last_archivepost"],"yoast_head":"<!-- This site is optimized with the Yoast SEO plugin v27.1.1 - https:\/\/yoast.com\/product\/yoast-seo-wordpress\/ -->\n<title>GALA DO LEN\u00c7O D\u2019OURO | 4 OUTUBRO | 20H00 - barreiroweb<\/title>\n<meta name=\"robots\" content=\"index, follow, max-snippet:-1, max-image-preview:large, max-video-preview:-1\" \/>\n<link rel=\"canonical\" href=\"https:\/\/arquivo.barreiroweb.net\/?p=11984\" \/>\n<meta property=\"og:locale\" content=\"pt_PT\" \/>\n<meta property=\"og:type\" content=\"article\" \/>\n<meta property=\"og:title\" content=\"GALA DO LEN\u00c7O D\u2019OURO | 4 OUTUBRO | 20H00 - barreiroweb\" \/>\n<meta property=\"og:description\" content=\"No pr\u00f3ximo dia 4 de outubro, s\u00e1bado, pelas 20h00, tem lugar a Gala do Len\u00e7o d\u2019Ouro\u00bb organizada pelo Agrupamento 1011 \u2013 Lavradio, com os apoios da C\u00e2mara Municipal do Barreiro e do Jornal Rostos, no quartel dos Bombeiros Volunt\u00e1rios do Sul e Sueste.\u00a0 A festa ser\u00e1 animada pelo show-case de Ivo Soares \u2013 ex &#8211; [&hellip;]\" \/>\n<meta property=\"og:url\" content=\"https:\/\/arquivo.barreiroweb.net\/?p=11984\" \/>\n<meta property=\"og:site_name\" content=\"barreiroweb\" \/>\n<meta property=\"article:publisher\" content=\"https:\/\/www.facebook.com\/barreiroweb\" \/>\n<meta property=\"article:published_time\" content=\"2014-09-16T21:11:34+00:00\" \/>\n<meta property=\"og:image\" content=\"https:\/\/arquivo.barreiroweb.net\/wp-content\/uploads\/2014\/09\/escuteiros1011.jpg\" \/>\n\t<meta property=\"og:image:width\" content=\"222\" \/>\n\t<meta property=\"og:image:height\" content=\"314\" \/>\n\t<meta property=\"og:image:type\" content=\"image\/jpeg\" \/>\n<meta name=\"author\" content=\"barreiroweb\" \/>\n<meta name=\"twitter:card\" content=\"summary_large_image\" \/>\n<meta name=\"twitter:creator\" content=\"@barreiroweb\" \/>\n<meta name=\"twitter:site\" content=\"@barreiroweb\" \/>\n<meta name=\"twitter:label1\" content=\"Escrito por\" \/>\n\t<meta name=\"twitter:data1\" content=\"barreiroweb\" \/>\n\t<meta name=\"twitter:label2\" content=\"Tempo estimado de leitura\" \/>\n\t<meta name=\"twitter:data2\" content=\"1 minuto\" \/>\n<script type=\"application\/ld+json\" class=\"yoast-schema-graph\">{\"@context\":\"https:\/\/schema.org\",\"@graph\":[{\"@type\":\"Article\",\"@id\":\"https:\/\/arquivo.barreiroweb.net\/?p=11984#article\",\"isPartOf\":{\"@id\":\"https:\/\/arquivo.barreiroweb.net\/?p=11984\"},\"author\":{\"name\":\"barreiroweb\",\"@id\":\"https:\/\/arquivo.barreiroweb.net\/#\/schema\/person\/44b6d528aff975e3786c9f475f9df2dd\"},\"headline\":\"GALA DO LEN\u00c7O D\u2019OURO | 4 OUTUBRO | 20H00\",\"datePublished\":\"2014-09-16T21:11:34+00:00\",\"mainEntityOfPage\":{\"@id\":\"https:\/\/arquivo.barreiroweb.net\/?p=11984\"},\"wordCount\":175,\"commentCount\":0,\"publisher\":{\"@id\":\"https:\/\/arquivo.barreiroweb.net\/#organization\"},\"image\":{\"@id\":\"https:\/\/arquivo.barreiroweb.net\/?p=11984#primaryimage\"},\"thumbnailUrl\":\"https:\/\/arquivo.barreiroweb.net\/wp-content\/uploads\/2014\/09\/escuteiros1011.jpg\",\"keywords\":[\"barreiro\",\"musica\"],\"articleSection\":[\"Destaque\",\"Eventos\"],\"inLanguage\":\"pt-PT\",\"potentialAction\":[{\"@type\":\"CommentAction\",\"name\":\"Comment\",\"target\":[\"https:\/\/arquivo.barreiroweb.net\/?p=11984#respond\"]}]},{\"@type\":\"WebPage\",\"@id\":\"https:\/\/arquivo.barreiroweb.net\/?p=11984\",\"url\":\"https:\/\/arquivo.barreiroweb.net\/?p=11984\",\"name\":\"GALA DO LEN\u00c7O D\u2019OURO | 4 OUTUBRO | 20H00 - barreiroweb\",\"isPartOf\":{\"@id\":\"https:\/\/arquivo.barreiroweb.net\/#website\"},\"primaryImageOfPage\":{\"@id\":\"https:\/\/arquivo.barreiroweb.net\/?p=11984#primaryimage\"},\"image\":{\"@id\":\"https:\/\/arquivo.barreiroweb.net\/?p=11984#primaryimage\"},\"thumbnailUrl\":\"https:\/\/arquivo.barreiroweb.net\/wp-content\/uploads\/2014\/09\/escuteiros1011.jpg\",\"datePublished\":\"2014-09-16T21:11:34+00:00\",\"breadcrumb\":{\"@id\":\"https:\/\/arquivo.barreiroweb.net\/?p=11984#breadcrumb\"},\"inLanguage\":\"pt-PT\",\"potentialAction\":[{\"@type\":\"ReadAction\",\"target\":[\"https:\/\/arquivo.barreiroweb.net\/?p=11984\"]}]},{\"@type\":\"ImageObject\",\"inLanguage\":\"pt-PT\",\"@id\":\"https:\/\/arquivo.barreiroweb.net\/?p=11984#primaryimage\",\"url\":\"https:\/\/arquivo.barreiroweb.net\/wp-content\/uploads\/2014\/09\/escuteiros1011.jpg\",\"contentUrl\":\"https:\/\/arquivo.barreiroweb.net\/wp-content\/uploads\/2014\/09\/escuteiros1011.jpg\",\"width\":222,\"height\":314},{\"@type\":\"BreadcrumbList\",\"@id\":\"https:\/\/arquivo.barreiroweb.net\/?p=11984#breadcrumb\",\"itemListElement\":[{\"@type\":\"ListItem\",\"position\":1,\"name\":\"In\u00edcio\",\"item\":\"https:\/\/arquivo.barreiroweb.net\/\"},{\"@type\":\"ListItem\",\"position\":2,\"name\":\"GALA DO LEN\u00c7O D\u2019OURO | 4 OUTUBRO | 20H00\"}]},{\"@type\":\"WebSite\",\"@id\":\"https:\/\/arquivo.barreiroweb.net\/#website\",\"url\":\"https:\/\/arquivo.barreiroweb.net\/\",\"name\":\"barreiroweb\",\"description\":\"Barreiroweb o barreiro na web\",\"publisher\":{\"@id\":\"https:\/\/arquivo.barreiroweb.net\/#organization\"},\"potentialAction\":[{\"@type\":\"SearchAction\",\"target\":{\"@type\":\"EntryPoint\",\"urlTemplate\":\"https:\/\/arquivo.barreiroweb.net\/?s={search_term_string}\"},\"query-input\":{\"@type\":\"PropertyValueSpecification\",\"valueRequired\":true,\"valueName\":\"search_term_string\"}}],\"inLanguage\":\"pt-PT\"},{\"@type\":\"Organization\",\"@id\":\"https:\/\/arquivo.barreiroweb.net\/#organization\",\"name\":\"barreiroweb\",\"url\":\"https:\/\/arquivo.barreiroweb.net\/\",\"logo\":{\"@type\":\"ImageObject\",\"inLanguage\":\"pt-PT\",\"@id\":\"https:\/\/arquivo.barreiroweb.net\/#\/schema\/logo\/image\/\",\"url\":\"https:\/\/barreiroweb.net\/wp-content\/uploads\/2022\/05\/BarreiroWeb555.jpg\",\"contentUrl\":\"https:\/\/barreiroweb.net\/wp-content\/uploads\/2022\/05\/BarreiroWeb555.jpg\",\"width\":421,\"height\":415,\"caption\":\"barreiroweb\"},\"image\":{\"@id\":\"https:\/\/arquivo.barreiroweb.net\/#\/schema\/logo\/image\/\"},\"sameAs\":[\"https:\/\/www.facebook.com\/barreiroweb\",\"https:\/\/x.com\/barreiroweb\"]},{\"@type\":\"Person\",\"@id\":\"https:\/\/arquivo.barreiroweb.net\/#\/schema\/person\/44b6d528aff975e3786c9f475f9df2dd\",\"name\":\"barreiroweb\",\"image\":{\"@type\":\"ImageObject\",\"inLanguage\":\"pt-PT\",\"@id\":\"https:\/\/arquivo.barreiroweb.net\/#\/schema\/person\/image\/\",\"url\":\"https:\/\/secure.gravatar.com\/avatar\/1f764b917967430404ff0b452044eb63a25d64a5363b25be2aa42273930f477d?s=96&d=mm&r=g\",\"contentUrl\":\"https:\/\/secure.gravatar.com\/avatar\/1f764b917967430404ff0b452044eb63a25d64a5363b25be2aa42273930f477d?s=96&d=mm&r=g\",\"caption\":\"barreiroweb\"},\"url\":\"https:\/\/arquivo.barreiroweb.net\/?author=1\"}]}<\/script>\n<!-- \/ Yoast SEO plugin. -->","yoast_head_json":{"title":"GALA DO LEN\u00c7O D\u2019OURO | 4 OUTUBRO | 20H00 - barreiroweb","robots":{"index":"index","follow":"follow","max-snippet":"max-snippet:-1","max-image-preview":"max-image-preview:large","max-video-preview":"max-video-preview:-1"},"canonical":"https:\/\/arquivo.barreiroweb.net\/?p=11984","og_locale":"pt_PT","og_type":"article","og_title":"GALA DO LEN\u00c7O D\u2019OURO | 4 OUTUBRO | 20H00 - barreiroweb","og_description":"No pr\u00f3ximo dia 4 de outubro, s\u00e1bado, pelas 20h00, tem lugar a Gala do Len\u00e7o d\u2019Ouro\u00bb organizada pelo Agrupamento 1011 \u2013 Lavradio, com os apoios da C\u00e2mara Municipal do Barreiro e do Jornal Rostos, no quartel dos Bombeiros Volunt\u00e1rios do Sul e Sueste.\u00a0 A festa ser\u00e1 animada pelo show-case de Ivo Soares \u2013 ex &#8211; [&hellip;]","og_url":"https:\/\/arquivo.barreiroweb.net\/?p=11984","og_site_name":"barreiroweb","article_publisher":"https:\/\/www.facebook.com\/barreiroweb","article_published_time":"2014-09-16T21:11:34+00:00","og_image":[{"width":222,"height":314,"url":"https:\/\/arquivo.barreiroweb.net\/wp-content\/uploads\/2014\/09\/escuteiros1011.jpg","type":"image\/jpeg"}],"author":"barreiroweb","twitter_card":"summary_large_image","twitter_creator":"@barreiroweb","twitter_site":"@barreiroweb","twitter_misc":{"Escrito por":"barreiroweb","Tempo estimado de leitura":"1 minuto"},"schema":{"@context":"https:\/\/schema.org","@graph":[{"@type":"Article","@id":"https:\/\/arquivo.barreiroweb.net\/?p=11984#article","isPartOf":{"@id":"https:\/\/arquivo.barreiroweb.net\/?p=11984"},"author":{"name":"barreiroweb","@id":"https:\/\/arquivo.barreiroweb.net\/#\/schema\/person\/44b6d528aff975e3786c9f475f9df2dd"},"headline":"GALA DO LEN\u00c7O D\u2019OURO | 4 OUTUBRO | 20H00","datePublished":"2014-09-16T21:11:34+00:00","mainEntityOfPage":{"@id":"https:\/\/arquivo.barreiroweb.net\/?p=11984"},"wordCount":175,"commentCount":0,"publisher":{"@id":"https:\/\/arquivo.barreiroweb.net\/#organization"},"image":{"@id":"https:\/\/arquivo.barreiroweb.net\/?p=11984#primaryimage"},"thumbnailUrl":"https:\/\/arquivo.barreiroweb.net\/wp-content\/uploads\/2014\/09\/escuteiros1011.jpg","keywords":["barreiro","musica"],"articleSection":["Destaque","Eventos"],"inLanguage":"pt-PT","potentialAction":[{"@type":"CommentAction","name":"Comment","target":["https:\/\/arquivo.barreiroweb.net\/?p=11984#respond"]}]},{"@type":"WebPage","@id":"https:\/\/arquivo.barreiroweb.net\/?p=11984","url":"https:\/\/arquivo.barreiroweb.net\/?p=11984","name":"GALA DO LEN\u00c7O D\u2019OURO | 4 OUTUBRO | 20H00 - barreiroweb","isPartOf":{"@id":"https:\/\/arquivo.barreiroweb.net\/#website"},"primaryImageOfPage":{"@id":"https:\/\/arquivo.barreiroweb.net\/?p=11984#primaryimage"},"image":{"@id":"https:\/\/arquivo.barreiroweb.net\/?p=11984#primaryimage"},"thumbnailUrl":"https:\/\/arquivo.barreiroweb.net\/wp-content\/uploads\/2014\/09\/escuteiros1011.jpg","datePublished":"2014-09-16T21:11:34+00:00","breadcrumb":{"@id":"https:\/\/arquivo.barreiroweb.net\/?p=11984#breadcrumb"},"inLanguage":"pt-PT","potentialAction":[{"@type":"ReadAction","target":["https:\/\/arquivo.barreiroweb.net\/?p=11984"]}]},{"@type":"ImageObject","inLanguage":"pt-PT","@id":"https:\/\/arquivo.barreiroweb.net\/?p=11984#primaryimage","url":"https:\/\/arquivo.barreiroweb.net\/wp-content\/uploads\/2014\/09\/escuteiros1011.jpg","contentUrl":"https:\/\/arquivo.barreiroweb.net\/wp-content\/uploads\/2014\/09\/escuteiros1011.jpg","width":222,"height":314},{"@type":"BreadcrumbList","@id":"https:\/\/arquivo.barreiroweb.net\/?p=11984#breadcrumb","itemListElement":[{"@type":"ListItem","position":1,"name":"In\u00edcio","item":"https:\/\/arquivo.barreiroweb.net\/"},{"@type":"ListItem","position":2,"name":"GALA DO LEN\u00c7O D\u2019OURO | 4 OUTUBRO | 20H00"}]},{"@type":"WebSite","@id":"https:\/\/arquivo.barreiroweb.net\/#website","url":"https:\/\/arquivo.barreiroweb.net\/","name":"barreiroweb","description":"Barreiroweb o barreiro na web","publisher":{"@id":"https:\/\/arquivo.barreiroweb.net\/#organization"},"potentialAction":[{"@type":"SearchAction","target":{"@type":"EntryPoint","urlTemplate":"https:\/\/arquivo.barreiroweb.net\/?s={search_term_string}"},"query-input":{"@type":"PropertyValueSpecification","valueRequired":true,"valueName":"search_term_string"}}],"inLanguage":"pt-PT"},{"@type":"Organization","@id":"https:\/\/arquivo.barreiroweb.net\/#organization","name":"barreiroweb","url":"https:\/\/arquivo.barreiroweb.net\/","logo":{"@type":"ImageObject","inLanguage":"pt-PT","@id":"https:\/\/arquivo.barreiroweb.net\/#\/schema\/logo\/image\/","url":"https:\/\/barreiroweb.net\/wp-content\/uploads\/2022\/05\/BarreiroWeb555.jpg","contentUrl":"https:\/\/barreiroweb.net\/wp-content\/uploads\/2022\/05\/BarreiroWeb555.jpg","width":421,"height":415,"caption":"barreiroweb"},"image":{"@id":"https:\/\/arquivo.barreiroweb.net\/#\/schema\/logo\/image\/"},"sameAs":["https:\/\/www.facebook.com\/barreiroweb","https:\/\/x.com\/barreiroweb"]},{"@type":"Person","@id":"https:\/\/arquivo.barreiroweb.net\/#\/schema\/person\/44b6d528aff975e3786c9f475f9df2dd","name":"barreiroweb","image":{"@type":"ImageObject","inLanguage":"pt-PT","@id":"https:\/\/arquivo.barreiroweb.net\/#\/schema\/person\/image\/","url":"https:\/\/secure.gravatar.com\/avatar\/1f764b917967430404ff0b452044eb63a25d64a5363b25be2aa42273930f477d?s=96&d=mm&r=g","contentUrl":"https:\/\/secure.gravatar.com\/avatar\/1f764b917967430404ff0b452044eb63a25d64a5363b25be2aa42273930f477d?s=96&d=mm&r=g","caption":"barreiroweb"},"url":"https:\/\/arquivo.barreiroweb.net\/?author=1"}]}},"_links":{"self":[{"href":"https:\/\/arquivo.barreiroweb.net\/index.php?rest_route=\/wp\/v2\/posts\/11984","targetHints":{"allow":["GET"]}}],"collection":[{"href":"https:\/\/arquivo.barreiroweb.net\/index.php?rest_route=\/wp\/v2\/posts"}],"about":[{"href":"https:\/\/arquivo.barreiroweb.net\/index.php?rest_route=\/wp\/v2\/types\/post"}],"author":[{"embeddable":true,"href":"https:\/\/arquivo.barreiroweb.net\/index.php?rest_route=\/wp\/v2\/users\/1"}],"replies":[{"embeddable":true,"href":"https:\/\/arquivo.barreiroweb.net\/index.php?rest_route=%2Fwp%2Fv2%2Fcomments&post=11984"}],"version-history":[{"count":1,"href":"https:\/\/arquivo.barreiroweb.net\/index.php?rest_route=\/wp\/v2\/posts\/11984\/revisions"}],"predecessor-version":[{"id":11986,"href":"https:\/\/arquivo.barreiroweb.net\/index.php?rest_route=\/wp\/v2\/posts\/11984\/revisions\/11986"}],"wp:featuredmedia":[{"embeddable":true,"href":"https:\/\/arquivo.barreiroweb.net\/index.php?rest_route=\/wp\/v2\/media\/11985"}],"wp:attachment":[{"href":"https:\/\/arquivo.barreiroweb.net\/index.php?rest_route=%2Fwp%2Fv2%2Fmedia&parent=11984"}],"wp:term":[{"taxonomy":"category","embeddable":true,"href":"https:\/\/arquivo.barreiroweb.net\/index.php?rest_route=%2Fwp%2Fv2%2Fcategories&post=11984"},{"taxonomy":"post_tag","embeddable":true,"href":"https:\/\/arquivo.barreiroweb.net\/index.php?rest_route=%2Fwp%2Fv2%2Ftags&post=11984"}],"curies":[{"name":"wp","href":"https:\/\/api.w.org\/{rel}","templated":true}]}}