{"id":11968,"date":"2014-09-12T00:02:41","date_gmt":"2014-09-11T23:02:41","guid":{"rendered":"http:\/\/barreiroweb.eu\/?p=11968"},"modified":"2014-09-12T00:02:41","modified_gmt":"2014-09-11T23:02:41","slug":"passeio-pela-rota-do-patrimonio-ferroviario-barreiro","status":"publish","type":"post","link":"https:\/\/arquivo.barreiroweb.net\/?p=11968","title":{"rendered":"Passeio pela Rota do Patrim\u00f3nio Ferrovi\u00e1rio Barreiro"},"content":{"rendered":"<p style=\"text-align: justify;\"><strong><a href=\"http:\/\/barreiroweb.eu\/wp-content\/uploads\/2014\/09\/passeio-rota.jpg\" rel=\"lightbox[11968]\"><img loading=\"lazy\" decoding=\"async\" class=\"alignleft size-full wp-image-11969\" src=\"http:\/\/barreiroweb.eu\/wp-content\/uploads\/2014\/09\/passeio-rota.jpg\" alt=\"passeio rota\" width=\"317\" height=\"448\" srcset=\"https:\/\/arquivo.barreiroweb.net\/wp-content\/uploads\/2014\/09\/passeio-rota.jpg 317w, https:\/\/arquivo.barreiroweb.net\/wp-content\/uploads\/2014\/09\/passeio-rota-212x300.jpg 212w, https:\/\/arquivo.barreiroweb.net\/wp-content\/uploads\/2014\/09\/passeio-rota-300x423.jpg 300w\" sizes=\"auto, (max-width: 317px) 100vw, 317px\" \/><\/a>As associa\u00e7\u00f5es integrantes do projecto L realizam um Passeio pela Rota do Patrim\u00f3nio Ferrovi\u00e1rio do Barreiro com inicio na antiga Esta\u00e7\u00e3o Barreiro Mar, no dia 21 de Setembro \u00e0s 15,30, seguido de um lanche\/conv\u00edvio pelas 18 horas no Espa\u00e7o L &#8211; Antiga Esta\u00e7\u00e3o do Lavradio.<\/strong><\/p>\n<p style=\"text-align: justify;\">Com esta actividade procura-se chamar a aten\u00e7\u00e3o para a situa\u00e7\u00e3o do Patrim\u00f3nio Ferrovi\u00e1rio na actualidade e para a sua import\u00e2ncia hist\u00f3rica, enquanto elemento aglutinador da identidade cultural do Barreiro. Numa perspectiva de futuro, entende-se que a diversidade e a qualidade do patrim\u00f3nio ferrovi\u00e1rio, ainda existente no concelho, pode potenciar-se como uma \u00e2ncora de desenvolvimento local.<\/p>\n<p style=\"text-align: justify;\">Por outro lado, coloca-se \u00e0s associa\u00e7\u00f5es a necessidade de angariar fundos e materiais, para a recupera\u00e7\u00e3o da antiga Esta\u00e7\u00e3o do Lavradio, tarefa que est\u00e1 a ser levada a cabo pelas quatro associa\u00e7\u00f5es integrantes do projecto L, desde 2013.<\/p>\n<p style=\"text-align: justify;\"><strong>A hist\u00f3ria:<\/strong><\/p>\n<p style=\"text-align: justify;\">Em 1855 a Companhia Nacional dos Caminhos de Ferro ao Sul do Tejo adquiriu terrenos, para implanta\u00e7\u00e3o da rede ferrovi\u00e1ria do Sul, cujo tro\u00e7o inicial Barreiro\/Vendas Novas ficou conclu\u00eddo, e foi festivamente inaugurado pelo rei D. Pedro V e festejado pela da popula\u00e7\u00e3o do Barreiro e arredores, em 2 de Fevereiro de 1859. Aberto \u00e0 circula\u00e7\u00e3o no dia 1 de Fevereiro de 1861, o caminho-de-ferro foi portador de inova\u00e7\u00e3o e transforma\u00e7\u00f5es profundas, colocando o Barreiro como principal eixo de liga\u00e7\u00e3o entre o Norte e o Sul do Pa\u00eds.<\/p>\n<p style=\"text-align: justify;\">A influ\u00eancia que o caminho-de-ferro exerceu sobre a vida dos barreirenses e os desenvolvimentos da\u00ed resultantes, deu origem a um fen\u00f3meno de m\u00faltiplos aspectos sociais \u2013 de que destacamos o associativismo ferrovi\u00e1rio; uma cultura t\u00e9cnica espec\u00edfica; um vasto e valioso conjunto de patrim\u00f3nio edificado \u2013 que designamos por cultura ferrovi\u00e1ria.<\/p>\n<p style=\"text-align: justify;\">A cultura ferrovi\u00e1ria est\u00e1 muito presente na vida da cidade, mas, o seu aspecto mais vis\u00edvel \u00e9, justamente, o patrim\u00f3nio edificado resultante da actividade ferrovi\u00e1ria.<\/p>\n<p style=\"text-align: justify;\"><strong>Motiva\u00e7\u00e3o:<\/strong><\/p>\n<p style=\"text-align: justify;\"><strong>A valoriza\u00e7\u00e3o do patrim\u00f3nio ferrovi\u00e1rio, enquanto mem\u00f3ria do passado e \u00e2ncora de desenvolvimento no futuro<\/strong><\/p>\n<p style=\"text-align: justify;\">As preocupa\u00e7\u00f5es que nos movem, enquanto associa\u00e7\u00f5es de car\u00e1cter cultural, prendem-se com a percep\u00e7\u00e3o que temos de que, tendo sido o transporte ferrovi\u00e1rio o paradigma de desenvolvimento industrial do Barreiro durante mais de 150 anos, actividade hoje praticamente residual em consequ\u00eancia da retirada de val\u00eancias ao P\u00f3lo Ferrovi\u00e1rio do Barreiro &#8211; em termos operativos e oficinais, o que tem significado a perda cont\u00ednua de postos de trabalho &#8211; colocou-se em risco um importante conjunto de patrim\u00f3nio arquitect\u00f3nico constru\u00eddo que, rapidamente entrou em degrada\u00e7\u00e3o. A situa\u00e7\u00e3o poder\u00e1 agravar-se ainda mais, com o previs\u00edvel encerramento das Oficinas Gerais e o abandono a que parte das instala\u00e7\u00f5es ferrovi\u00e1rias est\u00e3o votadas,<\/p>\n<p style=\"text-align: justify;\">Porque entendemos que os barreirenses n\u00e3o podem ficar indiferentes ao abandono e destrui\u00e7\u00e3o do seu patrim\u00f3nio, parte integrante da mem\u00f3ria e da hist\u00f3ria da cidade que \u00e9 preciso preservar, e ainda por se considerar o patrim\u00f3nio ferrovi\u00e1rio como um dos elementos mais estruturantes da identidade cultural desta terra &#8211; urge afirmar o interesse pela sua valoriza\u00e7\u00e3o, promo\u00e7\u00e3o e transforma\u00e7\u00e3o numa das \u00e2ncoras de desenvolvimento local, no \u00e2mbito mais vasto das pol\u00edticas de turismo cultural.<\/p>\n<p style=\"text-align: justify;\"><strong>S\u00f3 interessa cuidar do patrim\u00f3nio e da mem\u00f3ria se estes contribu\u00edrem, de forma positiva, para a melhoria da qualidade de vida no presente e no futuro.<\/strong><\/p>\n<p style=\"text-align: justify;\">MOVIMENTO C\u00cdVICO DE SALVAGUARDA DO<\/p>\n<p style=\"text-align: justify;\">PATRIM\u00d3NIO FERROVI\u00c1RIO DO BARREIRO<\/p>\n<p style=\"text-align: justify;\">\u00a0ASSOCIA\u00c7\u00c3O BARREIRO PATRIM\u00d3NIO MEM\u00d3RIA E FUT\u00daRO<\/p>\n<p style=\"text-align: justify;\">ASSOCIA\u00c7\u00c3O COLECTIVIDADES CONCELHO BARREIRO<\/p>\n<p style=\"text-align: justify;\">\n<p style=\"text-align: justify;\">\n<p style=\"text-align: justify;\">\n","protected":false},"excerpt":{"rendered":"<p>As associa\u00e7\u00f5es integrantes do projecto L realizam um Passeio pela Rota do Patrim\u00f3nio Ferrovi\u00e1rio do Barreiro com inicio na antiga Esta\u00e7\u00e3o Barreiro Mar, no dia 21 de Setembro \u00e0s 15,30, seguido de um lanche\/conv\u00edvio pelas 18 horas no Espa\u00e7o L &#8211; Antiga Esta\u00e7\u00e3o do Lavradio. Com esta actividade procura-se chamar a aten\u00e7\u00e3o para a situa\u00e7\u00e3o [&hellip;]<\/p>\n","protected":false},"author":1,"featured_media":11969,"comment_status":"open","ping_status":"open","sticky":false,"template":"","format":"standard","meta":{"footnotes":""},"categories":[32,3,11],"tags":[41,71,126],"class_list":["post-11968","post","type-post","status-publish","format-standard","has-post-thumbnail","hentry","category-destaque","category-eventos","category-patrimonio","tag-barreiro","tag-comboios-2","tag-patrimonio-2","last_archivepost"],"yoast_head":"<!-- This site is optimized with the Yoast SEO plugin v27.1.1 - https:\/\/yoast.com\/product\/yoast-seo-wordpress\/ -->\n<title>Passeio pela Rota do Patrim\u00f3nio Ferrovi\u00e1rio Barreiro - barreiroweb<\/title>\n<meta name=\"robots\" content=\"index, follow, max-snippet:-1, max-image-preview:large, max-video-preview:-1\" \/>\n<link rel=\"canonical\" href=\"https:\/\/arquivo.barreiroweb.net\/?p=11968\" \/>\n<meta property=\"og:locale\" content=\"pt_PT\" \/>\n<meta property=\"og:type\" content=\"article\" \/>\n<meta property=\"og:title\" content=\"Passeio pela Rota do Patrim\u00f3nio Ferrovi\u00e1rio Barreiro - barreiroweb\" \/>\n<meta property=\"og:description\" content=\"As associa\u00e7\u00f5es integrantes do projecto L realizam um Passeio pela Rota do Patrim\u00f3nio Ferrovi\u00e1rio do Barreiro com inicio na antiga Esta\u00e7\u00e3o Barreiro Mar, no dia 21 de Setembro \u00e0s 15,30, seguido de um lanche\/conv\u00edvio pelas 18 horas no Espa\u00e7o L &#8211; Antiga Esta\u00e7\u00e3o do Lavradio. Com esta actividade procura-se chamar a aten\u00e7\u00e3o para a situa\u00e7\u00e3o [&hellip;]\" \/>\n<meta property=\"og:url\" content=\"https:\/\/arquivo.barreiroweb.net\/?p=11968\" \/>\n<meta property=\"og:site_name\" content=\"barreiroweb\" \/>\n<meta property=\"article:publisher\" content=\"https:\/\/www.facebook.com\/barreiroweb\" \/>\n<meta property=\"article:published_time\" content=\"2014-09-11T23:02:41+00:00\" \/>\n<meta property=\"og:image\" content=\"https:\/\/arquivo.barreiroweb.net\/wp-content\/uploads\/2014\/09\/passeio-rota.jpg\" \/>\n\t<meta property=\"og:image:width\" content=\"317\" \/>\n\t<meta property=\"og:image:height\" content=\"448\" \/>\n\t<meta property=\"og:image:type\" content=\"image\/jpeg\" \/>\n<meta name=\"author\" content=\"barreiroweb\" \/>\n<meta name=\"twitter:card\" content=\"summary_large_image\" \/>\n<meta name=\"twitter:creator\" content=\"@barreiroweb\" \/>\n<meta name=\"twitter:site\" content=\"@barreiroweb\" \/>\n<meta name=\"twitter:label1\" content=\"Escrito por\" \/>\n\t<meta name=\"twitter:data1\" content=\"barreiroweb\" \/>\n\t<meta name=\"twitter:label2\" content=\"Tempo estimado de leitura\" \/>\n\t<meta name=\"twitter:data2\" content=\"3 minutos\" \/>\n<script type=\"application\/ld+json\" class=\"yoast-schema-graph\">{\"@context\":\"https:\/\/schema.org\",\"@graph\":[{\"@type\":\"Article\",\"@id\":\"https:\/\/arquivo.barreiroweb.net\/?p=11968#article\",\"isPartOf\":{\"@id\":\"https:\/\/arquivo.barreiroweb.net\/?p=11968\"},\"author\":{\"name\":\"barreiroweb\",\"@id\":\"https:\/\/arquivo.barreiroweb.net\/#\/schema\/person\/44b6d528aff975e3786c9f475f9df2dd\"},\"headline\":\"Passeio pela Rota do Patrim\u00f3nio Ferrovi\u00e1rio Barreiro\",\"datePublished\":\"2014-09-11T23:02:41+00:00\",\"mainEntityOfPage\":{\"@id\":\"https:\/\/arquivo.barreiroweb.net\/?p=11968\"},\"wordCount\":629,\"commentCount\":0,\"publisher\":{\"@id\":\"https:\/\/arquivo.barreiroweb.net\/#organization\"},\"image\":{\"@id\":\"https:\/\/arquivo.barreiroweb.net\/?p=11968#primaryimage\"},\"thumbnailUrl\":\"https:\/\/arquivo.barreiroweb.net\/wp-content\/uploads\/2014\/09\/passeio-rota.jpg\",\"keywords\":[\"barreiro\",\"comboios\",\"patrimonio\"],\"articleSection\":[\"Destaque\",\"Eventos\",\"Patrim\u00f3nio\"],\"inLanguage\":\"pt-PT\",\"potentialAction\":[{\"@type\":\"CommentAction\",\"name\":\"Comment\",\"target\":[\"https:\/\/arquivo.barreiroweb.net\/?p=11968#respond\"]}]},{\"@type\":\"WebPage\",\"@id\":\"https:\/\/arquivo.barreiroweb.net\/?p=11968\",\"url\":\"https:\/\/arquivo.barreiroweb.net\/?p=11968\",\"name\":\"Passeio pela Rota do Patrim\u00f3nio Ferrovi\u00e1rio Barreiro - barreiroweb\",\"isPartOf\":{\"@id\":\"https:\/\/arquivo.barreiroweb.net\/#website\"},\"primaryImageOfPage\":{\"@id\":\"https:\/\/arquivo.barreiroweb.net\/?p=11968#primaryimage\"},\"image\":{\"@id\":\"https:\/\/arquivo.barreiroweb.net\/?p=11968#primaryimage\"},\"thumbnailUrl\":\"https:\/\/arquivo.barreiroweb.net\/wp-content\/uploads\/2014\/09\/passeio-rota.jpg\",\"datePublished\":\"2014-09-11T23:02:41+00:00\",\"breadcrumb\":{\"@id\":\"https:\/\/arquivo.barreiroweb.net\/?p=11968#breadcrumb\"},\"inLanguage\":\"pt-PT\",\"potentialAction\":[{\"@type\":\"ReadAction\",\"target\":[\"https:\/\/arquivo.barreiroweb.net\/?p=11968\"]}]},{\"@type\":\"ImageObject\",\"inLanguage\":\"pt-PT\",\"@id\":\"https:\/\/arquivo.barreiroweb.net\/?p=11968#primaryimage\",\"url\":\"https:\/\/arquivo.barreiroweb.net\/wp-content\/uploads\/2014\/09\/passeio-rota.jpg\",\"contentUrl\":\"https:\/\/arquivo.barreiroweb.net\/wp-content\/uploads\/2014\/09\/passeio-rota.jpg\",\"width\":317,\"height\":448},{\"@type\":\"BreadcrumbList\",\"@id\":\"https:\/\/arquivo.barreiroweb.net\/?p=11968#breadcrumb\",\"itemListElement\":[{\"@type\":\"ListItem\",\"position\":1,\"name\":\"In\u00edcio\",\"item\":\"https:\/\/arquivo.barreiroweb.net\/\"},{\"@type\":\"ListItem\",\"position\":2,\"name\":\"Passeio pela Rota do Patrim\u00f3nio Ferrovi\u00e1rio Barreiro\"}]},{\"@type\":\"WebSite\",\"@id\":\"https:\/\/arquivo.barreiroweb.net\/#website\",\"url\":\"https:\/\/arquivo.barreiroweb.net\/\",\"name\":\"barreiroweb\",\"description\":\"Barreiroweb o barreiro na web\",\"publisher\":{\"@id\":\"https:\/\/arquivo.barreiroweb.net\/#organization\"},\"potentialAction\":[{\"@type\":\"SearchAction\",\"target\":{\"@type\":\"EntryPoint\",\"urlTemplate\":\"https:\/\/arquivo.barreiroweb.net\/?s={search_term_string}\"},\"query-input\":{\"@type\":\"PropertyValueSpecification\",\"valueRequired\":true,\"valueName\":\"search_term_string\"}}],\"inLanguage\":\"pt-PT\"},{\"@type\":\"Organization\",\"@id\":\"https:\/\/arquivo.barreiroweb.net\/#organization\",\"name\":\"barreiroweb\",\"url\":\"https:\/\/arquivo.barreiroweb.net\/\",\"logo\":{\"@type\":\"ImageObject\",\"inLanguage\":\"pt-PT\",\"@id\":\"https:\/\/arquivo.barreiroweb.net\/#\/schema\/logo\/image\/\",\"url\":\"https:\/\/barreiroweb.net\/wp-content\/uploads\/2022\/05\/BarreiroWeb555.jpg\",\"contentUrl\":\"https:\/\/barreiroweb.net\/wp-content\/uploads\/2022\/05\/BarreiroWeb555.jpg\",\"width\":421,\"height\":415,\"caption\":\"barreiroweb\"},\"image\":{\"@id\":\"https:\/\/arquivo.barreiroweb.net\/#\/schema\/logo\/image\/\"},\"sameAs\":[\"https:\/\/www.facebook.com\/barreiroweb\",\"https:\/\/x.com\/barreiroweb\"]},{\"@type\":\"Person\",\"@id\":\"https:\/\/arquivo.barreiroweb.net\/#\/schema\/person\/44b6d528aff975e3786c9f475f9df2dd\",\"name\":\"barreiroweb\",\"image\":{\"@type\":\"ImageObject\",\"inLanguage\":\"pt-PT\",\"@id\":\"https:\/\/arquivo.barreiroweb.net\/#\/schema\/person\/image\/\",\"url\":\"https:\/\/secure.gravatar.com\/avatar\/1f764b917967430404ff0b452044eb63a25d64a5363b25be2aa42273930f477d?s=96&d=mm&r=g\",\"contentUrl\":\"https:\/\/secure.gravatar.com\/avatar\/1f764b917967430404ff0b452044eb63a25d64a5363b25be2aa42273930f477d?s=96&d=mm&r=g\",\"caption\":\"barreiroweb\"},\"url\":\"https:\/\/arquivo.barreiroweb.net\/?author=1\"}]}<\/script>\n<!-- \/ Yoast SEO plugin. -->","yoast_head_json":{"title":"Passeio pela Rota do Patrim\u00f3nio Ferrovi\u00e1rio Barreiro - barreiroweb","robots":{"index":"index","follow":"follow","max-snippet":"max-snippet:-1","max-image-preview":"max-image-preview:large","max-video-preview":"max-video-preview:-1"},"canonical":"https:\/\/arquivo.barreiroweb.net\/?p=11968","og_locale":"pt_PT","og_type":"article","og_title":"Passeio pela Rota do Patrim\u00f3nio Ferrovi\u00e1rio Barreiro - barreiroweb","og_description":"As associa\u00e7\u00f5es integrantes do projecto L realizam um Passeio pela Rota do Patrim\u00f3nio Ferrovi\u00e1rio do Barreiro com inicio na antiga Esta\u00e7\u00e3o Barreiro Mar, no dia 21 de Setembro \u00e0s 15,30, seguido de um lanche\/conv\u00edvio pelas 18 horas no Espa\u00e7o L &#8211; Antiga Esta\u00e7\u00e3o do Lavradio. Com esta actividade procura-se chamar a aten\u00e7\u00e3o para a situa\u00e7\u00e3o [&hellip;]","og_url":"https:\/\/arquivo.barreiroweb.net\/?p=11968","og_site_name":"barreiroweb","article_publisher":"https:\/\/www.facebook.com\/barreiroweb","article_published_time":"2014-09-11T23:02:41+00:00","og_image":[{"width":317,"height":448,"url":"https:\/\/arquivo.barreiroweb.net\/wp-content\/uploads\/2014\/09\/passeio-rota.jpg","type":"image\/jpeg"}],"author":"barreiroweb","twitter_card":"summary_large_image","twitter_creator":"@barreiroweb","twitter_site":"@barreiroweb","twitter_misc":{"Escrito por":"barreiroweb","Tempo estimado de leitura":"3 minutos"},"schema":{"@context":"https:\/\/schema.org","@graph":[{"@type":"Article","@id":"https:\/\/arquivo.barreiroweb.net\/?p=11968#article","isPartOf":{"@id":"https:\/\/arquivo.barreiroweb.net\/?p=11968"},"author":{"name":"barreiroweb","@id":"https:\/\/arquivo.barreiroweb.net\/#\/schema\/person\/44b6d528aff975e3786c9f475f9df2dd"},"headline":"Passeio pela Rota do Patrim\u00f3nio Ferrovi\u00e1rio Barreiro","datePublished":"2014-09-11T23:02:41+00:00","mainEntityOfPage":{"@id":"https:\/\/arquivo.barreiroweb.net\/?p=11968"},"wordCount":629,"commentCount":0,"publisher":{"@id":"https:\/\/arquivo.barreiroweb.net\/#organization"},"image":{"@id":"https:\/\/arquivo.barreiroweb.net\/?p=11968#primaryimage"},"thumbnailUrl":"https:\/\/arquivo.barreiroweb.net\/wp-content\/uploads\/2014\/09\/passeio-rota.jpg","keywords":["barreiro","comboios","patrimonio"],"articleSection":["Destaque","Eventos","Patrim\u00f3nio"],"inLanguage":"pt-PT","potentialAction":[{"@type":"CommentAction","name":"Comment","target":["https:\/\/arquivo.barreiroweb.net\/?p=11968#respond"]}]},{"@type":"WebPage","@id":"https:\/\/arquivo.barreiroweb.net\/?p=11968","url":"https:\/\/arquivo.barreiroweb.net\/?p=11968","name":"Passeio pela Rota do Patrim\u00f3nio Ferrovi\u00e1rio Barreiro - barreiroweb","isPartOf":{"@id":"https:\/\/arquivo.barreiroweb.net\/#website"},"primaryImageOfPage":{"@id":"https:\/\/arquivo.barreiroweb.net\/?p=11968#primaryimage"},"image":{"@id":"https:\/\/arquivo.barreiroweb.net\/?p=11968#primaryimage"},"thumbnailUrl":"https:\/\/arquivo.barreiroweb.net\/wp-content\/uploads\/2014\/09\/passeio-rota.jpg","datePublished":"2014-09-11T23:02:41+00:00","breadcrumb":{"@id":"https:\/\/arquivo.barreiroweb.net\/?p=11968#breadcrumb"},"inLanguage":"pt-PT","potentialAction":[{"@type":"ReadAction","target":["https:\/\/arquivo.barreiroweb.net\/?p=11968"]}]},{"@type":"ImageObject","inLanguage":"pt-PT","@id":"https:\/\/arquivo.barreiroweb.net\/?p=11968#primaryimage","url":"https:\/\/arquivo.barreiroweb.net\/wp-content\/uploads\/2014\/09\/passeio-rota.jpg","contentUrl":"https:\/\/arquivo.barreiroweb.net\/wp-content\/uploads\/2014\/09\/passeio-rota.jpg","width":317,"height":448},{"@type":"BreadcrumbList","@id":"https:\/\/arquivo.barreiroweb.net\/?p=11968#breadcrumb","itemListElement":[{"@type":"ListItem","position":1,"name":"In\u00edcio","item":"https:\/\/arquivo.barreiroweb.net\/"},{"@type":"ListItem","position":2,"name":"Passeio pela Rota do Patrim\u00f3nio Ferrovi\u00e1rio Barreiro"}]},{"@type":"WebSite","@id":"https:\/\/arquivo.barreiroweb.net\/#website","url":"https:\/\/arquivo.barreiroweb.net\/","name":"barreiroweb","description":"Barreiroweb o barreiro na web","publisher":{"@id":"https:\/\/arquivo.barreiroweb.net\/#organization"},"potentialAction":[{"@type":"SearchAction","target":{"@type":"EntryPoint","urlTemplate":"https:\/\/arquivo.barreiroweb.net\/?s={search_term_string}"},"query-input":{"@type":"PropertyValueSpecification","valueRequired":true,"valueName":"search_term_string"}}],"inLanguage":"pt-PT"},{"@type":"Organization","@id":"https:\/\/arquivo.barreiroweb.net\/#organization","name":"barreiroweb","url":"https:\/\/arquivo.barreiroweb.net\/","logo":{"@type":"ImageObject","inLanguage":"pt-PT","@id":"https:\/\/arquivo.barreiroweb.net\/#\/schema\/logo\/image\/","url":"https:\/\/barreiroweb.net\/wp-content\/uploads\/2022\/05\/BarreiroWeb555.jpg","contentUrl":"https:\/\/barreiroweb.net\/wp-content\/uploads\/2022\/05\/BarreiroWeb555.jpg","width":421,"height":415,"caption":"barreiroweb"},"image":{"@id":"https:\/\/arquivo.barreiroweb.net\/#\/schema\/logo\/image\/"},"sameAs":["https:\/\/www.facebook.com\/barreiroweb","https:\/\/x.com\/barreiroweb"]},{"@type":"Person","@id":"https:\/\/arquivo.barreiroweb.net\/#\/schema\/person\/44b6d528aff975e3786c9f475f9df2dd","name":"barreiroweb","image":{"@type":"ImageObject","inLanguage":"pt-PT","@id":"https:\/\/arquivo.barreiroweb.net\/#\/schema\/person\/image\/","url":"https:\/\/secure.gravatar.com\/avatar\/1f764b917967430404ff0b452044eb63a25d64a5363b25be2aa42273930f477d?s=96&d=mm&r=g","contentUrl":"https:\/\/secure.gravatar.com\/avatar\/1f764b917967430404ff0b452044eb63a25d64a5363b25be2aa42273930f477d?s=96&d=mm&r=g","caption":"barreiroweb"},"url":"https:\/\/arquivo.barreiroweb.net\/?author=1"}]}},"_links":{"self":[{"href":"https:\/\/arquivo.barreiroweb.net\/index.php?rest_route=\/wp\/v2\/posts\/11968","targetHints":{"allow":["GET"]}}],"collection":[{"href":"https:\/\/arquivo.barreiroweb.net\/index.php?rest_route=\/wp\/v2\/posts"}],"about":[{"href":"https:\/\/arquivo.barreiroweb.net\/index.php?rest_route=\/wp\/v2\/types\/post"}],"author":[{"embeddable":true,"href":"https:\/\/arquivo.barreiroweb.net\/index.php?rest_route=\/wp\/v2\/users\/1"}],"replies":[{"embeddable":true,"href":"https:\/\/arquivo.barreiroweb.net\/index.php?rest_route=%2Fwp%2Fv2%2Fcomments&post=11968"}],"version-history":[{"count":1,"href":"https:\/\/arquivo.barreiroweb.net\/index.php?rest_route=\/wp\/v2\/posts\/11968\/revisions"}],"predecessor-version":[{"id":11970,"href":"https:\/\/arquivo.barreiroweb.net\/index.php?rest_route=\/wp\/v2\/posts\/11968\/revisions\/11970"}],"wp:featuredmedia":[{"embeddable":true,"href":"https:\/\/arquivo.barreiroweb.net\/index.php?rest_route=\/wp\/v2\/media\/11969"}],"wp:attachment":[{"href":"https:\/\/arquivo.barreiroweb.net\/index.php?rest_route=%2Fwp%2Fv2%2Fmedia&parent=11968"}],"wp:term":[{"taxonomy":"category","embeddable":true,"href":"https:\/\/arquivo.barreiroweb.net\/index.php?rest_route=%2Fwp%2Fv2%2Fcategories&post=11968"},{"taxonomy":"post_tag","embeddable":true,"href":"https:\/\/arquivo.barreiroweb.net\/index.php?rest_route=%2Fwp%2Fv2%2Ftags&post=11968"}],"curies":[{"name":"wp","href":"https:\/\/api.w.org\/{rel}","templated":true}]}}