{"id":11527,"date":"2014-05-21T15:55:59","date_gmt":"2014-05-21T14:55:59","guid":{"rendered":"http:\/\/barreiroweb.eu\/?p=11527"},"modified":"2014-05-21T15:55:59","modified_gmt":"2014-05-21T14:55:59","slug":"mu-mbana-no-be-jazz-cafe","status":"publish","type":"post","link":"https:\/\/arquivo.barreiroweb.net\/?p=11527","title":{"rendered":"M\u00db MBANA no Be Jazz Cafe"},"content":{"rendered":"<p style=\"text-align: justify;\"><a href=\"http:\/\/barreiroweb.eu\/wp-content\/uploads\/2014\/05\/Nova-imagem.png\" rel=\"lightbox[11527]\"><img loading=\"lazy\" decoding=\"async\" class=\"alignleft size-thumbnail wp-image-11528\" src=\"http:\/\/barreiroweb.eu\/wp-content\/uploads\/2014\/05\/Nova-imagem-150x150.png\" alt=\"Nova imagem\" width=\"150\" height=\"150\" srcset=\"https:\/\/arquivo.barreiroweb.net\/wp-content\/uploads\/2014\/05\/Nova-imagem-150x150.png 150w, https:\/\/arquivo.barreiroweb.net\/wp-content\/uploads\/2014\/05\/Nova-imagem-50x50.png 50w, https:\/\/arquivo.barreiroweb.net\/wp-content\/uploads\/2014\/05\/Nova-imagem-70x70.png 70w, https:\/\/arquivo.barreiroweb.net\/wp-content\/uploads\/2014\/05\/Nova-imagem-55x55.png 55w\" sizes=\"auto, (max-width: 150px) 100vw, 150px\" \/><\/a>Na 6\u00aa feira, dia 23, apresentamos no Be Jazz Cafe, no Barreiro, o cantor e compositor guineense M\u00fb Mbana, m\u00fasico radicado em Barcelona e habitual colaborador da fadista Lula Pena.<\/p>\n<p>M\u00db MBANA<\/p>\n<p>M\u00fb Mbana \u00e9 um m\u00fasico, cantor e compositor nascido na Guin\u00e9-Bissau, a viver actualmente em Barcelona depois de v\u00e1rias temporadas passadas entre Lisboa e o pa\u00eds vizinho.<br \/>\nTendo, desde muito cedo, respirado e absorvido a riqueza musical do seu pa\u00eds de origem, foi com o jazz e o gospel que desenvolveu a sua personalidade art\u00edstica, integrando uma variedade impressionante de grupos e forma\u00e7\u00f5es com nomes como Manu Dibango, Jos\u00e9 Luis Mont\u00f3n ou Rosa Zaragoza e criando composi\u00e7\u00f5es para eventos de monta, dos quais h\u00e1 a destacar o tema da pr\u00e9-inaugura\u00e7\u00e3o da Expo 2008 em Zaragoza.<br \/>\nFoi mais ou menos a partir dessa data que o seu interesse na m\u00fasica Balanta e no retomar da tradi\u00e7\u00e3o musical guineense o levou a investir cada vez mais numa carreira a solo, reinventando-se como cantautor global ao leme de can\u00e7\u00f5es de uma serenidade apaixonante, com recursos aos v\u00e1rios instrumentos de corda por si criados a partir da tradicional Calabaza, e, sobretudo, \u00e0 sua voz m\u00e1gica e cativante.<br \/>\nConhecido tamb\u00e9m pelos v\u00e1rios concertos que, mais recentemente, tem vindo a protagonizar em duo com Lula Pena, M\u00fb far\u00e1 agora a sua estreia em terras barreirenses.<\/p>\n<p><strong>23 de Maio\u00a0 \/\u00a0 22h00 \u00a0\/ \u00a05\u20ac<\/strong><br \/>\nBe Jazz Cafe (Rua Salvador Correia de S\u00e1, n\u00ba6)\u00a0Barreiro<\/p>\n<p style=\"text-align: right;\">\nOUT.RA &#8211; Associa\u00e7\u00e3o Cultural<\/p>\n","protected":false},"excerpt":{"rendered":"<p>Na 6\u00aa feira, dia 23, apresentamos no Be Jazz Cafe, no Barreiro, o cantor e compositor guineense M\u00fb Mbana, m\u00fasico radicado em Barcelona e habitual colaborador da fadista Lula Pena. M\u00db MBANA M\u00fb Mbana \u00e9 um m\u00fasico, cantor e compositor nascido na Guin\u00e9-Bissau, a viver actualmente em Barcelona depois de v\u00e1rias temporadas passadas entre Lisboa [&hellip;]<\/p>\n","protected":false},"author":1,"featured_media":11528,"comment_status":"open","ping_status":"open","sticky":false,"template":"","format":"standard","meta":{"footnotes":""},"categories":[32,13],"tags":[41,552,155],"class_list":["post-11527","post","type-post","status-publish","format-standard","has-post-thumbnail","hentry","category-destaque","category-musica","tag-barreiro","tag-mu-mbana","tag-musica-2","last_archivepost"],"yoast_head":"<!-- This site is optimized with the Yoast SEO plugin v27.1.1 - https:\/\/yoast.com\/product\/yoast-seo-wordpress\/ -->\n<title>M\u00db MBANA no Be Jazz Cafe - barreiroweb<\/title>\n<meta name=\"robots\" content=\"index, follow, max-snippet:-1, max-image-preview:large, max-video-preview:-1\" \/>\n<link rel=\"canonical\" href=\"https:\/\/arquivo.barreiroweb.net\/?p=11527\" \/>\n<meta property=\"og:locale\" content=\"pt_PT\" \/>\n<meta property=\"og:type\" content=\"article\" \/>\n<meta property=\"og:title\" content=\"M\u00db MBANA no Be Jazz Cafe - barreiroweb\" \/>\n<meta property=\"og:description\" content=\"Na 6\u00aa feira, dia 23, apresentamos no Be Jazz Cafe, no Barreiro, o cantor e compositor guineense M\u00fb Mbana, m\u00fasico radicado em Barcelona e habitual colaborador da fadista Lula Pena. M\u00db MBANA M\u00fb Mbana \u00e9 um m\u00fasico, cantor e compositor nascido na Guin\u00e9-Bissau, a viver actualmente em Barcelona depois de v\u00e1rias temporadas passadas entre Lisboa [&hellip;]\" \/>\n<meta property=\"og:url\" content=\"https:\/\/arquivo.barreiroweb.net\/?p=11527\" \/>\n<meta property=\"og:site_name\" content=\"barreiroweb\" \/>\n<meta property=\"article:publisher\" content=\"https:\/\/www.facebook.com\/barreiroweb\" \/>\n<meta property=\"article:published_time\" content=\"2014-05-21T14:55:59+00:00\" \/>\n<meta property=\"og:image\" content=\"https:\/\/arquivo.barreiroweb.net\/wp-content\/uploads\/2014\/05\/Nova-imagem.png\" \/>\n\t<meta property=\"og:image:width\" content=\"314\" \/>\n\t<meta property=\"og:image:height\" content=\"227\" \/>\n\t<meta property=\"og:image:type\" content=\"image\/png\" \/>\n<meta name=\"author\" content=\"barreiroweb\" \/>\n<meta name=\"twitter:card\" content=\"summary_large_image\" \/>\n<meta name=\"twitter:creator\" content=\"@barreiroweb\" \/>\n<meta name=\"twitter:site\" content=\"@barreiroweb\" \/>\n<meta name=\"twitter:label1\" content=\"Escrito por\" \/>\n\t<meta name=\"twitter:data1\" content=\"barreiroweb\" \/>\n\t<meta name=\"twitter:label2\" content=\"Tempo estimado de leitura\" \/>\n\t<meta name=\"twitter:data2\" content=\"1 minuto\" \/>\n<script type=\"application\/ld+json\" class=\"yoast-schema-graph\">{\"@context\":\"https:\/\/schema.org\",\"@graph\":[{\"@type\":\"Article\",\"@id\":\"https:\/\/arquivo.barreiroweb.net\/?p=11527#article\",\"isPartOf\":{\"@id\":\"https:\/\/arquivo.barreiroweb.net\/?p=11527\"},\"author\":{\"name\":\"barreiroweb\",\"@id\":\"https:\/\/arquivo.barreiroweb.net\/#\/schema\/person\/44b6d528aff975e3786c9f475f9df2dd\"},\"headline\":\"M\u00db MBANA no Be Jazz Cafe\",\"datePublished\":\"2014-05-21T14:55:59+00:00\",\"mainEntityOfPage\":{\"@id\":\"https:\/\/arquivo.barreiroweb.net\/?p=11527\"},\"wordCount\":260,\"commentCount\":0,\"publisher\":{\"@id\":\"https:\/\/arquivo.barreiroweb.net\/#organization\"},\"image\":{\"@id\":\"https:\/\/arquivo.barreiroweb.net\/?p=11527#primaryimage\"},\"thumbnailUrl\":\"https:\/\/arquivo.barreiroweb.net\/wp-content\/uploads\/2014\/05\/Nova-imagem.png\",\"keywords\":[\"barreiro\",\"M\u00fb Mbana\",\"musica\"],\"articleSection\":[\"Destaque\",\"Musica\"],\"inLanguage\":\"pt-PT\",\"potentialAction\":[{\"@type\":\"CommentAction\",\"name\":\"Comment\",\"target\":[\"https:\/\/arquivo.barreiroweb.net\/?p=11527#respond\"]}]},{\"@type\":\"WebPage\",\"@id\":\"https:\/\/arquivo.barreiroweb.net\/?p=11527\",\"url\":\"https:\/\/arquivo.barreiroweb.net\/?p=11527\",\"name\":\"M\u00db MBANA no Be Jazz Cafe - barreiroweb\",\"isPartOf\":{\"@id\":\"https:\/\/arquivo.barreiroweb.net\/#website\"},\"primaryImageOfPage\":{\"@id\":\"https:\/\/arquivo.barreiroweb.net\/?p=11527#primaryimage\"},\"image\":{\"@id\":\"https:\/\/arquivo.barreiroweb.net\/?p=11527#primaryimage\"},\"thumbnailUrl\":\"https:\/\/arquivo.barreiroweb.net\/wp-content\/uploads\/2014\/05\/Nova-imagem.png\",\"datePublished\":\"2014-05-21T14:55:59+00:00\",\"breadcrumb\":{\"@id\":\"https:\/\/arquivo.barreiroweb.net\/?p=11527#breadcrumb\"},\"inLanguage\":\"pt-PT\",\"potentialAction\":[{\"@type\":\"ReadAction\",\"target\":[\"https:\/\/arquivo.barreiroweb.net\/?p=11527\"]}]},{\"@type\":\"ImageObject\",\"inLanguage\":\"pt-PT\",\"@id\":\"https:\/\/arquivo.barreiroweb.net\/?p=11527#primaryimage\",\"url\":\"https:\/\/arquivo.barreiroweb.net\/wp-content\/uploads\/2014\/05\/Nova-imagem.png\",\"contentUrl\":\"https:\/\/arquivo.barreiroweb.net\/wp-content\/uploads\/2014\/05\/Nova-imagem.png\",\"width\":314,\"height\":227},{\"@type\":\"BreadcrumbList\",\"@id\":\"https:\/\/arquivo.barreiroweb.net\/?p=11527#breadcrumb\",\"itemListElement\":[{\"@type\":\"ListItem\",\"position\":1,\"name\":\"In\u00edcio\",\"item\":\"https:\/\/arquivo.barreiroweb.net\/\"},{\"@type\":\"ListItem\",\"position\":2,\"name\":\"M\u00db MBANA no Be Jazz Cafe\"}]},{\"@type\":\"WebSite\",\"@id\":\"https:\/\/arquivo.barreiroweb.net\/#website\",\"url\":\"https:\/\/arquivo.barreiroweb.net\/\",\"name\":\"barreiroweb\",\"description\":\"Barreiroweb o barreiro na web\",\"publisher\":{\"@id\":\"https:\/\/arquivo.barreiroweb.net\/#organization\"},\"potentialAction\":[{\"@type\":\"SearchAction\",\"target\":{\"@type\":\"EntryPoint\",\"urlTemplate\":\"https:\/\/arquivo.barreiroweb.net\/?s={search_term_string}\"},\"query-input\":{\"@type\":\"PropertyValueSpecification\",\"valueRequired\":true,\"valueName\":\"search_term_string\"}}],\"inLanguage\":\"pt-PT\"},{\"@type\":\"Organization\",\"@id\":\"https:\/\/arquivo.barreiroweb.net\/#organization\",\"name\":\"barreiroweb\",\"url\":\"https:\/\/arquivo.barreiroweb.net\/\",\"logo\":{\"@type\":\"ImageObject\",\"inLanguage\":\"pt-PT\",\"@id\":\"https:\/\/arquivo.barreiroweb.net\/#\/schema\/logo\/image\/\",\"url\":\"https:\/\/barreiroweb.net\/wp-content\/uploads\/2022\/05\/BarreiroWeb555.jpg\",\"contentUrl\":\"https:\/\/barreiroweb.net\/wp-content\/uploads\/2022\/05\/BarreiroWeb555.jpg\",\"width\":421,\"height\":415,\"caption\":\"barreiroweb\"},\"image\":{\"@id\":\"https:\/\/arquivo.barreiroweb.net\/#\/schema\/logo\/image\/\"},\"sameAs\":[\"https:\/\/www.facebook.com\/barreiroweb\",\"https:\/\/x.com\/barreiroweb\"]},{\"@type\":\"Person\",\"@id\":\"https:\/\/arquivo.barreiroweb.net\/#\/schema\/person\/44b6d528aff975e3786c9f475f9df2dd\",\"name\":\"barreiroweb\",\"image\":{\"@type\":\"ImageObject\",\"inLanguage\":\"pt-PT\",\"@id\":\"https:\/\/arquivo.barreiroweb.net\/#\/schema\/person\/image\/\",\"url\":\"https:\/\/secure.gravatar.com\/avatar\/1f764b917967430404ff0b452044eb63a25d64a5363b25be2aa42273930f477d?s=96&d=mm&r=g\",\"contentUrl\":\"https:\/\/secure.gravatar.com\/avatar\/1f764b917967430404ff0b452044eb63a25d64a5363b25be2aa42273930f477d?s=96&d=mm&r=g\",\"caption\":\"barreiroweb\"},\"url\":\"https:\/\/arquivo.barreiroweb.net\/?author=1\"}]}<\/script>\n<!-- \/ Yoast SEO plugin. -->","yoast_head_json":{"title":"M\u00db MBANA no Be Jazz Cafe - barreiroweb","robots":{"index":"index","follow":"follow","max-snippet":"max-snippet:-1","max-image-preview":"max-image-preview:large","max-video-preview":"max-video-preview:-1"},"canonical":"https:\/\/arquivo.barreiroweb.net\/?p=11527","og_locale":"pt_PT","og_type":"article","og_title":"M\u00db MBANA no Be Jazz Cafe - barreiroweb","og_description":"Na 6\u00aa feira, dia 23, apresentamos no Be Jazz Cafe, no Barreiro, o cantor e compositor guineense M\u00fb Mbana, m\u00fasico radicado em Barcelona e habitual colaborador da fadista Lula Pena. M\u00db MBANA M\u00fb Mbana \u00e9 um m\u00fasico, cantor e compositor nascido na Guin\u00e9-Bissau, a viver actualmente em Barcelona depois de v\u00e1rias temporadas passadas entre Lisboa [&hellip;]","og_url":"https:\/\/arquivo.barreiroweb.net\/?p=11527","og_site_name":"barreiroweb","article_publisher":"https:\/\/www.facebook.com\/barreiroweb","article_published_time":"2014-05-21T14:55:59+00:00","og_image":[{"width":314,"height":227,"url":"https:\/\/arquivo.barreiroweb.net\/wp-content\/uploads\/2014\/05\/Nova-imagem.png","type":"image\/png"}],"author":"barreiroweb","twitter_card":"summary_large_image","twitter_creator":"@barreiroweb","twitter_site":"@barreiroweb","twitter_misc":{"Escrito por":"barreiroweb","Tempo estimado de leitura":"1 minuto"},"schema":{"@context":"https:\/\/schema.org","@graph":[{"@type":"Article","@id":"https:\/\/arquivo.barreiroweb.net\/?p=11527#article","isPartOf":{"@id":"https:\/\/arquivo.barreiroweb.net\/?p=11527"},"author":{"name":"barreiroweb","@id":"https:\/\/arquivo.barreiroweb.net\/#\/schema\/person\/44b6d528aff975e3786c9f475f9df2dd"},"headline":"M\u00db MBANA no Be Jazz Cafe","datePublished":"2014-05-21T14:55:59+00:00","mainEntityOfPage":{"@id":"https:\/\/arquivo.barreiroweb.net\/?p=11527"},"wordCount":260,"commentCount":0,"publisher":{"@id":"https:\/\/arquivo.barreiroweb.net\/#organization"},"image":{"@id":"https:\/\/arquivo.barreiroweb.net\/?p=11527#primaryimage"},"thumbnailUrl":"https:\/\/arquivo.barreiroweb.net\/wp-content\/uploads\/2014\/05\/Nova-imagem.png","keywords":["barreiro","M\u00fb Mbana","musica"],"articleSection":["Destaque","Musica"],"inLanguage":"pt-PT","potentialAction":[{"@type":"CommentAction","name":"Comment","target":["https:\/\/arquivo.barreiroweb.net\/?p=11527#respond"]}]},{"@type":"WebPage","@id":"https:\/\/arquivo.barreiroweb.net\/?p=11527","url":"https:\/\/arquivo.barreiroweb.net\/?p=11527","name":"M\u00db MBANA no Be Jazz Cafe - barreiroweb","isPartOf":{"@id":"https:\/\/arquivo.barreiroweb.net\/#website"},"primaryImageOfPage":{"@id":"https:\/\/arquivo.barreiroweb.net\/?p=11527#primaryimage"},"image":{"@id":"https:\/\/arquivo.barreiroweb.net\/?p=11527#primaryimage"},"thumbnailUrl":"https:\/\/arquivo.barreiroweb.net\/wp-content\/uploads\/2014\/05\/Nova-imagem.png","datePublished":"2014-05-21T14:55:59+00:00","breadcrumb":{"@id":"https:\/\/arquivo.barreiroweb.net\/?p=11527#breadcrumb"},"inLanguage":"pt-PT","potentialAction":[{"@type":"ReadAction","target":["https:\/\/arquivo.barreiroweb.net\/?p=11527"]}]},{"@type":"ImageObject","inLanguage":"pt-PT","@id":"https:\/\/arquivo.barreiroweb.net\/?p=11527#primaryimage","url":"https:\/\/arquivo.barreiroweb.net\/wp-content\/uploads\/2014\/05\/Nova-imagem.png","contentUrl":"https:\/\/arquivo.barreiroweb.net\/wp-content\/uploads\/2014\/05\/Nova-imagem.png","width":314,"height":227},{"@type":"BreadcrumbList","@id":"https:\/\/arquivo.barreiroweb.net\/?p=11527#breadcrumb","itemListElement":[{"@type":"ListItem","position":1,"name":"In\u00edcio","item":"https:\/\/arquivo.barreiroweb.net\/"},{"@type":"ListItem","position":2,"name":"M\u00db MBANA no Be Jazz Cafe"}]},{"@type":"WebSite","@id":"https:\/\/arquivo.barreiroweb.net\/#website","url":"https:\/\/arquivo.barreiroweb.net\/","name":"barreiroweb","description":"Barreiroweb o barreiro na web","publisher":{"@id":"https:\/\/arquivo.barreiroweb.net\/#organization"},"potentialAction":[{"@type":"SearchAction","target":{"@type":"EntryPoint","urlTemplate":"https:\/\/arquivo.barreiroweb.net\/?s={search_term_string}"},"query-input":{"@type":"PropertyValueSpecification","valueRequired":true,"valueName":"search_term_string"}}],"inLanguage":"pt-PT"},{"@type":"Organization","@id":"https:\/\/arquivo.barreiroweb.net\/#organization","name":"barreiroweb","url":"https:\/\/arquivo.barreiroweb.net\/","logo":{"@type":"ImageObject","inLanguage":"pt-PT","@id":"https:\/\/arquivo.barreiroweb.net\/#\/schema\/logo\/image\/","url":"https:\/\/barreiroweb.net\/wp-content\/uploads\/2022\/05\/BarreiroWeb555.jpg","contentUrl":"https:\/\/barreiroweb.net\/wp-content\/uploads\/2022\/05\/BarreiroWeb555.jpg","width":421,"height":415,"caption":"barreiroweb"},"image":{"@id":"https:\/\/arquivo.barreiroweb.net\/#\/schema\/logo\/image\/"},"sameAs":["https:\/\/www.facebook.com\/barreiroweb","https:\/\/x.com\/barreiroweb"]},{"@type":"Person","@id":"https:\/\/arquivo.barreiroweb.net\/#\/schema\/person\/44b6d528aff975e3786c9f475f9df2dd","name":"barreiroweb","image":{"@type":"ImageObject","inLanguage":"pt-PT","@id":"https:\/\/arquivo.barreiroweb.net\/#\/schema\/person\/image\/","url":"https:\/\/secure.gravatar.com\/avatar\/1f764b917967430404ff0b452044eb63a25d64a5363b25be2aa42273930f477d?s=96&d=mm&r=g","contentUrl":"https:\/\/secure.gravatar.com\/avatar\/1f764b917967430404ff0b452044eb63a25d64a5363b25be2aa42273930f477d?s=96&d=mm&r=g","caption":"barreiroweb"},"url":"https:\/\/arquivo.barreiroweb.net\/?author=1"}]}},"_links":{"self":[{"href":"https:\/\/arquivo.barreiroweb.net\/index.php?rest_route=\/wp\/v2\/posts\/11527","targetHints":{"allow":["GET"]}}],"collection":[{"href":"https:\/\/arquivo.barreiroweb.net\/index.php?rest_route=\/wp\/v2\/posts"}],"about":[{"href":"https:\/\/arquivo.barreiroweb.net\/index.php?rest_route=\/wp\/v2\/types\/post"}],"author":[{"embeddable":true,"href":"https:\/\/arquivo.barreiroweb.net\/index.php?rest_route=\/wp\/v2\/users\/1"}],"replies":[{"embeddable":true,"href":"https:\/\/arquivo.barreiroweb.net\/index.php?rest_route=%2Fwp%2Fv2%2Fcomments&post=11527"}],"version-history":[{"count":1,"href":"https:\/\/arquivo.barreiroweb.net\/index.php?rest_route=\/wp\/v2\/posts\/11527\/revisions"}],"predecessor-version":[{"id":11529,"href":"https:\/\/arquivo.barreiroweb.net\/index.php?rest_route=\/wp\/v2\/posts\/11527\/revisions\/11529"}],"wp:featuredmedia":[{"embeddable":true,"href":"https:\/\/arquivo.barreiroweb.net\/index.php?rest_route=\/wp\/v2\/media\/11528"}],"wp:attachment":[{"href":"https:\/\/arquivo.barreiroweb.net\/index.php?rest_route=%2Fwp%2Fv2%2Fmedia&parent=11527"}],"wp:term":[{"taxonomy":"category","embeddable":true,"href":"https:\/\/arquivo.barreiroweb.net\/index.php?rest_route=%2Fwp%2Fv2%2Fcategories&post=11527"},{"taxonomy":"post_tag","embeddable":true,"href":"https:\/\/arquivo.barreiroweb.net\/index.php?rest_route=%2Fwp%2Fv2%2Ftags&post=11527"}],"curies":[{"name":"wp","href":"https:\/\/api.w.org\/{rel}","templated":true}]}}