{"id":11518,"date":"2014-05-21T15:23:48","date_gmt":"2014-05-21T14:23:48","guid":{"rendered":"http:\/\/barreiroweb.eu\/?p=11518"},"modified":"2014-05-21T15:23:48","modified_gmt":"2014-05-21T14:23:48","slug":"apresentacao-do-livro-a-cuf-no-barreiro-realidades-mitos-e-contradicoes","status":"publish","type":"post","link":"https:\/\/arquivo.barreiroweb.net\/?p=11518","title":{"rendered":"APRESENTA\u00c7\u00c3O DO LIVRO : A CUF NO BARREIRO, REALIDADES, MITOS E CONTRADI\u00c7\u00d5ES"},"content":{"rendered":"<p><a href=\"http:\/\/barreiroweb.eu\/wp-content\/uploads\/2014\/05\/Convite_Moita_vFinal_Web.jpg\" rel=\"lightbox[11518]\"><img loading=\"lazy\" decoding=\"async\" class=\"alignleft size-thumbnail wp-image-11519\" src=\"http:\/\/barreiroweb.eu\/wp-content\/uploads\/2014\/05\/Convite_Moita_vFinal_Web-150x150.jpg\" alt=\"Convite_Moita_vFinal_Web\" width=\"150\" height=\"150\" srcset=\"https:\/\/arquivo.barreiroweb.net\/wp-content\/uploads\/2014\/05\/Convite_Moita_vFinal_Web-150x150.jpg 150w, https:\/\/arquivo.barreiroweb.net\/wp-content\/uploads\/2014\/05\/Convite_Moita_vFinal_Web-50x50.jpg 50w, https:\/\/arquivo.barreiroweb.net\/wp-content\/uploads\/2014\/05\/Convite_Moita_vFinal_Web-70x70.jpg 70w, https:\/\/arquivo.barreiroweb.net\/wp-content\/uploads\/2014\/05\/Convite_Moita_vFinal_Web-55x55.jpg 55w\" sizes=\"auto, (max-width: 150px) 100vw, 150px\" \/><\/a>Num dia triste pela partida do Carlos Alberto Oliveira, &#8220;Carl\u00f3&#8221;, fazemos a divulga\u00e7\u00e3o da apresenta\u00e7\u00e3o em ep\u00edgrafe, em 31\/5\/2014, pelas 15.00 h, no GIN\u00c1SIO ATL\u00c9TICO CLUBE DA BAIXA DA BANHEIRA.<\/p>\n<p>Trata-se de um s\u00e1bado \u00e0 tarde, teremos uma boa anima\u00e7\u00e3o com a &#8220;prata da casa&#8221;, conforme o Convite junto, v\u00e3o ver que vale a pena apoiar esta ideia de&#8230;&#8221;conhecer a Hist\u00f3ria como ferramenta da mem\u00f3ria no presente, e ve\u00edculo de aprendizagem do futuro&#8221;.<\/p>\n<p>O Carl\u00f3 estar\u00e1 sempre connosco e decerto aprovaria esta ideia.<\/p>\n<p style=\"text-align: right;\">\u00a0\u00a0 Um Abra\u00e7o<\/p>\n<p style=\"text-align: right;\">\u00a0\u00a0\u00a0Pelos autores<\/p>\n<p style=\"text-align: right;\">\u00a0\u00a0 Armando Teixeira<\/p>\n<p style=\"text-align: left;\"><a href=\"http:\/\/barreiroweb.eu\/wp-content\/uploads\/2014\/05\/Convite_Moita_vFinal_Webg.jpg\" rel=\"lightbox[11518]\"><img loading=\"lazy\" decoding=\"async\" class=\"alignleft size-full wp-image-11520\" src=\"http:\/\/barreiroweb.eu\/wp-content\/uploads\/2014\/05\/Convite_Moita_vFinal_Webg.jpg\" alt=\"Convite_Moita_vFinal_Webg\" width=\"503\" height=\"480\" srcset=\"https:\/\/arquivo.barreiroweb.net\/wp-content\/uploads\/2014\/05\/Convite_Moita_vFinal_Webg.jpg 503w, https:\/\/arquivo.barreiroweb.net\/wp-content\/uploads\/2014\/05\/Convite_Moita_vFinal_Webg-300x286.jpg 300w, https:\/\/arquivo.barreiroweb.net\/wp-content\/uploads\/2014\/05\/Convite_Moita_vFinal_Webg-342x326.jpg 342w, https:\/\/arquivo.barreiroweb.net\/wp-content\/uploads\/2014\/05\/Convite_Moita_vFinal_Webg-500x477.jpg 500w\" sizes=\"auto, (max-width: 503px) 100vw, 503px\" \/><\/a><\/p>\n","protected":false},"excerpt":{"rendered":"<p>Num dia triste pela partida do Carlos Alberto Oliveira, &#8220;Carl\u00f3&#8221;, fazemos a divulga\u00e7\u00e3o da apresenta\u00e7\u00e3o em ep\u00edgrafe, em 31\/5\/2014, pelas 15.00 h, no GIN\u00c1SIO ATL\u00c9TICO CLUBE DA BAIXA DA BANHEIRA. Trata-se de um s\u00e1bado \u00e0 tarde, teremos uma boa anima\u00e7\u00e3o com a &#8220;prata da casa&#8221;, conforme o Convite junto, v\u00e3o ver que vale a pena [&hellip;]<\/p>\n","protected":false},"author":1,"featured_media":11519,"comment_status":"open","ping_status":"open","sticky":false,"template":"","format":"standard","meta":{"footnotes":""},"categories":[32,159],"tags":[41,550,37],"class_list":["post-11518","post","type-post","status-publish","format-standard","has-post-thumbnail","hentry","category-destaque","category-livros","tag-barreiro","tag-cuf-no-barreiro","tag-moita","last_archivepost"],"yoast_head":"<!-- This site is optimized with the Yoast SEO plugin v27.1.1 - https:\/\/yoast.com\/product\/yoast-seo-wordpress\/ -->\n<title>APRESENTA\u00c7\u00c3O DO LIVRO : A CUF NO BARREIRO, REALIDADES, MITOS E CONTRADI\u00c7\u00d5ES - barreiroweb<\/title>\n<meta name=\"robots\" content=\"index, follow, max-snippet:-1, max-image-preview:large, max-video-preview:-1\" \/>\n<link rel=\"canonical\" href=\"https:\/\/arquivo.barreiroweb.net\/?p=11518\" \/>\n<meta property=\"og:locale\" content=\"pt_PT\" \/>\n<meta property=\"og:type\" content=\"article\" \/>\n<meta property=\"og:title\" content=\"APRESENTA\u00c7\u00c3O DO LIVRO : A CUF NO BARREIRO, REALIDADES, MITOS E CONTRADI\u00c7\u00d5ES - barreiroweb\" \/>\n<meta property=\"og:description\" content=\"Num dia triste pela partida do Carlos Alberto Oliveira, &#8220;Carl\u00f3&#8221;, fazemos a divulga\u00e7\u00e3o da apresenta\u00e7\u00e3o em ep\u00edgrafe, em 31\/5\/2014, pelas 15.00 h, no GIN\u00c1SIO ATL\u00c9TICO CLUBE DA BAIXA DA BANHEIRA. Trata-se de um s\u00e1bado \u00e0 tarde, teremos uma boa anima\u00e7\u00e3o com a &#8220;prata da casa&#8221;, conforme o Convite junto, v\u00e3o ver que vale a pena [&hellip;]\" \/>\n<meta property=\"og:url\" content=\"https:\/\/arquivo.barreiroweb.net\/?p=11518\" \/>\n<meta property=\"og:site_name\" content=\"barreiroweb\" \/>\n<meta property=\"article:publisher\" content=\"https:\/\/www.facebook.com\/barreiroweb\" \/>\n<meta property=\"article:published_time\" content=\"2014-05-21T14:23:48+00:00\" \/>\n<meta property=\"og:image\" content=\"https:\/\/arquivo.barreiroweb.net\/wp-content\/uploads\/2014\/05\/Convite_Moita_vFinal_Web.jpg\" \/>\n\t<meta property=\"og:image:width\" content=\"246\" \/>\n\t<meta property=\"og:image:height\" content=\"235\" \/>\n\t<meta property=\"og:image:type\" content=\"image\/jpeg\" \/>\n<meta name=\"author\" content=\"barreiroweb\" \/>\n<meta name=\"twitter:card\" content=\"summary_large_image\" \/>\n<meta name=\"twitter:creator\" content=\"@barreiroweb\" \/>\n<meta name=\"twitter:site\" content=\"@barreiroweb\" \/>\n<meta name=\"twitter:label1\" content=\"Escrito por\" \/>\n\t<meta name=\"twitter:data1\" content=\"barreiroweb\" \/>\n<script type=\"application\/ld+json\" class=\"yoast-schema-graph\">{\"@context\":\"https:\/\/schema.org\",\"@graph\":[{\"@type\":\"Article\",\"@id\":\"https:\/\/arquivo.barreiroweb.net\/?p=11518#article\",\"isPartOf\":{\"@id\":\"https:\/\/arquivo.barreiroweb.net\/?p=11518\"},\"author\":{\"name\":\"barreiroweb\",\"@id\":\"https:\/\/arquivo.barreiroweb.net\/#\/schema\/person\/44b6d528aff975e3786c9f475f9df2dd\"},\"headline\":\"APRESENTA\u00c7\u00c3O DO LIVRO : A CUF NO BARREIRO, REALIDADES, MITOS E CONTRADI\u00c7\u00d5ES\",\"datePublished\":\"2014-05-21T14:23:48+00:00\",\"mainEntityOfPage\":{\"@id\":\"https:\/\/arquivo.barreiroweb.net\/?p=11518\"},\"wordCount\":112,\"commentCount\":0,\"publisher\":{\"@id\":\"https:\/\/arquivo.barreiroweb.net\/#organization\"},\"image\":{\"@id\":\"https:\/\/arquivo.barreiroweb.net\/?p=11518#primaryimage\"},\"thumbnailUrl\":\"https:\/\/arquivo.barreiroweb.net\/wp-content\/uploads\/2014\/05\/Convite_Moita_vFinal_Web.jpg\",\"keywords\":[\"barreiro\",\"CUF NO BARREIRO\",\"moita\"],\"articleSection\":[\"Destaque\",\"Livros\"],\"inLanguage\":\"pt-PT\",\"potentialAction\":[{\"@type\":\"CommentAction\",\"name\":\"Comment\",\"target\":[\"https:\/\/arquivo.barreiroweb.net\/?p=11518#respond\"]}]},{\"@type\":\"WebPage\",\"@id\":\"https:\/\/arquivo.barreiroweb.net\/?p=11518\",\"url\":\"https:\/\/arquivo.barreiroweb.net\/?p=11518\",\"name\":\"APRESENTA\u00c7\u00c3O DO LIVRO : A CUF NO BARREIRO, REALIDADES, MITOS E CONTRADI\u00c7\u00d5ES - barreiroweb\",\"isPartOf\":{\"@id\":\"https:\/\/arquivo.barreiroweb.net\/#website\"},\"primaryImageOfPage\":{\"@id\":\"https:\/\/arquivo.barreiroweb.net\/?p=11518#primaryimage\"},\"image\":{\"@id\":\"https:\/\/arquivo.barreiroweb.net\/?p=11518#primaryimage\"},\"thumbnailUrl\":\"https:\/\/arquivo.barreiroweb.net\/wp-content\/uploads\/2014\/05\/Convite_Moita_vFinal_Web.jpg\",\"datePublished\":\"2014-05-21T14:23:48+00:00\",\"breadcrumb\":{\"@id\":\"https:\/\/arquivo.barreiroweb.net\/?p=11518#breadcrumb\"},\"inLanguage\":\"pt-PT\",\"potentialAction\":[{\"@type\":\"ReadAction\",\"target\":[\"https:\/\/arquivo.barreiroweb.net\/?p=11518\"]}]},{\"@type\":\"ImageObject\",\"inLanguage\":\"pt-PT\",\"@id\":\"https:\/\/arquivo.barreiroweb.net\/?p=11518#primaryimage\",\"url\":\"https:\/\/arquivo.barreiroweb.net\/wp-content\/uploads\/2014\/05\/Convite_Moita_vFinal_Web.jpg\",\"contentUrl\":\"https:\/\/arquivo.barreiroweb.net\/wp-content\/uploads\/2014\/05\/Convite_Moita_vFinal_Web.jpg\",\"width\":246,\"height\":235},{\"@type\":\"BreadcrumbList\",\"@id\":\"https:\/\/arquivo.barreiroweb.net\/?p=11518#breadcrumb\",\"itemListElement\":[{\"@type\":\"ListItem\",\"position\":1,\"name\":\"In\u00edcio\",\"item\":\"https:\/\/arquivo.barreiroweb.net\/\"},{\"@type\":\"ListItem\",\"position\":2,\"name\":\"APRESENTA\u00c7\u00c3O DO LIVRO : A CUF NO BARREIRO, REALIDADES, MITOS E CONTRADI\u00c7\u00d5ES\"}]},{\"@type\":\"WebSite\",\"@id\":\"https:\/\/arquivo.barreiroweb.net\/#website\",\"url\":\"https:\/\/arquivo.barreiroweb.net\/\",\"name\":\"barreiroweb\",\"description\":\"Barreiroweb o barreiro na web\",\"publisher\":{\"@id\":\"https:\/\/arquivo.barreiroweb.net\/#organization\"},\"potentialAction\":[{\"@type\":\"SearchAction\",\"target\":{\"@type\":\"EntryPoint\",\"urlTemplate\":\"https:\/\/arquivo.barreiroweb.net\/?s={search_term_string}\"},\"query-input\":{\"@type\":\"PropertyValueSpecification\",\"valueRequired\":true,\"valueName\":\"search_term_string\"}}],\"inLanguage\":\"pt-PT\"},{\"@type\":\"Organization\",\"@id\":\"https:\/\/arquivo.barreiroweb.net\/#organization\",\"name\":\"barreiroweb\",\"url\":\"https:\/\/arquivo.barreiroweb.net\/\",\"logo\":{\"@type\":\"ImageObject\",\"inLanguage\":\"pt-PT\",\"@id\":\"https:\/\/arquivo.barreiroweb.net\/#\/schema\/logo\/image\/\",\"url\":\"https:\/\/barreiroweb.net\/wp-content\/uploads\/2022\/05\/BarreiroWeb555.jpg\",\"contentUrl\":\"https:\/\/barreiroweb.net\/wp-content\/uploads\/2022\/05\/BarreiroWeb555.jpg\",\"width\":421,\"height\":415,\"caption\":\"barreiroweb\"},\"image\":{\"@id\":\"https:\/\/arquivo.barreiroweb.net\/#\/schema\/logo\/image\/\"},\"sameAs\":[\"https:\/\/www.facebook.com\/barreiroweb\",\"https:\/\/x.com\/barreiroweb\"]},{\"@type\":\"Person\",\"@id\":\"https:\/\/arquivo.barreiroweb.net\/#\/schema\/person\/44b6d528aff975e3786c9f475f9df2dd\",\"name\":\"barreiroweb\",\"image\":{\"@type\":\"ImageObject\",\"inLanguage\":\"pt-PT\",\"@id\":\"https:\/\/arquivo.barreiroweb.net\/#\/schema\/person\/image\/\",\"url\":\"https:\/\/secure.gravatar.com\/avatar\/1f764b917967430404ff0b452044eb63a25d64a5363b25be2aa42273930f477d?s=96&d=mm&r=g\",\"contentUrl\":\"https:\/\/secure.gravatar.com\/avatar\/1f764b917967430404ff0b452044eb63a25d64a5363b25be2aa42273930f477d?s=96&d=mm&r=g\",\"caption\":\"barreiroweb\"},\"url\":\"https:\/\/arquivo.barreiroweb.net\/?author=1\"}]}<\/script>\n<!-- \/ Yoast SEO plugin. -->","yoast_head_json":{"title":"APRESENTA\u00c7\u00c3O DO LIVRO : A CUF NO BARREIRO, REALIDADES, MITOS E CONTRADI\u00c7\u00d5ES - barreiroweb","robots":{"index":"index","follow":"follow","max-snippet":"max-snippet:-1","max-image-preview":"max-image-preview:large","max-video-preview":"max-video-preview:-1"},"canonical":"https:\/\/arquivo.barreiroweb.net\/?p=11518","og_locale":"pt_PT","og_type":"article","og_title":"APRESENTA\u00c7\u00c3O DO LIVRO : A CUF NO BARREIRO, REALIDADES, MITOS E CONTRADI\u00c7\u00d5ES - barreiroweb","og_description":"Num dia triste pela partida do Carlos Alberto Oliveira, &#8220;Carl\u00f3&#8221;, fazemos a divulga\u00e7\u00e3o da apresenta\u00e7\u00e3o em ep\u00edgrafe, em 31\/5\/2014, pelas 15.00 h, no GIN\u00c1SIO ATL\u00c9TICO CLUBE DA BAIXA DA BANHEIRA. Trata-se de um s\u00e1bado \u00e0 tarde, teremos uma boa anima\u00e7\u00e3o com a &#8220;prata da casa&#8221;, conforme o Convite junto, v\u00e3o ver que vale a pena [&hellip;]","og_url":"https:\/\/arquivo.barreiroweb.net\/?p=11518","og_site_name":"barreiroweb","article_publisher":"https:\/\/www.facebook.com\/barreiroweb","article_published_time":"2014-05-21T14:23:48+00:00","og_image":[{"width":246,"height":235,"url":"https:\/\/arquivo.barreiroweb.net\/wp-content\/uploads\/2014\/05\/Convite_Moita_vFinal_Web.jpg","type":"image\/jpeg"}],"author":"barreiroweb","twitter_card":"summary_large_image","twitter_creator":"@barreiroweb","twitter_site":"@barreiroweb","twitter_misc":{"Escrito por":"barreiroweb"},"schema":{"@context":"https:\/\/schema.org","@graph":[{"@type":"Article","@id":"https:\/\/arquivo.barreiroweb.net\/?p=11518#article","isPartOf":{"@id":"https:\/\/arquivo.barreiroweb.net\/?p=11518"},"author":{"name":"barreiroweb","@id":"https:\/\/arquivo.barreiroweb.net\/#\/schema\/person\/44b6d528aff975e3786c9f475f9df2dd"},"headline":"APRESENTA\u00c7\u00c3O DO LIVRO : A CUF NO BARREIRO, REALIDADES, MITOS E CONTRADI\u00c7\u00d5ES","datePublished":"2014-05-21T14:23:48+00:00","mainEntityOfPage":{"@id":"https:\/\/arquivo.barreiroweb.net\/?p=11518"},"wordCount":112,"commentCount":0,"publisher":{"@id":"https:\/\/arquivo.barreiroweb.net\/#organization"},"image":{"@id":"https:\/\/arquivo.barreiroweb.net\/?p=11518#primaryimage"},"thumbnailUrl":"https:\/\/arquivo.barreiroweb.net\/wp-content\/uploads\/2014\/05\/Convite_Moita_vFinal_Web.jpg","keywords":["barreiro","CUF NO BARREIRO","moita"],"articleSection":["Destaque","Livros"],"inLanguage":"pt-PT","potentialAction":[{"@type":"CommentAction","name":"Comment","target":["https:\/\/arquivo.barreiroweb.net\/?p=11518#respond"]}]},{"@type":"WebPage","@id":"https:\/\/arquivo.barreiroweb.net\/?p=11518","url":"https:\/\/arquivo.barreiroweb.net\/?p=11518","name":"APRESENTA\u00c7\u00c3O DO LIVRO : A CUF NO BARREIRO, REALIDADES, MITOS E CONTRADI\u00c7\u00d5ES - barreiroweb","isPartOf":{"@id":"https:\/\/arquivo.barreiroweb.net\/#website"},"primaryImageOfPage":{"@id":"https:\/\/arquivo.barreiroweb.net\/?p=11518#primaryimage"},"image":{"@id":"https:\/\/arquivo.barreiroweb.net\/?p=11518#primaryimage"},"thumbnailUrl":"https:\/\/arquivo.barreiroweb.net\/wp-content\/uploads\/2014\/05\/Convite_Moita_vFinal_Web.jpg","datePublished":"2014-05-21T14:23:48+00:00","breadcrumb":{"@id":"https:\/\/arquivo.barreiroweb.net\/?p=11518#breadcrumb"},"inLanguage":"pt-PT","potentialAction":[{"@type":"ReadAction","target":["https:\/\/arquivo.barreiroweb.net\/?p=11518"]}]},{"@type":"ImageObject","inLanguage":"pt-PT","@id":"https:\/\/arquivo.barreiroweb.net\/?p=11518#primaryimage","url":"https:\/\/arquivo.barreiroweb.net\/wp-content\/uploads\/2014\/05\/Convite_Moita_vFinal_Web.jpg","contentUrl":"https:\/\/arquivo.barreiroweb.net\/wp-content\/uploads\/2014\/05\/Convite_Moita_vFinal_Web.jpg","width":246,"height":235},{"@type":"BreadcrumbList","@id":"https:\/\/arquivo.barreiroweb.net\/?p=11518#breadcrumb","itemListElement":[{"@type":"ListItem","position":1,"name":"In\u00edcio","item":"https:\/\/arquivo.barreiroweb.net\/"},{"@type":"ListItem","position":2,"name":"APRESENTA\u00c7\u00c3O DO LIVRO : A CUF NO BARREIRO, REALIDADES, MITOS E CONTRADI\u00c7\u00d5ES"}]},{"@type":"WebSite","@id":"https:\/\/arquivo.barreiroweb.net\/#website","url":"https:\/\/arquivo.barreiroweb.net\/","name":"barreiroweb","description":"Barreiroweb o barreiro na web","publisher":{"@id":"https:\/\/arquivo.barreiroweb.net\/#organization"},"potentialAction":[{"@type":"SearchAction","target":{"@type":"EntryPoint","urlTemplate":"https:\/\/arquivo.barreiroweb.net\/?s={search_term_string}"},"query-input":{"@type":"PropertyValueSpecification","valueRequired":true,"valueName":"search_term_string"}}],"inLanguage":"pt-PT"},{"@type":"Organization","@id":"https:\/\/arquivo.barreiroweb.net\/#organization","name":"barreiroweb","url":"https:\/\/arquivo.barreiroweb.net\/","logo":{"@type":"ImageObject","inLanguage":"pt-PT","@id":"https:\/\/arquivo.barreiroweb.net\/#\/schema\/logo\/image\/","url":"https:\/\/barreiroweb.net\/wp-content\/uploads\/2022\/05\/BarreiroWeb555.jpg","contentUrl":"https:\/\/barreiroweb.net\/wp-content\/uploads\/2022\/05\/BarreiroWeb555.jpg","width":421,"height":415,"caption":"barreiroweb"},"image":{"@id":"https:\/\/arquivo.barreiroweb.net\/#\/schema\/logo\/image\/"},"sameAs":["https:\/\/www.facebook.com\/barreiroweb","https:\/\/x.com\/barreiroweb"]},{"@type":"Person","@id":"https:\/\/arquivo.barreiroweb.net\/#\/schema\/person\/44b6d528aff975e3786c9f475f9df2dd","name":"barreiroweb","image":{"@type":"ImageObject","inLanguage":"pt-PT","@id":"https:\/\/arquivo.barreiroweb.net\/#\/schema\/person\/image\/","url":"https:\/\/secure.gravatar.com\/avatar\/1f764b917967430404ff0b452044eb63a25d64a5363b25be2aa42273930f477d?s=96&d=mm&r=g","contentUrl":"https:\/\/secure.gravatar.com\/avatar\/1f764b917967430404ff0b452044eb63a25d64a5363b25be2aa42273930f477d?s=96&d=mm&r=g","caption":"barreiroweb"},"url":"https:\/\/arquivo.barreiroweb.net\/?author=1"}]}},"_links":{"self":[{"href":"https:\/\/arquivo.barreiroweb.net\/index.php?rest_route=\/wp\/v2\/posts\/11518","targetHints":{"allow":["GET"]}}],"collection":[{"href":"https:\/\/arquivo.barreiroweb.net\/index.php?rest_route=\/wp\/v2\/posts"}],"about":[{"href":"https:\/\/arquivo.barreiroweb.net\/index.php?rest_route=\/wp\/v2\/types\/post"}],"author":[{"embeddable":true,"href":"https:\/\/arquivo.barreiroweb.net\/index.php?rest_route=\/wp\/v2\/users\/1"}],"replies":[{"embeddable":true,"href":"https:\/\/arquivo.barreiroweb.net\/index.php?rest_route=%2Fwp%2Fv2%2Fcomments&post=11518"}],"version-history":[{"count":1,"href":"https:\/\/arquivo.barreiroweb.net\/index.php?rest_route=\/wp\/v2\/posts\/11518\/revisions"}],"predecessor-version":[{"id":11521,"href":"https:\/\/arquivo.barreiroweb.net\/index.php?rest_route=\/wp\/v2\/posts\/11518\/revisions\/11521"}],"wp:featuredmedia":[{"embeddable":true,"href":"https:\/\/arquivo.barreiroweb.net\/index.php?rest_route=\/wp\/v2\/media\/11519"}],"wp:attachment":[{"href":"https:\/\/arquivo.barreiroweb.net\/index.php?rest_route=%2Fwp%2Fv2%2Fmedia&parent=11518"}],"wp:term":[{"taxonomy":"category","embeddable":true,"href":"https:\/\/arquivo.barreiroweb.net\/index.php?rest_route=%2Fwp%2Fv2%2Fcategories&post=11518"},{"taxonomy":"post_tag","embeddable":true,"href":"https:\/\/arquivo.barreiroweb.net\/index.php?rest_route=%2Fwp%2Fv2%2Ftags&post=11518"}],"curies":[{"name":"wp","href":"https:\/\/api.w.org\/{rel}","templated":true}]}}