{"id":11393,"date":"2014-04-29T22:00:36","date_gmt":"2014-04-29T21:00:36","guid":{"rendered":"http:\/\/barreiroweb.eu\/?p=11393"},"modified":"2014-04-29T22:00:36","modified_gmt":"2014-04-29T21:00:36","slug":"contar-historias-vividas-no-25-de-abril","status":"publish","type":"post","link":"https:\/\/arquivo.barreiroweb.net\/?p=11393","title":{"rendered":"Contar Hist\u00f3rias (Vividas) no 25 de Abril"},"content":{"rendered":"<p style=\"text-align: justify;\"><strong><a href=\"http:\/\/barreiroweb.eu\/wp-content\/uploads\/2014\/04\/CONTAR-HISTORIAS-4-2.jpg\" rel=\"lightbox[11393]\"><img loading=\"lazy\" decoding=\"async\" class=\"alignleft size-thumbnail wp-image-11394\" src=\"http:\/\/barreiroweb.eu\/wp-content\/uploads\/2014\/04\/CONTAR-HISTORIAS-4-2-150x150.jpg\" alt=\"CONTAR HISTORIAS (4) (2)\" width=\"150\" height=\"150\" srcset=\"https:\/\/arquivo.barreiroweb.net\/wp-content\/uploads\/2014\/04\/CONTAR-HISTORIAS-4-2-150x150.jpg 150w, https:\/\/arquivo.barreiroweb.net\/wp-content\/uploads\/2014\/04\/CONTAR-HISTORIAS-4-2-50x50.jpg 50w, https:\/\/arquivo.barreiroweb.net\/wp-content\/uploads\/2014\/04\/CONTAR-HISTORIAS-4-2-70x70.jpg 70w, https:\/\/arquivo.barreiroweb.net\/wp-content\/uploads\/2014\/04\/CONTAR-HISTORIAS-4-2-55x55.jpg 55w\" sizes=\"auto, (max-width: 150px) 100vw, 150px\" \/><\/a>Presidente da CMB recordou o Estado Novo e a Revolu\u00e7\u00e3o dos Cravos com alunos do 12\u00ba ano<\/strong><\/p>\n<p style=\"text-align: justify;\"><strong>Uma turma de alunos do 12\u00ba ano da Escola Secund\u00e1ria de Santo Andr\u00e9 ouviu, hoje, dia 29 de abril, o Presidente da C\u00e2mara Municipal do Barreiro, Carlos Humberto de Carvalho, recordar momentos vividos, pelo pr\u00f3prio, na \u00e9poca do fascismo em Portugal e no dia 25 de Abril de 1974.<\/strong><\/p>\n<p style=\"text-align: justify;\">Recorde-se que, no \u00e2mbito da iniciativa da CMB \u201cContar Hist\u00f3rias (Vividas) no 25 de Abril, v\u00e1rios convidados t\u00eam ido \u00e0s escolas do 1\u00ba, 2\u00ba, 3\u00ba ciclos e secund\u00e1rio partilhar com os alunos as recorda\u00e7\u00f5es que t\u00eam dessa \u00e9poca importante da hist\u00f3ria de Portugal. Esta iniciativa, que se prolonga at\u00e9 9 de maio, conta com a participa\u00e7\u00e3o de nomes como Eduardo Guerreirinho, Armindo Fernandes, Erc\u00edlia Talhadas, Jos\u00e9 Encarna\u00e7\u00e3o, Luciano Barata, Armando Teixeira e Am\u00e1lia Valegas, entre outros.<\/p>\n<p style=\"text-align: justify;\"><strong>\u201cFilme a preto e branco\u201d<\/strong><\/p>\n<p style=\"text-align: justify;\">Carlos Humberto de Carvalho tinha 23 anos quando aconteceu o 25 de Abril de 1974. Antes \u201cviv\u00edamos um filme a preto e branco\u201d, referiu o Presidente da CMB, recordando pormenores como o facto de, na escola, n\u00e3o haver turmas mistas, ser necess\u00e1ria licen\u00e7a para o uso de isqueiro, ser proibida a Coca-Cola em Portugal. \u201cEra uma sociedade muito fechada, com pouco acesso \u00e0 informa\u00e7\u00e3o, com censura\u201d, referiu Carlos Humberto de Carvalho. Da sua juventude e no \u00e2mbito da atividade cultural em que participava, recordou epis\u00f3dios de organiza\u00e7\u00e3o de iniciativas culturais, nomeadamente no \u00e2mbito da Comiss\u00e3o Democr\u00e1tica Eleitoral, em que a PIDE e a GNR estavam sempre presentes, a oprimir.<\/p>\n<p style=\"text-align: justify;\">Carlos Humberto de Carvalho salientou que, para os jovens dessa \u00e9poca, havia uma ang\u00fastia muito grande: \u201csab\u00edamos que, mais tarde ou mais cedo, ter\u00edamos de ir para a tropa, o que significava que tamb\u00e9m ir\u00edamos para a guerra\u201d. A revolta estudantil francesa em Maio de 68, a tomada de consci\u00eancia da situa\u00e7\u00e3o social em Portugal e da guerra em \u00c1frica, entre outros aspetos, levou a que Carlos Humberto de Carvalho, \u00e0 semelhan\u00e7a de muitos outros jovens, come\u00e7asse a intervir com vista a uma mudan\u00e7a de regime. Em 1971 aderiu ao Partido Comunista Portugu\u00eas e, tamb\u00e9m nessa altura, viu-se confrontado com a inevitabilidade de ir para a tropa. \u201cIr a salto\u201d (fugir para Fran\u00e7a) ou \u201carriscar-se a morrer na guerra\u201d era o dilema. \u201cEstava disposto a dar a vida para defender a minha p\u00e1tria, mas aquilo n\u00e3o era defender a p\u00e1tria, era oprimir outros povos\u201d. Apesar de ter consci\u00eancia da injusti\u00e7a que representava a guerra \u2018do Ultramar\u2019, pensou que \u201cse isto tem de mudar e se nos vamos embora, quem \u00e9 que d\u00e1 a volta a isto. Temos de ir para a tropa e por dentro tentar mudar\u201d.<\/p>\n<p style=\"text-align: justify;\">Assim, em mar\u00e7o de 73 foi para Mo\u00e7ambique. Sendo contra a guerra e aquela sociedade estratificada, viveu \u201cdos momentos mais dif\u00edceis da minha vida\u201d.<\/p>\n<p style=\"text-align: justify;\">Quando aconteceu a Revolu\u00e7\u00e3o dos Cravos estava ainda em Mo\u00e7ambique, j\u00e1 com a sua mulher, com quem entretanto, tinha casado por procura\u00e7\u00e3o.<\/p>\n<p><strong>CMB 2014-04-29<\/strong><\/p>\n","protected":false},"excerpt":{"rendered":"<p>Presidente da CMB recordou o Estado Novo e a Revolu\u00e7\u00e3o dos Cravos com alunos do 12\u00ba ano Uma turma de alunos do 12\u00ba ano da Escola Secund\u00e1ria de Santo Andr\u00e9 ouviu, hoje, dia 29 de abril, o Presidente da C\u00e2mara Municipal do Barreiro, Carlos Humberto de Carvalho, recordar momentos vividos, pelo pr\u00f3prio, na \u00e9poca do [&hellip;]<\/p>\n","protected":false},"author":1,"featured_media":11394,"comment_status":"open","ping_status":"open","sticky":false,"template":"","format":"standard","meta":{"footnotes":""},"categories":[32,3],"tags":[152,41],"class_list":["post-11393","post","type-post","status-publish","format-standard","has-post-thumbnail","hentry","category-destaque","category-eventos","tag-25-de-abril","tag-barreiro","last_archivepost"],"yoast_head":"<!-- This site is optimized with the Yoast SEO plugin v27.1.1 - https:\/\/yoast.com\/product\/yoast-seo-wordpress\/ -->\n<title>Contar Hist\u00f3rias (Vividas) no 25 de Abril - barreiroweb<\/title>\n<meta name=\"robots\" content=\"index, follow, max-snippet:-1, max-image-preview:large, max-video-preview:-1\" \/>\n<link rel=\"canonical\" href=\"https:\/\/arquivo.barreiroweb.net\/?p=11393\" \/>\n<meta property=\"og:locale\" content=\"pt_PT\" \/>\n<meta property=\"og:type\" content=\"article\" \/>\n<meta property=\"og:title\" content=\"Contar Hist\u00f3rias (Vividas) no 25 de Abril - barreiroweb\" \/>\n<meta property=\"og:description\" content=\"Presidente da CMB recordou o Estado Novo e a Revolu\u00e7\u00e3o dos Cravos com alunos do 12\u00ba ano Uma turma de alunos do 12\u00ba ano da Escola Secund\u00e1ria de Santo Andr\u00e9 ouviu, hoje, dia 29 de abril, o Presidente da C\u00e2mara Municipal do Barreiro, Carlos Humberto de Carvalho, recordar momentos vividos, pelo pr\u00f3prio, na \u00e9poca do [&hellip;]\" \/>\n<meta property=\"og:url\" content=\"https:\/\/arquivo.barreiroweb.net\/?p=11393\" \/>\n<meta property=\"og:site_name\" content=\"barreiroweb\" \/>\n<meta property=\"article:publisher\" content=\"https:\/\/www.facebook.com\/barreiroweb\" \/>\n<meta property=\"article:published_time\" content=\"2014-04-29T21:00:36+00:00\" \/>\n<meta property=\"og:image\" content=\"https:\/\/arquivo.barreiroweb.net\/wp-content\/uploads\/2014\/04\/CONTAR-HISTORIAS-4-2.jpg\" \/>\n\t<meta property=\"og:image:width\" content=\"314\" \/>\n\t<meta property=\"og:image:height\" content=\"235\" \/>\n\t<meta property=\"og:image:type\" content=\"image\/jpeg\" \/>\n<meta name=\"author\" content=\"barreiroweb\" \/>\n<meta name=\"twitter:card\" content=\"summary_large_image\" \/>\n<meta name=\"twitter:creator\" content=\"@barreiroweb\" \/>\n<meta name=\"twitter:site\" content=\"@barreiroweb\" \/>\n<meta name=\"twitter:label1\" content=\"Escrito por\" \/>\n\t<meta name=\"twitter:data1\" content=\"barreiroweb\" \/>\n\t<meta name=\"twitter:label2\" content=\"Tempo estimado de leitura\" \/>\n\t<meta name=\"twitter:data2\" content=\"3 minutos\" \/>\n<script type=\"application\/ld+json\" class=\"yoast-schema-graph\">{\"@context\":\"https:\/\/schema.org\",\"@graph\":[{\"@type\":\"Article\",\"@id\":\"https:\/\/arquivo.barreiroweb.net\/?p=11393#article\",\"isPartOf\":{\"@id\":\"https:\/\/arquivo.barreiroweb.net\/?p=11393\"},\"author\":{\"name\":\"barreiroweb\",\"@id\":\"https:\/\/arquivo.barreiroweb.net\/#\/schema\/person\/44b6d528aff975e3786c9f475f9df2dd\"},\"headline\":\"Contar Hist\u00f3rias (Vividas) no 25 de Abril\",\"datePublished\":\"2014-04-29T21:00:36+00:00\",\"mainEntityOfPage\":{\"@id\":\"https:\/\/arquivo.barreiroweb.net\/?p=11393\"},\"wordCount\":528,\"commentCount\":0,\"publisher\":{\"@id\":\"https:\/\/arquivo.barreiroweb.net\/#organization\"},\"image\":{\"@id\":\"https:\/\/arquivo.barreiroweb.net\/?p=11393#primaryimage\"},\"thumbnailUrl\":\"https:\/\/arquivo.barreiroweb.net\/wp-content\/uploads\/2014\/04\/CONTAR-HISTORIAS-4-2.jpg\",\"keywords\":[\"25 de abril\",\"barreiro\"],\"articleSection\":[\"Destaque\",\"Eventos\"],\"inLanguage\":\"pt-PT\",\"potentialAction\":[{\"@type\":\"CommentAction\",\"name\":\"Comment\",\"target\":[\"https:\/\/arquivo.barreiroweb.net\/?p=11393#respond\"]}]},{\"@type\":\"WebPage\",\"@id\":\"https:\/\/arquivo.barreiroweb.net\/?p=11393\",\"url\":\"https:\/\/arquivo.barreiroweb.net\/?p=11393\",\"name\":\"Contar Hist\u00f3rias (Vividas) no 25 de Abril - barreiroweb\",\"isPartOf\":{\"@id\":\"https:\/\/arquivo.barreiroweb.net\/#website\"},\"primaryImageOfPage\":{\"@id\":\"https:\/\/arquivo.barreiroweb.net\/?p=11393#primaryimage\"},\"image\":{\"@id\":\"https:\/\/arquivo.barreiroweb.net\/?p=11393#primaryimage\"},\"thumbnailUrl\":\"https:\/\/arquivo.barreiroweb.net\/wp-content\/uploads\/2014\/04\/CONTAR-HISTORIAS-4-2.jpg\",\"datePublished\":\"2014-04-29T21:00:36+00:00\",\"breadcrumb\":{\"@id\":\"https:\/\/arquivo.barreiroweb.net\/?p=11393#breadcrumb\"},\"inLanguage\":\"pt-PT\",\"potentialAction\":[{\"@type\":\"ReadAction\",\"target\":[\"https:\/\/arquivo.barreiroweb.net\/?p=11393\"]}]},{\"@type\":\"ImageObject\",\"inLanguage\":\"pt-PT\",\"@id\":\"https:\/\/arquivo.barreiroweb.net\/?p=11393#primaryimage\",\"url\":\"https:\/\/arquivo.barreiroweb.net\/wp-content\/uploads\/2014\/04\/CONTAR-HISTORIAS-4-2.jpg\",\"contentUrl\":\"https:\/\/arquivo.barreiroweb.net\/wp-content\/uploads\/2014\/04\/CONTAR-HISTORIAS-4-2.jpg\",\"width\":314,\"height\":235},{\"@type\":\"BreadcrumbList\",\"@id\":\"https:\/\/arquivo.barreiroweb.net\/?p=11393#breadcrumb\",\"itemListElement\":[{\"@type\":\"ListItem\",\"position\":1,\"name\":\"In\u00edcio\",\"item\":\"https:\/\/arquivo.barreiroweb.net\/\"},{\"@type\":\"ListItem\",\"position\":2,\"name\":\"Contar Hist\u00f3rias (Vividas) no 25 de Abril\"}]},{\"@type\":\"WebSite\",\"@id\":\"https:\/\/arquivo.barreiroweb.net\/#website\",\"url\":\"https:\/\/arquivo.barreiroweb.net\/\",\"name\":\"barreiroweb\",\"description\":\"Barreiroweb o barreiro na web\",\"publisher\":{\"@id\":\"https:\/\/arquivo.barreiroweb.net\/#organization\"},\"potentialAction\":[{\"@type\":\"SearchAction\",\"target\":{\"@type\":\"EntryPoint\",\"urlTemplate\":\"https:\/\/arquivo.barreiroweb.net\/?s={search_term_string}\"},\"query-input\":{\"@type\":\"PropertyValueSpecification\",\"valueRequired\":true,\"valueName\":\"search_term_string\"}}],\"inLanguage\":\"pt-PT\"},{\"@type\":\"Organization\",\"@id\":\"https:\/\/arquivo.barreiroweb.net\/#organization\",\"name\":\"barreiroweb\",\"url\":\"https:\/\/arquivo.barreiroweb.net\/\",\"logo\":{\"@type\":\"ImageObject\",\"inLanguage\":\"pt-PT\",\"@id\":\"https:\/\/arquivo.barreiroweb.net\/#\/schema\/logo\/image\/\",\"url\":\"https:\/\/barreiroweb.net\/wp-content\/uploads\/2022\/05\/BarreiroWeb555.jpg\",\"contentUrl\":\"https:\/\/barreiroweb.net\/wp-content\/uploads\/2022\/05\/BarreiroWeb555.jpg\",\"width\":421,\"height\":415,\"caption\":\"barreiroweb\"},\"image\":{\"@id\":\"https:\/\/arquivo.barreiroweb.net\/#\/schema\/logo\/image\/\"},\"sameAs\":[\"https:\/\/www.facebook.com\/barreiroweb\",\"https:\/\/x.com\/barreiroweb\"]},{\"@type\":\"Person\",\"@id\":\"https:\/\/arquivo.barreiroweb.net\/#\/schema\/person\/44b6d528aff975e3786c9f475f9df2dd\",\"name\":\"barreiroweb\",\"image\":{\"@type\":\"ImageObject\",\"inLanguage\":\"pt-PT\",\"@id\":\"https:\/\/arquivo.barreiroweb.net\/#\/schema\/person\/image\/\",\"url\":\"https:\/\/secure.gravatar.com\/avatar\/1f764b917967430404ff0b452044eb63a25d64a5363b25be2aa42273930f477d?s=96&d=mm&r=g\",\"contentUrl\":\"https:\/\/secure.gravatar.com\/avatar\/1f764b917967430404ff0b452044eb63a25d64a5363b25be2aa42273930f477d?s=96&d=mm&r=g\",\"caption\":\"barreiroweb\"},\"url\":\"https:\/\/arquivo.barreiroweb.net\/?author=1\"}]}<\/script>\n<!-- \/ Yoast SEO plugin. -->","yoast_head_json":{"title":"Contar Hist\u00f3rias (Vividas) no 25 de Abril - barreiroweb","robots":{"index":"index","follow":"follow","max-snippet":"max-snippet:-1","max-image-preview":"max-image-preview:large","max-video-preview":"max-video-preview:-1"},"canonical":"https:\/\/arquivo.barreiroweb.net\/?p=11393","og_locale":"pt_PT","og_type":"article","og_title":"Contar Hist\u00f3rias (Vividas) no 25 de Abril - barreiroweb","og_description":"Presidente da CMB recordou o Estado Novo e a Revolu\u00e7\u00e3o dos Cravos com alunos do 12\u00ba ano Uma turma de alunos do 12\u00ba ano da Escola Secund\u00e1ria de Santo Andr\u00e9 ouviu, hoje, dia 29 de abril, o Presidente da C\u00e2mara Municipal do Barreiro, Carlos Humberto de Carvalho, recordar momentos vividos, pelo pr\u00f3prio, na \u00e9poca do [&hellip;]","og_url":"https:\/\/arquivo.barreiroweb.net\/?p=11393","og_site_name":"barreiroweb","article_publisher":"https:\/\/www.facebook.com\/barreiroweb","article_published_time":"2014-04-29T21:00:36+00:00","og_image":[{"width":314,"height":235,"url":"https:\/\/arquivo.barreiroweb.net\/wp-content\/uploads\/2014\/04\/CONTAR-HISTORIAS-4-2.jpg","type":"image\/jpeg"}],"author":"barreiroweb","twitter_card":"summary_large_image","twitter_creator":"@barreiroweb","twitter_site":"@barreiroweb","twitter_misc":{"Escrito por":"barreiroweb","Tempo estimado de leitura":"3 minutos"},"schema":{"@context":"https:\/\/schema.org","@graph":[{"@type":"Article","@id":"https:\/\/arquivo.barreiroweb.net\/?p=11393#article","isPartOf":{"@id":"https:\/\/arquivo.barreiroweb.net\/?p=11393"},"author":{"name":"barreiroweb","@id":"https:\/\/arquivo.barreiroweb.net\/#\/schema\/person\/44b6d528aff975e3786c9f475f9df2dd"},"headline":"Contar Hist\u00f3rias (Vividas) no 25 de Abril","datePublished":"2014-04-29T21:00:36+00:00","mainEntityOfPage":{"@id":"https:\/\/arquivo.barreiroweb.net\/?p=11393"},"wordCount":528,"commentCount":0,"publisher":{"@id":"https:\/\/arquivo.barreiroweb.net\/#organization"},"image":{"@id":"https:\/\/arquivo.barreiroweb.net\/?p=11393#primaryimage"},"thumbnailUrl":"https:\/\/arquivo.barreiroweb.net\/wp-content\/uploads\/2014\/04\/CONTAR-HISTORIAS-4-2.jpg","keywords":["25 de abril","barreiro"],"articleSection":["Destaque","Eventos"],"inLanguage":"pt-PT","potentialAction":[{"@type":"CommentAction","name":"Comment","target":["https:\/\/arquivo.barreiroweb.net\/?p=11393#respond"]}]},{"@type":"WebPage","@id":"https:\/\/arquivo.barreiroweb.net\/?p=11393","url":"https:\/\/arquivo.barreiroweb.net\/?p=11393","name":"Contar Hist\u00f3rias (Vividas) no 25 de Abril - barreiroweb","isPartOf":{"@id":"https:\/\/arquivo.barreiroweb.net\/#website"},"primaryImageOfPage":{"@id":"https:\/\/arquivo.barreiroweb.net\/?p=11393#primaryimage"},"image":{"@id":"https:\/\/arquivo.barreiroweb.net\/?p=11393#primaryimage"},"thumbnailUrl":"https:\/\/arquivo.barreiroweb.net\/wp-content\/uploads\/2014\/04\/CONTAR-HISTORIAS-4-2.jpg","datePublished":"2014-04-29T21:00:36+00:00","breadcrumb":{"@id":"https:\/\/arquivo.barreiroweb.net\/?p=11393#breadcrumb"},"inLanguage":"pt-PT","potentialAction":[{"@type":"ReadAction","target":["https:\/\/arquivo.barreiroweb.net\/?p=11393"]}]},{"@type":"ImageObject","inLanguage":"pt-PT","@id":"https:\/\/arquivo.barreiroweb.net\/?p=11393#primaryimage","url":"https:\/\/arquivo.barreiroweb.net\/wp-content\/uploads\/2014\/04\/CONTAR-HISTORIAS-4-2.jpg","contentUrl":"https:\/\/arquivo.barreiroweb.net\/wp-content\/uploads\/2014\/04\/CONTAR-HISTORIAS-4-2.jpg","width":314,"height":235},{"@type":"BreadcrumbList","@id":"https:\/\/arquivo.barreiroweb.net\/?p=11393#breadcrumb","itemListElement":[{"@type":"ListItem","position":1,"name":"In\u00edcio","item":"https:\/\/arquivo.barreiroweb.net\/"},{"@type":"ListItem","position":2,"name":"Contar Hist\u00f3rias (Vividas) no 25 de Abril"}]},{"@type":"WebSite","@id":"https:\/\/arquivo.barreiroweb.net\/#website","url":"https:\/\/arquivo.barreiroweb.net\/","name":"barreiroweb","description":"Barreiroweb o barreiro na web","publisher":{"@id":"https:\/\/arquivo.barreiroweb.net\/#organization"},"potentialAction":[{"@type":"SearchAction","target":{"@type":"EntryPoint","urlTemplate":"https:\/\/arquivo.barreiroweb.net\/?s={search_term_string}"},"query-input":{"@type":"PropertyValueSpecification","valueRequired":true,"valueName":"search_term_string"}}],"inLanguage":"pt-PT"},{"@type":"Organization","@id":"https:\/\/arquivo.barreiroweb.net\/#organization","name":"barreiroweb","url":"https:\/\/arquivo.barreiroweb.net\/","logo":{"@type":"ImageObject","inLanguage":"pt-PT","@id":"https:\/\/arquivo.barreiroweb.net\/#\/schema\/logo\/image\/","url":"https:\/\/barreiroweb.net\/wp-content\/uploads\/2022\/05\/BarreiroWeb555.jpg","contentUrl":"https:\/\/barreiroweb.net\/wp-content\/uploads\/2022\/05\/BarreiroWeb555.jpg","width":421,"height":415,"caption":"barreiroweb"},"image":{"@id":"https:\/\/arquivo.barreiroweb.net\/#\/schema\/logo\/image\/"},"sameAs":["https:\/\/www.facebook.com\/barreiroweb","https:\/\/x.com\/barreiroweb"]},{"@type":"Person","@id":"https:\/\/arquivo.barreiroweb.net\/#\/schema\/person\/44b6d528aff975e3786c9f475f9df2dd","name":"barreiroweb","image":{"@type":"ImageObject","inLanguage":"pt-PT","@id":"https:\/\/arquivo.barreiroweb.net\/#\/schema\/person\/image\/","url":"https:\/\/secure.gravatar.com\/avatar\/1f764b917967430404ff0b452044eb63a25d64a5363b25be2aa42273930f477d?s=96&d=mm&r=g","contentUrl":"https:\/\/secure.gravatar.com\/avatar\/1f764b917967430404ff0b452044eb63a25d64a5363b25be2aa42273930f477d?s=96&d=mm&r=g","caption":"barreiroweb"},"url":"https:\/\/arquivo.barreiroweb.net\/?author=1"}]}},"_links":{"self":[{"href":"https:\/\/arquivo.barreiroweb.net\/index.php?rest_route=\/wp\/v2\/posts\/11393","targetHints":{"allow":["GET"]}}],"collection":[{"href":"https:\/\/arquivo.barreiroweb.net\/index.php?rest_route=\/wp\/v2\/posts"}],"about":[{"href":"https:\/\/arquivo.barreiroweb.net\/index.php?rest_route=\/wp\/v2\/types\/post"}],"author":[{"embeddable":true,"href":"https:\/\/arquivo.barreiroweb.net\/index.php?rest_route=\/wp\/v2\/users\/1"}],"replies":[{"embeddable":true,"href":"https:\/\/arquivo.barreiroweb.net\/index.php?rest_route=%2Fwp%2Fv2%2Fcomments&post=11393"}],"version-history":[{"count":1,"href":"https:\/\/arquivo.barreiroweb.net\/index.php?rest_route=\/wp\/v2\/posts\/11393\/revisions"}],"predecessor-version":[{"id":11395,"href":"https:\/\/arquivo.barreiroweb.net\/index.php?rest_route=\/wp\/v2\/posts\/11393\/revisions\/11395"}],"wp:featuredmedia":[{"embeddable":true,"href":"https:\/\/arquivo.barreiroweb.net\/index.php?rest_route=\/wp\/v2\/media\/11394"}],"wp:attachment":[{"href":"https:\/\/arquivo.barreiroweb.net\/index.php?rest_route=%2Fwp%2Fv2%2Fmedia&parent=11393"}],"wp:term":[{"taxonomy":"category","embeddable":true,"href":"https:\/\/arquivo.barreiroweb.net\/index.php?rest_route=%2Fwp%2Fv2%2Fcategories&post=11393"},{"taxonomy":"post_tag","embeddable":true,"href":"https:\/\/arquivo.barreiroweb.net\/index.php?rest_route=%2Fwp%2Fv2%2Ftags&post=11393"}],"curies":[{"name":"wp","href":"https:\/\/api.w.org\/{rel}","templated":true}]}}