{"id":11391,"date":"2014-04-29T21:57:13","date_gmt":"2014-04-29T20:57:13","guid":{"rendered":"http:\/\/barreiroweb.eu\/?p=11391"},"modified":"2014-04-29T21:57:13","modified_gmt":"2014-04-29T20:57:13","slug":"dia-b-2014-movimente-esta-ideia-a-7-de-junho","status":"publish","type":"post","link":"https:\/\/arquivo.barreiroweb.net\/?p=11391","title":{"rendered":"DIA B 2014 &#8211; MOVIMENTE ESTA IDEIA A 7 DE JUNHO"},"content":{"rendered":"<p><strong><a href=\"http:\/\/barreiroweb.eu\/wp-content\/uploads\/2014\/04\/Dia-B-inscricoes.jpg\" rel=\"lightbox[11391]\"><img loading=\"lazy\" decoding=\"async\" class=\"alignleft size-thumbnail wp-image-11359\" src=\"http:\/\/barreiroweb.eu\/wp-content\/uploads\/2014\/04\/Dia-B-inscricoes-150x150.jpg\" alt=\"Dia B inscricoes\" width=\"150\" height=\"150\" srcset=\"https:\/\/arquivo.barreiroweb.net\/wp-content\/uploads\/2014\/04\/Dia-B-inscricoes-150x150.jpg 150w, https:\/\/arquivo.barreiroweb.net\/wp-content\/uploads\/2014\/04\/Dia-B-inscricoes-50x50.jpg 50w, https:\/\/arquivo.barreiroweb.net\/wp-content\/uploads\/2014\/04\/Dia-B-inscricoes-70x70.jpg 70w, https:\/\/arquivo.barreiroweb.net\/wp-content\/uploads\/2014\/04\/Dia-B-inscricoes-55x55.jpg 55w\" sizes=\"auto, (max-width: 150px) 100vw, 150px\" \/><\/a>&#8220;O DIA B \u00c9 UMA MOLOKURA&#8221;<\/strong><\/p>\n<p><strong>Apresenta\u00e7\u00e3o de Projetos at\u00e9 20 de maio<\/strong><\/p>\n<p style=\"text-align: justify;\"><strong>A terceira edi\u00e7\u00e3o do DIA B desafia a popula\u00e7\u00e3o a apresentar um ou v\u00e1rios projetos art\u00edsticos destinados \u00e0 pintura dos MOLOKS existentes por todo o Concelho. Assim, e a partir do mote \u2013 Interv\u00e9m no DIA B atrav\u00e9s do nosso Desafio, todos s\u00e3o convidados a entregar\/ enviar o projeto com descri\u00e7\u00e3o da proposta, materiais necess\u00e1rios, desenho em formato JPEG e dados pessoais, no Espa\u00e7o J (<a href=\"mailto:cmb.juventude@gmail.com\">cmb.juventude@gmail.com<\/a> ) at\u00e9 ao dia 20 de maio.<\/strong><\/p>\n<p style=\"text-align: justify;\">Recordamos que o DIA B \u00e9 uma iniciativa que procura desenvolver a\u00e7\u00f5es coletivas de interesse p\u00fablico, focadas em melhorar a imagem de diferentes espa\u00e7os do Concelho atrav\u00e9s da participa\u00e7\u00e3o de TODOS.<\/p>\n<p><strong>Ligue-se a esta ideia em <a href=\"http:\/\/diab.cm-barreiro.pt\/\">http:\/\/diab.cm-barreiro.pt\/<\/a> ou contacte 21 217 09 04 para mais informa\u00e7\u00f5es.<\/strong><\/p>\n<p><strong>Fonte: CMB <\/strong><\/p>\n","protected":false},"excerpt":{"rendered":"<p>&#8220;O DIA B \u00c9 UMA MOLOKURA&#8221; Apresenta\u00e7\u00e3o de Projetos at\u00e9 20 de maio A terceira edi\u00e7\u00e3o do DIA B desafia a popula\u00e7\u00e3o a apresentar um ou v\u00e1rios projetos art\u00edsticos destinados \u00e0 pintura dos MOLOKS existentes por todo o Concelho. Assim, e a partir do mote \u2013 Interv\u00e9m no DIA B atrav\u00e9s do nosso Desafio, todos [&hellip;]<\/p>\n","protected":false},"author":1,"featured_media":11359,"comment_status":"open","ping_status":"open","sticky":false,"template":"","format":"standard","meta":{"footnotes":""},"categories":[15],"tags":[41,367],"class_list":["post-11391","post","type-post","status-publish","format-standard","has-post-thumbnail","hentry","category-actividades","tag-barreiro","tag-dia-b","last_archivepost"],"yoast_head":"<!-- This site is optimized with the Yoast SEO plugin v27.1.1 - https:\/\/yoast.com\/product\/yoast-seo-wordpress\/ -->\n<title>DIA B 2014 - MOVIMENTE ESTA IDEIA A 7 DE JUNHO - barreiroweb<\/title>\n<meta name=\"robots\" content=\"index, follow, max-snippet:-1, max-image-preview:large, max-video-preview:-1\" \/>\n<link rel=\"canonical\" href=\"https:\/\/arquivo.barreiroweb.net\/?p=11391\" \/>\n<meta property=\"og:locale\" content=\"pt_PT\" \/>\n<meta property=\"og:type\" content=\"article\" \/>\n<meta property=\"og:title\" content=\"DIA B 2014 - MOVIMENTE ESTA IDEIA A 7 DE JUNHO - barreiroweb\" \/>\n<meta property=\"og:description\" content=\"&#8220;O DIA B \u00c9 UMA MOLOKURA&#8221; Apresenta\u00e7\u00e3o de Projetos at\u00e9 20 de maio A terceira edi\u00e7\u00e3o do DIA B desafia a popula\u00e7\u00e3o a apresentar um ou v\u00e1rios projetos art\u00edsticos destinados \u00e0 pintura dos MOLOKS existentes por todo o Concelho. Assim, e a partir do mote \u2013 Interv\u00e9m no DIA B atrav\u00e9s do nosso Desafio, todos [&hellip;]\" \/>\n<meta property=\"og:url\" content=\"https:\/\/arquivo.barreiroweb.net\/?p=11391\" \/>\n<meta property=\"og:site_name\" content=\"barreiroweb\" \/>\n<meta property=\"article:publisher\" content=\"https:\/\/www.facebook.com\/barreiroweb\" \/>\n<meta property=\"article:published_time\" content=\"2014-04-29T20:57:13+00:00\" \/>\n<meta property=\"og:image\" content=\"https:\/\/arquivo.barreiroweb.net\/wp-content\/uploads\/2014\/04\/Dia-B-inscricoes.jpg\" \/>\n\t<meta property=\"og:image:width\" content=\"314\" \/>\n\t<meta property=\"og:image:height\" content=\"235\" \/>\n\t<meta property=\"og:image:type\" content=\"image\/jpeg\" \/>\n<meta name=\"author\" content=\"barreiroweb\" \/>\n<meta name=\"twitter:card\" content=\"summary_large_image\" \/>\n<meta name=\"twitter:creator\" content=\"@barreiroweb\" \/>\n<meta name=\"twitter:site\" content=\"@barreiroweb\" \/>\n<meta name=\"twitter:label1\" content=\"Escrito por\" \/>\n\t<meta name=\"twitter:data1\" content=\"barreiroweb\" \/>\n\t<meta name=\"twitter:label2\" content=\"Tempo estimado de leitura\" \/>\n\t<meta name=\"twitter:data2\" content=\"1 minuto\" \/>\n<script type=\"application\/ld+json\" class=\"yoast-schema-graph\">{\"@context\":\"https:\/\/schema.org\",\"@graph\":[{\"@type\":\"Article\",\"@id\":\"https:\/\/arquivo.barreiroweb.net\/?p=11391#article\",\"isPartOf\":{\"@id\":\"https:\/\/arquivo.barreiroweb.net\/?p=11391\"},\"author\":{\"name\":\"barreiroweb\",\"@id\":\"https:\/\/arquivo.barreiroweb.net\/#\/schema\/person\/44b6d528aff975e3786c9f475f9df2dd\"},\"headline\":\"DIA B 2014 &#8211; MOVIMENTE ESTA IDEIA A 7 DE JUNHO\",\"datePublished\":\"2014-04-29T20:57:13+00:00\",\"mainEntityOfPage\":{\"@id\":\"https:\/\/arquivo.barreiroweb.net\/?p=11391\"},\"wordCount\":155,\"commentCount\":0,\"publisher\":{\"@id\":\"https:\/\/arquivo.barreiroweb.net\/#organization\"},\"image\":{\"@id\":\"https:\/\/arquivo.barreiroweb.net\/?p=11391#primaryimage\"},\"thumbnailUrl\":\"https:\/\/arquivo.barreiroweb.net\/wp-content\/uploads\/2014\/04\/Dia-B-inscricoes.jpg\",\"keywords\":[\"barreiro\",\"Dia B\"],\"articleSection\":[\"Actividades\"],\"inLanguage\":\"pt-PT\",\"potentialAction\":[{\"@type\":\"CommentAction\",\"name\":\"Comment\",\"target\":[\"https:\/\/arquivo.barreiroweb.net\/?p=11391#respond\"]}]},{\"@type\":\"WebPage\",\"@id\":\"https:\/\/arquivo.barreiroweb.net\/?p=11391\",\"url\":\"https:\/\/arquivo.barreiroweb.net\/?p=11391\",\"name\":\"DIA B 2014 - MOVIMENTE ESTA IDEIA A 7 DE JUNHO - barreiroweb\",\"isPartOf\":{\"@id\":\"https:\/\/arquivo.barreiroweb.net\/#website\"},\"primaryImageOfPage\":{\"@id\":\"https:\/\/arquivo.barreiroweb.net\/?p=11391#primaryimage\"},\"image\":{\"@id\":\"https:\/\/arquivo.barreiroweb.net\/?p=11391#primaryimage\"},\"thumbnailUrl\":\"https:\/\/arquivo.barreiroweb.net\/wp-content\/uploads\/2014\/04\/Dia-B-inscricoes.jpg\",\"datePublished\":\"2014-04-29T20:57:13+00:00\",\"breadcrumb\":{\"@id\":\"https:\/\/arquivo.barreiroweb.net\/?p=11391#breadcrumb\"},\"inLanguage\":\"pt-PT\",\"potentialAction\":[{\"@type\":\"ReadAction\",\"target\":[\"https:\/\/arquivo.barreiroweb.net\/?p=11391\"]}]},{\"@type\":\"ImageObject\",\"inLanguage\":\"pt-PT\",\"@id\":\"https:\/\/arquivo.barreiroweb.net\/?p=11391#primaryimage\",\"url\":\"https:\/\/arquivo.barreiroweb.net\/wp-content\/uploads\/2014\/04\/Dia-B-inscricoes.jpg\",\"contentUrl\":\"https:\/\/arquivo.barreiroweb.net\/wp-content\/uploads\/2014\/04\/Dia-B-inscricoes.jpg\",\"width\":314,\"height\":235},{\"@type\":\"BreadcrumbList\",\"@id\":\"https:\/\/arquivo.barreiroweb.net\/?p=11391#breadcrumb\",\"itemListElement\":[{\"@type\":\"ListItem\",\"position\":1,\"name\":\"In\u00edcio\",\"item\":\"https:\/\/arquivo.barreiroweb.net\/\"},{\"@type\":\"ListItem\",\"position\":2,\"name\":\"DIA B 2014 &#8211; MOVIMENTE ESTA IDEIA A 7 DE JUNHO\"}]},{\"@type\":\"WebSite\",\"@id\":\"https:\/\/arquivo.barreiroweb.net\/#website\",\"url\":\"https:\/\/arquivo.barreiroweb.net\/\",\"name\":\"barreiroweb\",\"description\":\"Barreiroweb o barreiro na web\",\"publisher\":{\"@id\":\"https:\/\/arquivo.barreiroweb.net\/#organization\"},\"potentialAction\":[{\"@type\":\"SearchAction\",\"target\":{\"@type\":\"EntryPoint\",\"urlTemplate\":\"https:\/\/arquivo.barreiroweb.net\/?s={search_term_string}\"},\"query-input\":{\"@type\":\"PropertyValueSpecification\",\"valueRequired\":true,\"valueName\":\"search_term_string\"}}],\"inLanguage\":\"pt-PT\"},{\"@type\":\"Organization\",\"@id\":\"https:\/\/arquivo.barreiroweb.net\/#organization\",\"name\":\"barreiroweb\",\"url\":\"https:\/\/arquivo.barreiroweb.net\/\",\"logo\":{\"@type\":\"ImageObject\",\"inLanguage\":\"pt-PT\",\"@id\":\"https:\/\/arquivo.barreiroweb.net\/#\/schema\/logo\/image\/\",\"url\":\"https:\/\/barreiroweb.net\/wp-content\/uploads\/2022\/05\/BarreiroWeb555.jpg\",\"contentUrl\":\"https:\/\/barreiroweb.net\/wp-content\/uploads\/2022\/05\/BarreiroWeb555.jpg\",\"width\":421,\"height\":415,\"caption\":\"barreiroweb\"},\"image\":{\"@id\":\"https:\/\/arquivo.barreiroweb.net\/#\/schema\/logo\/image\/\"},\"sameAs\":[\"https:\/\/www.facebook.com\/barreiroweb\",\"https:\/\/x.com\/barreiroweb\"]},{\"@type\":\"Person\",\"@id\":\"https:\/\/arquivo.barreiroweb.net\/#\/schema\/person\/44b6d528aff975e3786c9f475f9df2dd\",\"name\":\"barreiroweb\",\"image\":{\"@type\":\"ImageObject\",\"inLanguage\":\"pt-PT\",\"@id\":\"https:\/\/arquivo.barreiroweb.net\/#\/schema\/person\/image\/\",\"url\":\"https:\/\/secure.gravatar.com\/avatar\/1f764b917967430404ff0b452044eb63a25d64a5363b25be2aa42273930f477d?s=96&d=mm&r=g\",\"contentUrl\":\"https:\/\/secure.gravatar.com\/avatar\/1f764b917967430404ff0b452044eb63a25d64a5363b25be2aa42273930f477d?s=96&d=mm&r=g\",\"caption\":\"barreiroweb\"},\"url\":\"https:\/\/arquivo.barreiroweb.net\/?author=1\"}]}<\/script>\n<!-- \/ Yoast SEO plugin. -->","yoast_head_json":{"title":"DIA B 2014 - MOVIMENTE ESTA IDEIA A 7 DE JUNHO - barreiroweb","robots":{"index":"index","follow":"follow","max-snippet":"max-snippet:-1","max-image-preview":"max-image-preview:large","max-video-preview":"max-video-preview:-1"},"canonical":"https:\/\/arquivo.barreiroweb.net\/?p=11391","og_locale":"pt_PT","og_type":"article","og_title":"DIA B 2014 - MOVIMENTE ESTA IDEIA A 7 DE JUNHO - barreiroweb","og_description":"&#8220;O DIA B \u00c9 UMA MOLOKURA&#8221; Apresenta\u00e7\u00e3o de Projetos at\u00e9 20 de maio A terceira edi\u00e7\u00e3o do DIA B desafia a popula\u00e7\u00e3o a apresentar um ou v\u00e1rios projetos art\u00edsticos destinados \u00e0 pintura dos MOLOKS existentes por todo o Concelho. Assim, e a partir do mote \u2013 Interv\u00e9m no DIA B atrav\u00e9s do nosso Desafio, todos [&hellip;]","og_url":"https:\/\/arquivo.barreiroweb.net\/?p=11391","og_site_name":"barreiroweb","article_publisher":"https:\/\/www.facebook.com\/barreiroweb","article_published_time":"2014-04-29T20:57:13+00:00","og_image":[{"width":314,"height":235,"url":"https:\/\/arquivo.barreiroweb.net\/wp-content\/uploads\/2014\/04\/Dia-B-inscricoes.jpg","type":"image\/jpeg"}],"author":"barreiroweb","twitter_card":"summary_large_image","twitter_creator":"@barreiroweb","twitter_site":"@barreiroweb","twitter_misc":{"Escrito por":"barreiroweb","Tempo estimado de leitura":"1 minuto"},"schema":{"@context":"https:\/\/schema.org","@graph":[{"@type":"Article","@id":"https:\/\/arquivo.barreiroweb.net\/?p=11391#article","isPartOf":{"@id":"https:\/\/arquivo.barreiroweb.net\/?p=11391"},"author":{"name":"barreiroweb","@id":"https:\/\/arquivo.barreiroweb.net\/#\/schema\/person\/44b6d528aff975e3786c9f475f9df2dd"},"headline":"DIA B 2014 &#8211; MOVIMENTE ESTA IDEIA A 7 DE JUNHO","datePublished":"2014-04-29T20:57:13+00:00","mainEntityOfPage":{"@id":"https:\/\/arquivo.barreiroweb.net\/?p=11391"},"wordCount":155,"commentCount":0,"publisher":{"@id":"https:\/\/arquivo.barreiroweb.net\/#organization"},"image":{"@id":"https:\/\/arquivo.barreiroweb.net\/?p=11391#primaryimage"},"thumbnailUrl":"https:\/\/arquivo.barreiroweb.net\/wp-content\/uploads\/2014\/04\/Dia-B-inscricoes.jpg","keywords":["barreiro","Dia B"],"articleSection":["Actividades"],"inLanguage":"pt-PT","potentialAction":[{"@type":"CommentAction","name":"Comment","target":["https:\/\/arquivo.barreiroweb.net\/?p=11391#respond"]}]},{"@type":"WebPage","@id":"https:\/\/arquivo.barreiroweb.net\/?p=11391","url":"https:\/\/arquivo.barreiroweb.net\/?p=11391","name":"DIA B 2014 - MOVIMENTE ESTA IDEIA A 7 DE JUNHO - barreiroweb","isPartOf":{"@id":"https:\/\/arquivo.barreiroweb.net\/#website"},"primaryImageOfPage":{"@id":"https:\/\/arquivo.barreiroweb.net\/?p=11391#primaryimage"},"image":{"@id":"https:\/\/arquivo.barreiroweb.net\/?p=11391#primaryimage"},"thumbnailUrl":"https:\/\/arquivo.barreiroweb.net\/wp-content\/uploads\/2014\/04\/Dia-B-inscricoes.jpg","datePublished":"2014-04-29T20:57:13+00:00","breadcrumb":{"@id":"https:\/\/arquivo.barreiroweb.net\/?p=11391#breadcrumb"},"inLanguage":"pt-PT","potentialAction":[{"@type":"ReadAction","target":["https:\/\/arquivo.barreiroweb.net\/?p=11391"]}]},{"@type":"ImageObject","inLanguage":"pt-PT","@id":"https:\/\/arquivo.barreiroweb.net\/?p=11391#primaryimage","url":"https:\/\/arquivo.barreiroweb.net\/wp-content\/uploads\/2014\/04\/Dia-B-inscricoes.jpg","contentUrl":"https:\/\/arquivo.barreiroweb.net\/wp-content\/uploads\/2014\/04\/Dia-B-inscricoes.jpg","width":314,"height":235},{"@type":"BreadcrumbList","@id":"https:\/\/arquivo.barreiroweb.net\/?p=11391#breadcrumb","itemListElement":[{"@type":"ListItem","position":1,"name":"In\u00edcio","item":"https:\/\/arquivo.barreiroweb.net\/"},{"@type":"ListItem","position":2,"name":"DIA B 2014 &#8211; MOVIMENTE ESTA IDEIA A 7 DE JUNHO"}]},{"@type":"WebSite","@id":"https:\/\/arquivo.barreiroweb.net\/#website","url":"https:\/\/arquivo.barreiroweb.net\/","name":"barreiroweb","description":"Barreiroweb o barreiro na web","publisher":{"@id":"https:\/\/arquivo.barreiroweb.net\/#organization"},"potentialAction":[{"@type":"SearchAction","target":{"@type":"EntryPoint","urlTemplate":"https:\/\/arquivo.barreiroweb.net\/?s={search_term_string}"},"query-input":{"@type":"PropertyValueSpecification","valueRequired":true,"valueName":"search_term_string"}}],"inLanguage":"pt-PT"},{"@type":"Organization","@id":"https:\/\/arquivo.barreiroweb.net\/#organization","name":"barreiroweb","url":"https:\/\/arquivo.barreiroweb.net\/","logo":{"@type":"ImageObject","inLanguage":"pt-PT","@id":"https:\/\/arquivo.barreiroweb.net\/#\/schema\/logo\/image\/","url":"https:\/\/barreiroweb.net\/wp-content\/uploads\/2022\/05\/BarreiroWeb555.jpg","contentUrl":"https:\/\/barreiroweb.net\/wp-content\/uploads\/2022\/05\/BarreiroWeb555.jpg","width":421,"height":415,"caption":"barreiroweb"},"image":{"@id":"https:\/\/arquivo.barreiroweb.net\/#\/schema\/logo\/image\/"},"sameAs":["https:\/\/www.facebook.com\/barreiroweb","https:\/\/x.com\/barreiroweb"]},{"@type":"Person","@id":"https:\/\/arquivo.barreiroweb.net\/#\/schema\/person\/44b6d528aff975e3786c9f475f9df2dd","name":"barreiroweb","image":{"@type":"ImageObject","inLanguage":"pt-PT","@id":"https:\/\/arquivo.barreiroweb.net\/#\/schema\/person\/image\/","url":"https:\/\/secure.gravatar.com\/avatar\/1f764b917967430404ff0b452044eb63a25d64a5363b25be2aa42273930f477d?s=96&d=mm&r=g","contentUrl":"https:\/\/secure.gravatar.com\/avatar\/1f764b917967430404ff0b452044eb63a25d64a5363b25be2aa42273930f477d?s=96&d=mm&r=g","caption":"barreiroweb"},"url":"https:\/\/arquivo.barreiroweb.net\/?author=1"}]}},"_links":{"self":[{"href":"https:\/\/arquivo.barreiroweb.net\/index.php?rest_route=\/wp\/v2\/posts\/11391","targetHints":{"allow":["GET"]}}],"collection":[{"href":"https:\/\/arquivo.barreiroweb.net\/index.php?rest_route=\/wp\/v2\/posts"}],"about":[{"href":"https:\/\/arquivo.barreiroweb.net\/index.php?rest_route=\/wp\/v2\/types\/post"}],"author":[{"embeddable":true,"href":"https:\/\/arquivo.barreiroweb.net\/index.php?rest_route=\/wp\/v2\/users\/1"}],"replies":[{"embeddable":true,"href":"https:\/\/arquivo.barreiroweb.net\/index.php?rest_route=%2Fwp%2Fv2%2Fcomments&post=11391"}],"version-history":[{"count":1,"href":"https:\/\/arquivo.barreiroweb.net\/index.php?rest_route=\/wp\/v2\/posts\/11391\/revisions"}],"predecessor-version":[{"id":11392,"href":"https:\/\/arquivo.barreiroweb.net\/index.php?rest_route=\/wp\/v2\/posts\/11391\/revisions\/11392"}],"wp:featuredmedia":[{"embeddable":true,"href":"https:\/\/arquivo.barreiroweb.net\/index.php?rest_route=\/wp\/v2\/media\/11359"}],"wp:attachment":[{"href":"https:\/\/arquivo.barreiroweb.net\/index.php?rest_route=%2Fwp%2Fv2%2Fmedia&parent=11391"}],"wp:term":[{"taxonomy":"category","embeddable":true,"href":"https:\/\/arquivo.barreiroweb.net\/index.php?rest_route=%2Fwp%2Fv2%2Fcategories&post=11391"},{"taxonomy":"post_tag","embeddable":true,"href":"https:\/\/arquivo.barreiroweb.net\/index.php?rest_route=%2Fwp%2Fv2%2Ftags&post=11391"}],"curies":[{"name":"wp","href":"https:\/\/api.w.org\/{rel}","templated":true}]}}