{"id":11388,"date":"2014-04-29T21:53:13","date_gmt":"2014-04-29T20:53:13","guid":{"rendered":"http:\/\/barreiroweb.eu\/?p=11388"},"modified":"2014-04-29T21:53:13","modified_gmt":"2014-04-29T20:53:13","slug":"exposicao-de-aguarelas-na-biblioteca-municipal","status":"publish","type":"post","link":"https:\/\/arquivo.barreiroweb.net\/?p=11388","title":{"rendered":"EXPOSI\u00c7\u00c3O DE AGUARELAS NA BIBLIOTECA MUNICIPAL"},"content":{"rendered":"<p style=\"text-align: justify;\"><strong><a href=\"http:\/\/barreiroweb.eu\/wp-content\/uploads\/2014\/04\/Aguarelas_1.jpg\" rel=\"lightbox[11388]\"><img loading=\"lazy\" decoding=\"async\" class=\"alignleft size-thumbnail wp-image-11389\" src=\"http:\/\/barreiroweb.eu\/wp-content\/uploads\/2014\/04\/Aguarelas_1-150x150.jpg\" alt=\"Aguarelas_1\" width=\"150\" height=\"150\" srcset=\"https:\/\/arquivo.barreiroweb.net\/wp-content\/uploads\/2014\/04\/Aguarelas_1-150x150.jpg 150w, https:\/\/arquivo.barreiroweb.net\/wp-content\/uploads\/2014\/04\/Aguarelas_1-50x50.jpg 50w, https:\/\/arquivo.barreiroweb.net\/wp-content\/uploads\/2014\/04\/Aguarelas_1-70x70.jpg 70w, https:\/\/arquivo.barreiroweb.net\/wp-content\/uploads\/2014\/04\/Aguarelas_1-55x55.jpg 55w\" sizes=\"auto, (max-width: 150px) 100vw, 150px\" \/><\/a>DE 3 A 31 DE MAIO<\/strong><\/p>\n<p style=\"text-align: justify;\"><strong>De 3 a 31 de maio, estar\u00e1 patente a Exposi\u00e7\u00e3o de Aguarelas de Reinaldo Santos, na sala multiusos da Biblioteca Municipal do Barreiro.\u00a0\u00a0 <\/strong><\/p>\n<p style=\"text-align: justify;\">A inaugura\u00e7\u00e3o est\u00e1 agendada para as 16h00, do dia 3 de maio.<\/p>\n<p style=\"text-align: justify;\"><em>Jos\u00e9 Reinaldo Mimoso dos Santos nasceu no Barreiro, em 1948, no seio de uma fam\u00edlia pobre. Come\u00e7ou a trabalhar com 12 anos, tendo feito a sua forma\u00e7\u00e3o acad\u00e9mica (5\u00ba ano liceal) como trabalhador estudante, depois de ter vindo da Guerra de \u00c1frica, onde esteve dois anos como Para-quedista.<\/em><\/p>\n<p style=\"text-align: justify;\"><em>Sempre teve jeito e gosto pelo desenho, mas s\u00f3 em 1998 fez os seus primeiros quadros a \u00f3leo.<\/em><\/p>\n<p style=\"text-align: justify;\"><em>Entretanto, frequentou alguns cursos e workshops, tais como na Oficina da pintora Isana e um curso de ver\u00e3o lecionado pelo professor Armando de Brito, da Escola de Belas Artes.<\/em><\/p>\n<p style=\"text-align: justify;\"><em>Desde 2003, tem aliado o tempo livre \u00e0 enorme vontade de passar para a tela peda\u00e7os da cidade onde sempre viveu. Viaja pelo Barreiro e mostra nas suas aguarelas todos os lugares onde passamos, habitualmente, e que \u00e0s vezes n\u00e3o &#8220;olhamos&#8221;.<\/em><\/p>\n<p style=\"text-align: justify;\"><em>Tem no seu portf\u00f3lio v\u00e1rias dezenas de trabalhos, utilizando as diversas t\u00e9cnicas que foi aperfei\u00e7oando ao longo dos anos mas tem, nestes \u00faltimos trabalhos, dado prefer\u00eancia \u00e0 aguarela.<\/em><\/p>\n<p>A Biblioteca Municipal do Barreiro est\u00e1 situada na Rua da Bandeira, Urbaniza\u00e7\u00e3o do Pal\u00e1cio do Coimbra, 2830-330 Barreiro. Telefone: 21 096 65 37 (Rece\u00e7\u00e3o), email <a href=\"mailto:biblioteca.municipal@cm-barreiro.pt\">biblioteca.municipal@cm-barreiro.pt<\/a>.<\/p>\n<p><strong>Fonte: CMB <\/strong><\/p>\n","protected":false},"excerpt":{"rendered":"<p>DE 3 A 31 DE MAIO De 3 a 31 de maio, estar\u00e1 patente a Exposi\u00e7\u00e3o de Aguarelas de Reinaldo Santos, na sala multiusos da Biblioteca Municipal do Barreiro.\u00a0\u00a0 A inaugura\u00e7\u00e3o est\u00e1 agendada para as 16h00, do dia 3 de maio. Jos\u00e9 Reinaldo Mimoso dos Santos nasceu no Barreiro, em 1948, no seio de uma [&hellip;]<\/p>\n","protected":false},"author":1,"featured_media":11389,"comment_status":"open","ping_status":"open","sticky":false,"template":"","format":"standard","meta":{"footnotes":""},"categories":[32,1],"tags":[41,212],"class_list":["post-11388","post","type-post","status-publish","format-standard","has-post-thumbnail","hentry","category-destaque","category-expo","tag-barreiro","tag-exposicao","last_archivepost"],"yoast_head":"<!-- This site is optimized with the Yoast SEO plugin v27.1.1 - https:\/\/yoast.com\/product\/yoast-seo-wordpress\/ -->\n<title>EXPOSI\u00c7\u00c3O DE AGUARELAS NA BIBLIOTECA MUNICIPAL - barreiroweb<\/title>\n<meta name=\"robots\" content=\"index, follow, max-snippet:-1, max-image-preview:large, max-video-preview:-1\" \/>\n<link rel=\"canonical\" href=\"https:\/\/arquivo.barreiroweb.net\/?p=11388\" \/>\n<meta property=\"og:locale\" content=\"pt_PT\" \/>\n<meta property=\"og:type\" content=\"article\" \/>\n<meta property=\"og:title\" content=\"EXPOSI\u00c7\u00c3O DE AGUARELAS NA BIBLIOTECA MUNICIPAL - barreiroweb\" \/>\n<meta property=\"og:description\" content=\"DE 3 A 31 DE MAIO De 3 a 31 de maio, estar\u00e1 patente a Exposi\u00e7\u00e3o de Aguarelas de Reinaldo Santos, na sala multiusos da Biblioteca Municipal do Barreiro.\u00a0\u00a0 A inaugura\u00e7\u00e3o est\u00e1 agendada para as 16h00, do dia 3 de maio. Jos\u00e9 Reinaldo Mimoso dos Santos nasceu no Barreiro, em 1948, no seio de uma [&hellip;]\" \/>\n<meta property=\"og:url\" content=\"https:\/\/arquivo.barreiroweb.net\/?p=11388\" \/>\n<meta property=\"og:site_name\" content=\"barreiroweb\" \/>\n<meta property=\"article:publisher\" content=\"https:\/\/www.facebook.com\/barreiroweb\" \/>\n<meta property=\"article:published_time\" content=\"2014-04-29T20:53:13+00:00\" \/>\n<meta property=\"og:image\" content=\"https:\/\/arquivo.barreiroweb.net\/wp-content\/uploads\/2014\/04\/Aguarelas_1.jpg\" \/>\n\t<meta property=\"og:image:width\" content=\"314\" \/>\n\t<meta property=\"og:image:height\" content=\"222\" \/>\n\t<meta property=\"og:image:type\" content=\"image\/jpeg\" \/>\n<meta name=\"author\" content=\"barreiroweb\" \/>\n<meta name=\"twitter:card\" content=\"summary_large_image\" \/>\n<meta name=\"twitter:creator\" content=\"@barreiroweb\" \/>\n<meta name=\"twitter:site\" content=\"@barreiroweb\" \/>\n<meta name=\"twitter:label1\" content=\"Escrito por\" \/>\n\t<meta name=\"twitter:data1\" content=\"barreiroweb\" \/>\n\t<meta name=\"twitter:label2\" content=\"Tempo estimado de leitura\" \/>\n\t<meta name=\"twitter:data2\" content=\"1 minuto\" \/>\n<script type=\"application\/ld+json\" class=\"yoast-schema-graph\">{\"@context\":\"https:\/\/schema.org\",\"@graph\":[{\"@type\":\"Article\",\"@id\":\"https:\/\/arquivo.barreiroweb.net\/?p=11388#article\",\"isPartOf\":{\"@id\":\"https:\/\/arquivo.barreiroweb.net\/?p=11388\"},\"author\":{\"name\":\"barreiroweb\",\"@id\":\"https:\/\/arquivo.barreiroweb.net\/#\/schema\/person\/44b6d528aff975e3786c9f475f9df2dd\"},\"headline\":\"EXPOSI\u00c7\u00c3O DE AGUARELAS NA BIBLIOTECA MUNICIPAL\",\"datePublished\":\"2014-04-29T20:53:13+00:00\",\"mainEntityOfPage\":{\"@id\":\"https:\/\/arquivo.barreiroweb.net\/?p=11388\"},\"wordCount\":244,\"commentCount\":0,\"publisher\":{\"@id\":\"https:\/\/arquivo.barreiroweb.net\/#organization\"},\"image\":{\"@id\":\"https:\/\/arquivo.barreiroweb.net\/?p=11388#primaryimage\"},\"thumbnailUrl\":\"https:\/\/arquivo.barreiroweb.net\/wp-content\/uploads\/2014\/04\/Aguarelas_1.jpg\",\"keywords\":[\"barreiro\",\"exposi\u00e7\u00e3o\"],\"articleSection\":[\"Destaque\",\"Festas e Feiras\"],\"inLanguage\":\"pt-PT\",\"potentialAction\":[{\"@type\":\"CommentAction\",\"name\":\"Comment\",\"target\":[\"https:\/\/arquivo.barreiroweb.net\/?p=11388#respond\"]}]},{\"@type\":\"WebPage\",\"@id\":\"https:\/\/arquivo.barreiroweb.net\/?p=11388\",\"url\":\"https:\/\/arquivo.barreiroweb.net\/?p=11388\",\"name\":\"EXPOSI\u00c7\u00c3O DE AGUARELAS NA BIBLIOTECA MUNICIPAL - barreiroweb\",\"isPartOf\":{\"@id\":\"https:\/\/arquivo.barreiroweb.net\/#website\"},\"primaryImageOfPage\":{\"@id\":\"https:\/\/arquivo.barreiroweb.net\/?p=11388#primaryimage\"},\"image\":{\"@id\":\"https:\/\/arquivo.barreiroweb.net\/?p=11388#primaryimage\"},\"thumbnailUrl\":\"https:\/\/arquivo.barreiroweb.net\/wp-content\/uploads\/2014\/04\/Aguarelas_1.jpg\",\"datePublished\":\"2014-04-29T20:53:13+00:00\",\"breadcrumb\":{\"@id\":\"https:\/\/arquivo.barreiroweb.net\/?p=11388#breadcrumb\"},\"inLanguage\":\"pt-PT\",\"potentialAction\":[{\"@type\":\"ReadAction\",\"target\":[\"https:\/\/arquivo.barreiroweb.net\/?p=11388\"]}]},{\"@type\":\"ImageObject\",\"inLanguage\":\"pt-PT\",\"@id\":\"https:\/\/arquivo.barreiroweb.net\/?p=11388#primaryimage\",\"url\":\"https:\/\/arquivo.barreiroweb.net\/wp-content\/uploads\/2014\/04\/Aguarelas_1.jpg\",\"contentUrl\":\"https:\/\/arquivo.barreiroweb.net\/wp-content\/uploads\/2014\/04\/Aguarelas_1.jpg\",\"width\":314,\"height\":222},{\"@type\":\"BreadcrumbList\",\"@id\":\"https:\/\/arquivo.barreiroweb.net\/?p=11388#breadcrumb\",\"itemListElement\":[{\"@type\":\"ListItem\",\"position\":1,\"name\":\"In\u00edcio\",\"item\":\"https:\/\/arquivo.barreiroweb.net\/\"},{\"@type\":\"ListItem\",\"position\":2,\"name\":\"EXPOSI\u00c7\u00c3O DE AGUARELAS NA BIBLIOTECA MUNICIPAL\"}]},{\"@type\":\"WebSite\",\"@id\":\"https:\/\/arquivo.barreiroweb.net\/#website\",\"url\":\"https:\/\/arquivo.barreiroweb.net\/\",\"name\":\"barreiroweb\",\"description\":\"Barreiroweb o barreiro na web\",\"publisher\":{\"@id\":\"https:\/\/arquivo.barreiroweb.net\/#organization\"},\"potentialAction\":[{\"@type\":\"SearchAction\",\"target\":{\"@type\":\"EntryPoint\",\"urlTemplate\":\"https:\/\/arquivo.barreiroweb.net\/?s={search_term_string}\"},\"query-input\":{\"@type\":\"PropertyValueSpecification\",\"valueRequired\":true,\"valueName\":\"search_term_string\"}}],\"inLanguage\":\"pt-PT\"},{\"@type\":\"Organization\",\"@id\":\"https:\/\/arquivo.barreiroweb.net\/#organization\",\"name\":\"barreiroweb\",\"url\":\"https:\/\/arquivo.barreiroweb.net\/\",\"logo\":{\"@type\":\"ImageObject\",\"inLanguage\":\"pt-PT\",\"@id\":\"https:\/\/arquivo.barreiroweb.net\/#\/schema\/logo\/image\/\",\"url\":\"https:\/\/barreiroweb.net\/wp-content\/uploads\/2022\/05\/BarreiroWeb555.jpg\",\"contentUrl\":\"https:\/\/barreiroweb.net\/wp-content\/uploads\/2022\/05\/BarreiroWeb555.jpg\",\"width\":421,\"height\":415,\"caption\":\"barreiroweb\"},\"image\":{\"@id\":\"https:\/\/arquivo.barreiroweb.net\/#\/schema\/logo\/image\/\"},\"sameAs\":[\"https:\/\/www.facebook.com\/barreiroweb\",\"https:\/\/x.com\/barreiroweb\"]},{\"@type\":\"Person\",\"@id\":\"https:\/\/arquivo.barreiroweb.net\/#\/schema\/person\/44b6d528aff975e3786c9f475f9df2dd\",\"name\":\"barreiroweb\",\"image\":{\"@type\":\"ImageObject\",\"inLanguage\":\"pt-PT\",\"@id\":\"https:\/\/arquivo.barreiroweb.net\/#\/schema\/person\/image\/\",\"url\":\"https:\/\/secure.gravatar.com\/avatar\/1f764b917967430404ff0b452044eb63a25d64a5363b25be2aa42273930f477d?s=96&d=mm&r=g\",\"contentUrl\":\"https:\/\/secure.gravatar.com\/avatar\/1f764b917967430404ff0b452044eb63a25d64a5363b25be2aa42273930f477d?s=96&d=mm&r=g\",\"caption\":\"barreiroweb\"},\"url\":\"https:\/\/arquivo.barreiroweb.net\/?author=1\"}]}<\/script>\n<!-- \/ Yoast SEO plugin. -->","yoast_head_json":{"title":"EXPOSI\u00c7\u00c3O DE AGUARELAS NA BIBLIOTECA MUNICIPAL - barreiroweb","robots":{"index":"index","follow":"follow","max-snippet":"max-snippet:-1","max-image-preview":"max-image-preview:large","max-video-preview":"max-video-preview:-1"},"canonical":"https:\/\/arquivo.barreiroweb.net\/?p=11388","og_locale":"pt_PT","og_type":"article","og_title":"EXPOSI\u00c7\u00c3O DE AGUARELAS NA BIBLIOTECA MUNICIPAL - barreiroweb","og_description":"DE 3 A 31 DE MAIO De 3 a 31 de maio, estar\u00e1 patente a Exposi\u00e7\u00e3o de Aguarelas de Reinaldo Santos, na sala multiusos da Biblioteca Municipal do Barreiro.\u00a0\u00a0 A inaugura\u00e7\u00e3o est\u00e1 agendada para as 16h00, do dia 3 de maio. Jos\u00e9 Reinaldo Mimoso dos Santos nasceu no Barreiro, em 1948, no seio de uma [&hellip;]","og_url":"https:\/\/arquivo.barreiroweb.net\/?p=11388","og_site_name":"barreiroweb","article_publisher":"https:\/\/www.facebook.com\/barreiroweb","article_published_time":"2014-04-29T20:53:13+00:00","og_image":[{"width":314,"height":222,"url":"https:\/\/arquivo.barreiroweb.net\/wp-content\/uploads\/2014\/04\/Aguarelas_1.jpg","type":"image\/jpeg"}],"author":"barreiroweb","twitter_card":"summary_large_image","twitter_creator":"@barreiroweb","twitter_site":"@barreiroweb","twitter_misc":{"Escrito por":"barreiroweb","Tempo estimado de leitura":"1 minuto"},"schema":{"@context":"https:\/\/schema.org","@graph":[{"@type":"Article","@id":"https:\/\/arquivo.barreiroweb.net\/?p=11388#article","isPartOf":{"@id":"https:\/\/arquivo.barreiroweb.net\/?p=11388"},"author":{"name":"barreiroweb","@id":"https:\/\/arquivo.barreiroweb.net\/#\/schema\/person\/44b6d528aff975e3786c9f475f9df2dd"},"headline":"EXPOSI\u00c7\u00c3O DE AGUARELAS NA BIBLIOTECA MUNICIPAL","datePublished":"2014-04-29T20:53:13+00:00","mainEntityOfPage":{"@id":"https:\/\/arquivo.barreiroweb.net\/?p=11388"},"wordCount":244,"commentCount":0,"publisher":{"@id":"https:\/\/arquivo.barreiroweb.net\/#organization"},"image":{"@id":"https:\/\/arquivo.barreiroweb.net\/?p=11388#primaryimage"},"thumbnailUrl":"https:\/\/arquivo.barreiroweb.net\/wp-content\/uploads\/2014\/04\/Aguarelas_1.jpg","keywords":["barreiro","exposi\u00e7\u00e3o"],"articleSection":["Destaque","Festas e Feiras"],"inLanguage":"pt-PT","potentialAction":[{"@type":"CommentAction","name":"Comment","target":["https:\/\/arquivo.barreiroweb.net\/?p=11388#respond"]}]},{"@type":"WebPage","@id":"https:\/\/arquivo.barreiroweb.net\/?p=11388","url":"https:\/\/arquivo.barreiroweb.net\/?p=11388","name":"EXPOSI\u00c7\u00c3O DE AGUARELAS NA BIBLIOTECA MUNICIPAL - barreiroweb","isPartOf":{"@id":"https:\/\/arquivo.barreiroweb.net\/#website"},"primaryImageOfPage":{"@id":"https:\/\/arquivo.barreiroweb.net\/?p=11388#primaryimage"},"image":{"@id":"https:\/\/arquivo.barreiroweb.net\/?p=11388#primaryimage"},"thumbnailUrl":"https:\/\/arquivo.barreiroweb.net\/wp-content\/uploads\/2014\/04\/Aguarelas_1.jpg","datePublished":"2014-04-29T20:53:13+00:00","breadcrumb":{"@id":"https:\/\/arquivo.barreiroweb.net\/?p=11388#breadcrumb"},"inLanguage":"pt-PT","potentialAction":[{"@type":"ReadAction","target":["https:\/\/arquivo.barreiroweb.net\/?p=11388"]}]},{"@type":"ImageObject","inLanguage":"pt-PT","@id":"https:\/\/arquivo.barreiroweb.net\/?p=11388#primaryimage","url":"https:\/\/arquivo.barreiroweb.net\/wp-content\/uploads\/2014\/04\/Aguarelas_1.jpg","contentUrl":"https:\/\/arquivo.barreiroweb.net\/wp-content\/uploads\/2014\/04\/Aguarelas_1.jpg","width":314,"height":222},{"@type":"BreadcrumbList","@id":"https:\/\/arquivo.barreiroweb.net\/?p=11388#breadcrumb","itemListElement":[{"@type":"ListItem","position":1,"name":"In\u00edcio","item":"https:\/\/arquivo.barreiroweb.net\/"},{"@type":"ListItem","position":2,"name":"EXPOSI\u00c7\u00c3O DE AGUARELAS NA BIBLIOTECA MUNICIPAL"}]},{"@type":"WebSite","@id":"https:\/\/arquivo.barreiroweb.net\/#website","url":"https:\/\/arquivo.barreiroweb.net\/","name":"barreiroweb","description":"Barreiroweb o barreiro na web","publisher":{"@id":"https:\/\/arquivo.barreiroweb.net\/#organization"},"potentialAction":[{"@type":"SearchAction","target":{"@type":"EntryPoint","urlTemplate":"https:\/\/arquivo.barreiroweb.net\/?s={search_term_string}"},"query-input":{"@type":"PropertyValueSpecification","valueRequired":true,"valueName":"search_term_string"}}],"inLanguage":"pt-PT"},{"@type":"Organization","@id":"https:\/\/arquivo.barreiroweb.net\/#organization","name":"barreiroweb","url":"https:\/\/arquivo.barreiroweb.net\/","logo":{"@type":"ImageObject","inLanguage":"pt-PT","@id":"https:\/\/arquivo.barreiroweb.net\/#\/schema\/logo\/image\/","url":"https:\/\/barreiroweb.net\/wp-content\/uploads\/2022\/05\/BarreiroWeb555.jpg","contentUrl":"https:\/\/barreiroweb.net\/wp-content\/uploads\/2022\/05\/BarreiroWeb555.jpg","width":421,"height":415,"caption":"barreiroweb"},"image":{"@id":"https:\/\/arquivo.barreiroweb.net\/#\/schema\/logo\/image\/"},"sameAs":["https:\/\/www.facebook.com\/barreiroweb","https:\/\/x.com\/barreiroweb"]},{"@type":"Person","@id":"https:\/\/arquivo.barreiroweb.net\/#\/schema\/person\/44b6d528aff975e3786c9f475f9df2dd","name":"barreiroweb","image":{"@type":"ImageObject","inLanguage":"pt-PT","@id":"https:\/\/arquivo.barreiroweb.net\/#\/schema\/person\/image\/","url":"https:\/\/secure.gravatar.com\/avatar\/1f764b917967430404ff0b452044eb63a25d64a5363b25be2aa42273930f477d?s=96&d=mm&r=g","contentUrl":"https:\/\/secure.gravatar.com\/avatar\/1f764b917967430404ff0b452044eb63a25d64a5363b25be2aa42273930f477d?s=96&d=mm&r=g","caption":"barreiroweb"},"url":"https:\/\/arquivo.barreiroweb.net\/?author=1"}]}},"_links":{"self":[{"href":"https:\/\/arquivo.barreiroweb.net\/index.php?rest_route=\/wp\/v2\/posts\/11388","targetHints":{"allow":["GET"]}}],"collection":[{"href":"https:\/\/arquivo.barreiroweb.net\/index.php?rest_route=\/wp\/v2\/posts"}],"about":[{"href":"https:\/\/arquivo.barreiroweb.net\/index.php?rest_route=\/wp\/v2\/types\/post"}],"author":[{"embeddable":true,"href":"https:\/\/arquivo.barreiroweb.net\/index.php?rest_route=\/wp\/v2\/users\/1"}],"replies":[{"embeddable":true,"href":"https:\/\/arquivo.barreiroweb.net\/index.php?rest_route=%2Fwp%2Fv2%2Fcomments&post=11388"}],"version-history":[{"count":1,"href":"https:\/\/arquivo.barreiroweb.net\/index.php?rest_route=\/wp\/v2\/posts\/11388\/revisions"}],"predecessor-version":[{"id":11390,"href":"https:\/\/arquivo.barreiroweb.net\/index.php?rest_route=\/wp\/v2\/posts\/11388\/revisions\/11390"}],"wp:featuredmedia":[{"embeddable":true,"href":"https:\/\/arquivo.barreiroweb.net\/index.php?rest_route=\/wp\/v2\/media\/11389"}],"wp:attachment":[{"href":"https:\/\/arquivo.barreiroweb.net\/index.php?rest_route=%2Fwp%2Fv2%2Fmedia&parent=11388"}],"wp:term":[{"taxonomy":"category","embeddable":true,"href":"https:\/\/arquivo.barreiroweb.net\/index.php?rest_route=%2Fwp%2Fv2%2Fcategories&post=11388"},{"taxonomy":"post_tag","embeddable":true,"href":"https:\/\/arquivo.barreiroweb.net\/index.php?rest_route=%2Fwp%2Fv2%2Ftags&post=11388"}],"curies":[{"name":"wp","href":"https:\/\/api.w.org\/{rel}","templated":true}]}}