{"id":11385,"date":"2014-04-29T21:49:24","date_gmt":"2014-04-29T20:49:24","guid":{"rendered":"http:\/\/barreiroweb.eu\/?p=11385"},"modified":"2014-04-29T21:49:24","modified_gmt":"2014-04-29T20:49:24","slug":"mes-da-danca-de-29-de-abril-a-25-de-maio-de-2014","status":"publish","type":"post","link":"https:\/\/arquivo.barreiroweb.net\/?p=11385","title":{"rendered":"M\u00caS DA DAN\u00c7A DE 29 DE ABRIL A 25 DE MAIO DE 2014"},"content":{"rendered":"<p style=\"text-align: justify;\"><strong><a href=\"http:\/\/barreiroweb.eu\/wp-content\/uploads\/2014\/04\/mes-danca.jpg\" rel=\"lightbox[11385]\"><img loading=\"lazy\" decoding=\"async\" class=\"alignleft size-thumbnail wp-image-11386\" src=\"http:\/\/barreiroweb.eu\/wp-content\/uploads\/2014\/04\/mes-danca-150x150.jpg\" alt=\"mes danca\" width=\"150\" height=\"150\" srcset=\"https:\/\/arquivo.barreiroweb.net\/wp-content\/uploads\/2014\/04\/mes-danca-150x150.jpg 150w, https:\/\/arquivo.barreiroweb.net\/wp-content\/uploads\/2014\/04\/mes-danca-50x50.jpg 50w, https:\/\/arquivo.barreiroweb.net\/wp-content\/uploads\/2014\/04\/mes-danca-70x70.jpg 70w, https:\/\/arquivo.barreiroweb.net\/wp-content\/uploads\/2014\/04\/mes-danca-55x55.jpg 55w\" sizes=\"auto, (max-width: 150px) 100vw, 150px\" \/><\/a>De 29 de abril a 25 de maio, decorre o M\u00caS DA DAN\u00c7A pelo Concelho do Barreiro. <\/strong><\/p>\n<p style=\"text-align: justify;\"><strong>O programa dirige-se aos p\u00fablicos infantil, adulto e familiar, com in\u00fameros espet\u00e1culos quer no Audit\u00f3rio Municipal Augusto Cabrita (AMAC), quer nas coletividades do Concelho.\u00a0 <\/strong><\/p>\n<p style=\"text-align: justify;\">Consulte toda a programa\u00e7\u00e3o no site da CMB em:<\/p>\n<p style=\"text-align: justify;\"><a href=\"http:\/\/www.cm-barreiro.pt\/pt\/conteudos\/noticias+e+eventos\/noticias\/destaques\/programa+mes+da+dan\u00e7a.htm\">http:\/\/www.cm-barreiro.pt\/pt\/conteudos\/noticias+e+eventos\/noticias\/destaques\/programa+mes+da+dan\u00e7a.htm<\/a><\/p>\n<p style=\"text-align: justify;\">De referir que o M\u00caS DA DAN\u00c7A \u00e9 um projeto inclusivo promovido pela C\u00e2mara Municipal do Barreiro que envolveu, na sua constru\u00e7\u00e3o, a participa\u00e7\u00e3o dos agentes culturais locais ligados \u00e0 Dan\u00e7a.<\/p>\n<p style=\"text-align: justify;\">Do programa destacamos:<\/p>\n<p style=\"text-align: justify;\"><strong>29 de abril | Dia Mundial da Dan\u00e7a<\/strong><\/p>\n<p style=\"text-align: justify;\"><strong>\u00bb Aula Aberta Ritmos Latinos e Hip-Hop em cadeira de Rodas |Ruskii Klub e Associa\u00e7\u00e3o Salvador | 14h00 | Tenda do Parque da Cidade do Barreiro<\/strong><\/p>\n<p style=\"text-align: justify;\">P\u00fablico-alvo: M\/6<\/p>\n<p style=\"text-align: justify;\">Dura\u00e7\u00e3o: aprox. 45min. s\/intervalo<\/p>\n<p style=\"text-align: justify;\"><strong>\u00bb Gala da SDUB |Escola de Dan\u00e7a \u201cOs Franceses\u201d | 19h00 | Sociedade Democr\u00e1tica Uni\u00e3o Barreirense \u201cOs Franceses\u201d<\/strong><\/p>\n<p style=\"text-align: justify;\">Ballet \u2013 \u201cA Fuga em Bach\u201d<\/p>\n<p style=\"text-align: justify;\">Dan\u00e7a Contempor\u00e2nea \u2013 \u201cL.O.V.E.\u201d, Companhia Estrofe em Sonetos<\/p>\n<p style=\"text-align: justify;\">Hip-Hop \u2013 Professora C\u00edntia Duarte<\/p>\n<p style=\"text-align: justify;\">Dan\u00e7as de Sal\u00e3o \u2013 Professor Vitor Hugo<\/p>\n<p style=\"text-align: justify;\">Para todos os p\u00fablicos<\/p>\n<p style=\"text-align: justify;\">Dura\u00e7\u00e3o: 90 min.<\/p>\n<p style=\"text-align: justify;\">Entrada gratuita<\/p>\n<p style=\"text-align: justify;\"><strong>\u00bb 2 de maio<\/strong> | <strong>Play False | Ant\u00f3nio Cabrita e S\u00e3o Castro | 21h30 | Audit\u00f3rio Municipal Augusto Cabrita<\/strong><\/p>\n<p style=\"text-align: justify;\">P\u00fablico-alvo: M\/3<\/p>\n<p style=\"text-align: justify;\">Dura\u00e7\u00e3o: aprox. 50 min. S\/intervalo<\/p>\n<p style=\"text-align: justify;\">Ingresso simples: 5\u20ac | combinado (Play False e Solos): 7,50\u20ac<\/p>\n<p style=\"text-align: justify;\">\u00bb<strong> 10 de maio | Solos |Companhia Olga Roriz| 21h30 | Audit\u00f3rio Municipal Augusto Cabrita <\/strong><\/p>\n<p style=\"text-align: justify;\">P\u00fablico-alvo: M\/12<\/p>\n<p style=\"text-align: justify;\">Dura\u00e7\u00e3o: 55 min. s\/intervalo<\/p>\n<p style=\"text-align: justify;\">Ingresso: Simples: 5 \u20ac | Combinado (Play False e Solos): 7,50\u20ac<\/p>\n<p style=\"text-align: justify;\"><strong>\u00bb 25 de maio |16h00| De Pernas para o Ar | Companhia Dan\u00e7Arte |Audit\u00f3rio Municipal Augusto Cabrita<\/strong><\/p>\n<p style=\"text-align: justify;\">P\u00fablico-alvo: M\/3 \u2013 P\u00fablico Familiar<\/p>\n<p style=\"text-align: justify;\">Dura\u00e7\u00e3o: 40 min. s\/intervalo<\/p>\n<p style=\"text-align: justify;\">Ingresso: 2 \u20ac<\/p>\n<p style=\"text-align: justify;\"><strong>\u00bb 24 de maio | Maratona de Aulas Abertas | Participa\u00e7\u00e3o das Companhias de Dan\u00e7a do Barreiro | das 14h00 \u00e0s 23h00 | Audit\u00f3rio Municipal Augusto Cabrita <\/strong><\/p>\n<p style=\"text-align: justify;\"><strong>14h00<\/strong> &#8211; Flamenco |Poente Del Rio<\/p>\n<p style=\"text-align: justify;\"><strong>15h00<\/strong> &#8211; Aula do Sorriso |DAN\u00c7UTIB<\/p>\n<p style=\"text-align: justify;\"><strong>16h00<\/strong> &#8211; Um Corpo em constru\u00e7\u00e3o |Estrofe em Sonetos<\/p>\n<p style=\"text-align: justify;\"><strong>17h00<\/strong> \u2013 Ritmos afro-latinos | DAN\u00c7UTIB<\/p>\n<p style=\"text-align: justify;\"><strong>18h00<\/strong> \u2013 Contempor\u00e2nea e aer\u00f3bica| Grupo Barreiro Gym<\/p>\n<p style=\"text-align: justify;\"><strong>19h00<\/strong> \u2013 Dansuri moldovenesti (Dan\u00e7a Moldava) Associa\u00e7\u00e3o Miorita<\/p>\n<p style=\"text-align: justify;\"><strong>21h00<\/strong> \u2013 Paso Doble |Ruskii Klub<\/p>\n<p style=\"text-align: justify;\"><strong>22h00<\/strong> \u2013 Contempor\u00e2nea|Dance Up Ballet<\/p>\n<p style=\"text-align: justify;\"><strong>23h00<\/strong> \u2013 Hip Hop |Dance Up Ballet e Dancecoolture<\/p>\n<p style=\"text-align: justify;\"><strong>Inscri\u00e7\u00f5es e informa\u00e7\u00f5es: worshops e oficinas | Bilheteira AMAC: 21 214 74 10<\/strong><\/p>\n<p style=\"text-align: justify;\"><strong>Espet\u00e1culos |Bilheteira AMAC: 21 214 74 10<\/strong><\/p>\n<p style=\"text-align: justify;\"><strong>Posto de Turismo: 21 099 08 37.<\/strong><\/p>\n<p style=\"text-align: justify;\"><strong>Fonte: CMB <\/strong><\/p>\n","protected":false},"excerpt":{"rendered":"<p>De 29 de abril a 25 de maio, decorre o M\u00caS DA DAN\u00c7A pelo Concelho do Barreiro. O programa dirige-se aos p\u00fablicos infantil, adulto e familiar, com in\u00fameros espet\u00e1culos quer no Audit\u00f3rio Municipal Augusto Cabrita (AMAC), quer nas coletividades do Concelho.\u00a0 Consulte toda a programa\u00e7\u00e3o no site da CMB em: http:\/\/www.cm-barreiro.pt\/pt\/conteudos\/noticias+e+eventos\/noticias\/destaques\/programa+mes+da+dan\u00e7a.htm De referir que o [&hellip;]<\/p>\n","protected":false},"author":1,"featured_media":11386,"comment_status":"open","ping_status":"open","sticky":false,"template":"","format":"standard","meta":{"footnotes":""},"categories":[32,10],"tags":[41,160],"class_list":["post-11385","post","type-post","status-publish","format-standard","has-post-thumbnail","hentry","category-destaque","category-teatro","tag-barreiro","tag-danca","last_archivepost"],"yoast_head":"<!-- This site is optimized with the Yoast SEO plugin v27.1.1 - https:\/\/yoast.com\/product\/yoast-seo-wordpress\/ -->\n<title>M\u00caS DA DAN\u00c7A DE 29 DE ABRIL A 25 DE MAIO DE 2014 - barreiroweb<\/title>\n<meta name=\"robots\" content=\"index, follow, max-snippet:-1, max-image-preview:large, max-video-preview:-1\" \/>\n<link rel=\"canonical\" href=\"https:\/\/arquivo.barreiroweb.net\/?p=11385\" \/>\n<meta property=\"og:locale\" content=\"pt_PT\" \/>\n<meta property=\"og:type\" content=\"article\" \/>\n<meta property=\"og:title\" content=\"M\u00caS DA DAN\u00c7A DE 29 DE ABRIL A 25 DE MAIO DE 2014 - barreiroweb\" \/>\n<meta property=\"og:description\" content=\"De 29 de abril a 25 de maio, decorre o M\u00caS DA DAN\u00c7A pelo Concelho do Barreiro. O programa dirige-se aos p\u00fablicos infantil, adulto e familiar, com in\u00fameros espet\u00e1culos quer no Audit\u00f3rio Municipal Augusto Cabrita (AMAC), quer nas coletividades do Concelho.\u00a0 Consulte toda a programa\u00e7\u00e3o no site da CMB em: http:\/\/www.cm-barreiro.pt\/pt\/conteudos\/noticias+e+eventos\/noticias\/destaques\/programa+mes+da+dan\u00e7a.htm De referir que o [&hellip;]\" \/>\n<meta property=\"og:url\" content=\"https:\/\/arquivo.barreiroweb.net\/?p=11385\" \/>\n<meta property=\"og:site_name\" content=\"barreiroweb\" \/>\n<meta property=\"article:publisher\" content=\"https:\/\/www.facebook.com\/barreiroweb\" \/>\n<meta property=\"article:published_time\" content=\"2014-04-29T20:49:24+00:00\" \/>\n<meta property=\"og:image\" content=\"https:\/\/arquivo.barreiroweb.net\/wp-content\/uploads\/2014\/04\/mes-danca.jpg\" \/>\n\t<meta property=\"og:image:width\" content=\"222\" \/>\n\t<meta property=\"og:image:height\" content=\"314\" \/>\n\t<meta property=\"og:image:type\" content=\"image\/jpeg\" \/>\n<meta name=\"author\" content=\"barreiroweb\" \/>\n<meta name=\"twitter:card\" content=\"summary_large_image\" \/>\n<meta name=\"twitter:creator\" content=\"@barreiroweb\" \/>\n<meta name=\"twitter:site\" content=\"@barreiroweb\" \/>\n<meta name=\"twitter:label1\" content=\"Escrito por\" \/>\n\t<meta name=\"twitter:data1\" content=\"barreiroweb\" \/>\n\t<meta name=\"twitter:label2\" content=\"Tempo estimado de leitura\" \/>\n\t<meta name=\"twitter:data2\" content=\"2 minutos\" \/>\n<script type=\"application\/ld+json\" class=\"yoast-schema-graph\">{\"@context\":\"https:\/\/schema.org\",\"@graph\":[{\"@type\":\"Article\",\"@id\":\"https:\/\/arquivo.barreiroweb.net\/?p=11385#article\",\"isPartOf\":{\"@id\":\"https:\/\/arquivo.barreiroweb.net\/?p=11385\"},\"author\":{\"name\":\"barreiroweb\",\"@id\":\"https:\/\/arquivo.barreiroweb.net\/#\/schema\/person\/44b6d528aff975e3786c9f475f9df2dd\"},\"headline\":\"M\u00caS DA DAN\u00c7A DE 29 DE ABRIL A 25 DE MAIO DE 2014\",\"datePublished\":\"2014-04-29T20:49:24+00:00\",\"mainEntityOfPage\":{\"@id\":\"https:\/\/arquivo.barreiroweb.net\/?p=11385\"},\"wordCount\":416,\"commentCount\":0,\"publisher\":{\"@id\":\"https:\/\/arquivo.barreiroweb.net\/#organization\"},\"image\":{\"@id\":\"https:\/\/arquivo.barreiroweb.net\/?p=11385#primaryimage\"},\"thumbnailUrl\":\"https:\/\/arquivo.barreiroweb.net\/wp-content\/uploads\/2014\/04\/mes-danca.jpg\",\"keywords\":[\"barreiro\",\"dan\u00e7a\"],\"articleSection\":[\"Destaque\",\"Teatro\"],\"inLanguage\":\"pt-PT\",\"potentialAction\":[{\"@type\":\"CommentAction\",\"name\":\"Comment\",\"target\":[\"https:\/\/arquivo.barreiroweb.net\/?p=11385#respond\"]}]},{\"@type\":\"WebPage\",\"@id\":\"https:\/\/arquivo.barreiroweb.net\/?p=11385\",\"url\":\"https:\/\/arquivo.barreiroweb.net\/?p=11385\",\"name\":\"M\u00caS DA DAN\u00c7A DE 29 DE ABRIL A 25 DE MAIO DE 2014 - barreiroweb\",\"isPartOf\":{\"@id\":\"https:\/\/arquivo.barreiroweb.net\/#website\"},\"primaryImageOfPage\":{\"@id\":\"https:\/\/arquivo.barreiroweb.net\/?p=11385#primaryimage\"},\"image\":{\"@id\":\"https:\/\/arquivo.barreiroweb.net\/?p=11385#primaryimage\"},\"thumbnailUrl\":\"https:\/\/arquivo.barreiroweb.net\/wp-content\/uploads\/2014\/04\/mes-danca.jpg\",\"datePublished\":\"2014-04-29T20:49:24+00:00\",\"breadcrumb\":{\"@id\":\"https:\/\/arquivo.barreiroweb.net\/?p=11385#breadcrumb\"},\"inLanguage\":\"pt-PT\",\"potentialAction\":[{\"@type\":\"ReadAction\",\"target\":[\"https:\/\/arquivo.barreiroweb.net\/?p=11385\"]}]},{\"@type\":\"ImageObject\",\"inLanguage\":\"pt-PT\",\"@id\":\"https:\/\/arquivo.barreiroweb.net\/?p=11385#primaryimage\",\"url\":\"https:\/\/arquivo.barreiroweb.net\/wp-content\/uploads\/2014\/04\/mes-danca.jpg\",\"contentUrl\":\"https:\/\/arquivo.barreiroweb.net\/wp-content\/uploads\/2014\/04\/mes-danca.jpg\",\"width\":222,\"height\":314},{\"@type\":\"BreadcrumbList\",\"@id\":\"https:\/\/arquivo.barreiroweb.net\/?p=11385#breadcrumb\",\"itemListElement\":[{\"@type\":\"ListItem\",\"position\":1,\"name\":\"In\u00edcio\",\"item\":\"https:\/\/arquivo.barreiroweb.net\/\"},{\"@type\":\"ListItem\",\"position\":2,\"name\":\"M\u00caS DA DAN\u00c7A DE 29 DE ABRIL A 25 DE MAIO DE 2014\"}]},{\"@type\":\"WebSite\",\"@id\":\"https:\/\/arquivo.barreiroweb.net\/#website\",\"url\":\"https:\/\/arquivo.barreiroweb.net\/\",\"name\":\"barreiroweb\",\"description\":\"Barreiroweb o barreiro na web\",\"publisher\":{\"@id\":\"https:\/\/arquivo.barreiroweb.net\/#organization\"},\"potentialAction\":[{\"@type\":\"SearchAction\",\"target\":{\"@type\":\"EntryPoint\",\"urlTemplate\":\"https:\/\/arquivo.barreiroweb.net\/?s={search_term_string}\"},\"query-input\":{\"@type\":\"PropertyValueSpecification\",\"valueRequired\":true,\"valueName\":\"search_term_string\"}}],\"inLanguage\":\"pt-PT\"},{\"@type\":\"Organization\",\"@id\":\"https:\/\/arquivo.barreiroweb.net\/#organization\",\"name\":\"barreiroweb\",\"url\":\"https:\/\/arquivo.barreiroweb.net\/\",\"logo\":{\"@type\":\"ImageObject\",\"inLanguage\":\"pt-PT\",\"@id\":\"https:\/\/arquivo.barreiroweb.net\/#\/schema\/logo\/image\/\",\"url\":\"https:\/\/barreiroweb.net\/wp-content\/uploads\/2022\/05\/BarreiroWeb555.jpg\",\"contentUrl\":\"https:\/\/barreiroweb.net\/wp-content\/uploads\/2022\/05\/BarreiroWeb555.jpg\",\"width\":421,\"height\":415,\"caption\":\"barreiroweb\"},\"image\":{\"@id\":\"https:\/\/arquivo.barreiroweb.net\/#\/schema\/logo\/image\/\"},\"sameAs\":[\"https:\/\/www.facebook.com\/barreiroweb\",\"https:\/\/x.com\/barreiroweb\"]},{\"@type\":\"Person\",\"@id\":\"https:\/\/arquivo.barreiroweb.net\/#\/schema\/person\/44b6d528aff975e3786c9f475f9df2dd\",\"name\":\"barreiroweb\",\"image\":{\"@type\":\"ImageObject\",\"inLanguage\":\"pt-PT\",\"@id\":\"https:\/\/arquivo.barreiroweb.net\/#\/schema\/person\/image\/\",\"url\":\"https:\/\/secure.gravatar.com\/avatar\/1f764b917967430404ff0b452044eb63a25d64a5363b25be2aa42273930f477d?s=96&d=mm&r=g\",\"contentUrl\":\"https:\/\/secure.gravatar.com\/avatar\/1f764b917967430404ff0b452044eb63a25d64a5363b25be2aa42273930f477d?s=96&d=mm&r=g\",\"caption\":\"barreiroweb\"},\"url\":\"https:\/\/arquivo.barreiroweb.net\/?author=1\"}]}<\/script>\n<!-- \/ Yoast SEO plugin. -->","yoast_head_json":{"title":"M\u00caS DA DAN\u00c7A DE 29 DE ABRIL A 25 DE MAIO DE 2014 - barreiroweb","robots":{"index":"index","follow":"follow","max-snippet":"max-snippet:-1","max-image-preview":"max-image-preview:large","max-video-preview":"max-video-preview:-1"},"canonical":"https:\/\/arquivo.barreiroweb.net\/?p=11385","og_locale":"pt_PT","og_type":"article","og_title":"M\u00caS DA DAN\u00c7A DE 29 DE ABRIL A 25 DE MAIO DE 2014 - barreiroweb","og_description":"De 29 de abril a 25 de maio, decorre o M\u00caS DA DAN\u00c7A pelo Concelho do Barreiro. O programa dirige-se aos p\u00fablicos infantil, adulto e familiar, com in\u00fameros espet\u00e1culos quer no Audit\u00f3rio Municipal Augusto Cabrita (AMAC), quer nas coletividades do Concelho.\u00a0 Consulte toda a programa\u00e7\u00e3o no site da CMB em: http:\/\/www.cm-barreiro.pt\/pt\/conteudos\/noticias+e+eventos\/noticias\/destaques\/programa+mes+da+dan\u00e7a.htm De referir que o [&hellip;]","og_url":"https:\/\/arquivo.barreiroweb.net\/?p=11385","og_site_name":"barreiroweb","article_publisher":"https:\/\/www.facebook.com\/barreiroweb","article_published_time":"2014-04-29T20:49:24+00:00","og_image":[{"width":222,"height":314,"url":"https:\/\/arquivo.barreiroweb.net\/wp-content\/uploads\/2014\/04\/mes-danca.jpg","type":"image\/jpeg"}],"author":"barreiroweb","twitter_card":"summary_large_image","twitter_creator":"@barreiroweb","twitter_site":"@barreiroweb","twitter_misc":{"Escrito por":"barreiroweb","Tempo estimado de leitura":"2 minutos"},"schema":{"@context":"https:\/\/schema.org","@graph":[{"@type":"Article","@id":"https:\/\/arquivo.barreiroweb.net\/?p=11385#article","isPartOf":{"@id":"https:\/\/arquivo.barreiroweb.net\/?p=11385"},"author":{"name":"barreiroweb","@id":"https:\/\/arquivo.barreiroweb.net\/#\/schema\/person\/44b6d528aff975e3786c9f475f9df2dd"},"headline":"M\u00caS DA DAN\u00c7A DE 29 DE ABRIL A 25 DE MAIO DE 2014","datePublished":"2014-04-29T20:49:24+00:00","mainEntityOfPage":{"@id":"https:\/\/arquivo.barreiroweb.net\/?p=11385"},"wordCount":416,"commentCount":0,"publisher":{"@id":"https:\/\/arquivo.barreiroweb.net\/#organization"},"image":{"@id":"https:\/\/arquivo.barreiroweb.net\/?p=11385#primaryimage"},"thumbnailUrl":"https:\/\/arquivo.barreiroweb.net\/wp-content\/uploads\/2014\/04\/mes-danca.jpg","keywords":["barreiro","dan\u00e7a"],"articleSection":["Destaque","Teatro"],"inLanguage":"pt-PT","potentialAction":[{"@type":"CommentAction","name":"Comment","target":["https:\/\/arquivo.barreiroweb.net\/?p=11385#respond"]}]},{"@type":"WebPage","@id":"https:\/\/arquivo.barreiroweb.net\/?p=11385","url":"https:\/\/arquivo.barreiroweb.net\/?p=11385","name":"M\u00caS DA DAN\u00c7A DE 29 DE ABRIL A 25 DE MAIO DE 2014 - barreiroweb","isPartOf":{"@id":"https:\/\/arquivo.barreiroweb.net\/#website"},"primaryImageOfPage":{"@id":"https:\/\/arquivo.barreiroweb.net\/?p=11385#primaryimage"},"image":{"@id":"https:\/\/arquivo.barreiroweb.net\/?p=11385#primaryimage"},"thumbnailUrl":"https:\/\/arquivo.barreiroweb.net\/wp-content\/uploads\/2014\/04\/mes-danca.jpg","datePublished":"2014-04-29T20:49:24+00:00","breadcrumb":{"@id":"https:\/\/arquivo.barreiroweb.net\/?p=11385#breadcrumb"},"inLanguage":"pt-PT","potentialAction":[{"@type":"ReadAction","target":["https:\/\/arquivo.barreiroweb.net\/?p=11385"]}]},{"@type":"ImageObject","inLanguage":"pt-PT","@id":"https:\/\/arquivo.barreiroweb.net\/?p=11385#primaryimage","url":"https:\/\/arquivo.barreiroweb.net\/wp-content\/uploads\/2014\/04\/mes-danca.jpg","contentUrl":"https:\/\/arquivo.barreiroweb.net\/wp-content\/uploads\/2014\/04\/mes-danca.jpg","width":222,"height":314},{"@type":"BreadcrumbList","@id":"https:\/\/arquivo.barreiroweb.net\/?p=11385#breadcrumb","itemListElement":[{"@type":"ListItem","position":1,"name":"In\u00edcio","item":"https:\/\/arquivo.barreiroweb.net\/"},{"@type":"ListItem","position":2,"name":"M\u00caS DA DAN\u00c7A DE 29 DE ABRIL A 25 DE MAIO DE 2014"}]},{"@type":"WebSite","@id":"https:\/\/arquivo.barreiroweb.net\/#website","url":"https:\/\/arquivo.barreiroweb.net\/","name":"barreiroweb","description":"Barreiroweb o barreiro na web","publisher":{"@id":"https:\/\/arquivo.barreiroweb.net\/#organization"},"potentialAction":[{"@type":"SearchAction","target":{"@type":"EntryPoint","urlTemplate":"https:\/\/arquivo.barreiroweb.net\/?s={search_term_string}"},"query-input":{"@type":"PropertyValueSpecification","valueRequired":true,"valueName":"search_term_string"}}],"inLanguage":"pt-PT"},{"@type":"Organization","@id":"https:\/\/arquivo.barreiroweb.net\/#organization","name":"barreiroweb","url":"https:\/\/arquivo.barreiroweb.net\/","logo":{"@type":"ImageObject","inLanguage":"pt-PT","@id":"https:\/\/arquivo.barreiroweb.net\/#\/schema\/logo\/image\/","url":"https:\/\/barreiroweb.net\/wp-content\/uploads\/2022\/05\/BarreiroWeb555.jpg","contentUrl":"https:\/\/barreiroweb.net\/wp-content\/uploads\/2022\/05\/BarreiroWeb555.jpg","width":421,"height":415,"caption":"barreiroweb"},"image":{"@id":"https:\/\/arquivo.barreiroweb.net\/#\/schema\/logo\/image\/"},"sameAs":["https:\/\/www.facebook.com\/barreiroweb","https:\/\/x.com\/barreiroweb"]},{"@type":"Person","@id":"https:\/\/arquivo.barreiroweb.net\/#\/schema\/person\/44b6d528aff975e3786c9f475f9df2dd","name":"barreiroweb","image":{"@type":"ImageObject","inLanguage":"pt-PT","@id":"https:\/\/arquivo.barreiroweb.net\/#\/schema\/person\/image\/","url":"https:\/\/secure.gravatar.com\/avatar\/1f764b917967430404ff0b452044eb63a25d64a5363b25be2aa42273930f477d?s=96&d=mm&r=g","contentUrl":"https:\/\/secure.gravatar.com\/avatar\/1f764b917967430404ff0b452044eb63a25d64a5363b25be2aa42273930f477d?s=96&d=mm&r=g","caption":"barreiroweb"},"url":"https:\/\/arquivo.barreiroweb.net\/?author=1"}]}},"_links":{"self":[{"href":"https:\/\/arquivo.barreiroweb.net\/index.php?rest_route=\/wp\/v2\/posts\/11385","targetHints":{"allow":["GET"]}}],"collection":[{"href":"https:\/\/arquivo.barreiroweb.net\/index.php?rest_route=\/wp\/v2\/posts"}],"about":[{"href":"https:\/\/arquivo.barreiroweb.net\/index.php?rest_route=\/wp\/v2\/types\/post"}],"author":[{"embeddable":true,"href":"https:\/\/arquivo.barreiroweb.net\/index.php?rest_route=\/wp\/v2\/users\/1"}],"replies":[{"embeddable":true,"href":"https:\/\/arquivo.barreiroweb.net\/index.php?rest_route=%2Fwp%2Fv2%2Fcomments&post=11385"}],"version-history":[{"count":1,"href":"https:\/\/arquivo.barreiroweb.net\/index.php?rest_route=\/wp\/v2\/posts\/11385\/revisions"}],"predecessor-version":[{"id":11387,"href":"https:\/\/arquivo.barreiroweb.net\/index.php?rest_route=\/wp\/v2\/posts\/11385\/revisions\/11387"}],"wp:featuredmedia":[{"embeddable":true,"href":"https:\/\/arquivo.barreiroweb.net\/index.php?rest_route=\/wp\/v2\/media\/11386"}],"wp:attachment":[{"href":"https:\/\/arquivo.barreiroweb.net\/index.php?rest_route=%2Fwp%2Fv2%2Fmedia&parent=11385"}],"wp:term":[{"taxonomy":"category","embeddable":true,"href":"https:\/\/arquivo.barreiroweb.net\/index.php?rest_route=%2Fwp%2Fv2%2Fcategories&post=11385"},{"taxonomy":"post_tag","embeddable":true,"href":"https:\/\/arquivo.barreiroweb.net\/index.php?rest_route=%2Fwp%2Fv2%2Ftags&post=11385"}],"curies":[{"name":"wp","href":"https:\/\/api.w.org\/{rel}","templated":true}]}}