{"id":11276,"date":"2014-04-11T22:30:30","date_gmt":"2014-04-11T21:30:30","guid":{"rendered":"http:\/\/barreiroweb.eu\/?p=11276"},"modified":"2014-04-11T22:30:30","modified_gmt":"2014-04-11T21:30:30","slug":"dia-internacional-de-monumentos-e-sitio","status":"publish","type":"post","link":"https:\/\/arquivo.barreiroweb.net\/?p=11276","title":{"rendered":"Dia Internacional de Monumentos e S\u00edtio"},"content":{"rendered":"<p style=\"text-align: justify;\" align=\"center\"><strong><a href=\"http:\/\/barreiroweb.eu\/wp-content\/uploads\/2014\/04\/Flyer-Monumentos-2014.jpg\" rel=\"lightbox[11276]\"><img loading=\"lazy\" decoding=\"async\" class=\"alignleft size-thumbnail wp-image-11277\" alt=\"Flyer Monumentos 2014\" src=\"http:\/\/barreiroweb.eu\/wp-content\/uploads\/2014\/04\/Flyer-Monumentos-2014-150x150.jpg\" width=\"150\" height=\"150\" srcset=\"https:\/\/arquivo.barreiroweb.net\/wp-content\/uploads\/2014\/04\/Flyer-Monumentos-2014-150x150.jpg 150w, https:\/\/arquivo.barreiroweb.net\/wp-content\/uploads\/2014\/04\/Flyer-Monumentos-2014-50x50.jpg 50w, https:\/\/arquivo.barreiroweb.net\/wp-content\/uploads\/2014\/04\/Flyer-Monumentos-2014-70x70.jpg 70w, https:\/\/arquivo.barreiroweb.net\/wp-content\/uploads\/2014\/04\/Flyer-Monumentos-2014-55x55.jpg 55w\" sizes=\"auto, (max-width: 150px) 100vw, 150px\" \/><\/a>CMB promove visita ao Centro de Interpreta\u00e7\u00e3o do Campo Arqueol\u00f3gico da Mata da Machada | 12 de abril<\/strong><\/p>\n<p style=\"text-align: justify;\" align=\"center\"><strong>Inscri\u00e7\u00f5es gratuitas<\/strong><\/p>\n<p style=\"text-align: justify;\">No \u00e2mbito das Comemora\u00e7\u00f5es do Dia Internacional de Monumentos e S\u00edtios, que se assinala a 18 de abril, enquadradas no tema \u201cLugares de Mem\u00f3ria\u201d, a C\u00e2mara Municipal do Barreiro (CMB) vai promover, s\u00e1bado, 12 de abril, uma visita ao Centro de Interpreta\u00e7\u00e3o do Campo Arqueol\u00f3gico da Mata da Machada. As inscri\u00e7\u00f5es para esta iniciativa s\u00e3o gratuitas.<\/p>\n<p style=\"text-align: justify;\">A visita ter\u00e1 in\u00edcio pelas 10h00 e dura\u00e7\u00e3o aproximada de duas horas. As inscri\u00e7\u00f5es, ainda que gratuitas, s\u00e3o obrigat\u00f3rias. Poder\u00e3o ser efetuadas no Posto de Turismo do Barreiro at\u00e9 \u00e0 v\u00e9spera, com o limite m\u00e1ximo de dez pessoas (m\u00ednimo de cinco).<\/p>\n<p>O ponto de encontro ser\u00e1 junto do Centro de Educa\u00e7\u00e3o Ambiental, pelas 10h00.<\/p>\n<p>O Posto de Turismo est\u00e1 situado no Mercado Municipal 1\u00ba de Maio, Avenida Alfredo da Silva. Telefone: 21 099 0837. Endere\u00e7o eletr\u00f3nico: <a href=\"mailto:postodeturismo@cm-barreiro.pt\">postodeturismo@cm-barreiro.pt<\/a>.<\/p>\n<p align=\"center\"><b>Dia Nacional dos Moinhos<\/b><b>\u00a0<\/b><\/p>\n<p>Entretanto, tal como havia divulgado, a CMB assinalou o Dia Nacional dos Moinhos com a abertura das portas do Jim na tarde do passado s\u00e1bado, dia 5.<\/p>\n<p><b>CMB 2014-04-08<\/b><\/p>\n","protected":false},"excerpt":{"rendered":"<p>CMB promove visita ao Centro de Interpreta\u00e7\u00e3o do Campo Arqueol\u00f3gico da Mata da Machada | 12 de abril Inscri\u00e7\u00f5es gratuitas No \u00e2mbito das Comemora\u00e7\u00f5es do Dia Internacional de Monumentos e S\u00edtios, que se assinala a 18 de abril, enquadradas no tema \u201cLugares de Mem\u00f3ria\u201d, a C\u00e2mara Municipal do Barreiro (CMB) vai promover, s\u00e1bado, 12 de [&hellip;]<\/p>\n","protected":false},"author":1,"featured_media":11277,"comment_status":"open","ping_status":"open","sticky":false,"template":"","format":"standard","meta":{"footnotes":""},"categories":[32,3,11],"tags":[41],"class_list":["post-11276","post","type-post","status-publish","format-standard","has-post-thumbnail","hentry","category-destaque","category-eventos","category-patrimonio","tag-barreiro","last_archivepost"],"yoast_head":"<!-- This site is optimized with the Yoast SEO plugin v27.1.1 - https:\/\/yoast.com\/product\/yoast-seo-wordpress\/ -->\n<title>Dia Internacional de Monumentos e S\u00edtio  - barreiroweb<\/title>\n<meta name=\"robots\" content=\"index, follow, max-snippet:-1, max-image-preview:large, max-video-preview:-1\" \/>\n<link rel=\"canonical\" href=\"https:\/\/arquivo.barreiroweb.net\/?p=11276\" \/>\n<meta property=\"og:locale\" content=\"pt_PT\" \/>\n<meta property=\"og:type\" content=\"article\" \/>\n<meta property=\"og:title\" content=\"Dia Internacional de Monumentos e S\u00edtio  - barreiroweb\" \/>\n<meta property=\"og:description\" content=\"CMB promove visita ao Centro de Interpreta\u00e7\u00e3o do Campo Arqueol\u00f3gico da Mata da Machada | 12 de abril Inscri\u00e7\u00f5es gratuitas No \u00e2mbito das Comemora\u00e7\u00f5es do Dia Internacional de Monumentos e S\u00edtios, que se assinala a 18 de abril, enquadradas no tema \u201cLugares de Mem\u00f3ria\u201d, a C\u00e2mara Municipal do Barreiro (CMB) vai promover, s\u00e1bado, 12 de [&hellip;]\" \/>\n<meta property=\"og:url\" content=\"https:\/\/arquivo.barreiroweb.net\/?p=11276\" \/>\n<meta property=\"og:site_name\" content=\"barreiroweb\" \/>\n<meta property=\"article:publisher\" content=\"https:\/\/www.facebook.com\/barreiroweb\" \/>\n<meta property=\"article:published_time\" content=\"2014-04-11T21:30:30+00:00\" \/>\n<meta property=\"og:image\" content=\"https:\/\/arquivo.barreiroweb.net\/wp-content\/uploads\/2014\/04\/Flyer-Monumentos-2014.jpg\" \/>\n\t<meta property=\"og:image:width\" content=\"223\" \/>\n\t<meta property=\"og:image:height\" content=\"314\" \/>\n\t<meta property=\"og:image:type\" content=\"image\/jpeg\" \/>\n<meta name=\"author\" content=\"barreiroweb\" \/>\n<meta name=\"twitter:card\" content=\"summary_large_image\" \/>\n<meta name=\"twitter:creator\" content=\"@barreiroweb\" \/>\n<meta name=\"twitter:site\" content=\"@barreiroweb\" \/>\n<meta name=\"twitter:label1\" content=\"Escrito por\" \/>\n\t<meta name=\"twitter:data1\" content=\"barreiroweb\" \/>\n\t<meta name=\"twitter:label2\" content=\"Tempo estimado de leitura\" \/>\n\t<meta name=\"twitter:data2\" content=\"1 minuto\" \/>\n<script type=\"application\/ld+json\" class=\"yoast-schema-graph\">{\"@context\":\"https:\/\/schema.org\",\"@graph\":[{\"@type\":\"Article\",\"@id\":\"https:\/\/arquivo.barreiroweb.net\/?p=11276#article\",\"isPartOf\":{\"@id\":\"https:\/\/arquivo.barreiroweb.net\/?p=11276\"},\"author\":{\"name\":\"barreiroweb\",\"@id\":\"https:\/\/arquivo.barreiroweb.net\/#\/schema\/person\/44b6d528aff975e3786c9f475f9df2dd\"},\"headline\":\"Dia Internacional de Monumentos e S\u00edtio\",\"datePublished\":\"2014-04-11T21:30:30+00:00\",\"mainEntityOfPage\":{\"@id\":\"https:\/\/arquivo.barreiroweb.net\/?p=11276\"},\"wordCount\":211,\"commentCount\":0,\"publisher\":{\"@id\":\"https:\/\/arquivo.barreiroweb.net\/#organization\"},\"image\":{\"@id\":\"https:\/\/arquivo.barreiroweb.net\/?p=11276#primaryimage\"},\"thumbnailUrl\":\"https:\/\/arquivo.barreiroweb.net\/wp-content\/uploads\/2014\/04\/Flyer-Monumentos-2014.jpg\",\"keywords\":[\"barreiro\"],\"articleSection\":[\"Destaque\",\"Eventos\",\"Patrim\u00f3nio\"],\"inLanguage\":\"pt-PT\",\"potentialAction\":[{\"@type\":\"CommentAction\",\"name\":\"Comment\",\"target\":[\"https:\/\/arquivo.barreiroweb.net\/?p=11276#respond\"]}]},{\"@type\":\"WebPage\",\"@id\":\"https:\/\/arquivo.barreiroweb.net\/?p=11276\",\"url\":\"https:\/\/arquivo.barreiroweb.net\/?p=11276\",\"name\":\"Dia Internacional de Monumentos e S\u00edtio - barreiroweb\",\"isPartOf\":{\"@id\":\"https:\/\/arquivo.barreiroweb.net\/#website\"},\"primaryImageOfPage\":{\"@id\":\"https:\/\/arquivo.barreiroweb.net\/?p=11276#primaryimage\"},\"image\":{\"@id\":\"https:\/\/arquivo.barreiroweb.net\/?p=11276#primaryimage\"},\"thumbnailUrl\":\"https:\/\/arquivo.barreiroweb.net\/wp-content\/uploads\/2014\/04\/Flyer-Monumentos-2014.jpg\",\"datePublished\":\"2014-04-11T21:30:30+00:00\",\"breadcrumb\":{\"@id\":\"https:\/\/arquivo.barreiroweb.net\/?p=11276#breadcrumb\"},\"inLanguage\":\"pt-PT\",\"potentialAction\":[{\"@type\":\"ReadAction\",\"target\":[\"https:\/\/arquivo.barreiroweb.net\/?p=11276\"]}]},{\"@type\":\"ImageObject\",\"inLanguage\":\"pt-PT\",\"@id\":\"https:\/\/arquivo.barreiroweb.net\/?p=11276#primaryimage\",\"url\":\"https:\/\/arquivo.barreiroweb.net\/wp-content\/uploads\/2014\/04\/Flyer-Monumentos-2014.jpg\",\"contentUrl\":\"https:\/\/arquivo.barreiroweb.net\/wp-content\/uploads\/2014\/04\/Flyer-Monumentos-2014.jpg\",\"width\":223,\"height\":314},{\"@type\":\"BreadcrumbList\",\"@id\":\"https:\/\/arquivo.barreiroweb.net\/?p=11276#breadcrumb\",\"itemListElement\":[{\"@type\":\"ListItem\",\"position\":1,\"name\":\"In\u00edcio\",\"item\":\"https:\/\/arquivo.barreiroweb.net\/\"},{\"@type\":\"ListItem\",\"position\":2,\"name\":\"Dia Internacional de Monumentos e S\u00edtio\"}]},{\"@type\":\"WebSite\",\"@id\":\"https:\/\/arquivo.barreiroweb.net\/#website\",\"url\":\"https:\/\/arquivo.barreiroweb.net\/\",\"name\":\"barreiroweb\",\"description\":\"Barreiroweb o barreiro na web\",\"publisher\":{\"@id\":\"https:\/\/arquivo.barreiroweb.net\/#organization\"},\"potentialAction\":[{\"@type\":\"SearchAction\",\"target\":{\"@type\":\"EntryPoint\",\"urlTemplate\":\"https:\/\/arquivo.barreiroweb.net\/?s={search_term_string}\"},\"query-input\":{\"@type\":\"PropertyValueSpecification\",\"valueRequired\":true,\"valueName\":\"search_term_string\"}}],\"inLanguage\":\"pt-PT\"},{\"@type\":\"Organization\",\"@id\":\"https:\/\/arquivo.barreiroweb.net\/#organization\",\"name\":\"barreiroweb\",\"url\":\"https:\/\/arquivo.barreiroweb.net\/\",\"logo\":{\"@type\":\"ImageObject\",\"inLanguage\":\"pt-PT\",\"@id\":\"https:\/\/arquivo.barreiroweb.net\/#\/schema\/logo\/image\/\",\"url\":\"https:\/\/barreiroweb.net\/wp-content\/uploads\/2022\/05\/BarreiroWeb555.jpg\",\"contentUrl\":\"https:\/\/barreiroweb.net\/wp-content\/uploads\/2022\/05\/BarreiroWeb555.jpg\",\"width\":421,\"height\":415,\"caption\":\"barreiroweb\"},\"image\":{\"@id\":\"https:\/\/arquivo.barreiroweb.net\/#\/schema\/logo\/image\/\"},\"sameAs\":[\"https:\/\/www.facebook.com\/barreiroweb\",\"https:\/\/x.com\/barreiroweb\"]},{\"@type\":\"Person\",\"@id\":\"https:\/\/arquivo.barreiroweb.net\/#\/schema\/person\/44b6d528aff975e3786c9f475f9df2dd\",\"name\":\"barreiroweb\",\"image\":{\"@type\":\"ImageObject\",\"inLanguage\":\"pt-PT\",\"@id\":\"https:\/\/arquivo.barreiroweb.net\/#\/schema\/person\/image\/\",\"url\":\"https:\/\/secure.gravatar.com\/avatar\/1f764b917967430404ff0b452044eb63a25d64a5363b25be2aa42273930f477d?s=96&d=mm&r=g\",\"contentUrl\":\"https:\/\/secure.gravatar.com\/avatar\/1f764b917967430404ff0b452044eb63a25d64a5363b25be2aa42273930f477d?s=96&d=mm&r=g\",\"caption\":\"barreiroweb\"},\"url\":\"https:\/\/arquivo.barreiroweb.net\/?author=1\"}]}<\/script>\n<!-- \/ Yoast SEO plugin. -->","yoast_head_json":{"title":"Dia Internacional de Monumentos e S\u00edtio  - barreiroweb","robots":{"index":"index","follow":"follow","max-snippet":"max-snippet:-1","max-image-preview":"max-image-preview:large","max-video-preview":"max-video-preview:-1"},"canonical":"https:\/\/arquivo.barreiroweb.net\/?p=11276","og_locale":"pt_PT","og_type":"article","og_title":"Dia Internacional de Monumentos e S\u00edtio  - barreiroweb","og_description":"CMB promove visita ao Centro de Interpreta\u00e7\u00e3o do Campo Arqueol\u00f3gico da Mata da Machada | 12 de abril Inscri\u00e7\u00f5es gratuitas No \u00e2mbito das Comemora\u00e7\u00f5es do Dia Internacional de Monumentos e S\u00edtios, que se assinala a 18 de abril, enquadradas no tema \u201cLugares de Mem\u00f3ria\u201d, a C\u00e2mara Municipal do Barreiro (CMB) vai promover, s\u00e1bado, 12 de [&hellip;]","og_url":"https:\/\/arquivo.barreiroweb.net\/?p=11276","og_site_name":"barreiroweb","article_publisher":"https:\/\/www.facebook.com\/barreiroweb","article_published_time":"2014-04-11T21:30:30+00:00","og_image":[{"width":223,"height":314,"url":"https:\/\/arquivo.barreiroweb.net\/wp-content\/uploads\/2014\/04\/Flyer-Monumentos-2014.jpg","type":"image\/jpeg"}],"author":"barreiroweb","twitter_card":"summary_large_image","twitter_creator":"@barreiroweb","twitter_site":"@barreiroweb","twitter_misc":{"Escrito por":"barreiroweb","Tempo estimado de leitura":"1 minuto"},"schema":{"@context":"https:\/\/schema.org","@graph":[{"@type":"Article","@id":"https:\/\/arquivo.barreiroweb.net\/?p=11276#article","isPartOf":{"@id":"https:\/\/arquivo.barreiroweb.net\/?p=11276"},"author":{"name":"barreiroweb","@id":"https:\/\/arquivo.barreiroweb.net\/#\/schema\/person\/44b6d528aff975e3786c9f475f9df2dd"},"headline":"Dia Internacional de Monumentos e S\u00edtio","datePublished":"2014-04-11T21:30:30+00:00","mainEntityOfPage":{"@id":"https:\/\/arquivo.barreiroweb.net\/?p=11276"},"wordCount":211,"commentCount":0,"publisher":{"@id":"https:\/\/arquivo.barreiroweb.net\/#organization"},"image":{"@id":"https:\/\/arquivo.barreiroweb.net\/?p=11276#primaryimage"},"thumbnailUrl":"https:\/\/arquivo.barreiroweb.net\/wp-content\/uploads\/2014\/04\/Flyer-Monumentos-2014.jpg","keywords":["barreiro"],"articleSection":["Destaque","Eventos","Patrim\u00f3nio"],"inLanguage":"pt-PT","potentialAction":[{"@type":"CommentAction","name":"Comment","target":["https:\/\/arquivo.barreiroweb.net\/?p=11276#respond"]}]},{"@type":"WebPage","@id":"https:\/\/arquivo.barreiroweb.net\/?p=11276","url":"https:\/\/arquivo.barreiroweb.net\/?p=11276","name":"Dia Internacional de Monumentos e S\u00edtio - barreiroweb","isPartOf":{"@id":"https:\/\/arquivo.barreiroweb.net\/#website"},"primaryImageOfPage":{"@id":"https:\/\/arquivo.barreiroweb.net\/?p=11276#primaryimage"},"image":{"@id":"https:\/\/arquivo.barreiroweb.net\/?p=11276#primaryimage"},"thumbnailUrl":"https:\/\/arquivo.barreiroweb.net\/wp-content\/uploads\/2014\/04\/Flyer-Monumentos-2014.jpg","datePublished":"2014-04-11T21:30:30+00:00","breadcrumb":{"@id":"https:\/\/arquivo.barreiroweb.net\/?p=11276#breadcrumb"},"inLanguage":"pt-PT","potentialAction":[{"@type":"ReadAction","target":["https:\/\/arquivo.barreiroweb.net\/?p=11276"]}]},{"@type":"ImageObject","inLanguage":"pt-PT","@id":"https:\/\/arquivo.barreiroweb.net\/?p=11276#primaryimage","url":"https:\/\/arquivo.barreiroweb.net\/wp-content\/uploads\/2014\/04\/Flyer-Monumentos-2014.jpg","contentUrl":"https:\/\/arquivo.barreiroweb.net\/wp-content\/uploads\/2014\/04\/Flyer-Monumentos-2014.jpg","width":223,"height":314},{"@type":"BreadcrumbList","@id":"https:\/\/arquivo.barreiroweb.net\/?p=11276#breadcrumb","itemListElement":[{"@type":"ListItem","position":1,"name":"In\u00edcio","item":"https:\/\/arquivo.barreiroweb.net\/"},{"@type":"ListItem","position":2,"name":"Dia Internacional de Monumentos e S\u00edtio"}]},{"@type":"WebSite","@id":"https:\/\/arquivo.barreiroweb.net\/#website","url":"https:\/\/arquivo.barreiroweb.net\/","name":"barreiroweb","description":"Barreiroweb o barreiro na web","publisher":{"@id":"https:\/\/arquivo.barreiroweb.net\/#organization"},"potentialAction":[{"@type":"SearchAction","target":{"@type":"EntryPoint","urlTemplate":"https:\/\/arquivo.barreiroweb.net\/?s={search_term_string}"},"query-input":{"@type":"PropertyValueSpecification","valueRequired":true,"valueName":"search_term_string"}}],"inLanguage":"pt-PT"},{"@type":"Organization","@id":"https:\/\/arquivo.barreiroweb.net\/#organization","name":"barreiroweb","url":"https:\/\/arquivo.barreiroweb.net\/","logo":{"@type":"ImageObject","inLanguage":"pt-PT","@id":"https:\/\/arquivo.barreiroweb.net\/#\/schema\/logo\/image\/","url":"https:\/\/barreiroweb.net\/wp-content\/uploads\/2022\/05\/BarreiroWeb555.jpg","contentUrl":"https:\/\/barreiroweb.net\/wp-content\/uploads\/2022\/05\/BarreiroWeb555.jpg","width":421,"height":415,"caption":"barreiroweb"},"image":{"@id":"https:\/\/arquivo.barreiroweb.net\/#\/schema\/logo\/image\/"},"sameAs":["https:\/\/www.facebook.com\/barreiroweb","https:\/\/x.com\/barreiroweb"]},{"@type":"Person","@id":"https:\/\/arquivo.barreiroweb.net\/#\/schema\/person\/44b6d528aff975e3786c9f475f9df2dd","name":"barreiroweb","image":{"@type":"ImageObject","inLanguage":"pt-PT","@id":"https:\/\/arquivo.barreiroweb.net\/#\/schema\/person\/image\/","url":"https:\/\/secure.gravatar.com\/avatar\/1f764b917967430404ff0b452044eb63a25d64a5363b25be2aa42273930f477d?s=96&d=mm&r=g","contentUrl":"https:\/\/secure.gravatar.com\/avatar\/1f764b917967430404ff0b452044eb63a25d64a5363b25be2aa42273930f477d?s=96&d=mm&r=g","caption":"barreiroweb"},"url":"https:\/\/arquivo.barreiroweb.net\/?author=1"}]}},"_links":{"self":[{"href":"https:\/\/arquivo.barreiroweb.net\/index.php?rest_route=\/wp\/v2\/posts\/11276","targetHints":{"allow":["GET"]}}],"collection":[{"href":"https:\/\/arquivo.barreiroweb.net\/index.php?rest_route=\/wp\/v2\/posts"}],"about":[{"href":"https:\/\/arquivo.barreiroweb.net\/index.php?rest_route=\/wp\/v2\/types\/post"}],"author":[{"embeddable":true,"href":"https:\/\/arquivo.barreiroweb.net\/index.php?rest_route=\/wp\/v2\/users\/1"}],"replies":[{"embeddable":true,"href":"https:\/\/arquivo.barreiroweb.net\/index.php?rest_route=%2Fwp%2Fv2%2Fcomments&post=11276"}],"version-history":[{"count":1,"href":"https:\/\/arquivo.barreiroweb.net\/index.php?rest_route=\/wp\/v2\/posts\/11276\/revisions"}],"predecessor-version":[{"id":11278,"href":"https:\/\/arquivo.barreiroweb.net\/index.php?rest_route=\/wp\/v2\/posts\/11276\/revisions\/11278"}],"wp:featuredmedia":[{"embeddable":true,"href":"https:\/\/arquivo.barreiroweb.net\/index.php?rest_route=\/wp\/v2\/media\/11277"}],"wp:attachment":[{"href":"https:\/\/arquivo.barreiroweb.net\/index.php?rest_route=%2Fwp%2Fv2%2Fmedia&parent=11276"}],"wp:term":[{"taxonomy":"category","embeddable":true,"href":"https:\/\/arquivo.barreiroweb.net\/index.php?rest_route=%2Fwp%2Fv2%2Fcategories&post=11276"},{"taxonomy":"post_tag","embeddable":true,"href":"https:\/\/arquivo.barreiroweb.net\/index.php?rest_route=%2Fwp%2Fv2%2Ftags&post=11276"}],"curies":[{"name":"wp","href":"https:\/\/api.w.org\/{rel}","templated":true}]}}