{"id":11255,"date":"2014-04-04T23:10:03","date_gmt":"2014-04-04T22:10:03","guid":{"rendered":"http:\/\/barreiroweb.eu\/?p=11255"},"modified":"2014-04-04T23:10:03","modified_gmt":"2014-04-04T22:10:03","slug":"raid-barreiro-fatima-em-btt-5-e-6-de-abril","status":"publish","type":"post","link":"https:\/\/arquivo.barreiroweb.net\/?p=11255","title":{"rendered":"Raid Barreiro-F\u00e1tima em BTT | 5 e 6 de abril"},"content":{"rendered":"<p style=\"text-align: justify;\" align=\"center\"><a href=\"http:\/\/barreiroweb.eu\/wp-content\/uploads\/2014\/04\/bicicleta.jpg\" rel=\"lightbox[11255]\"><img loading=\"lazy\" decoding=\"async\" class=\"alignleft size-thumbnail wp-image-11256\" alt=\"bicicleta\" src=\"http:\/\/barreiroweb.eu\/wp-content\/uploads\/2014\/04\/bicicleta-150x150.jpg\" width=\"150\" height=\"150\" srcset=\"https:\/\/arquivo.barreiroweb.net\/wp-content\/uploads\/2014\/04\/bicicleta-150x150.jpg 150w, https:\/\/arquivo.barreiroweb.net\/wp-content\/uploads\/2014\/04\/bicicleta-50x50.jpg 50w, https:\/\/arquivo.barreiroweb.net\/wp-content\/uploads\/2014\/04\/bicicleta-70x70.jpg 70w, https:\/\/arquivo.barreiroweb.net\/wp-content\/uploads\/2014\/04\/bicicleta-55x55.jpg 55w\" sizes=\"auto, (max-width: 150px) 100vw, 150px\" \/><\/a>A Associa\u00e7\u00e3o de Cicloturismo Fidalbyke (ACF) vai voltar a promover o Raid Barreiro-F\u00e1tima em BTT. Esta iniciativa, uma parceria com a C\u00e2mara Municipal do Barreiro, realiza-se nos dias 5 e 6 de abril. O encontro, na Sede da ACF, est\u00e1 agendado para as 7h00 de s\u00e1bado.<\/p>\n<p style=\"text-align: justify;\">O percurso tem cerca de 165 quil\u00f3metros, 135 ser\u00e3o percorridos no primeiro dia. O restante ser\u00e1 no segundo dia, com destino ao Santu\u00e1rio.<\/p>\n<p style=\"text-align: justify;\" align=\"center\"><strong>Cicloturismo<\/strong><\/p>\n<p>No \u00e2mbito, ainda, da parceria CMB\/ACF, est\u00e1, j\u00e1, agendado para o dia 25 de abril, o <b><i>Passeio de Cicloturismo 25 de Abril<\/i><\/b>. Com concentra\u00e7\u00e3o nos Pa\u00e7os do Concelho, este passeio tem partida agendada para as <b>9h00<\/b>.<\/p>\n<p><b>+INFO:<\/b> 93 601 0688 \/ <a href=\"http:\/\/www.fidalbyke.pt\/raid-barreiro-fatima.html\">http:\/\/www.fidalbyke.pt\/raid-barreiro-fatima.html<\/a>.<\/p>\n<p>No \u00e2mbito do plano de atividades est\u00e3o ainda previstos os seguintes eventos:<\/p>\n<p><b>Maio<\/b><\/p>\n<p>4\u00ba Passeio Adega Bacalhoa \u2013 10-05-2014<\/p>\n<p>Passeio da Fam\u00edlia \u2013 18-05-2014<\/p>\n<p><b>Junho<\/b><\/p>\n<p>2\u00ba PIB 2014 \u2013 15-06-2014<\/p>\n<p><b>Julho<\/b><\/p>\n<p>4\u00ba Nocturno BTT Arr\u00e1bida (PIS) \u2013 S\u00e1b. 26-07-2014<\/p>\n<p><b>Agosto<\/b><\/p>\n<p>Passeio BTT &#8220;Festas do Barreiro&#8221; \u2013 17-08-2014<\/p>\n<p>8\u00ba Passeio Solidariedade Fidalbyke \u2013 31-08-2014<\/p>\n<p><b>Setembro<\/b><\/p>\n<p>2\u00ba Raid Fidalbyke &#8220;Porto-Santiago de Compostela&#8221; \u2013 04, 05 e 06-09-2014<\/p>\n<p>Passeio BTT &#8220;Anivers\u00e1rio JF Lavradio&#8221; \u2013 28-09-2014<\/p>\n<p><b>Outubro<\/b><\/p>\n<p>3\u00ba PIB 2014 \u2013 12-10-2014<\/p>\n<p><b>Novembro<\/b><\/p>\n<p>Passeio BTT &#8220;10\u00ba Anivers\u00e1rio e Gala do FidalByke&#8221; \u2013 08 e 09-11-2014<\/p>\n<p><b>Dezembro<\/b><\/p>\n<p>10\u00ba Passeio Noturno BTT &#8220;S\u00e3o Silvestre&#8221; \u2013 20-12-2014<\/p>\n<p>Fonte: <a href=\"http:\/\/www.fidalbyke.pt\/plano-de-actividades.html\">http:\/\/www.fidalbyke.pt\/plano-de-actividades.html<\/a><\/p>\n<p><b>CMB 2014-03-31<\/b><\/p>\n","protected":false},"excerpt":{"rendered":"<p>A Associa\u00e7\u00e3o de Cicloturismo Fidalbyke (ACF) vai voltar a promover o Raid Barreiro-F\u00e1tima em BTT. Esta iniciativa, uma parceria com a C\u00e2mara Municipal do Barreiro, realiza-se nos dias 5 e 6 de abril. O encontro, na Sede da ACF, est\u00e1 agendado para as 7h00 de s\u00e1bado. O percurso tem cerca de 165 quil\u00f3metros, 135 ser\u00e3o [&hellip;]<\/p>\n","protected":false},"author":1,"featured_media":11256,"comment_status":"open","ping_status":"open","sticky":false,"template":"","format":"standard","meta":{"footnotes":""},"categories":[12,32],"tags":[41,316],"class_list":["post-11255","post","type-post","status-publish","format-standard","has-post-thumbnail","hentry","category-desporto","category-destaque","tag-barreiro","tag-cicloturismo","last_archivepost"],"yoast_head":"<!-- This site is optimized with the Yoast SEO plugin v27.1.1 - https:\/\/yoast.com\/product\/yoast-seo-wordpress\/ -->\n<title>Raid Barreiro-F\u00e1tima em BTT | 5 e 6 de abril - barreiroweb<\/title>\n<meta name=\"robots\" content=\"index, follow, max-snippet:-1, max-image-preview:large, max-video-preview:-1\" \/>\n<link rel=\"canonical\" href=\"https:\/\/arquivo.barreiroweb.net\/?p=11255\" \/>\n<meta property=\"og:locale\" content=\"pt_PT\" \/>\n<meta property=\"og:type\" content=\"article\" \/>\n<meta property=\"og:title\" content=\"Raid Barreiro-F\u00e1tima em BTT | 5 e 6 de abril - barreiroweb\" \/>\n<meta property=\"og:description\" content=\"A Associa\u00e7\u00e3o de Cicloturismo Fidalbyke (ACF) vai voltar a promover o Raid Barreiro-F\u00e1tima em BTT. Esta iniciativa, uma parceria com a C\u00e2mara Municipal do Barreiro, realiza-se nos dias 5 e 6 de abril. O encontro, na Sede da ACF, est\u00e1 agendado para as 7h00 de s\u00e1bado. O percurso tem cerca de 165 quil\u00f3metros, 135 ser\u00e3o [&hellip;]\" \/>\n<meta property=\"og:url\" content=\"https:\/\/arquivo.barreiroweb.net\/?p=11255\" \/>\n<meta property=\"og:site_name\" content=\"barreiroweb\" \/>\n<meta property=\"article:publisher\" content=\"https:\/\/www.facebook.com\/barreiroweb\" \/>\n<meta property=\"article:published_time\" content=\"2014-04-04T22:10:03+00:00\" \/>\n<meta property=\"og:image\" content=\"https:\/\/arquivo.barreiroweb.net\/wp-content\/uploads\/2014\/04\/bicicleta.jpg\" \/>\n\t<meta property=\"og:image:width\" content=\"235\" \/>\n\t<meta property=\"og:image:height\" content=\"238\" \/>\n\t<meta property=\"og:image:type\" content=\"image\/jpeg\" \/>\n<meta name=\"author\" content=\"barreiroweb\" \/>\n<meta name=\"twitter:card\" content=\"summary_large_image\" \/>\n<meta name=\"twitter:creator\" content=\"@barreiroweb\" \/>\n<meta name=\"twitter:site\" content=\"@barreiroweb\" \/>\n<meta name=\"twitter:label1\" content=\"Escrito por\" \/>\n\t<meta name=\"twitter:data1\" content=\"barreiroweb\" \/>\n\t<meta name=\"twitter:label2\" content=\"Tempo estimado de leitura\" \/>\n\t<meta name=\"twitter:data2\" content=\"1 minuto\" \/>\n<script type=\"application\/ld+json\" class=\"yoast-schema-graph\">{\"@context\":\"https:\/\/schema.org\",\"@graph\":[{\"@type\":\"Article\",\"@id\":\"https:\/\/arquivo.barreiroweb.net\/?p=11255#article\",\"isPartOf\":{\"@id\":\"https:\/\/arquivo.barreiroweb.net\/?p=11255\"},\"author\":{\"name\":\"barreiroweb\",\"@id\":\"https:\/\/arquivo.barreiroweb.net\/#\/schema\/person\/44b6d528aff975e3786c9f475f9df2dd\"},\"headline\":\"Raid Barreiro-F\u00e1tima em BTT | 5 e 6 de abril\",\"datePublished\":\"2014-04-04T22:10:03+00:00\",\"mainEntityOfPage\":{\"@id\":\"https:\/\/arquivo.barreiroweb.net\/?p=11255\"},\"wordCount\":229,\"commentCount\":0,\"publisher\":{\"@id\":\"https:\/\/arquivo.barreiroweb.net\/#organization\"},\"image\":{\"@id\":\"https:\/\/arquivo.barreiroweb.net\/?p=11255#primaryimage\"},\"thumbnailUrl\":\"https:\/\/arquivo.barreiroweb.net\/wp-content\/uploads\/2014\/04\/bicicleta.jpg\",\"keywords\":[\"barreiro\",\"cicloturismo\"],\"articleSection\":[\"Desporto\",\"Destaque\"],\"inLanguage\":\"pt-PT\",\"potentialAction\":[{\"@type\":\"CommentAction\",\"name\":\"Comment\",\"target\":[\"https:\/\/arquivo.barreiroweb.net\/?p=11255#respond\"]}]},{\"@type\":\"WebPage\",\"@id\":\"https:\/\/arquivo.barreiroweb.net\/?p=11255\",\"url\":\"https:\/\/arquivo.barreiroweb.net\/?p=11255\",\"name\":\"Raid Barreiro-F\u00e1tima em BTT | 5 e 6 de abril - barreiroweb\",\"isPartOf\":{\"@id\":\"https:\/\/arquivo.barreiroweb.net\/#website\"},\"primaryImageOfPage\":{\"@id\":\"https:\/\/arquivo.barreiroweb.net\/?p=11255#primaryimage\"},\"image\":{\"@id\":\"https:\/\/arquivo.barreiroweb.net\/?p=11255#primaryimage\"},\"thumbnailUrl\":\"https:\/\/arquivo.barreiroweb.net\/wp-content\/uploads\/2014\/04\/bicicleta.jpg\",\"datePublished\":\"2014-04-04T22:10:03+00:00\",\"breadcrumb\":{\"@id\":\"https:\/\/arquivo.barreiroweb.net\/?p=11255#breadcrumb\"},\"inLanguage\":\"pt-PT\",\"potentialAction\":[{\"@type\":\"ReadAction\",\"target\":[\"https:\/\/arquivo.barreiroweb.net\/?p=11255\"]}]},{\"@type\":\"ImageObject\",\"inLanguage\":\"pt-PT\",\"@id\":\"https:\/\/arquivo.barreiroweb.net\/?p=11255#primaryimage\",\"url\":\"https:\/\/arquivo.barreiroweb.net\/wp-content\/uploads\/2014\/04\/bicicleta.jpg\",\"contentUrl\":\"https:\/\/arquivo.barreiroweb.net\/wp-content\/uploads\/2014\/04\/bicicleta.jpg\",\"width\":235,\"height\":238},{\"@type\":\"BreadcrumbList\",\"@id\":\"https:\/\/arquivo.barreiroweb.net\/?p=11255#breadcrumb\",\"itemListElement\":[{\"@type\":\"ListItem\",\"position\":1,\"name\":\"In\u00edcio\",\"item\":\"https:\/\/arquivo.barreiroweb.net\/\"},{\"@type\":\"ListItem\",\"position\":2,\"name\":\"Raid Barreiro-F\u00e1tima em BTT | 5 e 6 de abril\"}]},{\"@type\":\"WebSite\",\"@id\":\"https:\/\/arquivo.barreiroweb.net\/#website\",\"url\":\"https:\/\/arquivo.barreiroweb.net\/\",\"name\":\"barreiroweb\",\"description\":\"Barreiroweb o barreiro na web\",\"publisher\":{\"@id\":\"https:\/\/arquivo.barreiroweb.net\/#organization\"},\"potentialAction\":[{\"@type\":\"SearchAction\",\"target\":{\"@type\":\"EntryPoint\",\"urlTemplate\":\"https:\/\/arquivo.barreiroweb.net\/?s={search_term_string}\"},\"query-input\":{\"@type\":\"PropertyValueSpecification\",\"valueRequired\":true,\"valueName\":\"search_term_string\"}}],\"inLanguage\":\"pt-PT\"},{\"@type\":\"Organization\",\"@id\":\"https:\/\/arquivo.barreiroweb.net\/#organization\",\"name\":\"barreiroweb\",\"url\":\"https:\/\/arquivo.barreiroweb.net\/\",\"logo\":{\"@type\":\"ImageObject\",\"inLanguage\":\"pt-PT\",\"@id\":\"https:\/\/arquivo.barreiroweb.net\/#\/schema\/logo\/image\/\",\"url\":\"https:\/\/barreiroweb.net\/wp-content\/uploads\/2022\/05\/BarreiroWeb555.jpg\",\"contentUrl\":\"https:\/\/barreiroweb.net\/wp-content\/uploads\/2022\/05\/BarreiroWeb555.jpg\",\"width\":421,\"height\":415,\"caption\":\"barreiroweb\"},\"image\":{\"@id\":\"https:\/\/arquivo.barreiroweb.net\/#\/schema\/logo\/image\/\"},\"sameAs\":[\"https:\/\/www.facebook.com\/barreiroweb\",\"https:\/\/x.com\/barreiroweb\"]},{\"@type\":\"Person\",\"@id\":\"https:\/\/arquivo.barreiroweb.net\/#\/schema\/person\/44b6d528aff975e3786c9f475f9df2dd\",\"name\":\"barreiroweb\",\"image\":{\"@type\":\"ImageObject\",\"inLanguage\":\"pt-PT\",\"@id\":\"https:\/\/arquivo.barreiroweb.net\/#\/schema\/person\/image\/\",\"url\":\"https:\/\/secure.gravatar.com\/avatar\/1f764b917967430404ff0b452044eb63a25d64a5363b25be2aa42273930f477d?s=96&d=mm&r=g\",\"contentUrl\":\"https:\/\/secure.gravatar.com\/avatar\/1f764b917967430404ff0b452044eb63a25d64a5363b25be2aa42273930f477d?s=96&d=mm&r=g\",\"caption\":\"barreiroweb\"},\"url\":\"https:\/\/arquivo.barreiroweb.net\/?author=1\"}]}<\/script>\n<!-- \/ Yoast SEO plugin. -->","yoast_head_json":{"title":"Raid Barreiro-F\u00e1tima em BTT | 5 e 6 de abril - barreiroweb","robots":{"index":"index","follow":"follow","max-snippet":"max-snippet:-1","max-image-preview":"max-image-preview:large","max-video-preview":"max-video-preview:-1"},"canonical":"https:\/\/arquivo.barreiroweb.net\/?p=11255","og_locale":"pt_PT","og_type":"article","og_title":"Raid Barreiro-F\u00e1tima em BTT | 5 e 6 de abril - barreiroweb","og_description":"A Associa\u00e7\u00e3o de Cicloturismo Fidalbyke (ACF) vai voltar a promover o Raid Barreiro-F\u00e1tima em BTT. Esta iniciativa, uma parceria com a C\u00e2mara Municipal do Barreiro, realiza-se nos dias 5 e 6 de abril. O encontro, na Sede da ACF, est\u00e1 agendado para as 7h00 de s\u00e1bado. O percurso tem cerca de 165 quil\u00f3metros, 135 ser\u00e3o [&hellip;]","og_url":"https:\/\/arquivo.barreiroweb.net\/?p=11255","og_site_name":"barreiroweb","article_publisher":"https:\/\/www.facebook.com\/barreiroweb","article_published_time":"2014-04-04T22:10:03+00:00","og_image":[{"width":235,"height":238,"url":"https:\/\/arquivo.barreiroweb.net\/wp-content\/uploads\/2014\/04\/bicicleta.jpg","type":"image\/jpeg"}],"author":"barreiroweb","twitter_card":"summary_large_image","twitter_creator":"@barreiroweb","twitter_site":"@barreiroweb","twitter_misc":{"Escrito por":"barreiroweb","Tempo estimado de leitura":"1 minuto"},"schema":{"@context":"https:\/\/schema.org","@graph":[{"@type":"Article","@id":"https:\/\/arquivo.barreiroweb.net\/?p=11255#article","isPartOf":{"@id":"https:\/\/arquivo.barreiroweb.net\/?p=11255"},"author":{"name":"barreiroweb","@id":"https:\/\/arquivo.barreiroweb.net\/#\/schema\/person\/44b6d528aff975e3786c9f475f9df2dd"},"headline":"Raid Barreiro-F\u00e1tima em BTT | 5 e 6 de abril","datePublished":"2014-04-04T22:10:03+00:00","mainEntityOfPage":{"@id":"https:\/\/arquivo.barreiroweb.net\/?p=11255"},"wordCount":229,"commentCount":0,"publisher":{"@id":"https:\/\/arquivo.barreiroweb.net\/#organization"},"image":{"@id":"https:\/\/arquivo.barreiroweb.net\/?p=11255#primaryimage"},"thumbnailUrl":"https:\/\/arquivo.barreiroweb.net\/wp-content\/uploads\/2014\/04\/bicicleta.jpg","keywords":["barreiro","cicloturismo"],"articleSection":["Desporto","Destaque"],"inLanguage":"pt-PT","potentialAction":[{"@type":"CommentAction","name":"Comment","target":["https:\/\/arquivo.barreiroweb.net\/?p=11255#respond"]}]},{"@type":"WebPage","@id":"https:\/\/arquivo.barreiroweb.net\/?p=11255","url":"https:\/\/arquivo.barreiroweb.net\/?p=11255","name":"Raid Barreiro-F\u00e1tima em BTT | 5 e 6 de abril - barreiroweb","isPartOf":{"@id":"https:\/\/arquivo.barreiroweb.net\/#website"},"primaryImageOfPage":{"@id":"https:\/\/arquivo.barreiroweb.net\/?p=11255#primaryimage"},"image":{"@id":"https:\/\/arquivo.barreiroweb.net\/?p=11255#primaryimage"},"thumbnailUrl":"https:\/\/arquivo.barreiroweb.net\/wp-content\/uploads\/2014\/04\/bicicleta.jpg","datePublished":"2014-04-04T22:10:03+00:00","breadcrumb":{"@id":"https:\/\/arquivo.barreiroweb.net\/?p=11255#breadcrumb"},"inLanguage":"pt-PT","potentialAction":[{"@type":"ReadAction","target":["https:\/\/arquivo.barreiroweb.net\/?p=11255"]}]},{"@type":"ImageObject","inLanguage":"pt-PT","@id":"https:\/\/arquivo.barreiroweb.net\/?p=11255#primaryimage","url":"https:\/\/arquivo.barreiroweb.net\/wp-content\/uploads\/2014\/04\/bicicleta.jpg","contentUrl":"https:\/\/arquivo.barreiroweb.net\/wp-content\/uploads\/2014\/04\/bicicleta.jpg","width":235,"height":238},{"@type":"BreadcrumbList","@id":"https:\/\/arquivo.barreiroweb.net\/?p=11255#breadcrumb","itemListElement":[{"@type":"ListItem","position":1,"name":"In\u00edcio","item":"https:\/\/arquivo.barreiroweb.net\/"},{"@type":"ListItem","position":2,"name":"Raid Barreiro-F\u00e1tima em BTT | 5 e 6 de abril"}]},{"@type":"WebSite","@id":"https:\/\/arquivo.barreiroweb.net\/#website","url":"https:\/\/arquivo.barreiroweb.net\/","name":"barreiroweb","description":"Barreiroweb o barreiro na web","publisher":{"@id":"https:\/\/arquivo.barreiroweb.net\/#organization"},"potentialAction":[{"@type":"SearchAction","target":{"@type":"EntryPoint","urlTemplate":"https:\/\/arquivo.barreiroweb.net\/?s={search_term_string}"},"query-input":{"@type":"PropertyValueSpecification","valueRequired":true,"valueName":"search_term_string"}}],"inLanguage":"pt-PT"},{"@type":"Organization","@id":"https:\/\/arquivo.barreiroweb.net\/#organization","name":"barreiroweb","url":"https:\/\/arquivo.barreiroweb.net\/","logo":{"@type":"ImageObject","inLanguage":"pt-PT","@id":"https:\/\/arquivo.barreiroweb.net\/#\/schema\/logo\/image\/","url":"https:\/\/barreiroweb.net\/wp-content\/uploads\/2022\/05\/BarreiroWeb555.jpg","contentUrl":"https:\/\/barreiroweb.net\/wp-content\/uploads\/2022\/05\/BarreiroWeb555.jpg","width":421,"height":415,"caption":"barreiroweb"},"image":{"@id":"https:\/\/arquivo.barreiroweb.net\/#\/schema\/logo\/image\/"},"sameAs":["https:\/\/www.facebook.com\/barreiroweb","https:\/\/x.com\/barreiroweb"]},{"@type":"Person","@id":"https:\/\/arquivo.barreiroweb.net\/#\/schema\/person\/44b6d528aff975e3786c9f475f9df2dd","name":"barreiroweb","image":{"@type":"ImageObject","inLanguage":"pt-PT","@id":"https:\/\/arquivo.barreiroweb.net\/#\/schema\/person\/image\/","url":"https:\/\/secure.gravatar.com\/avatar\/1f764b917967430404ff0b452044eb63a25d64a5363b25be2aa42273930f477d?s=96&d=mm&r=g","contentUrl":"https:\/\/secure.gravatar.com\/avatar\/1f764b917967430404ff0b452044eb63a25d64a5363b25be2aa42273930f477d?s=96&d=mm&r=g","caption":"barreiroweb"},"url":"https:\/\/arquivo.barreiroweb.net\/?author=1"}]}},"_links":{"self":[{"href":"https:\/\/arquivo.barreiroweb.net\/index.php?rest_route=\/wp\/v2\/posts\/11255","targetHints":{"allow":["GET"]}}],"collection":[{"href":"https:\/\/arquivo.barreiroweb.net\/index.php?rest_route=\/wp\/v2\/posts"}],"about":[{"href":"https:\/\/arquivo.barreiroweb.net\/index.php?rest_route=\/wp\/v2\/types\/post"}],"author":[{"embeddable":true,"href":"https:\/\/arquivo.barreiroweb.net\/index.php?rest_route=\/wp\/v2\/users\/1"}],"replies":[{"embeddable":true,"href":"https:\/\/arquivo.barreiroweb.net\/index.php?rest_route=%2Fwp%2Fv2%2Fcomments&post=11255"}],"version-history":[{"count":1,"href":"https:\/\/arquivo.barreiroweb.net\/index.php?rest_route=\/wp\/v2\/posts\/11255\/revisions"}],"predecessor-version":[{"id":11257,"href":"https:\/\/arquivo.barreiroweb.net\/index.php?rest_route=\/wp\/v2\/posts\/11255\/revisions\/11257"}],"wp:featuredmedia":[{"embeddable":true,"href":"https:\/\/arquivo.barreiroweb.net\/index.php?rest_route=\/wp\/v2\/media\/11256"}],"wp:attachment":[{"href":"https:\/\/arquivo.barreiroweb.net\/index.php?rest_route=%2Fwp%2Fv2%2Fmedia&parent=11255"}],"wp:term":[{"taxonomy":"category","embeddable":true,"href":"https:\/\/arquivo.barreiroweb.net\/index.php?rest_route=%2Fwp%2Fv2%2Fcategories&post=11255"},{"taxonomy":"post_tag","embeddable":true,"href":"https:\/\/arquivo.barreiroweb.net\/index.php?rest_route=%2Fwp%2Fv2%2Ftags&post=11255"}],"curies":[{"name":"wp","href":"https:\/\/api.w.org\/{rel}","templated":true}]}}