{"id":1124,"date":"2011-02-23T00:09:40","date_gmt":"2011-02-23T00:09:40","guid":{"rendered":"http:\/\/barreiroweb.eu\/?p=1124"},"modified":"2011-02-23T00:12:57","modified_gmt":"2011-02-23T00:12:57","slug":"a-ma-consciencia-do-presidente-do-iefp-e-os-%e2%80%9cdesaparecidos%e2%80%9d-dos-ficheiros-dos-centros-de-emprego","status":"publish","type":"post","link":"https:\/\/arquivo.barreiroweb.net\/?p=1124","title":{"rendered":"A M\u00c1 CONSCI\u00caNCIA DO PRESIDENTE DO IEFP E OS \u201cDESAPARECIDOS\u201d  DOS FICHEIROS DOS CENTROS DE EMPREGO"},"content":{"rendered":"<p style=\"text-align: justify;\"><a href=\"http:\/\/barreiroweb.eu\/wp-content\/uploads\/2011\/02\/eugeniorosa.jpg\" rel=\"lightbox[1124]\"><img loading=\"lazy\" decoding=\"async\" class=\"alignleft size-thumbnail wp-image-1127\" title=\"eugeniorosa\" src=\"http:\/\/barreiroweb.eu\/wp-content\/uploads\/2011\/02\/eugeniorosa-150x150.jpg\" alt=\"\" width=\"150\" height=\"150\" srcset=\"https:\/\/arquivo.barreiroweb.net\/wp-content\/uploads\/2011\/02\/eugeniorosa-150x150.jpg 150w, https:\/\/arquivo.barreiroweb.net\/wp-content\/uploads\/2011\/02\/eugeniorosa-50x50.jpg 50w, https:\/\/arquivo.barreiroweb.net\/wp-content\/uploads\/2011\/02\/eugeniorosa-70x70.jpg 70w, https:\/\/arquivo.barreiroweb.net\/wp-content\/uploads\/2011\/02\/eugeniorosa-55x55.jpg 55w\" sizes=\"auto, (max-width: 150px) 100vw, 150px\" \/><\/a>Num artigo assinado e publicado no Jornal de Neg\u00f3cios de 21\/2\/2011, a prop\u00f3sito de responder a Camilo Louren\u00e7o, o presidente do IEFP, faz-me um ataque pessoal. \u00c9 evidente que n\u00e3o vou descer ao n\u00edvel de Francisco Madelino que, \u00e0 falta de argumentos, substitui o debate objectivo e fundamentado por ataques que revelam um anticomunismo prim\u00e1rio e a falta de esp\u00edrito democr\u00e1tico. Para que o leitor possa apreciar o teor dos argumentos utilizados pelo presidente do IEFP vou transcrever algumas das suas palavras. Segundo ele a analise que fa\u00e7o dos n\u00fameros do desemprego registado divulgados mensalmente pelo IEFP\u00a0 s\u00e3o <em>\u201cpanfletos dum conhecido economista do agitrop comunista, h\u00e1 quarenta anos, ex-deputado e ex-director geral em 1975\u201d<\/em>. O objectivo \u00e9 claro: desacreditar aquelas an\u00e1lises com o pretexto que s\u00e3o orientadas por crit\u00e9rios pol\u00edtico-partid\u00e1rios.<\/p>\n<p style=\"text-align: justify;\">Mas deixemos este tipo de linguagem, que s\u00f3 caracteriza quem a utiliza (faz lembrar os tempos negros do salazarismo) e passemos aos factos para que o leitor possa ele pr\u00f3prio tirar as suas conclus\u00f5es. Os dados que vou utilizar constam da Informa\u00e7\u00e3o Mensal sobre o mercado de emprego que est\u00e1 dispon\u00edvel no \u201csite\u201d do IEFP, portanto acess\u00edvel ao leitor.<\/p>\n<p style=\"text-align: justify;\">Todos os meses o IEFP divulga dados sobre o desemprego registado que, naturalmente, abrange apenas uma parte dos desempregados existentes no nosso Pa\u00eds. E isto porque n\u00e3o inclui os desempregados que n\u00e3o tomaram a iniciativa de se inscreveram nos Centros de Emprego e que, naturalmente, n\u00e3o s\u00e3o poucos por raz\u00f5es bem conhecidas. Analisemos ent\u00e3o os \u00faltimos n\u00fameros divulgados pelo IEFP, que s\u00e3o os de Janeiro de 2011.<\/p>\n<p style=\"text-align: justify;\">Segundo o IEFP, no dia 1 de Janeiro de 2011, estavam inscritos nos Centros de Emprego 541.840 desempregados, que eram os que transitaram do fim do m\u00eas de Dezembro de 2010. De acordo com a mesma Informa\u00e7\u00e3o Mensal de Janeiro de 2011, inscreveram-se nos Centros de Emprego, durante o m\u00eas de Janeiro deste ano, 63.269 desempregados, e o IEFP colocou (arranjou emprego) para 4.327 desempregados. Fazendo contas simples deviam existir inscritos nos Centros de Emprego, no fim do m\u00eas de Janeiro deste ano, 600.782 (541.840+63.269-4.327). No entanto, na Informa\u00e7\u00e3o Mensal referente a Janeiro de 2011 sobre o mercado de emprego publicada pelo IEFP, este informa que existiam, no fim do m\u00eas de Janeiro de 2011, apenas 557.244 desempregados inscritos nos Centros de Emprego. Portanto, como \u00e9 f\u00e1cil concluir desapareceram dos ficheiros dos Centros de Emprego 43.538 (600.782-557.244) desempregados. E o IEFP continua a n\u00e3o explicar a raz\u00e3o deste \u201cdesaparecimento\u201d.<\/p>\n<p style=\"text-align: justify;\">Perante esta diferen\u00e7a o que tenho feito \u00e9 o seguinte: alerto a opini\u00e3o p\u00fablica, nos estudos que fa\u00e7o, para a discrep\u00e2ncia que existe nos dados divulgados pelo IEFP e para a necessidade, por uma quest\u00e3o de transpar\u00eancia, do IEFP incluir na Informa\u00e7\u00e3o que divulga mensalmente n\u00e3o s\u00f3 o desemprego registado, como faz, mas tamb\u00e9m o n\u00famero de \u201cdesaparecidos\u201d e as raz\u00f5es que levam o IEFP a eliminar um numero t\u00e3o elevado de desempregados, todos os meses (porque isso acontece em todos os meses) dos seus ficheiros. E \u00e9 este esclarecimento que o presidente do IEFP devia dar, mas que se tem sempre recusado.<\/p>\n<p style=\"text-align: justify;\">O nosso povo tem um ditado muito apropriado que se aplica a situa\u00e7\u00f5es como esta, e que \u00e9 o seguinte:\u201dquem n\u00e3o deve, n\u00e3o teme\u201d. Mas \u00e9 evidente, que o presidente do IEFP ao recusar sistematicamente dar tal esclarecimento, mostra que teme. \u00c9 evidente tamb\u00e9m que este \u201cdesaparecimento\u201d de um numero t\u00e3o elevado de desempregados, no per\u00edodo imediatamente anterior \u00e0 publica\u00e7\u00e3o dos dados sobre o desemprego registado, serve objectivamente os prop\u00f3sitos propagand\u00edsticos do governo. \u00c9 um \u201cdesaparecimento\u201d minimamente muito conveniente. Isso at\u00e9 pode ser uma raz\u00e3o que explica as quebras que se t\u00eam verificado em contra-ciclo com os dados do INE.<\/p>\n<p style=\"text-align: justify;\">\u00c9 evidente que ap\u00f3s a sua elimina\u00e7\u00e3o, muitos desses desempregados tornam-se a inscrever nos Centros de Emprego por se terem apercebido que tinham sido eliminados administrativamente. Por isso o argumento utilizado por Francisco Madelino de que isso n\u00e3o \u00e9 verdade, porque a soma dos eliminados todos os meses daria ao fim de um ano, um n\u00famero irreal, n\u00e3o colhe. A verdade \u00e9 que a sua elimina\u00e7\u00e3o antes da publica\u00e7\u00e3o dos dados mensais serve objectivamente o governo porque reduz o desemprego registado e, ainda por cima, sem qualquer explica\u00e7\u00e3o acaba por passar despercebido \u00e0 opini\u00e3o p\u00fablica. O desafio que fazemos ao presidente do IEFP \u00e9 o que temos sempre feito, e que ele tem ignorado, que \u00e9 o seguinte: que passe a divulgar mensalmente o numero dos desempregados \u201cdesaparecidos\u201d dos ficheiros dos Centros do Emprego assim como as raz\u00f5es que levaram o IEFP a eliminar esse n\u00famero t\u00e3o elevado de desempregados. Enquanto n\u00e3o fizer isso, a credibilidade dos dados do IEFP ser\u00e1 reduzida, e n\u00e3o se livra da acusa\u00e7\u00e3o de eles servirem os prop\u00f3sitos propagand\u00edsticos do governo. Os trabalhadores do IEFP n\u00e3o t\u00eam qualquer responsabilidade porque se limitam a aplicar um regulamento aprovado pelo presidente do IEFP. E isto apesar de Francisco Madelino os procurar envolver.<\/p>\n<p style=\"text-align: justify;\">Para terminar quero deixar uma coisa clara: n\u00e3o \u00e9 fazendo \u201cqueixinhas\u201d ao secret\u00e1rio geral da CGTP, onde trabalho, como fez numa \u00a0carta que lhe enviou e que foi publicada num jornal \u00a0que me far\u00e1 calar na defesa da verdade e que me impedir\u00e1 de exercer o direito de liberdade de express\u00e3o consagrado na Constitui\u00e7\u00e3o da Rep\u00fablica<\/p>\n<p style=\"text-align: right;\"><strong>Eug\u00e9nio Rosa, Economista , 21.2.2010 <\/strong><\/p>\n","protected":false},"excerpt":{"rendered":"<p>Num artigo assinado e publicado no Jornal de Neg\u00f3cios de 21\/2\/2011, a prop\u00f3sito de responder a Camilo Louren\u00e7o, o presidente do IEFP, faz-me um ataque pessoal. \u00c9 evidente que n\u00e3o vou descer ao n\u00edvel de Francisco Madelino que, \u00e0 falta de argumentos, substitui o debate objectivo e fundamentado por ataques que revelam um anticomunismo prim\u00e1rio [&hellip;]<\/p>\n","protected":false},"author":1,"featured_media":1127,"comment_status":"open","ping_status":"open","sticky":false,"template":"","format":"standard","meta":{"footnotes":""},"categories":[32,13],"tags":[],"class_list":["post-1124","post","type-post","status-publish","format-standard","has-post-thumbnail","hentry","category-destaque","category-musica","last_archivepost"],"yoast_head":"<!-- This site is optimized with the Yoast SEO plugin v27.1.1 - https:\/\/yoast.com\/product\/yoast-seo-wordpress\/ -->\n<title>A M\u00c1 CONSCI\u00caNCIA DO PRESIDENTE DO IEFP E OS \u201cDESAPARECIDOS\u201d DOS FICHEIROS DOS CENTROS DE EMPREGO - barreiroweb<\/title>\n<meta name=\"robots\" content=\"index, follow, max-snippet:-1, max-image-preview:large, max-video-preview:-1\" \/>\n<link rel=\"canonical\" href=\"https:\/\/arquivo.barreiroweb.net\/?p=1124\" \/>\n<meta property=\"og:locale\" content=\"pt_PT\" \/>\n<meta property=\"og:type\" content=\"article\" \/>\n<meta property=\"og:title\" content=\"A M\u00c1 CONSCI\u00caNCIA DO PRESIDENTE DO IEFP E OS \u201cDESAPARECIDOS\u201d DOS FICHEIROS DOS CENTROS DE EMPREGO - barreiroweb\" \/>\n<meta property=\"og:description\" content=\"Num artigo assinado e publicado no Jornal de Neg\u00f3cios de 21\/2\/2011, a prop\u00f3sito de responder a Camilo Louren\u00e7o, o presidente do IEFP, faz-me um ataque pessoal. \u00c9 evidente que n\u00e3o vou descer ao n\u00edvel de Francisco Madelino que, \u00e0 falta de argumentos, substitui o debate objectivo e fundamentado por ataques que revelam um anticomunismo prim\u00e1rio [&hellip;]\" \/>\n<meta property=\"og:url\" content=\"https:\/\/arquivo.barreiroweb.net\/?p=1124\" \/>\n<meta property=\"og:site_name\" content=\"barreiroweb\" \/>\n<meta property=\"article:publisher\" content=\"https:\/\/www.facebook.com\/barreiroweb\" \/>\n<meta property=\"article:published_time\" content=\"2011-02-23T00:09:40+00:00\" \/>\n<meta property=\"article:modified_time\" content=\"2011-02-23T00:12:57+00:00\" \/>\n<meta property=\"og:image\" content=\"https:\/\/arquivo.barreiroweb.net\/wp-content\/uploads\/2011\/02\/eugeniorosa.jpg\" \/>\n\t<meta property=\"og:image:width\" content=\"307\" \/>\n\t<meta property=\"og:image:height\" content=\"235\" \/>\n\t<meta property=\"og:image:type\" content=\"image\/jpeg\" \/>\n<meta name=\"author\" content=\"barreiroweb\" \/>\n<meta name=\"twitter:card\" content=\"summary_large_image\" \/>\n<meta name=\"twitter:creator\" content=\"@barreiroweb\" \/>\n<meta name=\"twitter:site\" content=\"@barreiroweb\" \/>\n<meta name=\"twitter:label1\" content=\"Escrito por\" \/>\n\t<meta name=\"twitter:data1\" content=\"barreiroweb\" \/>\n\t<meta name=\"twitter:label2\" content=\"Tempo estimado de leitura\" \/>\n\t<meta name=\"twitter:data2\" content=\"5 minutos\" \/>\n<script type=\"application\/ld+json\" class=\"yoast-schema-graph\">{\"@context\":\"https:\/\/schema.org\",\"@graph\":[{\"@type\":\"Article\",\"@id\":\"https:\/\/arquivo.barreiroweb.net\/?p=1124#article\",\"isPartOf\":{\"@id\":\"https:\/\/arquivo.barreiroweb.net\/?p=1124\"},\"author\":{\"name\":\"barreiroweb\",\"@id\":\"https:\/\/arquivo.barreiroweb.net\/#\/schema\/person\/44b6d528aff975e3786c9f475f9df2dd\"},\"headline\":\"A M\u00c1 CONSCI\u00caNCIA DO PRESIDENTE DO IEFP E OS \u201cDESAPARECIDOS\u201d DOS FICHEIROS DOS CENTROS DE EMPREGO\",\"datePublished\":\"2011-02-23T00:09:40+00:00\",\"dateModified\":\"2011-02-23T00:12:57+00:00\",\"mainEntityOfPage\":{\"@id\":\"https:\/\/arquivo.barreiroweb.net\/?p=1124\"},\"wordCount\":946,\"commentCount\":0,\"publisher\":{\"@id\":\"https:\/\/arquivo.barreiroweb.net\/#organization\"},\"image\":{\"@id\":\"https:\/\/arquivo.barreiroweb.net\/?p=1124#primaryimage\"},\"thumbnailUrl\":\"https:\/\/arquivo.barreiroweb.net\/wp-content\/uploads\/2011\/02\/eugeniorosa.jpg\",\"articleSection\":[\"Destaque\",\"Musica\"],\"inLanguage\":\"pt-PT\",\"potentialAction\":[{\"@type\":\"CommentAction\",\"name\":\"Comment\",\"target\":[\"https:\/\/arquivo.barreiroweb.net\/?p=1124#respond\"]}]},{\"@type\":\"WebPage\",\"@id\":\"https:\/\/arquivo.barreiroweb.net\/?p=1124\",\"url\":\"https:\/\/arquivo.barreiroweb.net\/?p=1124\",\"name\":\"A M\u00c1 CONSCI\u00caNCIA DO PRESIDENTE DO IEFP E OS \u201cDESAPARECIDOS\u201d DOS FICHEIROS DOS CENTROS DE EMPREGO - barreiroweb\",\"isPartOf\":{\"@id\":\"https:\/\/arquivo.barreiroweb.net\/#website\"},\"primaryImageOfPage\":{\"@id\":\"https:\/\/arquivo.barreiroweb.net\/?p=1124#primaryimage\"},\"image\":{\"@id\":\"https:\/\/arquivo.barreiroweb.net\/?p=1124#primaryimage\"},\"thumbnailUrl\":\"https:\/\/arquivo.barreiroweb.net\/wp-content\/uploads\/2011\/02\/eugeniorosa.jpg\",\"datePublished\":\"2011-02-23T00:09:40+00:00\",\"dateModified\":\"2011-02-23T00:12:57+00:00\",\"breadcrumb\":{\"@id\":\"https:\/\/arquivo.barreiroweb.net\/?p=1124#breadcrumb\"},\"inLanguage\":\"pt-PT\",\"potentialAction\":[{\"@type\":\"ReadAction\",\"target\":[\"https:\/\/arquivo.barreiroweb.net\/?p=1124\"]}]},{\"@type\":\"ImageObject\",\"inLanguage\":\"pt-PT\",\"@id\":\"https:\/\/arquivo.barreiroweb.net\/?p=1124#primaryimage\",\"url\":\"https:\/\/arquivo.barreiroweb.net\/wp-content\/uploads\/2011\/02\/eugeniorosa.jpg\",\"contentUrl\":\"https:\/\/arquivo.barreiroweb.net\/wp-content\/uploads\/2011\/02\/eugeniorosa.jpg\",\"width\":\"307\",\"height\":\"235\"},{\"@type\":\"BreadcrumbList\",\"@id\":\"https:\/\/arquivo.barreiroweb.net\/?p=1124#breadcrumb\",\"itemListElement\":[{\"@type\":\"ListItem\",\"position\":1,\"name\":\"In\u00edcio\",\"item\":\"https:\/\/arquivo.barreiroweb.net\/\"},{\"@type\":\"ListItem\",\"position\":2,\"name\":\"A M\u00c1 CONSCI\u00caNCIA DO PRESIDENTE DO IEFP E OS \u201cDESAPARECIDOS\u201d DOS FICHEIROS DOS CENTROS DE EMPREGO\"}]},{\"@type\":\"WebSite\",\"@id\":\"https:\/\/arquivo.barreiroweb.net\/#website\",\"url\":\"https:\/\/arquivo.barreiroweb.net\/\",\"name\":\"barreiroweb\",\"description\":\"Barreiroweb o barreiro na web\",\"publisher\":{\"@id\":\"https:\/\/arquivo.barreiroweb.net\/#organization\"},\"potentialAction\":[{\"@type\":\"SearchAction\",\"target\":{\"@type\":\"EntryPoint\",\"urlTemplate\":\"https:\/\/arquivo.barreiroweb.net\/?s={search_term_string}\"},\"query-input\":{\"@type\":\"PropertyValueSpecification\",\"valueRequired\":true,\"valueName\":\"search_term_string\"}}],\"inLanguage\":\"pt-PT\"},{\"@type\":\"Organization\",\"@id\":\"https:\/\/arquivo.barreiroweb.net\/#organization\",\"name\":\"barreiroweb\",\"url\":\"https:\/\/arquivo.barreiroweb.net\/\",\"logo\":{\"@type\":\"ImageObject\",\"inLanguage\":\"pt-PT\",\"@id\":\"https:\/\/arquivo.barreiroweb.net\/#\/schema\/logo\/image\/\",\"url\":\"https:\/\/barreiroweb.net\/wp-content\/uploads\/2022\/05\/BarreiroWeb555.jpg\",\"contentUrl\":\"https:\/\/barreiroweb.net\/wp-content\/uploads\/2022\/05\/BarreiroWeb555.jpg\",\"width\":421,\"height\":415,\"caption\":\"barreiroweb\"},\"image\":{\"@id\":\"https:\/\/arquivo.barreiroweb.net\/#\/schema\/logo\/image\/\"},\"sameAs\":[\"https:\/\/www.facebook.com\/barreiroweb\",\"https:\/\/x.com\/barreiroweb\"]},{\"@type\":\"Person\",\"@id\":\"https:\/\/arquivo.barreiroweb.net\/#\/schema\/person\/44b6d528aff975e3786c9f475f9df2dd\",\"name\":\"barreiroweb\",\"image\":{\"@type\":\"ImageObject\",\"inLanguage\":\"pt-PT\",\"@id\":\"https:\/\/arquivo.barreiroweb.net\/#\/schema\/person\/image\/\",\"url\":\"https:\/\/secure.gravatar.com\/avatar\/1f764b917967430404ff0b452044eb63a25d64a5363b25be2aa42273930f477d?s=96&d=mm&r=g\",\"contentUrl\":\"https:\/\/secure.gravatar.com\/avatar\/1f764b917967430404ff0b452044eb63a25d64a5363b25be2aa42273930f477d?s=96&d=mm&r=g\",\"caption\":\"barreiroweb\"},\"url\":\"https:\/\/arquivo.barreiroweb.net\/?author=1\"}]}<\/script>\n<!-- \/ Yoast SEO plugin. -->","yoast_head_json":{"title":"A M\u00c1 CONSCI\u00caNCIA DO PRESIDENTE DO IEFP E OS \u201cDESAPARECIDOS\u201d DOS FICHEIROS DOS CENTROS DE EMPREGO - barreiroweb","robots":{"index":"index","follow":"follow","max-snippet":"max-snippet:-1","max-image-preview":"max-image-preview:large","max-video-preview":"max-video-preview:-1"},"canonical":"https:\/\/arquivo.barreiroweb.net\/?p=1124","og_locale":"pt_PT","og_type":"article","og_title":"A M\u00c1 CONSCI\u00caNCIA DO PRESIDENTE DO IEFP E OS \u201cDESAPARECIDOS\u201d DOS FICHEIROS DOS CENTROS DE EMPREGO - barreiroweb","og_description":"Num artigo assinado e publicado no Jornal de Neg\u00f3cios de 21\/2\/2011, a prop\u00f3sito de responder a Camilo Louren\u00e7o, o presidente do IEFP, faz-me um ataque pessoal. \u00c9 evidente que n\u00e3o vou descer ao n\u00edvel de Francisco Madelino que, \u00e0 falta de argumentos, substitui o debate objectivo e fundamentado por ataques que revelam um anticomunismo prim\u00e1rio [&hellip;]","og_url":"https:\/\/arquivo.barreiroweb.net\/?p=1124","og_site_name":"barreiroweb","article_publisher":"https:\/\/www.facebook.com\/barreiroweb","article_published_time":"2011-02-23T00:09:40+00:00","article_modified_time":"2011-02-23T00:12:57+00:00","og_image":[{"width":307,"height":235,"url":"https:\/\/arquivo.barreiroweb.net\/wp-content\/uploads\/2011\/02\/eugeniorosa.jpg","type":"image\/jpeg"}],"author":"barreiroweb","twitter_card":"summary_large_image","twitter_creator":"@barreiroweb","twitter_site":"@barreiroweb","twitter_misc":{"Escrito por":"barreiroweb","Tempo estimado de leitura":"5 minutos"},"schema":{"@context":"https:\/\/schema.org","@graph":[{"@type":"Article","@id":"https:\/\/arquivo.barreiroweb.net\/?p=1124#article","isPartOf":{"@id":"https:\/\/arquivo.barreiroweb.net\/?p=1124"},"author":{"name":"barreiroweb","@id":"https:\/\/arquivo.barreiroweb.net\/#\/schema\/person\/44b6d528aff975e3786c9f475f9df2dd"},"headline":"A M\u00c1 CONSCI\u00caNCIA DO PRESIDENTE DO IEFP E OS \u201cDESAPARECIDOS\u201d DOS FICHEIROS DOS CENTROS DE EMPREGO","datePublished":"2011-02-23T00:09:40+00:00","dateModified":"2011-02-23T00:12:57+00:00","mainEntityOfPage":{"@id":"https:\/\/arquivo.barreiroweb.net\/?p=1124"},"wordCount":946,"commentCount":0,"publisher":{"@id":"https:\/\/arquivo.barreiroweb.net\/#organization"},"image":{"@id":"https:\/\/arquivo.barreiroweb.net\/?p=1124#primaryimage"},"thumbnailUrl":"https:\/\/arquivo.barreiroweb.net\/wp-content\/uploads\/2011\/02\/eugeniorosa.jpg","articleSection":["Destaque","Musica"],"inLanguage":"pt-PT","potentialAction":[{"@type":"CommentAction","name":"Comment","target":["https:\/\/arquivo.barreiroweb.net\/?p=1124#respond"]}]},{"@type":"WebPage","@id":"https:\/\/arquivo.barreiroweb.net\/?p=1124","url":"https:\/\/arquivo.barreiroweb.net\/?p=1124","name":"A M\u00c1 CONSCI\u00caNCIA DO PRESIDENTE DO IEFP E OS \u201cDESAPARECIDOS\u201d DOS FICHEIROS DOS CENTROS DE EMPREGO - barreiroweb","isPartOf":{"@id":"https:\/\/arquivo.barreiroweb.net\/#website"},"primaryImageOfPage":{"@id":"https:\/\/arquivo.barreiroweb.net\/?p=1124#primaryimage"},"image":{"@id":"https:\/\/arquivo.barreiroweb.net\/?p=1124#primaryimage"},"thumbnailUrl":"https:\/\/arquivo.barreiroweb.net\/wp-content\/uploads\/2011\/02\/eugeniorosa.jpg","datePublished":"2011-02-23T00:09:40+00:00","dateModified":"2011-02-23T00:12:57+00:00","breadcrumb":{"@id":"https:\/\/arquivo.barreiroweb.net\/?p=1124#breadcrumb"},"inLanguage":"pt-PT","potentialAction":[{"@type":"ReadAction","target":["https:\/\/arquivo.barreiroweb.net\/?p=1124"]}]},{"@type":"ImageObject","inLanguage":"pt-PT","@id":"https:\/\/arquivo.barreiroweb.net\/?p=1124#primaryimage","url":"https:\/\/arquivo.barreiroweb.net\/wp-content\/uploads\/2011\/02\/eugeniorosa.jpg","contentUrl":"https:\/\/arquivo.barreiroweb.net\/wp-content\/uploads\/2011\/02\/eugeniorosa.jpg","width":"307","height":"235"},{"@type":"BreadcrumbList","@id":"https:\/\/arquivo.barreiroweb.net\/?p=1124#breadcrumb","itemListElement":[{"@type":"ListItem","position":1,"name":"In\u00edcio","item":"https:\/\/arquivo.barreiroweb.net\/"},{"@type":"ListItem","position":2,"name":"A M\u00c1 CONSCI\u00caNCIA DO PRESIDENTE DO IEFP E OS \u201cDESAPARECIDOS\u201d DOS FICHEIROS DOS CENTROS DE EMPREGO"}]},{"@type":"WebSite","@id":"https:\/\/arquivo.barreiroweb.net\/#website","url":"https:\/\/arquivo.barreiroweb.net\/","name":"barreiroweb","description":"Barreiroweb o barreiro na web","publisher":{"@id":"https:\/\/arquivo.barreiroweb.net\/#organization"},"potentialAction":[{"@type":"SearchAction","target":{"@type":"EntryPoint","urlTemplate":"https:\/\/arquivo.barreiroweb.net\/?s={search_term_string}"},"query-input":{"@type":"PropertyValueSpecification","valueRequired":true,"valueName":"search_term_string"}}],"inLanguage":"pt-PT"},{"@type":"Organization","@id":"https:\/\/arquivo.barreiroweb.net\/#organization","name":"barreiroweb","url":"https:\/\/arquivo.barreiroweb.net\/","logo":{"@type":"ImageObject","inLanguage":"pt-PT","@id":"https:\/\/arquivo.barreiroweb.net\/#\/schema\/logo\/image\/","url":"https:\/\/barreiroweb.net\/wp-content\/uploads\/2022\/05\/BarreiroWeb555.jpg","contentUrl":"https:\/\/barreiroweb.net\/wp-content\/uploads\/2022\/05\/BarreiroWeb555.jpg","width":421,"height":415,"caption":"barreiroweb"},"image":{"@id":"https:\/\/arquivo.barreiroweb.net\/#\/schema\/logo\/image\/"},"sameAs":["https:\/\/www.facebook.com\/barreiroweb","https:\/\/x.com\/barreiroweb"]},{"@type":"Person","@id":"https:\/\/arquivo.barreiroweb.net\/#\/schema\/person\/44b6d528aff975e3786c9f475f9df2dd","name":"barreiroweb","image":{"@type":"ImageObject","inLanguage":"pt-PT","@id":"https:\/\/arquivo.barreiroweb.net\/#\/schema\/person\/image\/","url":"https:\/\/secure.gravatar.com\/avatar\/1f764b917967430404ff0b452044eb63a25d64a5363b25be2aa42273930f477d?s=96&d=mm&r=g","contentUrl":"https:\/\/secure.gravatar.com\/avatar\/1f764b917967430404ff0b452044eb63a25d64a5363b25be2aa42273930f477d?s=96&d=mm&r=g","caption":"barreiroweb"},"url":"https:\/\/arquivo.barreiroweb.net\/?author=1"}]}},"_links":{"self":[{"href":"https:\/\/arquivo.barreiroweb.net\/index.php?rest_route=\/wp\/v2\/posts\/1124","targetHints":{"allow":["GET"]}}],"collection":[{"href":"https:\/\/arquivo.barreiroweb.net\/index.php?rest_route=\/wp\/v2\/posts"}],"about":[{"href":"https:\/\/arquivo.barreiroweb.net\/index.php?rest_route=\/wp\/v2\/types\/post"}],"author":[{"embeddable":true,"href":"https:\/\/arquivo.barreiroweb.net\/index.php?rest_route=\/wp\/v2\/users\/1"}],"replies":[{"embeddable":true,"href":"https:\/\/arquivo.barreiroweb.net\/index.php?rest_route=%2Fwp%2Fv2%2Fcomments&post=1124"}],"version-history":[{"count":3,"href":"https:\/\/arquivo.barreiroweb.net\/index.php?rest_route=\/wp\/v2\/posts\/1124\/revisions"}],"predecessor-version":[{"id":1126,"href":"https:\/\/arquivo.barreiroweb.net\/index.php?rest_route=\/wp\/v2\/posts\/1124\/revisions\/1126"}],"wp:featuredmedia":[{"embeddable":true,"href":"https:\/\/arquivo.barreiroweb.net\/index.php?rest_route=\/wp\/v2\/media\/1127"}],"wp:attachment":[{"href":"https:\/\/arquivo.barreiroweb.net\/index.php?rest_route=%2Fwp%2Fv2%2Fmedia&parent=1124"}],"wp:term":[{"taxonomy":"category","embeddable":true,"href":"https:\/\/arquivo.barreiroweb.net\/index.php?rest_route=%2Fwp%2Fv2%2Fcategories&post=1124"},{"taxonomy":"post_tag","embeddable":true,"href":"https:\/\/arquivo.barreiroweb.net\/index.php?rest_route=%2Fwp%2Fv2%2Ftags&post=1124"}],"curies":[{"name":"wp","href":"https:\/\/api.w.org\/{rel}","templated":true}]}}