{"id":1116,"date":"2011-02-22T23:47:56","date_gmt":"2011-02-22T23:47:56","guid":{"rendered":"http:\/\/barreiroweb.eu\/?p=1116"},"modified":"2011-02-22T23:47:56","modified_gmt":"2011-02-22T23:47:56","slug":"transportes-colectivos-do-barreiro-2","status":"publish","type":"post","link":"https:\/\/arquivo.barreiroweb.net\/?p=1116","title":{"rendered":"TRANSPORTES COLECTIVOS DO BARREIRO"},"content":{"rendered":"<p style=\"text-align: justify;\"><strong><a href=\"http:\/\/barreiroweb.eu\/wp-content\/uploads\/2011\/02\/NovaCarreiraTCB.jpg\" rel=\"lightbox[1116]\"><img loading=\"lazy\" decoding=\"async\" class=\"alignleft size-full wp-image-1117\" title=\"NovaCarreiraTCB\" src=\"http:\/\/barreiroweb.eu\/wp-content\/uploads\/2011\/02\/NovaCarreiraTCB.jpg\" alt=\"\" width=\"150\" height=\"212\" \/><\/a>Implementam Primeira Carreira Nocturna<\/strong>\u00a0\u00a0\u00a0<\/p>\n<p style=\"text-align: justify;\">\u00a0Os SMTCB &#8211; Servi\u00e7os Municipalizados de Transportes Colectivos do Barreiro passam a disponibilizar, a partir do pr\u00f3ximo dia 28 de Fevereiro, de uma carreira nocturna que surge da fus\u00e3o entre os percursos da carreira 7 e da carreira 1, servindo as Freguesias do Barreiro, Alto do Seixalinho, Lavradio, Santo Andr\u00e9 e Verderena.<\/p>\n<p style=\"text-align: justify;\"><strong>\u00a0<\/strong>Esta nova carreira 71 (7 + 1) nasce da jun\u00e7\u00e3o dos percursos das actuais carreiras urbanas n\u00fameros 1 e 7, somente durante o per\u00edodo nocturno, e vem estabelecer liga\u00e7\u00f5es que at\u00e9 agora n\u00e3o existiam.<\/p>\n<p style=\"text-align: justify;\">\u00a0Tendo em conta que o percurso a realizar \u00e9 uma jun\u00e7\u00e3o de tro\u00e7os da carreira 7 com tro\u00e7os da carreira 1, a designa\u00e7\u00e3o <strong>71<\/strong> faz alus\u00e3o directa a esta uni\u00e3o, para que os habituais utilizadores das referidas carreiras se identifiquem com este novo percurso nocturno. Assim, o trajecto da carreira 71 assegura liga\u00e7\u00f5es entre as freguesias do Barreiro, Alto do Seixalinho, Lavradio (incluindo a Quinta dos Fidalguinhos), Santo Andr\u00e9 e Verderena, mantendo a intermodalidade com os hor\u00e1rios praticados pelos barcos da Soflusa.<\/p>\n<p style=\"text-align: justify;\">\u00a0Diariamente, e a partir do Terminal Fluvial, a carreira 71 inicia o seu percurso pelas 21h52. Aos s\u00e1bados, domingos e feriados come\u00e7a \u00e0s 21h42. Em qualquer dos casos apresenta uma frequ\u00eancia de 30 minutos entre carreiras, faz paragem de invers\u00e3o do seu sentido na Avenida dos Fuzileiros Navais (freguesia da Verderena) e termina a sua circula\u00e7\u00e3o com a \u00faltima carreira a sair do Terminal pelas 01h52.<\/p>\n<p style=\"text-align: justify;\">\u00a0Recorde-se que os SMTCB disponibilizam o endere\u00e7o electr\u00f3nico <a href=\"mailto:sugest\u00f5es.tcb@cm-barreiro.pt\">sugest\u00f5es.tcb@cm-barreiro.pt<\/a> para que a popula\u00e7\u00e3o possa manifestar a sua opini\u00e3o.<\/p>\n<p style=\"text-align: right;\"><strong>CMB 2011-02-22<\/strong><\/p>\n","protected":false},"excerpt":{"rendered":"<p>Implementam Primeira Carreira Nocturna\u00a0\u00a0\u00a0 \u00a0Os SMTCB &#8211; Servi\u00e7os Municipalizados de Transportes Colectivos do Barreiro passam a disponibilizar, a partir do pr\u00f3ximo dia 28 de Fevereiro, de uma carreira nocturna que surge da fus\u00e3o entre os percursos da carreira 7 e da carreira 1, servindo as Freguesias do Barreiro, Alto do Seixalinho, Lavradio, Santo Andr\u00e9 e [&hellip;]<\/p>\n","protected":false},"author":1,"featured_media":1117,"comment_status":"open","ping_status":"open","sticky":false,"template":"","format":"standard","meta":{"footnotes":""},"categories":[3],"tags":[],"class_list":["post-1116","post","type-post","status-publish","format-standard","has-post-thumbnail","hentry","category-eventos","last_archivepost"],"yoast_head":"<!-- This site is optimized with the Yoast SEO plugin v27.1.1 - https:\/\/yoast.com\/product\/yoast-seo-wordpress\/ -->\n<title>TRANSPORTES COLECTIVOS DO BARREIRO - barreiroweb<\/title>\n<meta name=\"robots\" content=\"index, follow, max-snippet:-1, max-image-preview:large, max-video-preview:-1\" \/>\n<link rel=\"canonical\" href=\"https:\/\/arquivo.barreiroweb.net\/?p=1116\" \/>\n<meta property=\"og:locale\" content=\"pt_PT\" \/>\n<meta property=\"og:type\" content=\"article\" \/>\n<meta property=\"og:title\" content=\"TRANSPORTES COLECTIVOS DO BARREIRO - barreiroweb\" \/>\n<meta property=\"og:description\" content=\"Implementam Primeira Carreira Nocturna\u00a0\u00a0\u00a0 \u00a0Os SMTCB &#8211; Servi\u00e7os Municipalizados de Transportes Colectivos do Barreiro passam a disponibilizar, a partir do pr\u00f3ximo dia 28 de Fevereiro, de uma carreira nocturna que surge da fus\u00e3o entre os percursos da carreira 7 e da carreira 1, servindo as Freguesias do Barreiro, Alto do Seixalinho, Lavradio, Santo Andr\u00e9 e [&hellip;]\" \/>\n<meta property=\"og:url\" content=\"https:\/\/arquivo.barreiroweb.net\/?p=1116\" \/>\n<meta property=\"og:site_name\" content=\"barreiroweb\" \/>\n<meta property=\"article:publisher\" content=\"https:\/\/www.facebook.com\/barreiroweb\" \/>\n<meta property=\"article:published_time\" content=\"2011-02-22T23:47:56+00:00\" \/>\n<meta property=\"og:image\" content=\"https:\/\/arquivo.barreiroweb.net\/wp-content\/uploads\/2011\/02\/NovaCarreiraTCB.jpg\" \/>\n\t<meta property=\"og:image:width\" content=\"150\" \/>\n\t<meta property=\"og:image:height\" content=\"212\" \/>\n\t<meta property=\"og:image:type\" content=\"image\/jpeg\" \/>\n<meta name=\"author\" content=\"barreiroweb\" \/>\n<meta name=\"twitter:card\" content=\"summary_large_image\" \/>\n<meta name=\"twitter:creator\" content=\"@barreiroweb\" \/>\n<meta name=\"twitter:site\" content=\"@barreiroweb\" \/>\n<meta name=\"twitter:label1\" content=\"Escrito por\" \/>\n\t<meta name=\"twitter:data1\" content=\"barreiroweb\" \/>\n\t<meta name=\"twitter:label2\" content=\"Tempo estimado de leitura\" \/>\n\t<meta name=\"twitter:data2\" content=\"1 minuto\" \/>\n<script type=\"application\/ld+json\" class=\"yoast-schema-graph\">{\"@context\":\"https:\/\/schema.org\",\"@graph\":[{\"@type\":\"Article\",\"@id\":\"https:\/\/arquivo.barreiroweb.net\/?p=1116#article\",\"isPartOf\":{\"@id\":\"https:\/\/arquivo.barreiroweb.net\/?p=1116\"},\"author\":{\"name\":\"barreiroweb\",\"@id\":\"https:\/\/arquivo.barreiroweb.net\/#\/schema\/person\/44b6d528aff975e3786c9f475f9df2dd\"},\"headline\":\"TRANSPORTES COLECTIVOS DO BARREIRO\",\"datePublished\":\"2011-02-22T23:47:56+00:00\",\"mainEntityOfPage\":{\"@id\":\"https:\/\/arquivo.barreiroweb.net\/?p=1116\"},\"wordCount\":276,\"commentCount\":0,\"publisher\":{\"@id\":\"https:\/\/arquivo.barreiroweb.net\/#organization\"},\"image\":{\"@id\":\"https:\/\/arquivo.barreiroweb.net\/?p=1116#primaryimage\"},\"thumbnailUrl\":\"https:\/\/arquivo.barreiroweb.net\/wp-content\/uploads\/2011\/02\/NovaCarreiraTCB.jpg\",\"articleSection\":[\"Eventos\"],\"inLanguage\":\"pt-PT\",\"potentialAction\":[{\"@type\":\"CommentAction\",\"name\":\"Comment\",\"target\":[\"https:\/\/arquivo.barreiroweb.net\/?p=1116#respond\"]}]},{\"@type\":\"WebPage\",\"@id\":\"https:\/\/arquivo.barreiroweb.net\/?p=1116\",\"url\":\"https:\/\/arquivo.barreiroweb.net\/?p=1116\",\"name\":\"TRANSPORTES COLECTIVOS DO BARREIRO - barreiroweb\",\"isPartOf\":{\"@id\":\"https:\/\/arquivo.barreiroweb.net\/#website\"},\"primaryImageOfPage\":{\"@id\":\"https:\/\/arquivo.barreiroweb.net\/?p=1116#primaryimage\"},\"image\":{\"@id\":\"https:\/\/arquivo.barreiroweb.net\/?p=1116#primaryimage\"},\"thumbnailUrl\":\"https:\/\/arquivo.barreiroweb.net\/wp-content\/uploads\/2011\/02\/NovaCarreiraTCB.jpg\",\"datePublished\":\"2011-02-22T23:47:56+00:00\",\"breadcrumb\":{\"@id\":\"https:\/\/arquivo.barreiroweb.net\/?p=1116#breadcrumb\"},\"inLanguage\":\"pt-PT\",\"potentialAction\":[{\"@type\":\"ReadAction\",\"target\":[\"https:\/\/arquivo.barreiroweb.net\/?p=1116\"]}]},{\"@type\":\"ImageObject\",\"inLanguage\":\"pt-PT\",\"@id\":\"https:\/\/arquivo.barreiroweb.net\/?p=1116#primaryimage\",\"url\":\"https:\/\/arquivo.barreiroweb.net\/wp-content\/uploads\/2011\/02\/NovaCarreiraTCB.jpg\",\"contentUrl\":\"https:\/\/arquivo.barreiroweb.net\/wp-content\/uploads\/2011\/02\/NovaCarreiraTCB.jpg\",\"width\":\"150\",\"height\":\"212\"},{\"@type\":\"BreadcrumbList\",\"@id\":\"https:\/\/arquivo.barreiroweb.net\/?p=1116#breadcrumb\",\"itemListElement\":[{\"@type\":\"ListItem\",\"position\":1,\"name\":\"In\u00edcio\",\"item\":\"https:\/\/arquivo.barreiroweb.net\/\"},{\"@type\":\"ListItem\",\"position\":2,\"name\":\"TRANSPORTES COLECTIVOS DO BARREIRO\"}]},{\"@type\":\"WebSite\",\"@id\":\"https:\/\/arquivo.barreiroweb.net\/#website\",\"url\":\"https:\/\/arquivo.barreiroweb.net\/\",\"name\":\"barreiroweb\",\"description\":\"Barreiroweb o barreiro na web\",\"publisher\":{\"@id\":\"https:\/\/arquivo.barreiroweb.net\/#organization\"},\"potentialAction\":[{\"@type\":\"SearchAction\",\"target\":{\"@type\":\"EntryPoint\",\"urlTemplate\":\"https:\/\/arquivo.barreiroweb.net\/?s={search_term_string}\"},\"query-input\":{\"@type\":\"PropertyValueSpecification\",\"valueRequired\":true,\"valueName\":\"search_term_string\"}}],\"inLanguage\":\"pt-PT\"},{\"@type\":\"Organization\",\"@id\":\"https:\/\/arquivo.barreiroweb.net\/#organization\",\"name\":\"barreiroweb\",\"url\":\"https:\/\/arquivo.barreiroweb.net\/\",\"logo\":{\"@type\":\"ImageObject\",\"inLanguage\":\"pt-PT\",\"@id\":\"https:\/\/arquivo.barreiroweb.net\/#\/schema\/logo\/image\/\",\"url\":\"https:\/\/barreiroweb.net\/wp-content\/uploads\/2022\/05\/BarreiroWeb555.jpg\",\"contentUrl\":\"https:\/\/barreiroweb.net\/wp-content\/uploads\/2022\/05\/BarreiroWeb555.jpg\",\"width\":421,\"height\":415,\"caption\":\"barreiroweb\"},\"image\":{\"@id\":\"https:\/\/arquivo.barreiroweb.net\/#\/schema\/logo\/image\/\"},\"sameAs\":[\"https:\/\/www.facebook.com\/barreiroweb\",\"https:\/\/x.com\/barreiroweb\"]},{\"@type\":\"Person\",\"@id\":\"https:\/\/arquivo.barreiroweb.net\/#\/schema\/person\/44b6d528aff975e3786c9f475f9df2dd\",\"name\":\"barreiroweb\",\"image\":{\"@type\":\"ImageObject\",\"inLanguage\":\"pt-PT\",\"@id\":\"https:\/\/arquivo.barreiroweb.net\/#\/schema\/person\/image\/\",\"url\":\"https:\/\/secure.gravatar.com\/avatar\/1f764b917967430404ff0b452044eb63a25d64a5363b25be2aa42273930f477d?s=96&d=mm&r=g\",\"contentUrl\":\"https:\/\/secure.gravatar.com\/avatar\/1f764b917967430404ff0b452044eb63a25d64a5363b25be2aa42273930f477d?s=96&d=mm&r=g\",\"caption\":\"barreiroweb\"},\"url\":\"https:\/\/arquivo.barreiroweb.net\/?author=1\"}]}<\/script>\n<!-- \/ Yoast SEO plugin. -->","yoast_head_json":{"title":"TRANSPORTES COLECTIVOS DO BARREIRO - barreiroweb","robots":{"index":"index","follow":"follow","max-snippet":"max-snippet:-1","max-image-preview":"max-image-preview:large","max-video-preview":"max-video-preview:-1"},"canonical":"https:\/\/arquivo.barreiroweb.net\/?p=1116","og_locale":"pt_PT","og_type":"article","og_title":"TRANSPORTES COLECTIVOS DO BARREIRO - barreiroweb","og_description":"Implementam Primeira Carreira Nocturna\u00a0\u00a0\u00a0 \u00a0Os SMTCB &#8211; Servi\u00e7os Municipalizados de Transportes Colectivos do Barreiro passam a disponibilizar, a partir do pr\u00f3ximo dia 28 de Fevereiro, de uma carreira nocturna que surge da fus\u00e3o entre os percursos da carreira 7 e da carreira 1, servindo as Freguesias do Barreiro, Alto do Seixalinho, Lavradio, Santo Andr\u00e9 e [&hellip;]","og_url":"https:\/\/arquivo.barreiroweb.net\/?p=1116","og_site_name":"barreiroweb","article_publisher":"https:\/\/www.facebook.com\/barreiroweb","article_published_time":"2011-02-22T23:47:56+00:00","og_image":[{"width":150,"height":212,"url":"https:\/\/arquivo.barreiroweb.net\/wp-content\/uploads\/2011\/02\/NovaCarreiraTCB.jpg","type":"image\/jpeg"}],"author":"barreiroweb","twitter_card":"summary_large_image","twitter_creator":"@barreiroweb","twitter_site":"@barreiroweb","twitter_misc":{"Escrito por":"barreiroweb","Tempo estimado de leitura":"1 minuto"},"schema":{"@context":"https:\/\/schema.org","@graph":[{"@type":"Article","@id":"https:\/\/arquivo.barreiroweb.net\/?p=1116#article","isPartOf":{"@id":"https:\/\/arquivo.barreiroweb.net\/?p=1116"},"author":{"name":"barreiroweb","@id":"https:\/\/arquivo.barreiroweb.net\/#\/schema\/person\/44b6d528aff975e3786c9f475f9df2dd"},"headline":"TRANSPORTES COLECTIVOS DO BARREIRO","datePublished":"2011-02-22T23:47:56+00:00","mainEntityOfPage":{"@id":"https:\/\/arquivo.barreiroweb.net\/?p=1116"},"wordCount":276,"commentCount":0,"publisher":{"@id":"https:\/\/arquivo.barreiroweb.net\/#organization"},"image":{"@id":"https:\/\/arquivo.barreiroweb.net\/?p=1116#primaryimage"},"thumbnailUrl":"https:\/\/arquivo.barreiroweb.net\/wp-content\/uploads\/2011\/02\/NovaCarreiraTCB.jpg","articleSection":["Eventos"],"inLanguage":"pt-PT","potentialAction":[{"@type":"CommentAction","name":"Comment","target":["https:\/\/arquivo.barreiroweb.net\/?p=1116#respond"]}]},{"@type":"WebPage","@id":"https:\/\/arquivo.barreiroweb.net\/?p=1116","url":"https:\/\/arquivo.barreiroweb.net\/?p=1116","name":"TRANSPORTES COLECTIVOS DO BARREIRO - barreiroweb","isPartOf":{"@id":"https:\/\/arquivo.barreiroweb.net\/#website"},"primaryImageOfPage":{"@id":"https:\/\/arquivo.barreiroweb.net\/?p=1116#primaryimage"},"image":{"@id":"https:\/\/arquivo.barreiroweb.net\/?p=1116#primaryimage"},"thumbnailUrl":"https:\/\/arquivo.barreiroweb.net\/wp-content\/uploads\/2011\/02\/NovaCarreiraTCB.jpg","datePublished":"2011-02-22T23:47:56+00:00","breadcrumb":{"@id":"https:\/\/arquivo.barreiroweb.net\/?p=1116#breadcrumb"},"inLanguage":"pt-PT","potentialAction":[{"@type":"ReadAction","target":["https:\/\/arquivo.barreiroweb.net\/?p=1116"]}]},{"@type":"ImageObject","inLanguage":"pt-PT","@id":"https:\/\/arquivo.barreiroweb.net\/?p=1116#primaryimage","url":"https:\/\/arquivo.barreiroweb.net\/wp-content\/uploads\/2011\/02\/NovaCarreiraTCB.jpg","contentUrl":"https:\/\/arquivo.barreiroweb.net\/wp-content\/uploads\/2011\/02\/NovaCarreiraTCB.jpg","width":"150","height":"212"},{"@type":"BreadcrumbList","@id":"https:\/\/arquivo.barreiroweb.net\/?p=1116#breadcrumb","itemListElement":[{"@type":"ListItem","position":1,"name":"In\u00edcio","item":"https:\/\/arquivo.barreiroweb.net\/"},{"@type":"ListItem","position":2,"name":"TRANSPORTES COLECTIVOS DO BARREIRO"}]},{"@type":"WebSite","@id":"https:\/\/arquivo.barreiroweb.net\/#website","url":"https:\/\/arquivo.barreiroweb.net\/","name":"barreiroweb","description":"Barreiroweb o barreiro na web","publisher":{"@id":"https:\/\/arquivo.barreiroweb.net\/#organization"},"potentialAction":[{"@type":"SearchAction","target":{"@type":"EntryPoint","urlTemplate":"https:\/\/arquivo.barreiroweb.net\/?s={search_term_string}"},"query-input":{"@type":"PropertyValueSpecification","valueRequired":true,"valueName":"search_term_string"}}],"inLanguage":"pt-PT"},{"@type":"Organization","@id":"https:\/\/arquivo.barreiroweb.net\/#organization","name":"barreiroweb","url":"https:\/\/arquivo.barreiroweb.net\/","logo":{"@type":"ImageObject","inLanguage":"pt-PT","@id":"https:\/\/arquivo.barreiroweb.net\/#\/schema\/logo\/image\/","url":"https:\/\/barreiroweb.net\/wp-content\/uploads\/2022\/05\/BarreiroWeb555.jpg","contentUrl":"https:\/\/barreiroweb.net\/wp-content\/uploads\/2022\/05\/BarreiroWeb555.jpg","width":421,"height":415,"caption":"barreiroweb"},"image":{"@id":"https:\/\/arquivo.barreiroweb.net\/#\/schema\/logo\/image\/"},"sameAs":["https:\/\/www.facebook.com\/barreiroweb","https:\/\/x.com\/barreiroweb"]},{"@type":"Person","@id":"https:\/\/arquivo.barreiroweb.net\/#\/schema\/person\/44b6d528aff975e3786c9f475f9df2dd","name":"barreiroweb","image":{"@type":"ImageObject","inLanguage":"pt-PT","@id":"https:\/\/arquivo.barreiroweb.net\/#\/schema\/person\/image\/","url":"https:\/\/secure.gravatar.com\/avatar\/1f764b917967430404ff0b452044eb63a25d64a5363b25be2aa42273930f477d?s=96&d=mm&r=g","contentUrl":"https:\/\/secure.gravatar.com\/avatar\/1f764b917967430404ff0b452044eb63a25d64a5363b25be2aa42273930f477d?s=96&d=mm&r=g","caption":"barreiroweb"},"url":"https:\/\/arquivo.barreiroweb.net\/?author=1"}]}},"_links":{"self":[{"href":"https:\/\/arquivo.barreiroweb.net\/index.php?rest_route=\/wp\/v2\/posts\/1116","targetHints":{"allow":["GET"]}}],"collection":[{"href":"https:\/\/arquivo.barreiroweb.net\/index.php?rest_route=\/wp\/v2\/posts"}],"about":[{"href":"https:\/\/arquivo.barreiroweb.net\/index.php?rest_route=\/wp\/v2\/types\/post"}],"author":[{"embeddable":true,"href":"https:\/\/arquivo.barreiroweb.net\/index.php?rest_route=\/wp\/v2\/users\/1"}],"replies":[{"embeddable":true,"href":"https:\/\/arquivo.barreiroweb.net\/index.php?rest_route=%2Fwp%2Fv2%2Fcomments&post=1116"}],"version-history":[{"count":2,"href":"https:\/\/arquivo.barreiroweb.net\/index.php?rest_route=\/wp\/v2\/posts\/1116\/revisions"}],"predecessor-version":[{"id":1119,"href":"https:\/\/arquivo.barreiroweb.net\/index.php?rest_route=\/wp\/v2\/posts\/1116\/revisions\/1119"}],"wp:featuredmedia":[{"embeddable":true,"href":"https:\/\/arquivo.barreiroweb.net\/index.php?rest_route=\/wp\/v2\/media\/1117"}],"wp:attachment":[{"href":"https:\/\/arquivo.barreiroweb.net\/index.php?rest_route=%2Fwp%2Fv2%2Fmedia&parent=1116"}],"wp:term":[{"taxonomy":"category","embeddable":true,"href":"https:\/\/arquivo.barreiroweb.net\/index.php?rest_route=%2Fwp%2Fv2%2Fcategories&post=1116"},{"taxonomy":"post_tag","embeddable":true,"href":"https:\/\/arquivo.barreiroweb.net\/index.php?rest_route=%2Fwp%2Fv2%2Ftags&post=1116"}],"curies":[{"name":"wp","href":"https:\/\/api.w.org\/{rel}","templated":true}]}}