{"id":10899,"date":"2014-01-29T22:54:46","date_gmt":"2014-01-29T22:54:46","guid":{"rendered":"http:\/\/barreiroweb.eu\/?p=10899"},"modified":"2014-01-29T22:54:46","modified_gmt":"2014-01-29T22:54:46","slug":"exposicao-ilustracoes-do-livro-historias-da-ajudaris-2013","status":"publish","type":"post","link":"https:\/\/arquivo.barreiroweb.net\/?p=10899","title":{"rendered":"Exposi\u00e7\u00e3o \u201cIlustra\u00e7\u00f5es do Livro Hist\u00f3rias da Ajudaris 2013\u201d"},"content":{"rendered":"<p style=\"text-align: justify;\" align=\"center\"><a href=\"http:\/\/barreiroweb.eu\/wp-content\/uploads\/2014\/01\/Ajudaris.jpg\" rel=\"lightbox[10899]\"><img loading=\"lazy\" decoding=\"async\" class=\"alignleft size-thumbnail wp-image-10900\" alt=\"Ajudaris\" src=\"http:\/\/barreiroweb.eu\/wp-content\/uploads\/2014\/01\/Ajudaris-150x137.jpg\" width=\"150\" height=\"137\" \/><\/a>A exposi\u00e7\u00e3o \u201cIlustra\u00e7\u00f5es do Livro Hist\u00f3rias da Ajudaris 2013\u201destar\u00e1 patente ao p\u00fablico na Galeria Municipal de Arte, de 5 a 17 de fevereiro, com o apoio da C\u00e2mara Municipal do Barreiro.<\/p>\n<p style=\"text-align: justify;\">A iniciativa resulta de uma parceria entre o \u201cProjeto Filosofia para Todos\u201d do Agrupamento de Escolas Augusto Cabrita e a Associa\u00e7\u00e3o de Solidariedade Social<i> Ajudaris<\/i>.<\/p>\n<p style=\"text-align: justify;\">O livro Hist\u00f3rias da Ajudaris 2013, \u201cPequenos Gestos, Grandes Cora\u00e7\u00f5es\u201d, \u00e9 uma publica\u00e7\u00e3o anual resultante da promo\u00e7\u00e3o de leitura e escrita coletivas, junto dos alunos da Educa\u00e7\u00e3o Pr\u00e9-escolar e do 1\u00ba e 2\u00ba Ciclos do Ensino B\u00e1sico.<\/p>\n<p style=\"text-align: justify;\">Fortalecer h\u00e1bitos de leitura e escrita; promover a inclus\u00e3o e a integra\u00e7\u00e3o social atrav\u00e9s da arte; despertar a solidariedade; aproximar a escola das fam\u00edlias e da comunidade; fomentar a intera\u00e7\u00e3o entre gera\u00e7\u00f5es e impulsionar o voluntariado s\u00e3o os objetivos destas hist\u00f3rias.<\/p>\n<p style=\"text-align: justify;\">Esta exposi\u00e7\u00e3o re\u00fane 40 a 50 ilustra\u00e7\u00f5es e pretende mostrar \u00e0 comunidade o resultado de um desafio que juntou hist\u00f3rias escritas por cerca de 5.000 pequenos autores oriundos de 41 escolas do Pa\u00eds, sendo duas do Concelho do Barreiro: o Agrupamento de Escolas Augusto Cabrita e o Agrupamento de Escolas de Santo Ant\u00f3nio.<\/p>\n<p style=\"text-align: justify;\">De salientar que a <i>Associa\u00e7\u00e3o de Solidariedade Social Ajudaris<\/i> \u00e9 uma associa\u00e7\u00e3o particular de car\u00e1ter social e humanit\u00e1rio de \u00e2mbito nacional, sem fins lucrativos, que luta, diariamente, contra a fome, a pobreza e a exclus\u00e3o social. Grande parte das receitas s\u00e3o angariadas atrav\u00e9s da venda dos livros Hist\u00f3rias da <i>Ajudaris<\/i>.<\/p>\n<p style=\"text-align: justify;\"><b>CMB 2014-01-28<\/b><\/p>\n","protected":false},"excerpt":{"rendered":"<p>A exposi\u00e7\u00e3o \u201cIlustra\u00e7\u00f5es do Livro Hist\u00f3rias da Ajudaris 2013\u201destar\u00e1 patente ao p\u00fablico na Galeria Municipal de Arte, de 5 a 17 de fevereiro, com o apoio da C\u00e2mara Municipal do Barreiro. A iniciativa resulta de uma parceria entre o \u201cProjeto Filosofia para Todos\u201d do Agrupamento de Escolas Augusto Cabrita e a Associa\u00e7\u00e3o de Solidariedade Social [&hellip;]<\/p>\n","protected":false},"author":1,"featured_media":10900,"comment_status":"open","ping_status":"open","sticky":false,"template":"","format":"standard","meta":{"footnotes":""},"categories":[32,1],"tags":[41],"class_list":["post-10899","post","type-post","status-publish","format-standard","has-post-thumbnail","hentry","category-destaque","category-expo","tag-barreiro","last_archivepost"],"yoast_head":"<!-- This site is optimized with the Yoast SEO plugin v27.1.1 - https:\/\/yoast.com\/product\/yoast-seo-wordpress\/ -->\n<title>Exposi\u00e7\u00e3o \u201cIlustra\u00e7\u00f5es do Livro Hist\u00f3rias da Ajudaris 2013\u201d - barreiroweb<\/title>\n<meta name=\"robots\" content=\"index, follow, max-snippet:-1, max-image-preview:large, max-video-preview:-1\" \/>\n<link rel=\"canonical\" href=\"https:\/\/arquivo.barreiroweb.net\/?p=10899\" \/>\n<meta property=\"og:locale\" content=\"pt_PT\" \/>\n<meta property=\"og:type\" content=\"article\" \/>\n<meta property=\"og:title\" content=\"Exposi\u00e7\u00e3o \u201cIlustra\u00e7\u00f5es do Livro Hist\u00f3rias da Ajudaris 2013\u201d - barreiroweb\" \/>\n<meta property=\"og:description\" content=\"A exposi\u00e7\u00e3o \u201cIlustra\u00e7\u00f5es do Livro Hist\u00f3rias da Ajudaris 2013\u201destar\u00e1 patente ao p\u00fablico na Galeria Municipal de Arte, de 5 a 17 de fevereiro, com o apoio da C\u00e2mara Municipal do Barreiro. A iniciativa resulta de uma parceria entre o \u201cProjeto Filosofia para Todos\u201d do Agrupamento de Escolas Augusto Cabrita e a Associa\u00e7\u00e3o de Solidariedade Social [&hellip;]\" \/>\n<meta property=\"og:url\" content=\"https:\/\/arquivo.barreiroweb.net\/?p=10899\" \/>\n<meta property=\"og:site_name\" content=\"barreiroweb\" \/>\n<meta property=\"article:publisher\" content=\"https:\/\/www.facebook.com\/barreiroweb\" \/>\n<meta property=\"article:published_time\" content=\"2014-01-29T22:54:46+00:00\" \/>\n<meta property=\"og:image\" content=\"https:\/\/arquivo.barreiroweb.net\/wp-content\/uploads\/2014\/01\/Ajudaris.jpg\" \/>\n\t<meta property=\"og:image:width\" content=\"448\" \/>\n\t<meta property=\"og:image:height\" content=\"137\" \/>\n\t<meta property=\"og:image:type\" content=\"image\/jpeg\" \/>\n<meta name=\"author\" content=\"barreiroweb\" \/>\n<meta name=\"twitter:card\" content=\"summary_large_image\" \/>\n<meta name=\"twitter:creator\" content=\"@barreiroweb\" \/>\n<meta name=\"twitter:site\" content=\"@barreiroweb\" \/>\n<meta name=\"twitter:label1\" content=\"Escrito por\" \/>\n\t<meta name=\"twitter:data1\" content=\"barreiroweb\" \/>\n\t<meta name=\"twitter:label2\" content=\"Tempo estimado de leitura\" \/>\n\t<meta name=\"twitter:data2\" content=\"1 minuto\" \/>\n<script type=\"application\/ld+json\" class=\"yoast-schema-graph\">{\"@context\":\"https:\/\/schema.org\",\"@graph\":[{\"@type\":\"Article\",\"@id\":\"https:\/\/arquivo.barreiroweb.net\/?p=10899#article\",\"isPartOf\":{\"@id\":\"https:\/\/arquivo.barreiroweb.net\/?p=10899\"},\"author\":{\"name\":\"barreiroweb\",\"@id\":\"https:\/\/arquivo.barreiroweb.net\/#\/schema\/person\/44b6d528aff975e3786c9f475f9df2dd\"},\"headline\":\"Exposi\u00e7\u00e3o \u201cIlustra\u00e7\u00f5es do Livro Hist\u00f3rias da Ajudaris 2013\u201d\",\"datePublished\":\"2014-01-29T22:54:46+00:00\",\"mainEntityOfPage\":{\"@id\":\"https:\/\/arquivo.barreiroweb.net\/?p=10899\"},\"wordCount\":274,\"commentCount\":0,\"publisher\":{\"@id\":\"https:\/\/arquivo.barreiroweb.net\/#organization\"},\"image\":{\"@id\":\"https:\/\/arquivo.barreiroweb.net\/?p=10899#primaryimage\"},\"thumbnailUrl\":\"https:\/\/arquivo.barreiroweb.net\/wp-content\/uploads\/2014\/01\/Ajudaris.jpg\",\"keywords\":[\"barreiro\"],\"articleSection\":[\"Destaque\",\"Festas e Feiras\"],\"inLanguage\":\"pt-PT\",\"potentialAction\":[{\"@type\":\"CommentAction\",\"name\":\"Comment\",\"target\":[\"https:\/\/arquivo.barreiroweb.net\/?p=10899#respond\"]}]},{\"@type\":\"WebPage\",\"@id\":\"https:\/\/arquivo.barreiroweb.net\/?p=10899\",\"url\":\"https:\/\/arquivo.barreiroweb.net\/?p=10899\",\"name\":\"Exposi\u00e7\u00e3o \u201cIlustra\u00e7\u00f5es do Livro Hist\u00f3rias da Ajudaris 2013\u201d - barreiroweb\",\"isPartOf\":{\"@id\":\"https:\/\/arquivo.barreiroweb.net\/#website\"},\"primaryImageOfPage\":{\"@id\":\"https:\/\/arquivo.barreiroweb.net\/?p=10899#primaryimage\"},\"image\":{\"@id\":\"https:\/\/arquivo.barreiroweb.net\/?p=10899#primaryimage\"},\"thumbnailUrl\":\"https:\/\/arquivo.barreiroweb.net\/wp-content\/uploads\/2014\/01\/Ajudaris.jpg\",\"datePublished\":\"2014-01-29T22:54:46+00:00\",\"breadcrumb\":{\"@id\":\"https:\/\/arquivo.barreiroweb.net\/?p=10899#breadcrumb\"},\"inLanguage\":\"pt-PT\",\"potentialAction\":[{\"@type\":\"ReadAction\",\"target\":[\"https:\/\/arquivo.barreiroweb.net\/?p=10899\"]}]},{\"@type\":\"ImageObject\",\"inLanguage\":\"pt-PT\",\"@id\":\"https:\/\/arquivo.barreiroweb.net\/?p=10899#primaryimage\",\"url\":\"https:\/\/arquivo.barreiroweb.net\/wp-content\/uploads\/2014\/01\/Ajudaris.jpg\",\"contentUrl\":\"https:\/\/arquivo.barreiroweb.net\/wp-content\/uploads\/2014\/01\/Ajudaris.jpg\",\"width\":448,\"height\":137},{\"@type\":\"BreadcrumbList\",\"@id\":\"https:\/\/arquivo.barreiroweb.net\/?p=10899#breadcrumb\",\"itemListElement\":[{\"@type\":\"ListItem\",\"position\":1,\"name\":\"In\u00edcio\",\"item\":\"https:\/\/arquivo.barreiroweb.net\/\"},{\"@type\":\"ListItem\",\"position\":2,\"name\":\"Exposi\u00e7\u00e3o \u201cIlustra\u00e7\u00f5es do Livro Hist\u00f3rias da Ajudaris 2013\u201d\"}]},{\"@type\":\"WebSite\",\"@id\":\"https:\/\/arquivo.barreiroweb.net\/#website\",\"url\":\"https:\/\/arquivo.barreiroweb.net\/\",\"name\":\"barreiroweb\",\"description\":\"Barreiroweb o barreiro na web\",\"publisher\":{\"@id\":\"https:\/\/arquivo.barreiroweb.net\/#organization\"},\"potentialAction\":[{\"@type\":\"SearchAction\",\"target\":{\"@type\":\"EntryPoint\",\"urlTemplate\":\"https:\/\/arquivo.barreiroweb.net\/?s={search_term_string}\"},\"query-input\":{\"@type\":\"PropertyValueSpecification\",\"valueRequired\":true,\"valueName\":\"search_term_string\"}}],\"inLanguage\":\"pt-PT\"},{\"@type\":\"Organization\",\"@id\":\"https:\/\/arquivo.barreiroweb.net\/#organization\",\"name\":\"barreiroweb\",\"url\":\"https:\/\/arquivo.barreiroweb.net\/\",\"logo\":{\"@type\":\"ImageObject\",\"inLanguage\":\"pt-PT\",\"@id\":\"https:\/\/arquivo.barreiroweb.net\/#\/schema\/logo\/image\/\",\"url\":\"https:\/\/barreiroweb.net\/wp-content\/uploads\/2022\/05\/BarreiroWeb555.jpg\",\"contentUrl\":\"https:\/\/barreiroweb.net\/wp-content\/uploads\/2022\/05\/BarreiroWeb555.jpg\",\"width\":421,\"height\":415,\"caption\":\"barreiroweb\"},\"image\":{\"@id\":\"https:\/\/arquivo.barreiroweb.net\/#\/schema\/logo\/image\/\"},\"sameAs\":[\"https:\/\/www.facebook.com\/barreiroweb\",\"https:\/\/x.com\/barreiroweb\"]},{\"@type\":\"Person\",\"@id\":\"https:\/\/arquivo.barreiroweb.net\/#\/schema\/person\/44b6d528aff975e3786c9f475f9df2dd\",\"name\":\"barreiroweb\",\"image\":{\"@type\":\"ImageObject\",\"inLanguage\":\"pt-PT\",\"@id\":\"https:\/\/arquivo.barreiroweb.net\/#\/schema\/person\/image\/\",\"url\":\"https:\/\/secure.gravatar.com\/avatar\/1f764b917967430404ff0b452044eb63a25d64a5363b25be2aa42273930f477d?s=96&d=mm&r=g\",\"contentUrl\":\"https:\/\/secure.gravatar.com\/avatar\/1f764b917967430404ff0b452044eb63a25d64a5363b25be2aa42273930f477d?s=96&d=mm&r=g\",\"caption\":\"barreiroweb\"},\"url\":\"https:\/\/arquivo.barreiroweb.net\/?author=1\"}]}<\/script>\n<!-- \/ Yoast SEO plugin. -->","yoast_head_json":{"title":"Exposi\u00e7\u00e3o \u201cIlustra\u00e7\u00f5es do Livro Hist\u00f3rias da Ajudaris 2013\u201d - barreiroweb","robots":{"index":"index","follow":"follow","max-snippet":"max-snippet:-1","max-image-preview":"max-image-preview:large","max-video-preview":"max-video-preview:-1"},"canonical":"https:\/\/arquivo.barreiroweb.net\/?p=10899","og_locale":"pt_PT","og_type":"article","og_title":"Exposi\u00e7\u00e3o \u201cIlustra\u00e7\u00f5es do Livro Hist\u00f3rias da Ajudaris 2013\u201d - barreiroweb","og_description":"A exposi\u00e7\u00e3o \u201cIlustra\u00e7\u00f5es do Livro Hist\u00f3rias da Ajudaris 2013\u201destar\u00e1 patente ao p\u00fablico na Galeria Municipal de Arte, de 5 a 17 de fevereiro, com o apoio da C\u00e2mara Municipal do Barreiro. A iniciativa resulta de uma parceria entre o \u201cProjeto Filosofia para Todos\u201d do Agrupamento de Escolas Augusto Cabrita e a Associa\u00e7\u00e3o de Solidariedade Social [&hellip;]","og_url":"https:\/\/arquivo.barreiroweb.net\/?p=10899","og_site_name":"barreiroweb","article_publisher":"https:\/\/www.facebook.com\/barreiroweb","article_published_time":"2014-01-29T22:54:46+00:00","og_image":[{"width":448,"height":137,"url":"https:\/\/arquivo.barreiroweb.net\/wp-content\/uploads\/2014\/01\/Ajudaris.jpg","type":"image\/jpeg"}],"author":"barreiroweb","twitter_card":"summary_large_image","twitter_creator":"@barreiroweb","twitter_site":"@barreiroweb","twitter_misc":{"Escrito por":"barreiroweb","Tempo estimado de leitura":"1 minuto"},"schema":{"@context":"https:\/\/schema.org","@graph":[{"@type":"Article","@id":"https:\/\/arquivo.barreiroweb.net\/?p=10899#article","isPartOf":{"@id":"https:\/\/arquivo.barreiroweb.net\/?p=10899"},"author":{"name":"barreiroweb","@id":"https:\/\/arquivo.barreiroweb.net\/#\/schema\/person\/44b6d528aff975e3786c9f475f9df2dd"},"headline":"Exposi\u00e7\u00e3o \u201cIlustra\u00e7\u00f5es do Livro Hist\u00f3rias da Ajudaris 2013\u201d","datePublished":"2014-01-29T22:54:46+00:00","mainEntityOfPage":{"@id":"https:\/\/arquivo.barreiroweb.net\/?p=10899"},"wordCount":274,"commentCount":0,"publisher":{"@id":"https:\/\/arquivo.barreiroweb.net\/#organization"},"image":{"@id":"https:\/\/arquivo.barreiroweb.net\/?p=10899#primaryimage"},"thumbnailUrl":"https:\/\/arquivo.barreiroweb.net\/wp-content\/uploads\/2014\/01\/Ajudaris.jpg","keywords":["barreiro"],"articleSection":["Destaque","Festas e Feiras"],"inLanguage":"pt-PT","potentialAction":[{"@type":"CommentAction","name":"Comment","target":["https:\/\/arquivo.barreiroweb.net\/?p=10899#respond"]}]},{"@type":"WebPage","@id":"https:\/\/arquivo.barreiroweb.net\/?p=10899","url":"https:\/\/arquivo.barreiroweb.net\/?p=10899","name":"Exposi\u00e7\u00e3o \u201cIlustra\u00e7\u00f5es do Livro Hist\u00f3rias da Ajudaris 2013\u201d - barreiroweb","isPartOf":{"@id":"https:\/\/arquivo.barreiroweb.net\/#website"},"primaryImageOfPage":{"@id":"https:\/\/arquivo.barreiroweb.net\/?p=10899#primaryimage"},"image":{"@id":"https:\/\/arquivo.barreiroweb.net\/?p=10899#primaryimage"},"thumbnailUrl":"https:\/\/arquivo.barreiroweb.net\/wp-content\/uploads\/2014\/01\/Ajudaris.jpg","datePublished":"2014-01-29T22:54:46+00:00","breadcrumb":{"@id":"https:\/\/arquivo.barreiroweb.net\/?p=10899#breadcrumb"},"inLanguage":"pt-PT","potentialAction":[{"@type":"ReadAction","target":["https:\/\/arquivo.barreiroweb.net\/?p=10899"]}]},{"@type":"ImageObject","inLanguage":"pt-PT","@id":"https:\/\/arquivo.barreiroweb.net\/?p=10899#primaryimage","url":"https:\/\/arquivo.barreiroweb.net\/wp-content\/uploads\/2014\/01\/Ajudaris.jpg","contentUrl":"https:\/\/arquivo.barreiroweb.net\/wp-content\/uploads\/2014\/01\/Ajudaris.jpg","width":448,"height":137},{"@type":"BreadcrumbList","@id":"https:\/\/arquivo.barreiroweb.net\/?p=10899#breadcrumb","itemListElement":[{"@type":"ListItem","position":1,"name":"In\u00edcio","item":"https:\/\/arquivo.barreiroweb.net\/"},{"@type":"ListItem","position":2,"name":"Exposi\u00e7\u00e3o \u201cIlustra\u00e7\u00f5es do Livro Hist\u00f3rias da Ajudaris 2013\u201d"}]},{"@type":"WebSite","@id":"https:\/\/arquivo.barreiroweb.net\/#website","url":"https:\/\/arquivo.barreiroweb.net\/","name":"barreiroweb","description":"Barreiroweb o barreiro na web","publisher":{"@id":"https:\/\/arquivo.barreiroweb.net\/#organization"},"potentialAction":[{"@type":"SearchAction","target":{"@type":"EntryPoint","urlTemplate":"https:\/\/arquivo.barreiroweb.net\/?s={search_term_string}"},"query-input":{"@type":"PropertyValueSpecification","valueRequired":true,"valueName":"search_term_string"}}],"inLanguage":"pt-PT"},{"@type":"Organization","@id":"https:\/\/arquivo.barreiroweb.net\/#organization","name":"barreiroweb","url":"https:\/\/arquivo.barreiroweb.net\/","logo":{"@type":"ImageObject","inLanguage":"pt-PT","@id":"https:\/\/arquivo.barreiroweb.net\/#\/schema\/logo\/image\/","url":"https:\/\/barreiroweb.net\/wp-content\/uploads\/2022\/05\/BarreiroWeb555.jpg","contentUrl":"https:\/\/barreiroweb.net\/wp-content\/uploads\/2022\/05\/BarreiroWeb555.jpg","width":421,"height":415,"caption":"barreiroweb"},"image":{"@id":"https:\/\/arquivo.barreiroweb.net\/#\/schema\/logo\/image\/"},"sameAs":["https:\/\/www.facebook.com\/barreiroweb","https:\/\/x.com\/barreiroweb"]},{"@type":"Person","@id":"https:\/\/arquivo.barreiroweb.net\/#\/schema\/person\/44b6d528aff975e3786c9f475f9df2dd","name":"barreiroweb","image":{"@type":"ImageObject","inLanguage":"pt-PT","@id":"https:\/\/arquivo.barreiroweb.net\/#\/schema\/person\/image\/","url":"https:\/\/secure.gravatar.com\/avatar\/1f764b917967430404ff0b452044eb63a25d64a5363b25be2aa42273930f477d?s=96&d=mm&r=g","contentUrl":"https:\/\/secure.gravatar.com\/avatar\/1f764b917967430404ff0b452044eb63a25d64a5363b25be2aa42273930f477d?s=96&d=mm&r=g","caption":"barreiroweb"},"url":"https:\/\/arquivo.barreiroweb.net\/?author=1"}]}},"_links":{"self":[{"href":"https:\/\/arquivo.barreiroweb.net\/index.php?rest_route=\/wp\/v2\/posts\/10899","targetHints":{"allow":["GET"]}}],"collection":[{"href":"https:\/\/arquivo.barreiroweb.net\/index.php?rest_route=\/wp\/v2\/posts"}],"about":[{"href":"https:\/\/arquivo.barreiroweb.net\/index.php?rest_route=\/wp\/v2\/types\/post"}],"author":[{"embeddable":true,"href":"https:\/\/arquivo.barreiroweb.net\/index.php?rest_route=\/wp\/v2\/users\/1"}],"replies":[{"embeddable":true,"href":"https:\/\/arquivo.barreiroweb.net\/index.php?rest_route=%2Fwp%2Fv2%2Fcomments&post=10899"}],"version-history":[{"count":1,"href":"https:\/\/arquivo.barreiroweb.net\/index.php?rest_route=\/wp\/v2\/posts\/10899\/revisions"}],"predecessor-version":[{"id":10901,"href":"https:\/\/arquivo.barreiroweb.net\/index.php?rest_route=\/wp\/v2\/posts\/10899\/revisions\/10901"}],"wp:featuredmedia":[{"embeddable":true,"href":"https:\/\/arquivo.barreiroweb.net\/index.php?rest_route=\/wp\/v2\/media\/10900"}],"wp:attachment":[{"href":"https:\/\/arquivo.barreiroweb.net\/index.php?rest_route=%2Fwp%2Fv2%2Fmedia&parent=10899"}],"wp:term":[{"taxonomy":"category","embeddable":true,"href":"https:\/\/arquivo.barreiroweb.net\/index.php?rest_route=%2Fwp%2Fv2%2Fcategories&post=10899"},{"taxonomy":"post_tag","embeddable":true,"href":"https:\/\/arquivo.barreiroweb.net\/index.php?rest_route=%2Fwp%2Fv2%2Ftags&post=10899"}],"curies":[{"name":"wp","href":"https:\/\/api.w.org\/{rel}","templated":true}]}}