{"id":10672,"date":"2013-11-26T01:39:47","date_gmt":"2013-11-26T01:39:47","guid":{"rendered":"http:\/\/barreiroweb.eu\/?p=10672"},"modified":"2013-11-26T01:39:47","modified_gmt":"2013-11-26T01:39:47","slug":"camara-da-moita-apoia-festival-expressarte-xiv-encontro-de-teatro-e-danca","status":"publish","type":"post","link":"https:\/\/arquivo.barreiroweb.net\/?p=10672","title":{"rendered":"C\u00e2mara da Moita apoia Festival ExpressArte \u2013 XIV Encontro de Teatro e Dan\u00e7a"},"content":{"rendered":"<p style=\"text-align: justify;\"><a href=\"http:\/\/barreiroweb.eu\/wp-content\/uploads\/2013\/11\/Festival.jpg\" rel=\"lightbox[10672]\"><img loading=\"lazy\" decoding=\"async\" class=\"alignleft size-thumbnail wp-image-10673\" alt=\"Festival\" src=\"http:\/\/barreiroweb.eu\/wp-content\/uploads\/2013\/11\/Festival-150x150.jpg\" width=\"150\" height=\"150\" srcset=\"https:\/\/arquivo.barreiroweb.net\/wp-content\/uploads\/2013\/11\/Festival-150x150.jpg 150w, https:\/\/arquivo.barreiroweb.net\/wp-content\/uploads\/2013\/11\/Festival-50x50.jpg 50w, https:\/\/arquivo.barreiroweb.net\/wp-content\/uploads\/2013\/11\/Festival-70x70.jpg 70w, https:\/\/arquivo.barreiroweb.net\/wp-content\/uploads\/2013\/11\/Festival-55x55.jpg 55w\" sizes=\"auto, (max-width: 150px) 100vw, 150px\" \/><\/a>A C\u00e2mara Municipal da Moita une-se, uma vez mais, \u00e0 APPACDM\u00a0 de Set\u00fabal \u2013 Associa\u00e7\u00e3o Portuguesa de Pais e Amigos do Cidad\u00e3o Deficiente Mental, apoiando o Festival ExpressArte \u2013 XIV Encontro de Teatro e Dan\u00e7a que pretende, acima de tudo, promover o trabalho art\u00edstico de cidad\u00e3os portadores de defici\u00eancia como instrumento facilitador da inclus\u00e3o social.<\/p>\n<p style=\"text-align: justify;\">Neste \u00e2mbito, no dia 28 de novembro, o audit\u00f3rio da Biblioteca Municipal Bento de Jesus Cara\u00e7a, na Moita, vai receber, \u00e0s 10:30h, o espet\u00e1culo \u201cOsvaldo no Mundo dos Sonhos\u201d, pela CERCISIAGO, e, \u00e0s 11:15h, o espet\u00e1culo \u201cA Estante\u201d, pelo Grupo de Teatro TAS.<\/p>\n<p style=\"text-align: justify;\">Ambos os espet\u00e1culos s\u00e3o dirigidos a alunos do 1\u00ba ciclo do Ensino B\u00e1sico do concelho da Moita.<\/p>\n<p>C\u00e2mara Municipal da Moita<\/p>\n","protected":false},"excerpt":{"rendered":"<p>A C\u00e2mara Municipal da Moita une-se, uma vez mais, \u00e0 APPACDM\u00a0 de Set\u00fabal \u2013 Associa\u00e7\u00e3o Portuguesa de Pais e Amigos do Cidad\u00e3o Deficiente Mental, apoiando o Festival ExpressArte \u2013 XIV Encontro de Teatro e Dan\u00e7a que pretende, acima de tudo, promover o trabalho art\u00edstico de cidad\u00e3os portadores de defici\u00eancia como instrumento facilitador da inclus\u00e3o social. [&hellip;]<\/p>\n","protected":false},"author":1,"featured_media":10673,"comment_status":"open","ping_status":"open","sticky":false,"template":"","format":"standard","meta":{"footnotes":""},"categories":[32,10],"tags":[37,745],"class_list":["post-10672","post","type-post","status-publish","format-standard","has-post-thumbnail","hentry","category-destaque","category-teatro","tag-moita","tag-teatro","last_archivepost"],"yoast_head":"<!-- This site is optimized with the Yoast SEO plugin v27.1.1 - https:\/\/yoast.com\/product\/yoast-seo-wordpress\/ -->\n<title>C\u00e2mara da Moita apoia Festival ExpressArte \u2013 XIV Encontro de Teatro e Dan\u00e7a - barreiroweb<\/title>\n<meta name=\"robots\" content=\"index, follow, max-snippet:-1, max-image-preview:large, max-video-preview:-1\" \/>\n<link rel=\"canonical\" href=\"https:\/\/arquivo.barreiroweb.net\/?p=10672\" \/>\n<meta property=\"og:locale\" content=\"pt_PT\" \/>\n<meta property=\"og:type\" content=\"article\" \/>\n<meta property=\"og:title\" content=\"C\u00e2mara da Moita apoia Festival ExpressArte \u2013 XIV Encontro de Teatro e Dan\u00e7a - barreiroweb\" \/>\n<meta property=\"og:description\" content=\"A C\u00e2mara Municipal da Moita une-se, uma vez mais, \u00e0 APPACDM\u00a0 de Set\u00fabal \u2013 Associa\u00e7\u00e3o Portuguesa de Pais e Amigos do Cidad\u00e3o Deficiente Mental, apoiando o Festival ExpressArte \u2013 XIV Encontro de Teatro e Dan\u00e7a que pretende, acima de tudo, promover o trabalho art\u00edstico de cidad\u00e3os portadores de defici\u00eancia como instrumento facilitador da inclus\u00e3o social. [&hellip;]\" \/>\n<meta property=\"og:url\" content=\"https:\/\/arquivo.barreiroweb.net\/?p=10672\" \/>\n<meta property=\"og:site_name\" content=\"barreiroweb\" \/>\n<meta property=\"article:publisher\" content=\"https:\/\/www.facebook.com\/barreiroweb\" \/>\n<meta property=\"article:published_time\" content=\"2013-11-26T01:39:47+00:00\" \/>\n<meta property=\"og:image\" content=\"https:\/\/arquivo.barreiroweb.net\/wp-content\/uploads\/2013\/11\/Festival.jpg\" \/>\n\t<meta property=\"og:image:width\" content=\"314\" \/>\n\t<meta property=\"og:image:height\" content=\"235\" \/>\n\t<meta property=\"og:image:type\" content=\"image\/jpeg\" \/>\n<meta name=\"author\" content=\"barreiroweb\" \/>\n<meta name=\"twitter:card\" content=\"summary_large_image\" \/>\n<meta name=\"twitter:creator\" content=\"@barreiroweb\" \/>\n<meta name=\"twitter:site\" content=\"@barreiroweb\" \/>\n<meta name=\"twitter:label1\" content=\"Escrito por\" \/>\n\t<meta name=\"twitter:data1\" content=\"barreiroweb\" \/>\n\t<meta name=\"twitter:label2\" content=\"Tempo estimado de leitura\" \/>\n\t<meta name=\"twitter:data2\" content=\"1 minuto\" \/>\n<script type=\"application\/ld+json\" class=\"yoast-schema-graph\">{\"@context\":\"https:\/\/schema.org\",\"@graph\":[{\"@type\":\"Article\",\"@id\":\"https:\/\/arquivo.barreiroweb.net\/?p=10672#article\",\"isPartOf\":{\"@id\":\"https:\/\/arquivo.barreiroweb.net\/?p=10672\"},\"author\":{\"name\":\"barreiroweb\",\"@id\":\"https:\/\/arquivo.barreiroweb.net\/#\/schema\/person\/44b6d528aff975e3786c9f475f9df2dd\"},\"headline\":\"C\u00e2mara da Moita apoia Festival ExpressArte \u2013 XIV Encontro de Teatro e Dan\u00e7a\",\"datePublished\":\"2013-11-26T01:39:47+00:00\",\"mainEntityOfPage\":{\"@id\":\"https:\/\/arquivo.barreiroweb.net\/?p=10672\"},\"wordCount\":145,\"commentCount\":0,\"publisher\":{\"@id\":\"https:\/\/arquivo.barreiroweb.net\/#organization\"},\"image\":{\"@id\":\"https:\/\/arquivo.barreiroweb.net\/?p=10672#primaryimage\"},\"thumbnailUrl\":\"https:\/\/arquivo.barreiroweb.net\/wp-content\/uploads\/2013\/11\/Festival.jpg\",\"keywords\":[\"moita\",\"teatro\"],\"articleSection\":[\"Destaque\",\"Teatro\"],\"inLanguage\":\"pt-PT\",\"potentialAction\":[{\"@type\":\"CommentAction\",\"name\":\"Comment\",\"target\":[\"https:\/\/arquivo.barreiroweb.net\/?p=10672#respond\"]}]},{\"@type\":\"WebPage\",\"@id\":\"https:\/\/arquivo.barreiroweb.net\/?p=10672\",\"url\":\"https:\/\/arquivo.barreiroweb.net\/?p=10672\",\"name\":\"C\u00e2mara da Moita apoia Festival ExpressArte \u2013 XIV Encontro de Teatro e Dan\u00e7a - barreiroweb\",\"isPartOf\":{\"@id\":\"https:\/\/arquivo.barreiroweb.net\/#website\"},\"primaryImageOfPage\":{\"@id\":\"https:\/\/arquivo.barreiroweb.net\/?p=10672#primaryimage\"},\"image\":{\"@id\":\"https:\/\/arquivo.barreiroweb.net\/?p=10672#primaryimage\"},\"thumbnailUrl\":\"https:\/\/arquivo.barreiroweb.net\/wp-content\/uploads\/2013\/11\/Festival.jpg\",\"datePublished\":\"2013-11-26T01:39:47+00:00\",\"breadcrumb\":{\"@id\":\"https:\/\/arquivo.barreiroweb.net\/?p=10672#breadcrumb\"},\"inLanguage\":\"pt-PT\",\"potentialAction\":[{\"@type\":\"ReadAction\",\"target\":[\"https:\/\/arquivo.barreiroweb.net\/?p=10672\"]}]},{\"@type\":\"ImageObject\",\"inLanguage\":\"pt-PT\",\"@id\":\"https:\/\/arquivo.barreiroweb.net\/?p=10672#primaryimage\",\"url\":\"https:\/\/arquivo.barreiroweb.net\/wp-content\/uploads\/2013\/11\/Festival.jpg\",\"contentUrl\":\"https:\/\/arquivo.barreiroweb.net\/wp-content\/uploads\/2013\/11\/Festival.jpg\",\"width\":314,\"height\":235},{\"@type\":\"BreadcrumbList\",\"@id\":\"https:\/\/arquivo.barreiroweb.net\/?p=10672#breadcrumb\",\"itemListElement\":[{\"@type\":\"ListItem\",\"position\":1,\"name\":\"In\u00edcio\",\"item\":\"https:\/\/arquivo.barreiroweb.net\/\"},{\"@type\":\"ListItem\",\"position\":2,\"name\":\"C\u00e2mara da Moita apoia Festival ExpressArte \u2013 XIV Encontro de Teatro e Dan\u00e7a\"}]},{\"@type\":\"WebSite\",\"@id\":\"https:\/\/arquivo.barreiroweb.net\/#website\",\"url\":\"https:\/\/arquivo.barreiroweb.net\/\",\"name\":\"barreiroweb\",\"description\":\"Barreiroweb o barreiro na web\",\"publisher\":{\"@id\":\"https:\/\/arquivo.barreiroweb.net\/#organization\"},\"potentialAction\":[{\"@type\":\"SearchAction\",\"target\":{\"@type\":\"EntryPoint\",\"urlTemplate\":\"https:\/\/arquivo.barreiroweb.net\/?s={search_term_string}\"},\"query-input\":{\"@type\":\"PropertyValueSpecification\",\"valueRequired\":true,\"valueName\":\"search_term_string\"}}],\"inLanguage\":\"pt-PT\"},{\"@type\":\"Organization\",\"@id\":\"https:\/\/arquivo.barreiroweb.net\/#organization\",\"name\":\"barreiroweb\",\"url\":\"https:\/\/arquivo.barreiroweb.net\/\",\"logo\":{\"@type\":\"ImageObject\",\"inLanguage\":\"pt-PT\",\"@id\":\"https:\/\/arquivo.barreiroweb.net\/#\/schema\/logo\/image\/\",\"url\":\"https:\/\/barreiroweb.net\/wp-content\/uploads\/2022\/05\/BarreiroWeb555.jpg\",\"contentUrl\":\"https:\/\/barreiroweb.net\/wp-content\/uploads\/2022\/05\/BarreiroWeb555.jpg\",\"width\":421,\"height\":415,\"caption\":\"barreiroweb\"},\"image\":{\"@id\":\"https:\/\/arquivo.barreiroweb.net\/#\/schema\/logo\/image\/\"},\"sameAs\":[\"https:\/\/www.facebook.com\/barreiroweb\",\"https:\/\/x.com\/barreiroweb\"]},{\"@type\":\"Person\",\"@id\":\"https:\/\/arquivo.barreiroweb.net\/#\/schema\/person\/44b6d528aff975e3786c9f475f9df2dd\",\"name\":\"barreiroweb\",\"image\":{\"@type\":\"ImageObject\",\"inLanguage\":\"pt-PT\",\"@id\":\"https:\/\/arquivo.barreiroweb.net\/#\/schema\/person\/image\/\",\"url\":\"https:\/\/secure.gravatar.com\/avatar\/1f764b917967430404ff0b452044eb63a25d64a5363b25be2aa42273930f477d?s=96&d=mm&r=g\",\"contentUrl\":\"https:\/\/secure.gravatar.com\/avatar\/1f764b917967430404ff0b452044eb63a25d64a5363b25be2aa42273930f477d?s=96&d=mm&r=g\",\"caption\":\"barreiroweb\"},\"url\":\"https:\/\/arquivo.barreiroweb.net\/?author=1\"}]}<\/script>\n<!-- \/ Yoast SEO plugin. -->","yoast_head_json":{"title":"C\u00e2mara da Moita apoia Festival ExpressArte \u2013 XIV Encontro de Teatro e Dan\u00e7a - barreiroweb","robots":{"index":"index","follow":"follow","max-snippet":"max-snippet:-1","max-image-preview":"max-image-preview:large","max-video-preview":"max-video-preview:-1"},"canonical":"https:\/\/arquivo.barreiroweb.net\/?p=10672","og_locale":"pt_PT","og_type":"article","og_title":"C\u00e2mara da Moita apoia Festival ExpressArte \u2013 XIV Encontro de Teatro e Dan\u00e7a - barreiroweb","og_description":"A C\u00e2mara Municipal da Moita une-se, uma vez mais, \u00e0 APPACDM\u00a0 de Set\u00fabal \u2013 Associa\u00e7\u00e3o Portuguesa de Pais e Amigos do Cidad\u00e3o Deficiente Mental, apoiando o Festival ExpressArte \u2013 XIV Encontro de Teatro e Dan\u00e7a que pretende, acima de tudo, promover o trabalho art\u00edstico de cidad\u00e3os portadores de defici\u00eancia como instrumento facilitador da inclus\u00e3o social. [&hellip;]","og_url":"https:\/\/arquivo.barreiroweb.net\/?p=10672","og_site_name":"barreiroweb","article_publisher":"https:\/\/www.facebook.com\/barreiroweb","article_published_time":"2013-11-26T01:39:47+00:00","og_image":[{"width":314,"height":235,"url":"https:\/\/arquivo.barreiroweb.net\/wp-content\/uploads\/2013\/11\/Festival.jpg","type":"image\/jpeg"}],"author":"barreiroweb","twitter_card":"summary_large_image","twitter_creator":"@barreiroweb","twitter_site":"@barreiroweb","twitter_misc":{"Escrito por":"barreiroweb","Tempo estimado de leitura":"1 minuto"},"schema":{"@context":"https:\/\/schema.org","@graph":[{"@type":"Article","@id":"https:\/\/arquivo.barreiroweb.net\/?p=10672#article","isPartOf":{"@id":"https:\/\/arquivo.barreiroweb.net\/?p=10672"},"author":{"name":"barreiroweb","@id":"https:\/\/arquivo.barreiroweb.net\/#\/schema\/person\/44b6d528aff975e3786c9f475f9df2dd"},"headline":"C\u00e2mara da Moita apoia Festival ExpressArte \u2013 XIV Encontro de Teatro e Dan\u00e7a","datePublished":"2013-11-26T01:39:47+00:00","mainEntityOfPage":{"@id":"https:\/\/arquivo.barreiroweb.net\/?p=10672"},"wordCount":145,"commentCount":0,"publisher":{"@id":"https:\/\/arquivo.barreiroweb.net\/#organization"},"image":{"@id":"https:\/\/arquivo.barreiroweb.net\/?p=10672#primaryimage"},"thumbnailUrl":"https:\/\/arquivo.barreiroweb.net\/wp-content\/uploads\/2013\/11\/Festival.jpg","keywords":["moita","teatro"],"articleSection":["Destaque","Teatro"],"inLanguage":"pt-PT","potentialAction":[{"@type":"CommentAction","name":"Comment","target":["https:\/\/arquivo.barreiroweb.net\/?p=10672#respond"]}]},{"@type":"WebPage","@id":"https:\/\/arquivo.barreiroweb.net\/?p=10672","url":"https:\/\/arquivo.barreiroweb.net\/?p=10672","name":"C\u00e2mara da Moita apoia Festival ExpressArte \u2013 XIV Encontro de Teatro e Dan\u00e7a - barreiroweb","isPartOf":{"@id":"https:\/\/arquivo.barreiroweb.net\/#website"},"primaryImageOfPage":{"@id":"https:\/\/arquivo.barreiroweb.net\/?p=10672#primaryimage"},"image":{"@id":"https:\/\/arquivo.barreiroweb.net\/?p=10672#primaryimage"},"thumbnailUrl":"https:\/\/arquivo.barreiroweb.net\/wp-content\/uploads\/2013\/11\/Festival.jpg","datePublished":"2013-11-26T01:39:47+00:00","breadcrumb":{"@id":"https:\/\/arquivo.barreiroweb.net\/?p=10672#breadcrumb"},"inLanguage":"pt-PT","potentialAction":[{"@type":"ReadAction","target":["https:\/\/arquivo.barreiroweb.net\/?p=10672"]}]},{"@type":"ImageObject","inLanguage":"pt-PT","@id":"https:\/\/arquivo.barreiroweb.net\/?p=10672#primaryimage","url":"https:\/\/arquivo.barreiroweb.net\/wp-content\/uploads\/2013\/11\/Festival.jpg","contentUrl":"https:\/\/arquivo.barreiroweb.net\/wp-content\/uploads\/2013\/11\/Festival.jpg","width":314,"height":235},{"@type":"BreadcrumbList","@id":"https:\/\/arquivo.barreiroweb.net\/?p=10672#breadcrumb","itemListElement":[{"@type":"ListItem","position":1,"name":"In\u00edcio","item":"https:\/\/arquivo.barreiroweb.net\/"},{"@type":"ListItem","position":2,"name":"C\u00e2mara da Moita apoia Festival ExpressArte \u2013 XIV Encontro de Teatro e Dan\u00e7a"}]},{"@type":"WebSite","@id":"https:\/\/arquivo.barreiroweb.net\/#website","url":"https:\/\/arquivo.barreiroweb.net\/","name":"barreiroweb","description":"Barreiroweb o barreiro na web","publisher":{"@id":"https:\/\/arquivo.barreiroweb.net\/#organization"},"potentialAction":[{"@type":"SearchAction","target":{"@type":"EntryPoint","urlTemplate":"https:\/\/arquivo.barreiroweb.net\/?s={search_term_string}"},"query-input":{"@type":"PropertyValueSpecification","valueRequired":true,"valueName":"search_term_string"}}],"inLanguage":"pt-PT"},{"@type":"Organization","@id":"https:\/\/arquivo.barreiroweb.net\/#organization","name":"barreiroweb","url":"https:\/\/arquivo.barreiroweb.net\/","logo":{"@type":"ImageObject","inLanguage":"pt-PT","@id":"https:\/\/arquivo.barreiroweb.net\/#\/schema\/logo\/image\/","url":"https:\/\/barreiroweb.net\/wp-content\/uploads\/2022\/05\/BarreiroWeb555.jpg","contentUrl":"https:\/\/barreiroweb.net\/wp-content\/uploads\/2022\/05\/BarreiroWeb555.jpg","width":421,"height":415,"caption":"barreiroweb"},"image":{"@id":"https:\/\/arquivo.barreiroweb.net\/#\/schema\/logo\/image\/"},"sameAs":["https:\/\/www.facebook.com\/barreiroweb","https:\/\/x.com\/barreiroweb"]},{"@type":"Person","@id":"https:\/\/arquivo.barreiroweb.net\/#\/schema\/person\/44b6d528aff975e3786c9f475f9df2dd","name":"barreiroweb","image":{"@type":"ImageObject","inLanguage":"pt-PT","@id":"https:\/\/arquivo.barreiroweb.net\/#\/schema\/person\/image\/","url":"https:\/\/secure.gravatar.com\/avatar\/1f764b917967430404ff0b452044eb63a25d64a5363b25be2aa42273930f477d?s=96&d=mm&r=g","contentUrl":"https:\/\/secure.gravatar.com\/avatar\/1f764b917967430404ff0b452044eb63a25d64a5363b25be2aa42273930f477d?s=96&d=mm&r=g","caption":"barreiroweb"},"url":"https:\/\/arquivo.barreiroweb.net\/?author=1"}]}},"_links":{"self":[{"href":"https:\/\/arquivo.barreiroweb.net\/index.php?rest_route=\/wp\/v2\/posts\/10672","targetHints":{"allow":["GET"]}}],"collection":[{"href":"https:\/\/arquivo.barreiroweb.net\/index.php?rest_route=\/wp\/v2\/posts"}],"about":[{"href":"https:\/\/arquivo.barreiroweb.net\/index.php?rest_route=\/wp\/v2\/types\/post"}],"author":[{"embeddable":true,"href":"https:\/\/arquivo.barreiroweb.net\/index.php?rest_route=\/wp\/v2\/users\/1"}],"replies":[{"embeddable":true,"href":"https:\/\/arquivo.barreiroweb.net\/index.php?rest_route=%2Fwp%2Fv2%2Fcomments&post=10672"}],"version-history":[{"count":1,"href":"https:\/\/arquivo.barreiroweb.net\/index.php?rest_route=\/wp\/v2\/posts\/10672\/revisions"}],"predecessor-version":[{"id":10674,"href":"https:\/\/arquivo.barreiroweb.net\/index.php?rest_route=\/wp\/v2\/posts\/10672\/revisions\/10674"}],"wp:featuredmedia":[{"embeddable":true,"href":"https:\/\/arquivo.barreiroweb.net\/index.php?rest_route=\/wp\/v2\/media\/10673"}],"wp:attachment":[{"href":"https:\/\/arquivo.barreiroweb.net\/index.php?rest_route=%2Fwp%2Fv2%2Fmedia&parent=10672"}],"wp:term":[{"taxonomy":"category","embeddable":true,"href":"https:\/\/arquivo.barreiroweb.net\/index.php?rest_route=%2Fwp%2Fv2%2Fcategories&post=10672"},{"taxonomy":"post_tag","embeddable":true,"href":"https:\/\/arquivo.barreiroweb.net\/index.php?rest_route=%2Fwp%2Fv2%2Ftags&post=10672"}],"curies":[{"name":"wp","href":"https:\/\/api.w.org\/{rel}","templated":true}]}}